{"id":783,"count":2,"description":"Fahrr\u00e4der und Heimtrainer auf Mallorca mieten f\u00fcr aktive Tage w\u00e4hrend Ihres Aufenthalts. Gepflegte und gepr\u00fcfte Modelle verf\u00fcgbar, Abholung in Palma oder Lieferung je nach Standort m\u00f6glich.","link":"https:\/\/rentexpressmallorca.com\/de\/category\/mieten-sie-ein-fahrrad\/","name":"Fahrr\u00e4der und Heimtrainer Mallorca mieten","slug":"mieten-sie-ein-fahrrad","taxonomy":"category","parent":0,"meta":[],"_links":{"self":[{"href":"https:\/\/rentexpressmallorca.com\/de\/wp-json\/wp\/v2\/categories\/783","targetHints":{"allow":["GET"]}}],"collection":[{"href":"https:\/\/rentexpressmallorca.com\/de\/wp-json\/wp\/v2\/categories"}],"about":[{"href":"https:\/\/rentexpressmallorca.com\/de\/wp-json\/wp\/v2\/taxonomies\/category"}],"wp:post_type":[{"href":"https:\/\/rentexpressmallorca.com\/de\/wp-json\/wp\/v2\/posts?categories=783"},{"href":"https:\/\/rentexpressmallorca.com\/de\/wp-json\/wp\/v2\/publicaciones_?categories=783"}],"curies":[{"name":"wp","href":"https:\/\/api.w.org\/{rel}","templated":true}]}}