{"id":19236,"date":"2021-04-01T09:02:10","date_gmt":"2021-04-01T07:02:10","guid":{"rendered":"https:\/\/rentexpressmallorca.com\/alquiler-tiendas-de-campana\/"},"modified":"2026-02-20T17:56:01","modified_gmt":"2026-02-20T16:56:01","slug":"zeltverleih","status":"publish","type":"post","link":"https:\/\/rentexpressmallorca.com\/de\/zeltverleih\/","title":{"rendered":"Zeltverleih"},"content":{"rendered":"\t\t<div data-elementor-type=\"wp-post\" data-elementor-id=\"19236\" class=\"elementor elementor-19236 elementor-18065\" data-elementor-post-type=\"post\">\n\t\t\t\t<div class=\"elementor-element elementor-element-6f2ffca6 e-flex e-con-boxed e-con e-parent\" data-id=\"6f2ffca6\" data-element_type=\"container\" data-settings=\"{&quot;content_width&quot;:&quot;boxed&quot;}\" data-core-v316-plus=\"true\">\n\t\t\t\t\t<div class=\"e-con-inner\">\n\t\t\t\t<div class=\"elementor-element elementor-element-467a9ca4 elementor-widget elementor-widget-text-editor\" data-id=\"467a9ca4\" data-element_type=\"widget\" data-widget_type=\"text-editor.default\">\n\t\t\t\t<div class=\"elementor-widget-container\">\n\t\t\t<style>\/*! elementor - v3.19.0 - 05-02-2024 *\/\n.elementor-widget-text-editor.elementor-drop-cap-view-stacked .elementor-drop-cap{background-color:#69727d;color:#fff}.elementor-widget-text-editor.elementor-drop-cap-view-framed .elementor-drop-cap{color:#69727d;border:3px solid;background-color:transparent}.elementor-widget-text-editor:not(.elementor-drop-cap-view-default) .elementor-drop-cap{margin-top:8px}.elementor-widget-text-editor:not(.elementor-drop-cap-view-default) .elementor-drop-cap-letter{width:1em;height:1em}.elementor-widget-text-editor .elementor-drop-cap{float:left;text-align:center;line-height:1;font-size:50px}.elementor-widget-text-editor .elementor-drop-cap-letter{display:inline-block}<\/style>\t\t\t\t<p><span class=\"jCAhz ChMk0b\"><span class=\"ryNqvb\">Rent Express Mallorca bietet Ihnen die M\u00f6glichkeit, Zelte mit unterschiedlichen Eigenschaften zu mieten, die Ihren Bed\u00fcrfnissen und Ihrem Geschmack entsprechen.<\/span><\/span><\/p><p><span class=\"jCAhz ChMk0b\"><span class=\"ryNqvb\">Eine ideale Option f\u00fcr einen Camping-Wochenendausflug oder f\u00fcr Reisen mit der Familie, einer Gruppe von Freunden, allein mit Ihrem Partner oder f\u00fcr diejenigen, die mit leichtem Gep\u00e4ck reisen.<\/span><\/span><\/p><p><span class=\"jCAhz ChMk0b\"><span class=\"ryNqvb\">Wenn Sie auf der Suche nach einem Zeltverleih sind, informieren wir Sie dar\u00fcber, dass sich unsere Zelte hervorragend f\u00fcr den Aufenthalt am Strand, auf dem Land oder in den Bergen eignen.<\/span><\/span><\/p><p>Ganz gleich, ob Sie ein Wochenende campen oder einen Ausflug machen m\u00f6chten, Rent Express Mallorca bietet Ihnen verschiedene Arten von Zelten zum Mieten.<\/p><h3>Wie gehe ich mit der Reservierung vor?<\/h3><p>Sie k\u00f6nnen das untenstehende Formular ausf\u00fcllen oder uns auch anrufen oder uns eine WhatsApp senden, indem Sie hier klicken.<\/p><h3>Wie lange dauert die Zeltmiete?<\/h3><p>Sie k\u00f6nnen ein Zelt ab 1 Tag mieten und die Miete je nach Bedarf verl\u00e4ngern.<\/p><h3>Wo befinden sie sich?<\/h3><p><a href=\"https:\/\/www.google.es\/maps\/place\/Rent+express+Mallorca\/@39.5713387,2.6721975,15z\/data=!4m5!3m4!1s0x0:0x37d022e8bcdba205!8m2!3d39.5713387!4d2.6721975\" target=\"_blank\" rel=\"noopener\">Calle Manacor 123, 07007 Palma de Mallorca.<\/a><\/p><h3>Wie kann ich Kontakt aufnehmen?<\/h3><p>Rufen Sie uns an unter:+34 697402352<\/p><h3>Wie viel kostet es, ein Zelt bei Rent Express Mallorca zu mieten?<\/h3><p><span class=\"jCAhz ChMk0b\"><span class=\"ryNqvb\">Unsere Preise variieren je nach Modell.<\/span><\/span><\/p><ul><li><span class=\"jCAhz ChMk0b\"><span class=\"ryNqvb\">Schauen Sie sich die verschiedenen Optionen an.<\/span><\/span><\/li><\/ul><p><strong> <span class=\"jCAhz ChMk0b\"><span class=\"ryNqvb\">In unseren Preisen sind keine Steuern enthalten<\/span><\/span><\/strong><\/p>\t\t\t\t\t\t<\/div>\n\t\t\t\t<\/div>\n\t\t\t\t\t<\/div>\n\t\t\t\t<\/div>\n\t\t\t\t<\/div>\n\t\t","protected":false},"excerpt":{"rendered":"<p>Rent Express Mallorca bietet Ihnen die M\u00f6glichkeit, Zelte mit unterschiedlichen Eigenschaften zu mieten, die Ihren Bed\u00fcrfnissen und Ihrem Geschmack entsprechen. Eine ideale Option f\u00fcr einen Camping-Wochenendausflug oder f\u00fcr Reisen mit der Familie, einer Gruppe von Freunden, allein mit Ihrem Partner oder f\u00fcr diejenigen, die mit leichtem Gep\u00e4ck reisen. Wenn Sie auf der Suche nach einem [&hellip;]<\/p>\n","protected":false},"author":1,"featured_media":18825,"comment_status":"closed","ping_status":"open","sticky":false,"template":"","format":"standard","meta":{"site-sidebar-layout":"default","site-content-layout":"","ast-site-content-layout":"default","site-content-style":"default","site-sidebar-style":"default","ast-global-header-display":"","ast-banner-title-visibility":"","ast-main-header-display":"","ast-hfb-above-header-display":"","ast-hfb-below-header-display":"","ast-hfb-mobile-header-display":"","site-post-title":"","ast-breadcrumbs-content":"","ast-featured-img":"","footer-sml-layout":"","ast-disable-related-posts":"","theme-transparent-header-meta":"","adv-header-id-meta":"","stick-header-meta":"","header-above-stick-meta":"","header-main-stick-meta":"","header-below-stick-meta":"","astra-migrate-meta-layouts":"default","ast-page-background-enabled":"default","ast-page-background-meta":{"desktop":{"background-color":"var(--ast-global-color-4)","background-image":"","background-repeat":"repeat","background-position":"center center","background-size":"auto","background-attachment":"scroll","background-type":"","background-media":"","overlay-type":"","overlay-color":"","overlay-opacity":"","overlay-gradient":""},"tablet":{"background-color":"","background-image":"","background-repeat":"repeat","background-position":"center center","background-size":"auto","background-attachment":"scroll","background-type":"","background-media":"","overlay-type":"","overlay-color":"","overlay-opacity":"","overlay-gradient":""},"mobile":{"background-color":"","background-image":"","background-repeat":"repeat","background-position":"center center","background-size":"auto","background-attachment":"scroll","background-type":"","background-media":"","overlay-type":"","overlay-color":"","overlay-opacity":"","overlay-gradient":""}},"ast-content-background-meta":{"desktop":{"background-color":"var(--ast-global-color-5)","background-image":"","background-repeat":"repeat","background-position":"center center","background-size":"auto","background-attachment":"scroll","background-type":"","background-media":"","overlay-type":"","overlay-color":"","overlay-opacity":"","overlay-gradient":""},"tablet":{"background-color":"var(--ast-global-color-5)","background-image":"","background-repeat":"repeat","background-position":"center center","background-size":"auto","background-attachment":"scroll","background-type":"","background-media":"","overlay-type":"","overlay-color":"","overlay-opacity":"","overlay-gradient":""},"mobile":{"background-color":"var(--ast-global-color-5)","background-image":"","background-repeat":"repeat","background-position":"center center","background-size":"auto","background-attachment":"scroll","background-type":"","background-media":"","overlay-type":"","overlay-color":"","overlay-opacity":"","overlay-gradient":""}},"footnotes":""},"categories":[697],"tags":[698,699,700,701],"class_list":["post-19236","post","type-post","status-publish","format-standard","has-post-thumbnail","hentry","category-zeltverleih","tag-alquiler-de-camping-mallorca-de","tag-alquiler-de-tiendas-de-campana-en-mallorca-de","tag-alquiler-de-tiendas-de-capanas-en-palma-de","tag-alquiler-tiendas-de-campana-en-mallorca-de"],"_links":{"self":[{"href":"https:\/\/rentexpressmallorca.com\/de\/wp-json\/wp\/v2\/posts\/19236","targetHints":{"allow":["GET"]}}],"collection":[{"href":"https:\/\/rentexpressmallorca.com\/de\/wp-json\/wp\/v2\/posts"}],"about":[{"href":"https:\/\/rentexpressmallorca.com\/de\/wp-json\/wp\/v2\/types\/post"}],"author":[{"embeddable":true,"href":"https:\/\/rentexpressmallorca.com\/de\/wp-json\/wp\/v2\/users\/1"}],"replies":[{"embeddable":true,"href":"https:\/\/rentexpressmallorca.com\/de\/wp-json\/wp\/v2\/comments?post=19236"}],"version-history":[{"count":12,"href":"https:\/\/rentexpressmallorca.com\/de\/wp-json\/wp\/v2\/posts\/19236\/revisions"}],"predecessor-version":[{"id":34841,"href":"https:\/\/rentexpressmallorca.com\/de\/wp-json\/wp\/v2\/posts\/19236\/revisions\/34841"}],"wp:featuredmedia":[{"embeddable":true,"href":"https:\/\/rentexpressmallorca.com\/de\/wp-json\/wp\/v2\/media\/18825"}],"wp:attachment":[{"href":"https:\/\/rentexpressmallorca.com\/de\/wp-json\/wp\/v2\/media?parent=19236"}],"wp:term":[{"taxonomy":"category","embeddable":true,"href":"https:\/\/rentexpressmallorca.com\/de\/wp-json\/wp\/v2\/categories?post=19236"},{"taxonomy":"post_tag","embeddable":true,"href":"https:\/\/rentexpressmallorca.com\/de\/wp-json\/wp\/v2\/tags?post=19236"}],"curies":[{"name":"wp","href":"https:\/\/api.w.org\/{rel}","templated":true}]}}