{"id":19247,"date":"2023-12-21T11:00:40","date_gmt":"2023-12-21T10:00:40","guid":{"rendered":"https:\/\/rentexpressmallorca.com\/alquiler-scooter-electrico-grande\/"},"modified":"2026-02-09T11:43:57","modified_gmt":"2026-02-09T10:43:57","slug":"elektromobile-grob","status":"publish","type":"post","link":"https:\/\/rentexpressmallorca.com\/de\/elektromobile-grob\/","title":{"rendered":"Gro\u00dfes Elektromobil mieten Mallorca"},"content":{"rendered":"\t\t<div data-elementor-type=\"wp-post\" data-elementor-id=\"19247\" class=\"elementor elementor-19247 elementor-18422\" data-elementor-post-type=\"post\">\n\t\t\t\t<div class=\"elementor-element elementor-element-d1ae47c e-flex e-con-boxed e-con e-parent\" data-id=\"d1ae47c\" data-element_type=\"container\" data-settings=\"{&quot;content_width&quot;:&quot;boxed&quot;}\" data-core-v316-plus=\"true\">\n\t\t\t\t\t<div class=\"e-con-inner\">\n\t\t\t\t<div class=\"elementor-element elementor-element-c9b4f61 elementor-widget elementor-widget-text-editor\" data-id=\"c9b4f61\" data-element_type=\"widget\" data-widget_type=\"text-editor.default\">\n\t\t\t\t<div class=\"elementor-widget-container\">\n\t\t\t<style>\/*! elementor - v3.19.0 - 05-02-2024 *\/\n.elementor-widget-text-editor.elementor-drop-cap-view-stacked .elementor-drop-cap{background-color:#69727d;color:#fff}.elementor-widget-text-editor.elementor-drop-cap-view-framed .elementor-drop-cap{color:#69727d;border:3px solid;background-color:transparent}.elementor-widget-text-editor:not(.elementor-drop-cap-view-default) .elementor-drop-cap{margin-top:8px}.elementor-widget-text-editor:not(.elementor-drop-cap-view-default) .elementor-drop-cap-letter{width:1em;height:1em}.elementor-widget-text-editor .elementor-drop-cap{float:left;text-align:center;line-height:1;font-size:50px}.elementor-widget-text-editor .elementor-drop-cap-letter{display:inline-block}<\/style>\t\t\t\t<p>Ein gro\u00dfes Elektromobil mieten auf Mallorca ist die ideale L\u00f6sung f\u00fcr Menschen mit eingeschr\u00e4nkter Mobilit\u00e4t, die w\u00e4hrend ihres Aufenthalts Komfort, Stabilit\u00e4t und Sicherheit sch\u00e4tzen. Diese Modelle eignen sich besonders f\u00fcr l\u00e4ngere Strecken, Promenaden und den t\u00e4glichen Gebrauch im Urlaub.<\/p><p>Unsere gro\u00dfen Elektromobile bieten eine bequeme Sitzposition, hohe Tragkraft und leistungsstarke Batterien f\u00fcr eine gro\u00dfe Reichweite. Dank der stabilen Bauweise sind sie ideal f\u00fcr Senioren sowie f\u00fcr Personen, die ein zuverl\u00e4ssiges und komfortables Fortbewegungsmittel ben\u00f6tigen.<\/p><p>Die Lieferung erfolgt zu Hotels, Apartments und privaten Unterk\u00fcnften auf ganz Mallorca.<\/p>\t\t\t\t\t\t<\/div>\n\t\t\t\t<\/div>\n\t\t\t\t<div class=\"elementor-element elementor-element-ddddefd elementor-widget elementor-widget-heading\" data-id=\"ddddefd\" data-element_type=\"widget\" data-widget_type=\"heading.default\">\n\t\t\t\t<div class=\"elementor-widget-container\">\n\t\t\t<style>\/*! elementor - v3.19.0 - 05-02-2024 *\/\n.elementor-heading-title{padding:0;margin:0;line-height:1}.elementor-widget-heading .elementor-heading-title[class*=elementor-size-]>a{color:inherit;font-size:inherit;line-height:inherit}.elementor-widget-heading .elementor-heading-title.elementor-size-small{font-size:15px}.elementor-widget-heading .elementor-heading-title.elementor-size-medium{font-size:19px}.elementor-widget-heading .elementor-heading-title.elementor-size-large{font-size:29px}.elementor-widget-heading .elementor-heading-title.elementor-size-xl{font-size:39px}.elementor-widget-heading .elementor-heading-title.elementor-size-xxl{font-size:59px}<\/style><h2 class=\"elementor-heading-title elementor-size-default\">\ud83e\uddfe Mietdauer & Preise f\u00fcr gro\u00dfe Elektromobile<\/h2>\t\t<\/div>\n\t\t\t\t<\/div>\n\t\t\t\t<div class=\"elementor-element elementor-element-c9a7d75 elementor-widget elementor-widget-text-editor\" data-id=\"c9a7d75\" data-element_type=\"widget\" data-widget_type=\"text-editor.default\">\n\t\t\t\t<div class=\"elementor-widget-container\">\n\t\t\t\t\t\t\t<p>Die Mietdauer kann flexibel an Ihren Aufenthalt auf Mallorca angepasst werden. Je nach Bedarf stehen verschiedene Mietzeitr\u00e4ume zur Auswahl \u2013 ideal f\u00fcr kurze Urlaube oder l\u00e4ngere Aufenthalte.<\/p><p><strong>Preise auf einen Blick<\/strong><\/p><p>\ud83d\udcb0 Ab 75 \u20ac pro Woche <br \/>\ud83d\udd12 Kaution erforderlich <br \/>\ud83d\ude9a Lieferung zu Hotels und Apartments<\/p><p><strong>Preisliste<\/strong><\/p><p>\u2022 1 Woche:\u00a0 \u00a0 \u00a075 \u20ac <br \/>\u2022 10 Tage:\u00a0 \u00a0 \u00a0 90 \u20ac <br \/>\u2022 2 Wochen: 140 \u20ac <br \/>\u2022 1 Monat:\u00a0 \u00a0 220 \u20ac<\/p><p>Dieses Produkt geh\u00f6rt zu unserer Kategorie<br data-start=\"415\" data-end=\"418\" \/><a href=\"https:\/\/rentexpressmallorca.com\/de\/category\/elektromobile\/\"><strong data-start=\"418\" data-end=\"448\">Elektromobile auf Mallorca<\/strong><\/a>,<br data-start=\"449\" data-end=\"452\" \/>in der Sie alle verf\u00fcgbaren Elektromobil-Modelle zur Miete auf Mallorca finden.<\/p>\t\t\t\t\t\t<\/div>\n\t\t\t\t<\/div>\n\t\t\t\t\t<\/div>\n\t\t\t\t<\/div>\n\t\t<div class=\"elementor-element elementor-element-eb52b2e e-flex e-con-boxed e-con e-parent\" data-id=\"eb52b2e\" data-element_type=\"container\" data-settings=\"{&quot;content_width&quot;:&quot;boxed&quot;}\" data-core-v316-plus=\"true\">\n\t\t\t\t\t<div class=\"e-con-inner\">\n\t\t\t\t<div class=\"elementor-element elementor-element-fb0a0e8 elementor-widget elementor-widget-heading\" data-id=\"fb0a0e8\" data-element_type=\"widget\" data-widget_type=\"heading.default\">\n\t\t\t\t<div class=\"elementor-widget-container\">\n\t\t\t<h2 class=\"elementor-heading-title elementor-size-default\">Vorteile eines gro\u00dfen Elektromobils\n<\/h2>\t\t<\/div>\n\t\t\t\t<\/div>\n\t\t\t\t\t<\/div>\n\t\t\t\t<\/div>\n\t\t<div class=\"elementor-element elementor-element-c36bd12 e-flex e-con-boxed e-con e-parent\" data-id=\"c36bd12\" data-element_type=\"container\" data-settings=\"{&quot;content_width&quot;:&quot;boxed&quot;}\" data-core-v316-plus=\"true\">\n\t\t\t\t\t<div class=\"e-con-inner\">\n\t\t\t\t<div class=\"elementor-element elementor-element-aee6f43 elementor-widget elementor-widget-text-editor\" data-id=\"aee6f43\" data-element_type=\"widget\" data-widget_type=\"text-editor.default\">\n\t\t\t\t<div class=\"elementor-widget-container\">\n\t\t\t\t\t\t\t<p>Gro\u00dfe Elektromobile bieten mehr Komfort und Stabilit\u00e4t als kleinere Modelle. Sie erm\u00f6glichen eine sichere Nutzung \u00fcber l\u00e4ngere Zeitr\u00e4ume und eignen sich ideal f\u00fcr Nutzer, die zus\u00e4tzliche Unterst\u00fctzung oder eine hohe Reichweite ben\u00f6tigen.<\/p><p>Dieses Produkt geh\u00f6rt zu unserer Kategorie<br data-start=\"1209\" data-end=\"1212\" \/><strong data-start=\"1212\" data-end=\"1242\">Elektromobile auf Mallorca<\/strong>,<br data-start=\"1243\" data-end=\"1246\" \/>in der Sie alle verf\u00fcgbaren Elektromobil-Modelle zur Miete auf Mallorca finde<\/p>\t\t\t\t\t\t<\/div>\n\t\t\t\t<\/div>\n\t\t\t\t\t<\/div>\n\t\t\t\t<\/div>\n\t\t<div class=\"elementor-element elementor-element-bc48021 e-flex e-con-boxed e-con e-parent\" data-id=\"bc48021\" data-element_type=\"container\" data-settings=\"{&quot;content_width&quot;:&quot;boxed&quot;}\" data-core-v316-plus=\"true\">\n\t\t\t\t\t<div class=\"e-con-inner\">\n\t\t\t\t<div class=\"elementor-element elementor-element-d81099f elementor-widget elementor-widget-heading\" data-id=\"d81099f\" data-element_type=\"widget\" data-widget_type=\"heading.default\">\n\t\t\t\t<div class=\"elementor-widget-container\">\n\t\t\t<h2 class=\"elementor-heading-title elementor-size-default\">F\u00fcr wen ist ein gro\u00dfes Elektromobil geeignet?\n<\/h2>\t\t<\/div>\n\t\t\t\t<\/div>\n\t\t\t\t\t<\/div>\n\t\t\t\t<\/div>\n\t\t<div class=\"elementor-element elementor-element-100690d e-flex e-con-boxed e-con e-parent\" data-id=\"100690d\" data-element_type=\"container\" data-settings=\"{&quot;content_width&quot;:&quot;boxed&quot;}\" data-core-v316-plus=\"true\">\n\t\t\t\t\t<div class=\"e-con-inner\">\n\t\t\t\t<div class=\"elementor-element elementor-element-4bb3b4b elementor-widget elementor-widget-text-editor\" data-id=\"4bb3b4b\" data-element_type=\"widget\" data-widget_type=\"text-editor.default\">\n\t\t\t\t<div class=\"elementor-widget-container\">\n\t\t\t\t\t\t\t<p>Dieses Elektromobil ist besonders geeignet f\u00fcr Senioren, Menschen mit Mobilit\u00e4tseinschr\u00e4nkungen sowie f\u00fcr Personen in der Rehabilitation. Auch Nutzer, die l\u00e4ngere Strecken zur\u00fccklegen m\u00f6chten oder besonderen Wert auf Komfort legen, profitieren von diesem Modell.<\/p><p>Wenn Sie ein leichteres und kompakteres Modell suchen, k\u00f6nnen Sie auch ein <a href=\"https:\/\/rentexpressmallorca.com\/de\/elektromobile-klein-mieten\/\"><strong data-start=\"1952\" data-end=\"1996\">kleines Elektromobil auf Mallorca mieten<\/strong><\/a>.<\/p>\t\t\t\t\t\t<\/div>\n\t\t\t\t<\/div>\n\t\t\t\t\t<\/div>\n\t\t\t\t<\/div>\n\t\t<div class=\"elementor-element elementor-element-3c8f847 e-flex e-con-boxed e-con e-parent\" data-id=\"3c8f847\" data-element_type=\"container\" data-settings=\"{&quot;content_width&quot;:&quot;boxed&quot;}\" data-core-v316-plus=\"true\">\n\t\t\t\t\t<div class=\"e-con-inner\">\n\t\t\t\t<div class=\"elementor-element elementor-element-6c1a030 elementor-widget elementor-widget-heading\" data-id=\"6c1a030\" data-element_type=\"widget\" data-widget_type=\"heading.default\">\n\t\t\t\t<div class=\"elementor-widget-container\">\n\t\t\t<h2 class=\"elementor-heading-title elementor-size-default\">Lieferung von Elektromobilen auf Mallorca\n<\/h2>\t\t<\/div>\n\t\t\t\t<\/div>\n\t\t\t\t<div class=\"elementor-element elementor-element-255cb5c elementor-widget elementor-widget-text-editor\" data-id=\"255cb5c\" data-element_type=\"widget\" data-widget_type=\"text-editor.default\">\n\t\t\t\t<div class=\"elementor-widget-container\">\n\t\t\t\t\t\t\t<p>Wir liefern gro\u00dfe Elektromobile zuverl\u00e4ssig zu Hotels, Ferienwohnungen, privaten Unterk\u00fcnften und Kreuzfahrtschiffen auf Mallorca. Auch eine Lieferung oder R\u00fcckgabe am Flughafen Palma ist m\u00f6glich. Unser Service ist flexibel, p\u00fcnktlich und auf Ihre Bed\u00fcrfnisse abgestimmt.<\/p>\t\t\t\t\t\t<\/div>\n\t\t\t\t<\/div>\n\t\t\t\t<div class=\"elementor-element elementor-element-6f5a219 elementor-widget elementor-widget-heading\" data-id=\"6f5a219\" data-element_type=\"widget\" data-widget_type=\"heading.default\">\n\t\t\t\t<div class=\"elementor-widget-container\">\n\t\t\t<h2 class=\"elementor-heading-title elementor-size-default\">H\u00e4ufige Fragen zur Miete<\/h2>\t\t<\/div>\n\t\t\t\t<\/div>\n\t\t\t\t<div class=\"elementor-element elementor-element-84ffef0 elementor-widget elementor-widget-accordion\" data-id=\"84ffef0\" data-element_type=\"widget\" data-widget_type=\"accordion.default\">\n\t\t\t\t<div class=\"elementor-widget-container\">\n\t\t\t<style>\/*! elementor - v3.19.0 - 05-02-2024 *\/\n.elementor-accordion{text-align:left}.elementor-accordion .elementor-accordion-item{border:1px solid #d5d8dc}.elementor-accordion .elementor-accordion-item+.elementor-accordion-item{border-top:none}.elementor-accordion .elementor-tab-title{margin:0;padding:15px 20px;font-weight:700;line-height:1;cursor:pointer;outline:none}.elementor-accordion .elementor-tab-title .elementor-accordion-icon{display:inline-block;width:1.5em}.elementor-accordion .elementor-tab-title .elementor-accordion-icon svg{width:1em;height:1em}.elementor-accordion .elementor-tab-title .elementor-accordion-icon.elementor-accordion-icon-right{float:right;text-align:right}.elementor-accordion .elementor-tab-title .elementor-accordion-icon.elementor-accordion-icon-left{float:left;text-align:left}.elementor-accordion .elementor-tab-title .elementor-accordion-icon .elementor-accordion-icon-closed{display:block}.elementor-accordion .elementor-tab-title .elementor-accordion-icon .elementor-accordion-icon-opened,.elementor-accordion .elementor-tab-title.elementor-active .elementor-accordion-icon-closed{display:none}.elementor-accordion .elementor-tab-title.elementor-active .elementor-accordion-icon-opened{display:block}.elementor-accordion .elementor-tab-content{display:none;padding:15px 20px;border-top:1px solid #d5d8dc}@media (max-width:767px){.elementor-accordion .elementor-tab-title{padding:12px 15px}.elementor-accordion .elementor-tab-title .elementor-accordion-icon{width:1.2em}.elementor-accordion .elementor-tab-content{padding:7px 15px}}.e-con-inner>.elementor-widget-accordion,.e-con>.elementor-widget-accordion{width:var(--container-widget-width);--flex-grow:var(--container-widget-flex-grow)}<\/style>\t\t<div class=\"elementor-accordion\">\n\t\t\t\t\t\t\t<div class=\"elementor-accordion-item\">\n\t\t\t\t\t<div id=\"elementor-tab-title-1391\" class=\"elementor-tab-title\" data-tab=\"1\" role=\"button\" aria-controls=\"elementor-tab-content-1391\" aria-expanded=\"false\">\n\t\t\t\t\t\t\t\t\t\t\t\t\t<span class=\"elementor-accordion-icon elementor-accordion-icon-left\" aria-hidden=\"true\">\n\t\t\t\t\t\t\t\t\t\t\t\t\t\t\t<span class=\"elementor-accordion-icon-closed\"><i class=\"fas fa-plus\"><\/i><\/span>\n\t\t\t\t\t\t\t\t<span class=\"elementor-accordion-icon-opened\"><i class=\"fas fa-minus\"><\/i><\/span>\n\t\t\t\t\t\t\t\t\t\t\t\t\t\t<\/span>\n\t\t\t\t\t\t\t\t\t\t\t\t<a class=\"elementor-accordion-title\" tabindex=\"0\">Wie miete ich ein gro\u00dfes Elektromobil auf Mallorca?<\/a>\n\t\t\t\t\t<\/div>\n\t\t\t\t\t<div id=\"elementor-tab-content-1391\" class=\"elementor-tab-content elementor-clearfix\" data-tab=\"1\" role=\"region\" aria-labelledby=\"elementor-tab-title-1391\"><p>W\u00e4hlen Sie das gew\u00fcnschte Modell, den Mietzeitraum und den Lieferort. Wir k\u00fcmmern uns um den Rest.<\/p><\/div>\n\t\t\t\t<\/div>\n\t\t\t\t\t\t\t<div class=\"elementor-accordion-item\">\n\t\t\t\t\t<div id=\"elementor-tab-title-1392\" class=\"elementor-tab-title\" data-tab=\"2\" role=\"button\" aria-controls=\"elementor-tab-content-1392\" aria-expanded=\"false\">\n\t\t\t\t\t\t\t\t\t\t\t\t\t<span class=\"elementor-accordion-icon elementor-accordion-icon-left\" aria-hidden=\"true\">\n\t\t\t\t\t\t\t\t\t\t\t\t\t\t\t<span class=\"elementor-accordion-icon-closed\"><i class=\"fas fa-plus\"><\/i><\/span>\n\t\t\t\t\t\t\t\t<span class=\"elementor-accordion-icon-opened\"><i class=\"fas fa-minus\"><\/i><\/span>\n\t\t\t\t\t\t\t\t\t\t\t\t\t\t<\/span>\n\t\t\t\t\t\t\t\t\t\t\t\t<a class=\"elementor-accordion-title\" tabindex=\"0\">Wird das Elektromobil zum Hotel geliefert?<\/a>\n\t\t\t\t\t<\/div>\n\t\t\t\t\t<div id=\"elementor-tab-content-1392\" class=\"elementor-tab-content elementor-clearfix\" data-tab=\"2\" role=\"region\" aria-labelledby=\"elementor-tab-title-1392\"><p>Ja, wir liefern Elektromobile zu Hotels, Apartments und privaten Unterk\u00fcnften auf ganz Mallorca.<\/p><\/div>\n\t\t\t\t<\/div>\n\t\t\t\t\t\t\t<div class=\"elementor-accordion-item\">\n\t\t\t\t\t<div id=\"elementor-tab-title-1393\" class=\"elementor-tab-title\" data-tab=\"3\" role=\"button\" aria-controls=\"elementor-tab-content-1393\" aria-expanded=\"false\">\n\t\t\t\t\t\t\t\t\t\t\t\t\t<span class=\"elementor-accordion-icon elementor-accordion-icon-left\" aria-hidden=\"true\">\n\t\t\t\t\t\t\t\t\t\t\t\t\t\t\t<span class=\"elementor-accordion-icon-closed\"><i class=\"fas fa-plus\"><\/i><\/span>\n\t\t\t\t\t\t\t\t<span class=\"elementor-accordion-icon-opened\"><i class=\"fas fa-minus\"><\/i><\/span>\n\t\t\t\t\t\t\t\t\t\t\t\t\t\t<\/span>\n\t\t\t\t\t\t\t\t\t\t\t\t<a class=\"elementor-accordion-title\" tabindex=\"0\">Ist eine \u00dcbergabe am Flughafen Palma m\u00f6glich?<\/a>\n\t\t\t\t\t<\/div>\n\t\t\t\t\t<div id=\"elementor-tab-content-1393\" class=\"elementor-tab-content elementor-clearfix\" data-tab=\"3\" role=\"region\" aria-labelledby=\"elementor-tab-title-1393\"><p>Ja, auf Wunsch kann das Elektromobil am Flughafen Palma \u00fcbergeben oder abgeholt werden.<\/p><\/div>\n\t\t\t\t<\/div>\n\t\t\t\t\t\t\t<div class=\"elementor-accordion-item\">\n\t\t\t\t\t<div id=\"elementor-tab-title-1394\" class=\"elementor-tab-title\" data-tab=\"4\" role=\"button\" aria-controls=\"elementor-tab-content-1394\" aria-expanded=\"false\">\n\t\t\t\t\t\t\t\t\t\t\t\t\t<span class=\"elementor-accordion-icon elementor-accordion-icon-left\" aria-hidden=\"true\">\n\t\t\t\t\t\t\t\t\t\t\t\t\t\t\t<span class=\"elementor-accordion-icon-closed\"><i class=\"fas fa-plus\"><\/i><\/span>\n\t\t\t\t\t\t\t\t<span class=\"elementor-accordion-icon-opened\"><i class=\"fas fa-minus\"><\/i><\/span>\n\t\t\t\t\t\t\t\t\t\t\t\t\t\t<\/span>\n\t\t\t\t\t\t\t\t\t\t\t\t<a class=\"elementor-accordion-title\" tabindex=\"0\">F\u00fcr wen ist ein gro\u00dfes Elektromobil geeignet?<\/a>\n\t\t\t\t\t<\/div>\n\t\t\t\t\t<div id=\"elementor-tab-content-1394\" class=\"elementor-tab-content elementor-clearfix\" data-tab=\"4\" role=\"region\" aria-labelledby=\"elementor-tab-title-1394\"><p>Dieses Modell eignet sich besonders f\u00fcr Senioren und Personen mit eingeschr\u00e4nkter Mobilit\u00e4t, die Komfort und Stabilit\u00e4t ben\u00f6tigen.<\/p><\/div>\n\t\t\t\t<\/div>\n\t\t\t\t\t\t\t\t<\/div>\n\t\t\t\t<\/div>\n\t\t\t\t<\/div>\n\t\t\t\t\t<\/div>\n\t\t\t\t<\/div>\n\t\t<div class=\"elementor-element elementor-element-e4cdb49 e-flex e-con-boxed e-con e-parent\" data-id=\"e4cdb49\" data-element_type=\"container\" data-settings=\"{&quot;content_width&quot;:&quot;boxed&quot;}\" data-core-v316-plus=\"true\">\n\t\t\t\t\t<div class=\"e-con-inner\">\n\t\t\t\t<div class=\"elementor-element elementor-element-0bbeeb1 elementor-widget elementor-widget-heading\" data-id=\"0bbeeb1\" data-element_type=\"widget\" data-widget_type=\"heading.default\">\n\t\t\t\t<div class=\"elementor-widget-container\">\n\t\t\t<h2 class=\"elementor-heading-title elementor-size-default\">\ud83d\udcde Kontakt & Reservierung<\/h2>\t\t<\/div>\n\t\t\t\t<\/div>\n\t\t\t\t<div class=\"elementor-element elementor-element-73645f8 elementor-widget elementor-widget-text-editor\" data-id=\"73645f8\" data-element_type=\"widget\" data-widget_type=\"text-editor.default\">\n\t\t\t\t<div class=\"elementor-widget-container\">\n\t\t\t\t\t\t\t<p>Sie k\u00f6nnen Ihr Elektromobil auf Mallorca ganz einfach im Voraus reservieren.<\/p><p>Wir bieten Lieferungen zu Hotels, Apartments und privaten Unterk\u00fcnften auf der ganzen Insel an. Die Liefer- und Abholkosten richten sich nach dem jeweiligen Standort. In ausgew\u00e4hlten Gebieten ist die Lieferung kostenlos \u2013 bitte informieren Sie sich dazu in unserem Bereich \u201eLiefergebiete\u201c.<\/p><p>\ud83d\udccd Unsere Filialen in Palma de Mallorca:<br \/>\u2013 Filiale 1: <a href=\"https:\/\/www.google.com\/maps\/place\/Rent+express+Mallorca\/@39.5713353,2.6722012,17z\/data=!3m1!4b1!4m6!3m5!1s0x12978dee82376af7:0x37d022e8bcdba205!8m2!3d39.5713353!4d2.6722012!16s%2Fg%2F11r8cm8v4?hl=es&amp;entry=ttu&amp;g_ep=EgoyMDI2MDIwMS4wIKXMDSoKLDEwMDc5MjA3M0gBUAM%3D\" target=\"_blank\" rel=\"noopener\">Calle Manacor, 123, Palma<\/a> <br \/>\u2013 Filiale 2: <a href=\"https:\/\/www.google.com\/maps\/place\/Rent+Express+Mallorca+(plaza+de+espa%C3%B1a)\/@39.5780242,2.6521423,17z\/data=!3m1!4b1!4m6!3m5!1s0x1297934a4188292b:0x489fb8c2a75faff2!8m2!3d39.5780242!4d2.6521423!16s%2Fg%2F11h9bghbwx?hl=es&amp;entry=ttu&amp;g_ep=EgoyMDI2MDIwMS4wIKXMDSoKLDEwMDc5MjA3M0gBUAM%3D\" target=\"_blank\" rel=\"noopener\">Calle 31 de Diciembre, 3, Palma<\/a><\/p><p>\ud83d\udcf2 Kontaktieren Sie uns per WhatsApp oder \u00fcber das Kontaktformular. <br \/>Unser deutschsprachiger Kundenservice hilft Ihnen gerne weiter.<\/p>\t\t\t\t\t\t<\/div>\n\t\t\t\t<\/div>\n\t\t\t\t\t<\/div>\n\t\t\t\t<\/div>\n\t\t\t\t<\/div>\n\t\t","protected":false},"excerpt":{"rendered":"<p>Ein gro\u00dfes Elektromobil mieten auf Mallorca ist die ideale L\u00f6sung f\u00fcr Menschen mit eingeschr\u00e4nkter Mobilit\u00e4t, die w\u00e4hrend ihres Aufenthalts Komfort, Stabilit\u00e4t und Sicherheit sch\u00e4tzen. Diese Modelle eignen sich besonders f\u00fcr l\u00e4ngere Strecken, Promenaden und den t\u00e4glichen Gebrauch im Urlaub. Unsere gro\u00dfen Elektromobile bieten eine bequeme Sitzposition, hohe Tragkraft und leistungsstarke Batterien f\u00fcr eine gro\u00dfe Reichweite. [&hellip;]<\/p>\n","protected":false},"author":1,"featured_media":32817,"comment_status":"closed","ping_status":"open","sticky":false,"template":"","format":"standard","meta":{"site-sidebar-layout":"default","site-content-layout":"","ast-site-content-layout":"default","site-content-style":"default","site-sidebar-style":"default","ast-global-header-display":"","ast-banner-title-visibility":"","ast-main-header-display":"","ast-hfb-above-header-display":"","ast-hfb-below-header-display":"","ast-hfb-mobile-header-display":"","site-post-title":"","ast-breadcrumbs-content":"","ast-featured-img":"","footer-sml-layout":"","ast-disable-related-posts":"","theme-transparent-header-meta":"","adv-header-id-meta":"","stick-header-meta":"","header-above-stick-meta":"","header-main-stick-meta":"","header-below-stick-meta":"","astra-migrate-meta-layouts":"default","ast-page-background-enabled":"default","ast-page-background-meta":{"desktop":{"background-color":"var(--ast-global-color-4)","background-image":"","background-repeat":"repeat","background-position":"center center","background-size":"auto","background-attachment":"scroll","background-type":"","background-media":"","overlay-type":"","overlay-color":"","overlay-opacity":"","overlay-gradient":""},"tablet":{"background-color":"","background-image":"","background-repeat":"repeat","background-position":"center center","background-size":"auto","background-attachment":"scroll","background-type":"","background-media":"","overlay-type":"","overlay-color":"","overlay-opacity":"","overlay-gradient":""},"mobile":{"background-color":"","background-image":"","background-repeat":"repeat","background-position":"center center","background-size":"auto","background-attachment":"scroll","background-type":"","background-media":"","overlay-type":"","overlay-color":"","overlay-opacity":"","overlay-gradient":""}},"ast-content-background-meta":{"desktop":{"background-color":"var(--ast-global-color-5)","background-image":"","background-repeat":"repeat","background-position":"center center","background-size":"auto","background-attachment":"scroll","background-type":"","background-media":"","overlay-type":"","overlay-color":"","overlay-opacity":"","overlay-gradient":""},"tablet":{"background-color":"var(--ast-global-color-5)","background-image":"","background-repeat":"repeat","background-position":"center center","background-size":"auto","background-attachment":"scroll","background-type":"","background-media":"","overlay-type":"","overlay-color":"","overlay-opacity":"","overlay-gradient":""},"mobile":{"background-color":"var(--ast-global-color-5)","background-image":"","background-repeat":"repeat","background-position":"center center","background-size":"auto","background-attachment":"scroll","background-type":"","background-media":"","overlay-type":"","overlay-color":"","overlay-opacity":"","overlay-gradient":""}},"footnotes":""},"categories":[683],"tags":[1735,1733,1734,1736],"class_list":["post-19247","post","type-post","status-publish","format-standard","has-post-thumbnail","hentry","category-elektromobile","tag-elektromobile-fuer-senioren-mallorca","tag-elektromobile-gross-mieten-malllorca","tag-mieten-grob-elektromobile-mallorca","tag-senioren-mobile-mallorca"],"_links":{"self":[{"href":"https:\/\/rentexpressmallorca.com\/de\/wp-json\/wp\/v2\/posts\/19247","targetHints":{"allow":["GET"]}}],"collection":[{"href":"https:\/\/rentexpressmallorca.com\/de\/wp-json\/wp\/v2\/posts"}],"about":[{"href":"https:\/\/rentexpressmallorca.com\/de\/wp-json\/wp\/v2\/types\/post"}],"author":[{"embeddable":true,"href":"https:\/\/rentexpressmallorca.com\/de\/wp-json\/wp\/v2\/users\/1"}],"replies":[{"embeddable":true,"href":"https:\/\/rentexpressmallorca.com\/de\/wp-json\/wp\/v2\/comments?post=19247"}],"version-history":[{"count":135,"href":"https:\/\/rentexpressmallorca.com\/de\/wp-json\/wp\/v2\/posts\/19247\/revisions"}],"predecessor-version":[{"id":30993,"href":"https:\/\/rentexpressmallorca.com\/de\/wp-json\/wp\/v2\/posts\/19247\/revisions\/30993"}],"wp:featuredmedia":[{"embeddable":true,"href":"https:\/\/rentexpressmallorca.com\/de\/wp-json\/wp\/v2\/media\/32817"}],"wp:attachment":[{"href":"https:\/\/rentexpressmallorca.com\/de\/wp-json\/wp\/v2\/media?parent=19247"}],"wp:term":[{"taxonomy":"category","embeddable":true,"href":"https:\/\/rentexpressmallorca.com\/de\/wp-json\/wp\/v2\/categories?post=19247"},{"taxonomy":"post_tag","embeddable":true,"href":"https:\/\/rentexpressmallorca.com\/de\/wp-json\/wp\/v2\/tags?post=19247"}],"curies":[{"name":"wp","href":"https:\/\/api.w.org\/{rel}","templated":true}]}}