{"id":19262,"date":"2020-07-20T11:23:15","date_gmt":"2020-07-20T09:23:15","guid":{"rendered":"https:\/\/rentexpressmallorca.com\/alquiler-de-paddle-surf-en-mallorca\/"},"modified":"2026-02-20T17:53:02","modified_gmt":"2026-02-20T16:53:02","slug":"paddelsurf-verleih-auf-mallorca","status":"publish","type":"post","link":"https:\/\/rentexpressmallorca.com\/de\/paddelsurf-verleih-auf-mallorca\/","title":{"rendered":"Paddelsurf-Verleih auf Mallorca"},"content":{"rendered":"\t\t<div data-elementor-type=\"wp-post\" data-elementor-id=\"19262\" class=\"elementor elementor-19262 elementor-18069\" data-elementor-post-type=\"post\">\n\t\t\t\t<div class=\"elementor-element elementor-element-54c633fc e-flex e-con-boxed e-con e-parent\" data-id=\"54c633fc\" data-element_type=\"container\" data-settings=\"{&quot;content_width&quot;:&quot;boxed&quot;}\" data-core-v316-plus=\"true\">\n\t\t\t\t\t<div class=\"e-con-inner\">\n\t\t\t\t<div class=\"elementor-element elementor-element-2fa4ad0b elementor-widget elementor-widget-text-editor\" data-id=\"2fa4ad0b\" data-element_type=\"widget\" data-widget_type=\"text-editor.default\">\n\t\t\t\t<div class=\"elementor-widget-container\">\n\t\t\t<style>\/*! elementor - v3.19.0 - 05-02-2024 *\/\n.elementor-widget-text-editor.elementor-drop-cap-view-stacked .elementor-drop-cap{background-color:#69727d;color:#fff}.elementor-widget-text-editor.elementor-drop-cap-view-framed .elementor-drop-cap{color:#69727d;border:3px solid;background-color:transparent}.elementor-widget-text-editor:not(.elementor-drop-cap-view-default) .elementor-drop-cap{margin-top:8px}.elementor-widget-text-editor:not(.elementor-drop-cap-view-default) .elementor-drop-cap-letter{width:1em;height:1em}.elementor-widget-text-editor .elementor-drop-cap{float:left;text-align:center;line-height:1;font-size:50px}.elementor-widget-text-editor .elementor-drop-cap-letter{display:inline-block}<\/style>\t\t\t\t<p>Unser Unternehmen hat sich auf den Verleih von Paddelsurfing auf Mallorca spezialisiert. Sie k\u00f6nnen auch ein Kajak mieten, neben vielen anderen Dingen, die wir haben, um einen unvergesslichen Tag auf Mallorca zu genie\u00dfen.<\/p><h3>Miete<\/h3><p>Preis pro Tag (24h):<strong> 35\u20ac<\/strong><\/p><h3>Kontaktiere uns<\/h3><ul><li><span class=\"jCAhz ChMk0b\"><span class=\"ryNqvb\">Telefon (+34) 697402352 wassap<\/span><\/span><\/li><li><span class=\"jCAhz ChMk0b\"><span class=\"ryNqvb\">E-Mail: ade.elevation@gmail.com<\/span><\/span><\/li><li><span class=\"jCAhz ChMk0b\"><span class=\"ryNqvb\">Adresse: Calle de Manacor 123. 07007 Palma de Mallorca<\/span><\/span><\/li><\/ul><h3>Einschlie\u00dflich<\/h3><p>In unseren Preisen sind der Inflator mit Manometer und Pr\u00e4zision f\u00fcr den richtigen Druck, eine Tragetasche, die Paddel und die Westen enthalten.<\/p><h3>Vorteile<\/h3><p><span class=\"jCAhz ChMk0b\"><span class=\"ryNqvb\">Bei uns ist es sehr einfach, auf Mallorca einen Paddle-Surf-Verleih zu mieten, und alle unsere Paddle-Surfbretter zum Mieten sind von hoher Qualit\u00e4t.<\/span><\/span><\/p><p><span class=\"jCAhz ChMk0b\"><span class=\"ryNqvb\">Mieten Sie ein Paddle-Surf-Paddel oder ein Kajak auf Mallorca und machen Sie sich bereit f\u00fcr ein tolles Abenteuer mit unvergesslichen Erinnerungen an Ihren Urlaub auf Mallorca.<\/span><\/span> <span class=\"jCAhz ChMk0b\"><span class=\"ryNqvb\">Willkommen in der Heimat der Abenteuer zu Land oder zu Wasser. Bei Rent Express Mallorca gibt es die preisg\u00fcnstigste und qualitativ hochwertigste Vermietung von Wasseraktivit\u00e4ten auf Mallorca. Holen Sie sie sich jetzt und Sie sind bereit f\u00fcr ein unvergessliches Abenteuer.<\/span><\/span><\/p><h3>Leicht zu transportieren<\/h3><p><span class=\"jCAhz ChMk0b\"><span class=\"ryNqvb\">Paddle-Surfbretter leicht im Kofferraum zu transportieren!!<\/span><\/span><\/p><p><span class=\"jCAhz ChMk0b\"><span class=\"ryNqvb\">Unsere Paddle-Surf-Leihbretter auf Mallorca, auch \u201eStand Up Paddle\u201c genannt, sind sehr einfach zu transportieren, da sie aufblasbar sind. Au\u00dferdem sind sie kompakt, sehr sicher und widerstandsf\u00e4hig wie jedes starre Paddle-Surfbrett.<\/span><\/span><\/p><p><span class=\"jCAhz ChMk0b\"><span class=\"ryNqvb\">Heutzutage verwenden die meisten Paddle-Surfschulen aus mehreren Gr\u00fcnden aufblasbare Boards: Benutzersicherheit, Stabilit\u00e4t und einfacher Transport.<\/span><\/span><\/p><h3>Mieten Sie ein Paddle-Surf-Ger\u00e4t auf Mallorca<\/h3><p><span class=\"jCAhz ChMk0b\"><span class=\"ryNqvb\">Das Mieten eines Paddelsurfs auf Mallorca k\u00f6nnte nicht schneller und einfacher sein.<\/span><\/span> <span class=\"jCAhz ChMk0b\"><span class=\"ryNqvb\">Holen Sie sich Ihr Board bei Rent Express Mallorca und genie\u00dfen Sie einen wundersch\u00f6nen Tag auf Ihrem Paddle-Surfbrett, w\u00e4hrend Sie wundervolle Ecken entdecken, die die Insel Mallorca zu bieten hat.<\/span><\/span><\/p><h3>Entdecken Sie Mallorca<\/h3><p><span class=\"jCAhz ChMk0b\"><span class=\"ryNqvb\">Mallorca ist die gr\u00f6\u00dfte Insel der Balearen und ihre gebirgige Geographie stellt einen besonderen Vorteil im Vergleich zu den anderen Inseln des Archipels dar. Der schwierige Zugang zu einigen Str\u00e4nden und Buchten aufgrund des rauen Gel\u00e4ndes der Bergkette verleiht ihr hochwertige Gew\u00e4sser aufgrund des geringeren Einflusses von Besuchern und erm\u00f6glicht eine extrem kristallklare Wasserqualit\u00e4t sowie eine au\u00dfergew\u00f6hnliche Meeresfauna und -blumen, die nur an wenigen Orten zu finden sind.<\/span><\/span><\/p><p><span class=\"jCAhz ChMk0b\"><span class=\"ryNqvb\">Das Mieten eines Paddle-Surfbretts auf Mallorca tr\u00e4gt dazu bei, die kontinuierliche Entwicklung der Meeresarten in diesen besonderen Ecken voller Meereslebewesen nicht zu beeintr\u00e4chtigen. Sie k\u00f6nnen eine Paddle-Board-Fahrt genie\u00dfen, ohne die Umwelt zu verschmutzen und ein Teil davon zu sein.<\/span><\/span><\/p><h3>Wo kann man auf Mallorca Paddelsurfen \u00fcben?<\/h3><p><span class=\"jCAhz ChMk0b\"><span class=\"ryNqvb\">An der gesamten K\u00fcste, an den Str\u00e4nden und in den Buchten Mallorcas ist die Nutzung des Paddelsurfens erlaubt und mit Ein- und Ausstiegen ins Meer wie bei jedem anderen Boot geregelt, wobei die Badeg\u00e4ste in der Umgebung respektiert werden und die durch Bojen abgegrenzten Korridore genutzt werden, weshalb wir darauf bestehen, dies zu gew\u00e4hrleisten die Sicherheit anderer.<\/span><\/span><\/p><p><span class=\"jCAhz ChMk0b\"><span class=\"ryNqvb\">Die empfohlenen Orte w\u00e4ren Cala Fornells in Paguera, Santa Ponsa, El Toro und vor allem die Malgrats-Inseln, die bei Tauchern aufgrund ihres intakten Meeresschutzes bekannt sind.<\/span><\/span><\/p><p><span class=\"jCAhz ChMk0b\"><span class=\"ryNqvb\">Weitere charmante und ruhige Orte sind der Strand Sa Rapita und Calas de Mallorca mit einer Vielzahl von Str\u00e4nden und ruhigem Wasser.<\/span><\/span><\/p><p><span class=\"jCAhz ChMk0b\"><span class=\"ryNqvb\">Die Gemeinde Llucmajor ist voller bezaubernder Buchten, die leicht zu erreichen sind.<\/span><\/span><\/p><h3>Bedingungen<\/h3><p><span class=\"jCAhz ChMk0b\"><span class=\"ryNqvb\">Es ist erforderlich, dass Sie Ihren Ausweis sowie eine obligatorische Kaution vorlegen.<\/span><\/span><\/p><p><span style=\"font-size: 16px;\">Seien Sie 18 Jahre alt.<\/span><\/p><p><span class=\"jCAhz ChMk0b\"><span class=\"ryNqvb\">Die Person, die das Material mietet, ist allein f\u00fcr die eigene Sicherheit und die anderer verantwortlich und muss das gemietete Material unbesch\u00e4digt zur\u00fcckgeben.<\/span><\/span> <span class=\"jCAhz ChMk0b\"><span class=\"ryNqvb\">Andernfalls muss der Kunde f\u00fcr eventuelle Reparaturen, Verlust oder Bruch verantwortlich sein.<\/span><\/span><\/p>\t\t\t\t\t\t<\/div>\n\t\t\t\t<\/div>\n\t\t\t\t\t<\/div>\n\t\t\t\t<\/div>\n\t\t\t\t<\/div>\n\t\t","protected":false},"excerpt":{"rendered":"<p>Unser Unternehmen hat sich auf den Verleih von Paddelsurfing auf Mallorca spezialisiert. Sie k\u00f6nnen auch ein Kajak mieten, neben vielen anderen Dingen, die wir haben, um einen unvergesslichen Tag auf Mallorca zu genie\u00dfen. Miete Preis pro Tag (24h): 35\u20ac Kontaktiere uns Telefon (+34) 697402352 wassap E-Mail: ade.elevation@gmail.com Adresse: Calle de Manacor 123. 07007 Palma de [&hellip;]<\/p>\n","protected":false},"author":1,"featured_media":18834,"comment_status":"closed","ping_status":"open","sticky":false,"template":"","format":"image","meta":{"site-sidebar-layout":"default","site-content-layout":"","ast-site-content-layout":"default","site-content-style":"default","site-sidebar-style":"default","ast-global-header-display":"","ast-banner-title-visibility":"","ast-main-header-display":"","ast-hfb-above-header-display":"","ast-hfb-below-header-display":"","ast-hfb-mobile-header-display":"","site-post-title":"","ast-breadcrumbs-content":"","ast-featured-img":"","footer-sml-layout":"","ast-disable-related-posts":"","theme-transparent-header-meta":"","adv-header-id-meta":"","stick-header-meta":"","header-above-stick-meta":"","header-main-stick-meta":"","header-below-stick-meta":"","astra-migrate-meta-layouts":"default","ast-page-background-enabled":"default","ast-page-background-meta":{"desktop":{"background-color":"var(--ast-global-color-4)","background-image":"","background-repeat":"repeat","background-position":"center center","background-size":"auto","background-attachment":"scroll","background-type":"","background-media":"","overlay-type":"","overlay-color":"","overlay-opacity":"","overlay-gradient":""},"tablet":{"background-color":"","background-image":"","background-repeat":"repeat","background-position":"center center","background-size":"auto","background-attachment":"scroll","background-type":"","background-media":"","overlay-type":"","overlay-color":"","overlay-opacity":"","overlay-gradient":""},"mobile":{"background-color":"","background-image":"","background-repeat":"repeat","background-position":"center center","background-size":"auto","background-attachment":"scroll","background-type":"","background-media":"","overlay-type":"","overlay-color":"","overlay-opacity":"","overlay-gradient":""}},"ast-content-background-meta":{"desktop":{"background-color":"var(--ast-global-color-5)","background-image":"","background-repeat":"repeat","background-position":"center center","background-size":"auto","background-attachment":"scroll","background-type":"","background-media":"","overlay-type":"","overlay-color":"","overlay-opacity":"","overlay-gradient":""},"tablet":{"background-color":"var(--ast-global-color-5)","background-image":"","background-repeat":"repeat","background-position":"center center","background-size":"auto","background-attachment":"scroll","background-type":"","background-media":"","overlay-type":"","overlay-color":"","overlay-opacity":"","overlay-gradient":""},"mobile":{"background-color":"var(--ast-global-color-5)","background-image":"","background-repeat":"repeat","background-position":"center center","background-size":"auto","background-attachment":"scroll","background-type":"","background-media":"","overlay-type":"","overlay-color":"","overlay-opacity":"","overlay-gradient":""}},"footnotes":""},"categories":[740],"tags":[741,742,743,744,745,746],"class_list":["post-19262","post","type-post","status-publish","format-image","has-post-thumbnail","hentry","category-wasseraktivitaeten","tag-alquilar-un-paddle-surf-en-palma-de-mallorca-de-2","tag-alquiler-de-paddle-surf-en-mallorca-de-2","tag-alquiler-paddle-surf-mallorca-de","tag-padel-surf-de","tag-stand-up-de","tag-tabla-de-padel-surf-de","post_format-post-format-image"],"_links":{"self":[{"href":"https:\/\/rentexpressmallorca.com\/de\/wp-json\/wp\/v2\/posts\/19262","targetHints":{"allow":["GET"]}}],"collection":[{"href":"https:\/\/rentexpressmallorca.com\/de\/wp-json\/wp\/v2\/posts"}],"about":[{"href":"https:\/\/rentexpressmallorca.com\/de\/wp-json\/wp\/v2\/types\/post"}],"author":[{"embeddable":true,"href":"https:\/\/rentexpressmallorca.com\/de\/wp-json\/wp\/v2\/users\/1"}],"replies":[{"embeddable":true,"href":"https:\/\/rentexpressmallorca.com\/de\/wp-json\/wp\/v2\/comments?post=19262"}],"version-history":[{"count":29,"href":"https:\/\/rentexpressmallorca.com\/de\/wp-json\/wp\/v2\/posts\/19262\/revisions"}],"predecessor-version":[{"id":34844,"href":"https:\/\/rentexpressmallorca.com\/de\/wp-json\/wp\/v2\/posts\/19262\/revisions\/34844"}],"wp:featuredmedia":[{"embeddable":true,"href":"https:\/\/rentexpressmallorca.com\/de\/wp-json\/wp\/v2\/media\/18834"}],"wp:attachment":[{"href":"https:\/\/rentexpressmallorca.com\/de\/wp-json\/wp\/v2\/media?parent=19262"}],"wp:term":[{"taxonomy":"category","embeddable":true,"href":"https:\/\/rentexpressmallorca.com\/de\/wp-json\/wp\/v2\/categories?post=19262"},{"taxonomy":"post_tag","embeddable":true,"href":"https:\/\/rentexpressmallorca.com\/de\/wp-json\/wp\/v2\/tags?post=19262"}],"curies":[{"name":"wp","href":"https:\/\/api.w.org\/{rel}","templated":true}]}}