{"id":19265,"date":"2020-06-02T14:57:31","date_gmt":"2020-06-02T12:57:31","guid":{"rendered":"https:\/\/rentexpressmallorca.com\/alquilar-un-kayak-en-mallorca\/"},"modified":"2023-12-14T21:29:03","modified_gmt":"2023-12-14T20:29:03","slug":"kajak-mieten-auf-mallorca","status":"publish","type":"post","link":"https:\/\/rentexpressmallorca.com\/de\/kajak-mieten-auf-mallorca\/","title":{"rendered":"Kajak mieten auf Mallorca"},"content":{"rendered":"\t\t<div data-elementor-type=\"wp-post\" data-elementor-id=\"19265\" class=\"elementor elementor-19265 elementor-18072\" data-elementor-post-type=\"post\">\n\t\t\t\t<div class=\"elementor-element elementor-element-bf6036e e-flex e-con-boxed e-con e-parent\" data-id=\"bf6036e\" data-element_type=\"container\" data-settings=\"{&quot;content_width&quot;:&quot;boxed&quot;}\" data-core-v316-plus=\"true\">\n\t\t\t\t\t<div class=\"e-con-inner\">\n\t\t\t\t<div class=\"elementor-element elementor-element-15b208ab elementor-widget elementor-widget-text-editor\" data-id=\"15b208ab\" data-element_type=\"widget\" data-widget_type=\"text-editor.default\">\n\t\t\t\t<div class=\"elementor-widget-container\">\n\t\t\t<style>\/*! elementor - v3.19.0 - 05-02-2024 *\/\n.elementor-widget-text-editor.elementor-drop-cap-view-stacked .elementor-drop-cap{background-color:#69727d;color:#fff}.elementor-widget-text-editor.elementor-drop-cap-view-framed .elementor-drop-cap{color:#69727d;border:3px solid;background-color:transparent}.elementor-widget-text-editor:not(.elementor-drop-cap-view-default) .elementor-drop-cap{margin-top:8px}.elementor-widget-text-editor:not(.elementor-drop-cap-view-default) .elementor-drop-cap-letter{width:1em;height:1em}.elementor-widget-text-editor .elementor-drop-cap{float:left;text-align:center;line-height:1;font-size:50px}.elementor-widget-text-editor .elementor-drop-cap-letter{display:inline-block}<\/style>\t\t\t\t<h2>Kajakverleih<\/h2><p><span class=\"jCAhz ChMk0b\"><span class=\"ryNqvb\">Mieten Sie auf Mallorca ein Kajak mit allem Zubeh\u00f6r, um allein oder zu zweit ein Abenteuer zu genie\u00dfen, sogar mit Kindern mit dem 2+1-Modellkajak.<\/span><\/span> <span class=\"jCAhz ChMk0b\"><span class=\"ryNqvb\">Je nach Bedarf verf\u00fcgen wir \u00fcber starre oder aufblasbare Kajaks, komplett ausgestattet mit Paddeln, Ladefl\u00e4che, Gummib\u00e4ndern und Tragegriffen. Mieten Sie ein Kajak, um einen unvergesslichen Tag im kristallklaren Wasser Mallorcas zu verbringen.<\/span><\/span><\/p><h3>Mieten Sie ein Kajak auf Mallorca<\/h3><p><span class=\"jCAhz ChMk0b\"><span class=\"ryNqvb\">Preis pro Tag: 35 \u20ac<\/span><\/span><\/p><p><span class=\"jCAhz ChMk0b\"><span class=\"ryNqvb\">Kajaks f\u00fcr 1 oder 2 Personen oder 2+1, identische Preise f\u00fcr alle starren oder aufblasbaren Kajakmodelle.<\/span><\/span><\/p><p><span class=\"jCAhz ChMk0b\"><span class=\"ryNqvb\">Obligatorische Anzahlung.<\/span><\/span><\/p><h3>Mieten Sie ein Kajak mit allem Zubeh\u00f6r<\/h3><p><span class=\"jCAhz ChMk0b\"><span class=\"ryNqvb\">Wenn Sie mit einem Kajak segeln m\u00f6chten, ist dies alles, was wir in Rent Express Mallorca bieten, um einen tollen Abend ohne Sorgen zu verbringen.<\/span><\/span><\/p><ul><li><span class=\"jCAhz ChMk0b\"><span class=\"ryNqvb\">Leistungsstarker manueller Inflator f\u00fcr aufblasbare Modelle<\/span><\/span><\/li><li><span class=\"jCAhz ChMk0b\"><span class=\"ryNqvb\">Ratschengriffb\u00e4nder f\u00fcr starre<\/span><\/span><\/li><li><span class=\"jCAhz ChMk0b\"><span class=\"ryNqvb\">Rettungsweste<\/span><\/span><\/li><li><span class=\"jCAhz ChMk0b\"><span class=\"ryNqvb\">Ruder<\/span><\/span><\/li><\/ul><p><span class=\"jCAhz ChMk0b\"><span class=\"ryNqvb\">Wir vermieten auch Paddle-Surfbretter mit allem Zubeh\u00f6r, mehr erfahren Sie in unserer Rubrik Wasseraktivit\u00e4ten.<\/span><\/span><\/p><h3>Kontakt<\/h3><ul><li>Telefon mit Wasap: (+34) 697402352<\/li><li>Email: <a href=\"mailto:ade.elevation@gmail.com\">ade.elevation@gmail.com<\/a><\/li><li>Palma Store: <a href=\"https:\/\/www.google.es\/maps\/place\/Calle+de+Manacor,+123,+07007+Palma,+Islas+Baleares\/@39.5712344,2.6722362,3a,75y,359h,90t\/data=!3m6!1e1!3m4!1stKcYrBWEvicUob5BKYOe8A!2e0!7i16384!8i8192!4m5!3m4!1s0x129793a4ed85b9ad:0x53ff4afa7c1b3776!8m2!3d39.5713665!4d2.6722022\" target=\"_blank\" rel=\"noopener\">Calle Manacor 123, 07007 Palma de Mallorca<\/a><\/li><\/ul><h3>Mieten Sie ein Kajak in Palma de Mallorca<\/h3><p>Wenn Sie auf Mallorca ein Kajak mieten m\u00f6chten, machen wir es Ihnen leicht. Machen Sie sich keine Sorgen um den Transport unserer Kajaks, wir haben sowohl aufblasbare als auch starre Modelle. Sie k\u00f6nnen die aufblasbaren Kajaks in nur 6 Minuten fertig haben, sobald sie aufgeblasen sind so sicher wie ein starres Kajak.<\/p><h3>Kajaks transportieren<\/h3><p><span class=\"jCAhz ChMk0b\"><span class=\"ryNqvb\">F\u00fcr den Transport starrer Kajaks bieten wir Spanngurte mit Ratschengriff an.<\/span><\/span><\/p><p><span class=\"jCAhz ChMk0b\"><span class=\"ryNqvb\">Unsere aufblasbaren Mietkajaks sind robust, um an der K\u00fcste zu segeln und einen perfekten Tag auf See zu genie\u00dfen, sie k\u00f6nnen problemlos im Kofferraum eines Autos transportiert werden, sie nehmen nicht viel Platz ein und werden au\u00dferdem mit einer wasserdichten Transporttasche geliefert.<\/span><\/span> <span class=\"jCAhz ChMk0b\"><span class=\"ryNqvb\">Stabilit\u00e4t, Komfort und garantierter Genuss.<\/span><\/span><\/p><h3>Wo kann man mit einem Kajak segeln?<\/h3><p><span class=\"jCAhz ChMk0b\"><span class=\"ryNqvb\">Mallorca empf\u00e4ngt jedes Jahr Millionen von Touristen und erh\u00e4lt auch die besten Bewertungen f\u00fcr die Qualit\u00e4t seiner Gew\u00e4sser.<\/span><\/span> <span class=\"jCAhz ChMk0b\"><span class=\"ryNqvb\">Auf der Insel Mallorca k\u00f6nnen Sie Ihr Kajak vom Strand aus perfekt vorbereiten und sich auf ein Abenteuer begeben, um Buchten zu entdecken, die aufgrund ihres schwierigen Zugangs wenig besucht werden und nur mit Booten und anderen Wasserfahrzeugen wie Kajaks erreichbar sind.<\/span><\/span><\/p><p><span class=\"jCAhz ChMk0b\"><span class=\"ryNqvb\">Wundersch\u00f6ne Ecken, die sich oft in unmittelbarer N\u00e4he der meistbesuchten Str\u00e4nde befinden, aber aufgrund ihres schwierigen Zugangs f\u00fcr die \u00fcberwiegende Mehrheit der Touristen nicht erreichbar sind oder einen langen Fu\u00dfweg erfordern.<\/span><\/span> <span class=\"jCAhz ChMk0b\"><span class=\"ryNqvb\">Aus diesem Grund wird Kajakfahren Ihr bevorzugtes Transportmittel sein und Sie k\u00f6nnen den belebten Str\u00e4nden entfliehen und wundersch\u00f6ne Buchten entdecken.<\/span><\/span><\/p><p><span class=\"jCAhz ChMk0b\"><span class=\"ryNqvb\">Mallorca verf\u00fcgt \u00fcber Klippen und versteckte Buchten, die zu den sch\u00f6nsten geh\u00f6ren, die Sie je gesehen haben. Wenn Sie also auf Mallorca ein Kajak mieten, k\u00f6nnen Sie Ihre Route w\u00e4hlen, um H\u00f6hlen, Buchten mit klarem, kristallklarem Wasser voller Meereslebewesen und vieles mehr zu entdecken.<\/span><\/span><\/p><h3>Bedingungen f\u00fcr die Anmietung eines Kajaks<\/h3><ul><li><span class=\"jCAhz ChMk0b\"><span class=\"ryNqvb\">Es ist erforderlich, dass Sie Ihren Ausweis sowie eine obligatorische Kaution vorlegen.<\/span><\/span><\/li><li><span class=\"jCAhz ChMk0b\"><span class=\"ryNqvb\">Mindestens 18 Jahre alt sein.<\/span><\/span><\/li><li><span class=\"jCAhz ChMk0b\"><span class=\"ryNqvb\">F\u00fcr den Umgang mit dem Material ist allein der Mieter verantwortlich und muss es unbesch\u00e4digt zur\u00fcckgeben.<\/span><\/span> <span class=\"jCAhz ChMk0b\"><span class=\"ryNqvb\">Andernfalls muss der Kunde f\u00fcr eventuelle Reparaturen, Verlust oder Bruch verantwortlich sein.<\/span><\/span><\/li><\/ul>\t\t\t\t\t\t<\/div>\n\t\t\t\t<\/div>\n\t\t\t\t\t<\/div>\n\t\t\t\t<\/div>\n\t\t\t\t<\/div>\n\t\t","protected":false},"excerpt":{"rendered":"<p>Kajakverleih Mieten Sie auf Mallorca ein Kajak mit allem Zubeh\u00f6r, um allein oder zu zweit ein Abenteuer zu genie\u00dfen, sogar mit Kindern mit dem 2+1-Modellkajak. Je nach Bedarf verf\u00fcgen wir \u00fcber starre oder aufblasbare Kajaks, komplett ausgestattet mit Paddeln, Ladefl\u00e4che, Gummib\u00e4ndern und Tragegriffen. Mieten Sie ein Kajak, um einen unvergesslichen Tag im kristallklaren Wasser Mallorcas [&hellip;]<\/p>\n","protected":false},"author":1,"featured_media":18840,"comment_status":"closed","ping_status":"open","sticky":false,"template":"","format":"image","meta":{"site-sidebar-layout":"default","site-content-layout":"","ast-site-content-layout":"default","site-content-style":"default","site-sidebar-style":"default","ast-global-header-display":"","ast-banner-title-visibility":"","ast-main-header-display":"","ast-hfb-above-header-display":"","ast-hfb-below-header-display":"","ast-hfb-mobile-header-display":"","site-post-title":"","ast-breadcrumbs-content":"","ast-featured-img":"","footer-sml-layout":"","ast-disable-related-posts":"","theme-transparent-header-meta":"","adv-header-id-meta":"","stick-header-meta":"","header-above-stick-meta":"","header-main-stick-meta":"","header-below-stick-meta":"","astra-migrate-meta-layouts":"default","ast-page-background-enabled":"default","ast-page-background-meta":{"desktop":{"background-color":"var(--ast-global-color-4)","background-image":"","background-repeat":"repeat","background-position":"center center","background-size":"auto","background-attachment":"scroll","background-type":"","background-media":"","overlay-type":"","overlay-color":"","overlay-opacity":"","overlay-gradient":""},"tablet":{"background-color":"","background-image":"","background-repeat":"repeat","background-position":"center center","background-size":"auto","background-attachment":"scroll","background-type":"","background-media":"","overlay-type":"","overlay-color":"","overlay-opacity":"","overlay-gradient":""},"mobile":{"background-color":"","background-image":"","background-repeat":"repeat","background-position":"center center","background-size":"auto","background-attachment":"scroll","background-type":"","background-media":"","overlay-type":"","overlay-color":"","overlay-opacity":"","overlay-gradient":""}},"ast-content-background-meta":{"desktop":{"background-color":"var(--ast-global-color-5)","background-image":"","background-repeat":"repeat","background-position":"center center","background-size":"auto","background-attachment":"scroll","background-type":"","background-media":"","overlay-type":"","overlay-color":"","overlay-opacity":"","overlay-gradient":""},"tablet":{"background-color":"var(--ast-global-color-5)","background-image":"","background-repeat":"repeat","background-position":"center center","background-size":"auto","background-attachment":"scroll","background-type":"","background-media":"","overlay-type":"","overlay-color":"","overlay-opacity":"","overlay-gradient":""},"mobile":{"background-color":"var(--ast-global-color-5)","background-image":"","background-repeat":"repeat","background-position":"center center","background-size":"auto","background-attachment":"scroll","background-type":"","background-media":"","overlay-type":"","overlay-color":"","overlay-opacity":"","overlay-gradient":""}},"footnotes":""},"categories":[740],"tags":[763,764,765,766,767,768,769,770],"class_list":["post-19265","post","type-post","status-publish","format-image","has-post-thumbnail","hentry","category-wasseraktivitaeten","tag-alquilar-un-kayak-de","tag-alquilar-un-kayak-en-mallorca-de","tag-alquilar-un-kayak-en-palma-de","tag-alquilar-un-kayak-en-palma-de-mallorca-de","tag-alquiler-de-kayak-de","tag-alquiler-de-kayak-en-mallorca-de","tag-alquiler-de-kayak-en-palma-de-mallorca-de","tag-kayaks-de-alquiler-en-palma-de-mallorca-de","post_format-post-format-image"],"_links":{"self":[{"href":"https:\/\/rentexpressmallorca.com\/de\/wp-json\/wp\/v2\/posts\/19265","targetHints":{"allow":["GET"]}}],"collection":[{"href":"https:\/\/rentexpressmallorca.com\/de\/wp-json\/wp\/v2\/posts"}],"about":[{"href":"https:\/\/rentexpressmallorca.com\/de\/wp-json\/wp\/v2\/types\/post"}],"author":[{"embeddable":true,"href":"https:\/\/rentexpressmallorca.com\/de\/wp-json\/wp\/v2\/users\/1"}],"replies":[{"embeddable":true,"href":"https:\/\/rentexpressmallorca.com\/de\/wp-json\/wp\/v2\/comments?post=19265"}],"version-history":[{"count":14,"href":"https:\/\/rentexpressmallorca.com\/de\/wp-json\/wp\/v2\/posts\/19265\/revisions"}],"predecessor-version":[{"id":22380,"href":"https:\/\/rentexpressmallorca.com\/de\/wp-json\/wp\/v2\/posts\/19265\/revisions\/22380"}],"wp:featuredmedia":[{"embeddable":true,"href":"https:\/\/rentexpressmallorca.com\/de\/wp-json\/wp\/v2\/media\/18840"}],"wp:attachment":[{"href":"https:\/\/rentexpressmallorca.com\/de\/wp-json\/wp\/v2\/media?parent=19265"}],"wp:term":[{"taxonomy":"category","embeddable":true,"href":"https:\/\/rentexpressmallorca.com\/de\/wp-json\/wp\/v2\/categories?post=19265"},{"taxonomy":"post_tag","embeddable":true,"href":"https:\/\/rentexpressmallorca.com\/de\/wp-json\/wp\/v2\/tags?post=19265"}],"curies":[{"name":"wp","href":"https:\/\/api.w.org\/{rel}","templated":true}]}}