{"id":19268,"date":"2020-03-25T19:09:39","date_gmt":"2020-03-25T18:09:39","guid":{"rendered":"https:\/\/rentexpressmallorca.com\/alquiler-bicicletas-estaticas-mallorca\/"},"modified":"2026-02-10T11:11:33","modified_gmt":"2026-02-10T10:11:33","slug":"heimtrainer-zu-mieten-mallorca","status":"publish","type":"post","link":"https:\/\/rentexpressmallorca.com\/de\/heimtrainer-zu-mieten-mallorca\/","title":{"rendered":"Heimtrainer auf Mallorca mieten"},"content":{"rendered":"\t\t<div data-elementor-type=\"wp-post\" data-elementor-id=\"19268\" class=\"elementor elementor-19268 elementor-18075\" data-elementor-post-type=\"post\">\n\t\t\t\t<div class=\"elementor-element elementor-element-d4ee377 e-flex e-con-boxed e-con e-parent\" data-id=\"d4ee377\" data-element_type=\"container\" data-settings=\"{&quot;content_width&quot;:&quot;boxed&quot;}\" data-core-v316-plus=\"true\">\n\t\t\t\t\t<div class=\"e-con-inner\">\n\t\t\t\t<div class=\"elementor-element elementor-element-b5b701e elementor-widget elementor-widget-text-editor\" data-id=\"b5b701e\" data-element_type=\"widget\" data-widget_type=\"text-editor.default\">\n\t\t\t\t<div class=\"elementor-widget-container\">\n\t\t\t<style>\/*! elementor - v3.19.0 - 05-02-2024 *\/\n.elementor-widget-text-editor.elementor-drop-cap-view-stacked .elementor-drop-cap{background-color:#69727d;color:#fff}.elementor-widget-text-editor.elementor-drop-cap-view-framed .elementor-drop-cap{color:#69727d;border:3px solid;background-color:transparent}.elementor-widget-text-editor:not(.elementor-drop-cap-view-default) .elementor-drop-cap{margin-top:8px}.elementor-widget-text-editor:not(.elementor-drop-cap-view-default) .elementor-drop-cap-letter{width:1em;height:1em}.elementor-widget-text-editor .elementor-drop-cap{float:left;text-align:center;line-height:1;font-size:50px}.elementor-widget-text-editor .elementor-drop-cap-letter{display:inline-block}<\/style>\t\t\t\t<p data-start=\"598\" data-end=\"901\">Einen <strong data-start=\"604\" data-end=\"642\">Heimtrainer auf Mallorca zu mieten<\/strong> ist die ideale L\u00f6sung f\u00fcr alle, die auch im Urlaub aktiv bleiben oder ein schonendes Training durchf\u00fchren m\u00f6chten. Unsere station\u00e4ren Fahrr\u00e4der eignen sich perfekt f\u00fcr Fitness, Rehabilitation oder regelm\u00e4\u00dfiges Training w\u00e4hrend Ihres Aufenthalts auf Mallorca.<\/p><p data-start=\"903\" data-end=\"1116\">Der Heimtrainer ist stabil, leise und einfach zu bedienen. Er eignet sich sowohl f\u00fcr sportlich aktive Urlauber als auch f\u00fcr Personen, die ein gelenkschonendes Cardio-Training oder Reha-\u00dcbungen durchf\u00fchren m\u00f6chten.<\/p><p data-start=\"1118\" data-end=\"1305\">Die Abholung ist in unserem Gesch\u00e4ft in Palma m\u00f6glich. Auf Wunsch liefern wir den Heimtrainer auch zu Hotels oder Apartments auf Mallorca. Die Lieferkosten richten sich nach dem Standort.<\/p><p data-start=\"1307\" data-end=\"1440\">Wenn Sie sich lieber im Freien bewegen m\u00f6chten, k\u00f6nnen Sie auch ein<br data-start=\"1374\" data-end=\"1377\" \/><a href=\"https:\/\/rentexpressmallorca.com\/de\/fahrradverleih-palma-de-mallorca\/\"><strong data-start=\"1377\" data-end=\"1408\">Fahrrad auf Mallorca mieten<\/strong><\/a><br data-start=\"1408\" data-end=\"1411\" \/>und die Insel aktiv erkunden.<\/p><p data-start=\"1442\" data-end=\"1580\">Dieses Produkt geh\u00f6rt zu unserer Kategorie<br data-start=\"1484\" data-end=\"1487\" \/><a href=\"https:\/\/rentexpressmallorca.com\/de\/category\/mieten-sie-ein-fahrrad\/\"><strong data-start=\"1487\" data-end=\"1520\">Fahrr\u00e4der auf Mallorca mieten<\/strong><\/a>,<br data-start=\"1521\" data-end=\"1524\" \/>in der Sie weitere Fahrr\u00e4der und Fitnessl\u00f6sungen finden.<\/p>\t\t\t\t\t\t<\/div>\n\t\t\t\t<\/div>\n\t\t\t\t<div class=\"elementor-element elementor-element-562cc30 elementor-widget elementor-widget-heading\" data-id=\"562cc30\" data-element_type=\"widget\" data-widget_type=\"heading.default\">\n\t\t\t\t<div class=\"elementor-widget-container\">\n\t\t\t<style>\/*! elementor - v3.19.0 - 05-02-2024 *\/\n.elementor-heading-title{padding:0;margin:0;line-height:1}.elementor-widget-heading .elementor-heading-title[class*=elementor-size-]>a{color:inherit;font-size:inherit;line-height:inherit}.elementor-widget-heading .elementor-heading-title.elementor-size-small{font-size:15px}.elementor-widget-heading .elementor-heading-title.elementor-size-medium{font-size:19px}.elementor-widget-heading .elementor-heading-title.elementor-size-large{font-size:29px}.elementor-widget-heading .elementor-heading-title.elementor-size-xl{font-size:39px}.elementor-widget-heading .elementor-heading-title.elementor-size-xxl{font-size:59px}<\/style><h2 class=\"elementor-heading-title elementor-size-default\">PREISE<\/h2>\t\t<\/div>\n\t\t\t\t<\/div>\n\t\t\t\t<div class=\"elementor-element elementor-element-7333712 elementor-widget elementor-widget-text-editor\" data-id=\"7333712\" data-element_type=\"widget\" data-widget_type=\"text-editor.default\">\n\t\t\t\t<div class=\"elementor-widget-container\">\n\t\t\t\t\t\t\t<p data-start=\"1598\" data-end=\"1646\">1 Woche: 30 \u20ac<br data-start=\"1611\" data-end=\"1614\" \/>2 Wochen: 50 \u20ac<br data-start=\"1628\" data-end=\"1631\" \/>1 Monat: 90 \u20ac<\/p><p data-start=\"1648\" data-end=\"1684\">Abholung m\u00f6glich<br data-start=\"1664\" data-end=\"1667\" \/>Lieferung m\u00f6glich<\/p>\t\t\t\t\t\t<\/div>\n\t\t\t\t<\/div>\n\t\t\t\t<div class=\"elementor-element elementor-element-08ec996 elementor-widget elementor-widget-heading\" data-id=\"08ec996\" data-element_type=\"widget\" data-widget_type=\"heading.default\">\n\t\t\t\t<div class=\"elementor-widget-container\">\n\t\t\t<h2 class=\"elementor-heading-title elementor-size-default\">H\u00e4ufige Fragen zur Miete<\/h2>\t\t<\/div>\n\t\t\t\t<\/div>\n\t\t\t\t<div class=\"elementor-element elementor-element-d2dfd17 elementor-widget elementor-widget-accordion\" data-id=\"d2dfd17\" data-element_type=\"widget\" data-widget_type=\"accordion.default\">\n\t\t\t\t<div class=\"elementor-widget-container\">\n\t\t\t<style>\/*! elementor - v3.19.0 - 05-02-2024 *\/\n.elementor-accordion{text-align:left}.elementor-accordion .elementor-accordion-item{border:1px solid #d5d8dc}.elementor-accordion .elementor-accordion-item+.elementor-accordion-item{border-top:none}.elementor-accordion .elementor-tab-title{margin:0;padding:15px 20px;font-weight:700;line-height:1;cursor:pointer;outline:none}.elementor-accordion .elementor-tab-title .elementor-accordion-icon{display:inline-block;width:1.5em}.elementor-accordion .elementor-tab-title .elementor-accordion-icon svg{width:1em;height:1em}.elementor-accordion .elementor-tab-title .elementor-accordion-icon.elementor-accordion-icon-right{float:right;text-align:right}.elementor-accordion .elementor-tab-title .elementor-accordion-icon.elementor-accordion-icon-left{float:left;text-align:left}.elementor-accordion .elementor-tab-title .elementor-accordion-icon .elementor-accordion-icon-closed{display:block}.elementor-accordion .elementor-tab-title .elementor-accordion-icon .elementor-accordion-icon-opened,.elementor-accordion .elementor-tab-title.elementor-active .elementor-accordion-icon-closed{display:none}.elementor-accordion .elementor-tab-title.elementor-active .elementor-accordion-icon-opened{display:block}.elementor-accordion .elementor-tab-content{display:none;padding:15px 20px;border-top:1px solid #d5d8dc}@media (max-width:767px){.elementor-accordion .elementor-tab-title{padding:12px 15px}.elementor-accordion .elementor-tab-title .elementor-accordion-icon{width:1.2em}.elementor-accordion .elementor-tab-content{padding:7px 15px}}.e-con-inner>.elementor-widget-accordion,.e-con>.elementor-widget-accordion{width:var(--container-widget-width);--flex-grow:var(--container-widget-flex-grow)}<\/style>\t\t<div class=\"elementor-accordion\">\n\t\t\t\t\t\t\t<div class=\"elementor-accordion-item\">\n\t\t\t\t\t<div id=\"elementor-tab-title-2211\" class=\"elementor-tab-title\" data-tab=\"1\" role=\"button\" aria-controls=\"elementor-tab-content-2211\" aria-expanded=\"false\">\n\t\t\t\t\t\t\t\t\t\t\t\t\t<span class=\"elementor-accordion-icon elementor-accordion-icon-left\" aria-hidden=\"true\">\n\t\t\t\t\t\t\t\t\t\t\t\t\t\t\t<span class=\"elementor-accordion-icon-closed\"><i class=\"fas fa-plus\"><\/i><\/span>\n\t\t\t\t\t\t\t\t<span class=\"elementor-accordion-icon-opened\"><i class=\"fas fa-minus\"><\/i><\/span>\n\t\t\t\t\t\t\t\t\t\t\t\t\t\t<\/span>\n\t\t\t\t\t\t\t\t\t\t\t\t<a class=\"elementor-accordion-title\" tabindex=\"0\">Wird der Heimtrainer geliefert?<\/a>\n\t\t\t\t\t<\/div>\n\t\t\t\t\t<div id=\"elementor-tab-content-2211\" class=\"elementor-tab-content elementor-clearfix\" data-tab=\"1\" role=\"region\" aria-labelledby=\"elementor-tab-title-2211\"><p>Ja, Lieferung zu Hotels oder Apartments m\u00f6glich.<\/p><\/div>\n\t\t\t\t<\/div>\n\t\t\t\t\t\t\t<div class=\"elementor-accordion-item\">\n\t\t\t\t\t<div id=\"elementor-tab-title-2212\" class=\"elementor-tab-title\" data-tab=\"2\" role=\"button\" aria-controls=\"elementor-tab-content-2212\" aria-expanded=\"false\">\n\t\t\t\t\t\t\t\t\t\t\t\t\t<span class=\"elementor-accordion-icon elementor-accordion-icon-left\" aria-hidden=\"true\">\n\t\t\t\t\t\t\t\t\t\t\t\t\t\t\t<span class=\"elementor-accordion-icon-closed\"><i class=\"fas fa-plus\"><\/i><\/span>\n\t\t\t\t\t\t\t\t<span class=\"elementor-accordion-icon-opened\"><i class=\"fas fa-minus\"><\/i><\/span>\n\t\t\t\t\t\t\t\t\t\t\t\t\t\t<\/span>\n\t\t\t\t\t\t\t\t\t\t\t\t<a class=\"elementor-accordion-title\" tabindex=\"0\">Kann ich ihn abholen?<\/a>\n\t\t\t\t\t<\/div>\n\t\t\t\t\t<div id=\"elementor-tab-content-2212\" class=\"elementor-tab-content elementor-clearfix\" data-tab=\"2\" role=\"region\" aria-labelledby=\"elementor-tab-title-2212\"><p>Ja, in Palma.<\/p><\/div>\n\t\t\t\t<\/div>\n\t\t\t\t\t\t\t<div class=\"elementor-accordion-item\">\n\t\t\t\t\t<div id=\"elementor-tab-title-2213\" class=\"elementor-tab-title\" data-tab=\"3\" role=\"button\" aria-controls=\"elementor-tab-content-2213\" aria-expanded=\"false\">\n\t\t\t\t\t\t\t\t\t\t\t\t\t<span class=\"elementor-accordion-icon elementor-accordion-icon-left\" aria-hidden=\"true\">\n\t\t\t\t\t\t\t\t\t\t\t\t\t\t\t<span class=\"elementor-accordion-icon-closed\"><i class=\"fas fa-plus\"><\/i><\/span>\n\t\t\t\t\t\t\t\t<span class=\"elementor-accordion-icon-opened\"><i class=\"fas fa-minus\"><\/i><\/span>\n\t\t\t\t\t\t\t\t\t\t\t\t\t\t<\/span>\n\t\t\t\t\t\t\t\t\t\t\t\t<a class=\"elementor-accordion-title\" tabindex=\"0\">Ist er leise?<\/a>\n\t\t\t\t\t<\/div>\n\t\t\t\t\t<div id=\"elementor-tab-content-2213\" class=\"elementor-tab-content elementor-clearfix\" data-tab=\"3\" role=\"region\" aria-labelledby=\"elementor-tab-title-2213\"><p>Ja, ideal f\u00fcr Apartments.<\/p><\/div>\n\t\t\t\t<\/div>\n\t\t\t\t\t\t\t<div class=\"elementor-accordion-item\">\n\t\t\t\t\t<div id=\"elementor-tab-title-2214\" class=\"elementor-tab-title\" data-tab=\"4\" role=\"button\" aria-controls=\"elementor-tab-content-2214\" aria-expanded=\"false\">\n\t\t\t\t\t\t\t\t\t\t\t\t\t<span class=\"elementor-accordion-icon elementor-accordion-icon-left\" aria-hidden=\"true\">\n\t\t\t\t\t\t\t\t\t\t\t\t\t\t\t<span class=\"elementor-accordion-icon-closed\"><i class=\"fas fa-plus\"><\/i><\/span>\n\t\t\t\t\t\t\t\t<span class=\"elementor-accordion-icon-opened\"><i class=\"fas fa-minus\"><\/i><\/span>\n\t\t\t\t\t\t\t\t\t\t\t\t\t\t<\/span>\n\t\t\t\t\t\t\t\t\t\t\t\t<a class=\"elementor-accordion-title\" tabindex=\"0\">Wie lange mieten?<\/a>\n\t\t\t\t\t<\/div>\n\t\t\t\t\t<div id=\"elementor-tab-content-2214\" class=\"elementor-tab-content elementor-clearfix\" data-tab=\"4\" role=\"region\" aria-labelledby=\"elementor-tab-title-2214\"><p>Flexibel von 1 Woche bis 1 Monat oder l\u00e4nger.<\/p><\/div>\n\t\t\t\t<\/div>\n\t\t\t\t\t\t\t\t<\/div>\n\t\t\t\t<\/div>\n\t\t\t\t<\/div>\n\t\t\t\t<div class=\"elementor-element elementor-element-bbbb525 elementor-widget elementor-widget-heading\" data-id=\"bbbb525\" data-element_type=\"widget\" data-widget_type=\"heading.default\">\n\t\t\t\t<div class=\"elementor-widget-container\">\n\t\t\t<h2 class=\"elementor-heading-title elementor-size-default\">Kontakt & Reservierung<\/h2>\t\t<\/div>\n\t\t\t\t<\/div>\n\t\t\t\t<div class=\"elementor-element elementor-element-d452407 elementor-widget elementor-widget-text-editor\" data-id=\"d452407\" data-element_type=\"widget\" data-widget_type=\"text-editor.default\">\n\t\t\t\t<div class=\"elementor-widget-container\">\n\t\t\t\t\t\t\t<p data-start=\"2003\" data-end=\"2070\">Sie k\u00f6nnen Ihren Heimtrainer auf Mallorca ganz einfach reservieren.<\/p><p data-start=\"2072\" data-end=\"2113\">Abholung in Palma oder Lieferung m\u00f6glich.<\/p><p data-start=\"2115\" data-end=\"2163\">\ud83d\udccd Calle Manacor 123<br data-start=\"2135\" data-end=\"2138\" \/>\ud83d\udcf2 WhatsApp oder Formular<\/p>\t\t\t\t\t\t<\/div>\n\t\t\t\t<\/div>\n\t\t\t\t\t<\/div>\n\t\t\t\t<\/div>\n\t\t\t\t<\/div>\n\t\t","protected":false},"excerpt":{"rendered":"<p>Einen Heimtrainer auf Mallorca zu mieten ist die ideale L\u00f6sung f\u00fcr alle, die auch im Urlaub aktiv bleiben oder ein schonendes Training durchf\u00fchren m\u00f6chten. Unsere station\u00e4ren Fahrr\u00e4der eignen sich perfekt f\u00fcr Fitness, Rehabilitation oder regelm\u00e4\u00dfiges Training w\u00e4hrend Ihres Aufenthalts auf Mallorca. Der Heimtrainer ist stabil, leise und einfach zu bedienen. Er eignet sich sowohl f\u00fcr [&hellip;]<\/p>\n","protected":false},"author":1,"featured_media":18846,"comment_status":"closed","ping_status":"open","sticky":false,"template":"","format":"image","meta":{"site-sidebar-layout":"default","site-content-layout":"","ast-site-content-layout":"default","site-content-style":"default","site-sidebar-style":"default","ast-global-header-display":"","ast-banner-title-visibility":"","ast-main-header-display":"","ast-hfb-above-header-display":"","ast-hfb-below-header-display":"","ast-hfb-mobile-header-display":"","site-post-title":"","ast-breadcrumbs-content":"","ast-featured-img":"","footer-sml-layout":"","ast-disable-related-posts":"","theme-transparent-header-meta":"","adv-header-id-meta":"","stick-header-meta":"","header-above-stick-meta":"","header-main-stick-meta":"","header-below-stick-meta":"","astra-migrate-meta-layouts":"default","ast-page-background-enabled":"default","ast-page-background-meta":{"desktop":{"background-color":"var(--ast-global-color-4)","background-image":"","background-repeat":"repeat","background-position":"center center","background-size":"auto","background-attachment":"scroll","background-type":"","background-media":"","overlay-type":"","overlay-color":"","overlay-opacity":"","overlay-gradient":""},"tablet":{"background-color":"","background-image":"","background-repeat":"repeat","background-position":"center center","background-size":"auto","background-attachment":"scroll","background-type":"","background-media":"","overlay-type":"","overlay-color":"","overlay-opacity":"","overlay-gradient":""},"mobile":{"background-color":"","background-image":"","background-repeat":"repeat","background-position":"center center","background-size":"auto","background-attachment":"scroll","background-type":"","background-media":"","overlay-type":"","overlay-color":"","overlay-opacity":"","overlay-gradient":""}},"ast-content-background-meta":{"desktop":{"background-color":"var(--ast-global-color-5)","background-image":"","background-repeat":"repeat","background-position":"center center","background-size":"auto","background-attachment":"scroll","background-type":"","background-media":"","overlay-type":"","overlay-color":"","overlay-opacity":"","overlay-gradient":""},"tablet":{"background-color":"var(--ast-global-color-5)","background-image":"","background-repeat":"repeat","background-position":"center center","background-size":"auto","background-attachment":"scroll","background-type":"","background-media":"","overlay-type":"","overlay-color":"","overlay-opacity":"","overlay-gradient":""},"mobile":{"background-color":"var(--ast-global-color-5)","background-image":"","background-repeat":"repeat","background-position":"center center","background-size":"auto","background-attachment":"scroll","background-type":"","background-media":"","overlay-type":"","overlay-color":"","overlay-opacity":"","overlay-gradient":""}},"footnotes":""},"categories":[783],"tags":[784,785,786,787,788],"class_list":["post-19268","post","type-post","status-publish","format-image","has-post-thumbnail","hentry","category-mieten-sie-ein-fahrrad","tag-alquilar-una-bicicleta-estatica-de","tag-alquilar-una-bicicleta-para-casa-de","tag-alquilar-una-bicicleta-para-casa-en-palma-de","tag-alquiler-de-bicicleta-para-la-casa-de","tag-bicicleta-estatica-en-alquiler-de","post_format-post-format-image"],"_links":{"self":[{"href":"https:\/\/rentexpressmallorca.com\/de\/wp-json\/wp\/v2\/posts\/19268","targetHints":{"allow":["GET"]}}],"collection":[{"href":"https:\/\/rentexpressmallorca.com\/de\/wp-json\/wp\/v2\/posts"}],"about":[{"href":"https:\/\/rentexpressmallorca.com\/de\/wp-json\/wp\/v2\/types\/post"}],"author":[{"embeddable":true,"href":"https:\/\/rentexpressmallorca.com\/de\/wp-json\/wp\/v2\/users\/1"}],"replies":[{"embeddable":true,"href":"https:\/\/rentexpressmallorca.com\/de\/wp-json\/wp\/v2\/comments?post=19268"}],"version-history":[{"count":97,"href":"https:\/\/rentexpressmallorca.com\/de\/wp-json\/wp\/v2\/posts\/19268\/revisions"}],"predecessor-version":[{"id":31285,"href":"https:\/\/rentexpressmallorca.com\/de\/wp-json\/wp\/v2\/posts\/19268\/revisions\/31285"}],"wp:featuredmedia":[{"embeddable":true,"href":"https:\/\/rentexpressmallorca.com\/de\/wp-json\/wp\/v2\/media\/18846"}],"wp:attachment":[{"href":"https:\/\/rentexpressmallorca.com\/de\/wp-json\/wp\/v2\/media?parent=19268"}],"wp:term":[{"taxonomy":"category","embeddable":true,"href":"https:\/\/rentexpressmallorca.com\/de\/wp-json\/wp\/v2\/categories?post=19268"},{"taxonomy":"post_tag","embeddable":true,"href":"https:\/\/rentexpressmallorca.com\/de\/wp-json\/wp\/v2\/tags?post=19268"}],"curies":[{"name":"wp","href":"https:\/\/api.w.org\/{rel}","templated":true}]}}