{"id":19277,"date":"2019-03-10T11:24:47","date_gmt":"2019-03-10T10:24:47","guid":{"rendered":"https:\/\/rentexpressmallorca.com\/elevador-de-banera-electrico\/"},"modified":"2026-02-06T16:32:32","modified_gmt":"2026-02-06T15:32:32","slug":"elektrischer-badewannenlift","status":"publish","type":"post","link":"https:\/\/rentexpressmallorca.com\/de\/elektrischer-badewannenlift\/","title":{"rendered":"Elektrischen Badewannenlift mieten Mallorca"},"content":{"rendered":"\t\t<div data-elementor-type=\"wp-post\" data-elementor-id=\"19277\" class=\"elementor elementor-19277 elementor-18090\" data-elementor-post-type=\"post\">\n\t\t\t\t<div class=\"elementor-element elementor-element-20d00bf e-flex e-con-boxed e-con e-parent\" data-id=\"20d00bf\" data-element_type=\"container\" data-settings=\"{&quot;content_width&quot;:&quot;boxed&quot;}\" data-core-v316-plus=\"true\">\n\t\t\t\t\t<div class=\"e-con-inner\">\n\t\t\t\t<div class=\"elementor-element elementor-element-0dc642f elementor-widget elementor-widget-text-editor\" data-id=\"0dc642f\" data-element_type=\"widget\" data-widget_type=\"text-editor.default\">\n\t\t\t\t<div class=\"elementor-widget-container\">\n\t\t\t<style>\/*! elementor - v3.19.0 - 05-02-2024 *\/\n.elementor-widget-text-editor.elementor-drop-cap-view-stacked .elementor-drop-cap{background-color:#69727d;color:#fff}.elementor-widget-text-editor.elementor-drop-cap-view-framed .elementor-drop-cap{color:#69727d;border:3px solid;background-color:transparent}.elementor-widget-text-editor:not(.elementor-drop-cap-view-default) .elementor-drop-cap{margin-top:8px}.elementor-widget-text-editor:not(.elementor-drop-cap-view-default) .elementor-drop-cap-letter{width:1em;height:1em}.elementor-widget-text-editor .elementor-drop-cap{float:left;text-align:center;line-height:1;font-size:50px}.elementor-widget-text-editor .elementor-drop-cap-letter{display:inline-block}<\/style>\t\t\t\t<p data-start=\"300\" data-end=\"579\">Ein elektrischer Badewannenlift auf Mallorca ist eine sichere und komfortable L\u00f6sung f\u00fcr Personen mit eingeschr\u00e4nkter Mobilit\u00e4t, die selbstst\u00e4ndig und entspannt baden m\u00f6chten. Der Lift senkt den Benutzer per Fernbedienung sanft in die Wanne und erleichtert den Ein- und Ausstieg.<\/p><p data-start=\"581\" data-end=\"840\">Unsere elektrischen Badewannenlifte der Marke <strong data-start=\"627\" data-end=\"638\">Aquatec<\/strong> sind stabil, leicht transportierbar und einfach zu bedienen. Die R\u00fcckenlehne ist verstellbar und sorgt f\u00fcr eine bequeme Badeposition. Ideal f\u00fcr Hotels, Apartments oder private Unterk\u00fcnfte auf Mallorca.<\/p><p data-start=\"842\" data-end=\"946\">Die Lieferung erfolgt zu Hotels, Apartments, privaten Unterk\u00fcnften oder zum Flughafen Palma de Mallorca.<\/p>\t\t\t\t\t\t<\/div>\n\t\t\t\t<\/div>\n\t\t\t\t<div class=\"elementor-element elementor-element-fdce3f8 elementor-widget elementor-widget-heading\" data-id=\"fdce3f8\" data-element_type=\"widget\" data-widget_type=\"heading.default\">\n\t\t\t\t<div class=\"elementor-widget-container\">\n\t\t\t<style>\/*! elementor - v3.19.0 - 05-02-2024 *\/\n.elementor-heading-title{padding:0;margin:0;line-height:1}.elementor-widget-heading .elementor-heading-title[class*=elementor-size-]>a{color:inherit;font-size:inherit;line-height:inherit}.elementor-widget-heading .elementor-heading-title.elementor-size-small{font-size:15px}.elementor-widget-heading .elementor-heading-title.elementor-size-medium{font-size:19px}.elementor-widget-heading .elementor-heading-title.elementor-size-large{font-size:29px}.elementor-widget-heading .elementor-heading-title.elementor-size-xl{font-size:39px}.elementor-widget-heading .elementor-heading-title.elementor-size-xxl{font-size:59px}<\/style><h2 class=\"elementor-heading-title elementor-size-default\">Vorteile eines elektrischen Badewannenlifts<\/h2>\t\t<\/div>\n\t\t\t\t<\/div>\n\t\t\t\t<div class=\"elementor-element elementor-element-8a4e823 elementor-widget elementor-widget-text-editor\" data-id=\"8a4e823\" data-element_type=\"widget\" data-widget_type=\"text-editor.default\">\n\t\t\t\t<div class=\"elementor-widget-container\">\n\t\t\t\t\t\t\t<ul data-start=\"1000\" data-end=\"1632\"><li data-start=\"1000\" data-end=\"1136\"><p data-start=\"1002\" data-end=\"1136\"><strong data-start=\"1002\" data-end=\"1034\">Sicheres, unabh\u00e4ngiges Baden<\/strong> ohne fremde Hilfe. Bedienung per Fernbedienung, sanftes Absenken und Anheben, stabile Konstruktion.<\/p><\/li><li data-start=\"1137\" data-end=\"1235\"><p data-start=\"1139\" data-end=\"1235\"><strong data-start=\"1139\" data-end=\"1169\">Komfortable Liegeposition:<\/strong> R\u00fcckenlehne l\u00e4sst sich neigen, dadurch entspannter Badekomfort.<\/p><\/li><li data-start=\"1236\" data-end=\"1369\"><p data-start=\"1238\" data-end=\"1369\"><strong data-start=\"1238\" data-end=\"1267\">Leicht und herausnehmbar:<\/strong> kein fester Einbau n\u00f6tig, einfach zu verstauen, ideal f\u00fcr tempor\u00e4re Nutzung im Urlaub oder Zuhause.<\/p><\/li><li data-start=\"1370\" data-end=\"1632\"><p data-start=\"1372\" data-end=\"1632\"><strong data-start=\"1372\" data-end=\"1396\">Reinigung &amp; Hygiene:<\/strong> die Oberfl\u00e4che l\u00e4sst sich schnell reinigen; bei Aquatec-Orca\u2011Modellen sind generell glatte, leicht zu s\u00e4ubernde Fl\u00e4chen und abziehbare Bez\u00fcge vorgesehen, was den hygienischen Einsatz erleichtert.<\/p><\/li><\/ul><p>a<\/p>\t\t\t\t\t\t<\/div>\n\t\t\t\t<\/div>\n\t\t\t\t<div class=\"elementor-element elementor-element-84fc986 elementor-widget elementor-widget-heading\" data-id=\"84fc986\" data-element_type=\"widget\" data-widget_type=\"heading.default\">\n\t\t\t\t<div class=\"elementor-widget-container\">\n\t\t\t<h2 class=\"elementor-heading-title elementor-size-default\">F\u00fcr wen ist der Badewannenlift geeignet?<\/h2>\t\t<\/div>\n\t\t\t\t<\/div>\n\t\t\t\t<div class=\"elementor-element elementor-element-2c8c6dd elementor-widget elementor-widget-text-editor\" data-id=\"2c8c6dd\" data-element_type=\"widget\" data-widget_type=\"text-editor.default\">\n\t\t\t\t<div class=\"elementor-widget-container\">\n\t\t\t\t\t\t\t<p data-start=\"1683\" data-end=\"1944\">Der elektrische Badewannenlift ist ideal f\u00fcr Senioren, Personen mit eingeschr\u00e4nkter Mobilit\u00e4t oder Menschen in der Rehabilitation. Auch f\u00fcr G\u00e4ste, die w\u00e4hrend ihres Aufenthalts auf Mallorca Unterst\u00fctzung beim Baden ben\u00f6tigen, ist dieses Modell bestens geeignet.<\/p><p data-start=\"1946\" data-end=\"2067\">Dieses Produkt geh\u00f6rt zu unserer Kategorie\u00a0<a href=\"https:\/\/rentexpressmallorca.com\/de\/category\/eingeschraenkte-mobilitaet\/\">Seniorenprodukte auf Mallorca <\/a>in der Sie weitere Hilfsmittel f\u00fcr Senioren und Menschen mit eingeschr\u00e4nkter Mobilit\u00e4t zur Miete finden.<\/p>\t\t\t\t\t\t<\/div>\n\t\t\t\t<\/div>\n\t\t\t\t<div class=\"elementor-element elementor-element-eed35a7 elementor-widget elementor-widget-heading\" data-id=\"eed35a7\" data-element_type=\"widget\" data-widget_type=\"heading.default\">\n\t\t\t\t<div class=\"elementor-widget-container\">\n\t\t\t<h2 class=\"elementor-heading-title elementor-size-default\">\ud83e\uddfe Mietdauer & Preise f\u00fcr Badewannenlift<\/h2>\t\t<\/div>\n\t\t\t\t<\/div>\n\t\t\t\t<div class=\"elementor-element elementor-element-7d60720 elementor-widget elementor-widget-text-editor\" data-id=\"7d60720\" data-element_type=\"widget\" data-widget_type=\"text-editor.default\">\n\t\t\t\t<div class=\"elementor-widget-container\">\n\t\t\t\t\t\t\t<p data-start=\"2149\" data-end=\"2238\">\u2022 1 Woche: <strong data-start=\"2181\" data-end=\"2189\">70 \u20ac<\/strong><br data-start=\"2189\" data-end=\"2192\" \/>\u2022 2 Wochen: <strong data-start=\"2204\" data-end=\"2213\">120 \u20ac<\/strong><br data-start=\"2213\" data-end=\"2216\" \/>\u2022 1 Monat: <strong data-start=\"2227\" data-end=\"2236\">210 \u20ac<\/strong><\/p><p data-start=\"2240\" data-end=\"2297\">\ud83d\udd12 <strong data-start=\"2243\" data-end=\"2255\">Kaution:<\/strong> 50 \u20ac<br data-start=\"2260\" data-end=\"2263\" \/>\ud83d\ude9a <strong data-start=\"2266\" data-end=\"2280\">Lieferung:<\/strong> je nach Standort<\/p>\t\t\t\t\t\t<\/div>\n\t\t\t\t<\/div>\n\t\t\t\t<div class=\"elementor-element elementor-element-213ebdd elementor-widget elementor-widget-heading\" data-id=\"213ebdd\" data-element_type=\"widget\" data-widget_type=\"heading.default\">\n\t\t\t\t<div class=\"elementor-widget-container\">\n\t\t\t<h2 class=\"elementor-heading-title elementor-size-default\">H\u00e4ufige Fragen zum Badewannenlift auf Mallorca<\/h2>\t\t<\/div>\n\t\t\t\t<\/div>\n\t\t\t\t\t<\/div>\n\t\t\t\t<\/div>\n\t\t<div class=\"elementor-element elementor-element-d2ca7d1 e-flex e-con-boxed e-con e-parent\" data-id=\"d2ca7d1\" data-element_type=\"container\" data-settings=\"{&quot;content_width&quot;:&quot;boxed&quot;}\" data-core-v316-plus=\"true\">\n\t\t\t\t\t<div class=\"e-con-inner\">\n\t\t\t\t<div class=\"elementor-element elementor-element-ece36d0 elementor-widget elementor-widget-accordion\" data-id=\"ece36d0\" data-element_type=\"widget\" data-widget_type=\"accordion.default\">\n\t\t\t\t<div class=\"elementor-widget-container\">\n\t\t\t<style>\/*! elementor - v3.19.0 - 05-02-2024 *\/\n.elementor-accordion{text-align:left}.elementor-accordion .elementor-accordion-item{border:1px solid #d5d8dc}.elementor-accordion .elementor-accordion-item+.elementor-accordion-item{border-top:none}.elementor-accordion .elementor-tab-title{margin:0;padding:15px 20px;font-weight:700;line-height:1;cursor:pointer;outline:none}.elementor-accordion .elementor-tab-title .elementor-accordion-icon{display:inline-block;width:1.5em}.elementor-accordion .elementor-tab-title .elementor-accordion-icon svg{width:1em;height:1em}.elementor-accordion .elementor-tab-title .elementor-accordion-icon.elementor-accordion-icon-right{float:right;text-align:right}.elementor-accordion .elementor-tab-title .elementor-accordion-icon.elementor-accordion-icon-left{float:left;text-align:left}.elementor-accordion .elementor-tab-title .elementor-accordion-icon .elementor-accordion-icon-closed{display:block}.elementor-accordion .elementor-tab-title .elementor-accordion-icon .elementor-accordion-icon-opened,.elementor-accordion .elementor-tab-title.elementor-active .elementor-accordion-icon-closed{display:none}.elementor-accordion .elementor-tab-title.elementor-active .elementor-accordion-icon-opened{display:block}.elementor-accordion .elementor-tab-content{display:none;padding:15px 20px;border-top:1px solid #d5d8dc}@media (max-width:767px){.elementor-accordion .elementor-tab-title{padding:12px 15px}.elementor-accordion .elementor-tab-title .elementor-accordion-icon{width:1.2em}.elementor-accordion .elementor-tab-content{padding:7px 15px}}.e-con-inner>.elementor-widget-accordion,.e-con>.elementor-widget-accordion{width:var(--container-widget-width);--flex-grow:var(--container-widget-flex-grow)}<\/style>\t\t<div class=\"elementor-accordion\">\n\t\t\t\t\t\t\t<div class=\"elementor-accordion-item\">\n\t\t\t\t\t<div id=\"elementor-tab-title-2481\" class=\"elementor-tab-title\" data-tab=\"1\" role=\"button\" aria-controls=\"elementor-tab-content-2481\" aria-expanded=\"false\">\n\t\t\t\t\t\t\t\t\t\t\t\t\t<span class=\"elementor-accordion-icon elementor-accordion-icon-left\" aria-hidden=\"true\">\n\t\t\t\t\t\t\t\t\t\t\t\t\t\t\t<span class=\"elementor-accordion-icon-closed\"><i class=\"fas fa-plus\"><\/i><\/span>\n\t\t\t\t\t\t\t\t<span class=\"elementor-accordion-icon-opened\"><i class=\"fas fa-minus\"><\/i><\/span>\n\t\t\t\t\t\t\t\t\t\t\t\t\t\t<\/span>\n\t\t\t\t\t\t\t\t\t\t\t\t<a class=\"elementor-accordion-title\" tabindex=\"0\">Ist der Badewannenlift elektrisch?<\/a>\n\t\t\t\t\t<\/div>\n\t\t\t\t\t<div id=\"elementor-tab-content-2481\" class=\"elementor-tab-content elementor-clearfix\" data-tab=\"1\" role=\"region\" aria-labelledby=\"elementor-tab-title-2481\"><p>Ja, der Lift funktioniert mit Fernbedienung und senkt den Sitz sanft in die Badewanne.<\/p><\/div>\n\t\t\t\t<\/div>\n\t\t\t\t\t\t\t<div class=\"elementor-accordion-item\">\n\t\t\t\t\t<div id=\"elementor-tab-title-2482\" class=\"elementor-tab-title\" data-tab=\"2\" role=\"button\" aria-controls=\"elementor-tab-content-2482\" aria-expanded=\"false\">\n\t\t\t\t\t\t\t\t\t\t\t\t\t<span class=\"elementor-accordion-icon elementor-accordion-icon-left\" aria-hidden=\"true\">\n\t\t\t\t\t\t\t\t\t\t\t\t\t\t\t<span class=\"elementor-accordion-icon-closed\"><i class=\"fas fa-plus\"><\/i><\/span>\n\t\t\t\t\t\t\t\t<span class=\"elementor-accordion-icon-opened\"><i class=\"fas fa-minus\"><\/i><\/span>\n\t\t\t\t\t\t\t\t\t\t\t\t\t\t<\/span>\n\t\t\t\t\t\t\t\t\t\t\t\t<a class=\"elementor-accordion-title\" tabindex=\"0\">Muss der Lift installiert werden?<\/a>\n\t\t\t\t\t<\/div>\n\t\t\t\t\t<div id=\"elementor-tab-content-2482\" class=\"elementor-tab-content elementor-clearfix\" data-tab=\"2\" role=\"region\" aria-labelledby=\"elementor-tab-title-2482\"><p>Nein, der Badewannenlift wird einfach in die Wanne gestellt und ben\u00f6tigt keine feste Installation.<\/p><\/div>\n\t\t\t\t<\/div>\n\t\t\t\t\t\t\t<div class=\"elementor-accordion-item\">\n\t\t\t\t\t<div id=\"elementor-tab-title-2483\" class=\"elementor-tab-title\" data-tab=\"3\" role=\"button\" aria-controls=\"elementor-tab-content-2483\" aria-expanded=\"false\">\n\t\t\t\t\t\t\t\t\t\t\t\t\t<span class=\"elementor-accordion-icon elementor-accordion-icon-left\" aria-hidden=\"true\">\n\t\t\t\t\t\t\t\t\t\t\t\t\t\t\t<span class=\"elementor-accordion-icon-closed\"><i class=\"fas fa-plus\"><\/i><\/span>\n\t\t\t\t\t\t\t\t<span class=\"elementor-accordion-icon-opened\"><i class=\"fas fa-minus\"><\/i><\/span>\n\t\t\t\t\t\t\t\t\t\t\t\t\t\t<\/span>\n\t\t\t\t\t\t\t\t\t\t\t\t<a class=\"elementor-accordion-title\" tabindex=\"0\">Wie hoch ist das maximale Benutzergewicht?<\/a>\n\t\t\t\t\t<\/div>\n\t\t\t\t\t<div id=\"elementor-tab-content-2483\" class=\"elementor-tab-content elementor-clearfix\" data-tab=\"3\" role=\"region\" aria-labelledby=\"elementor-tab-title-2483\"><p>Bei den Aquatec\u2011Modellen liegt die Belastbarkeit \u00fcblicherweise bei <strong data-start=\"3469\" data-end=\"3479\">140 kg<\/strong>; es existiert auch eine XL\u2011Variante f\u00fcr h\u00f6here Gewichte<\/p><\/div>\n\t\t\t\t<\/div>\n\t\t\t\t\t\t\t<div class=\"elementor-accordion-item\">\n\t\t\t\t\t<div id=\"elementor-tab-title-2484\" class=\"elementor-tab-title\" data-tab=\"4\" role=\"button\" aria-controls=\"elementor-tab-content-2484\" aria-expanded=\"false\">\n\t\t\t\t\t\t\t\t\t\t\t\t\t<span class=\"elementor-accordion-icon elementor-accordion-icon-left\" aria-hidden=\"true\">\n\t\t\t\t\t\t\t\t\t\t\t\t\t\t\t<span class=\"elementor-accordion-icon-closed\"><i class=\"fas fa-plus\"><\/i><\/span>\n\t\t\t\t\t\t\t\t<span class=\"elementor-accordion-icon-opened\"><i class=\"fas fa-minus\"><\/i><\/span>\n\t\t\t\t\t\t\t\t\t\t\t\t\t\t<\/span>\n\t\t\t\t\t\t\t\t\t\t\t\t<a class=\"elementor-accordion-title\" tabindex=\"0\">Liefern Sie auf ganz Mallorca?<\/a>\n\t\t\t\t\t<\/div>\n\t\t\t\t\t<div id=\"elementor-tab-content-2484\" class=\"elementor-tab-content elementor-clearfix\" data-tab=\"4\" role=\"region\" aria-labelledby=\"elementor-tab-title-2484\"><p>Ja, wir liefern zu Hotels, Apartments und privaten Unterk\u00fcnften auf der ganzen Insel. Kosten je nach Standort.<\/p><\/div>\n\t\t\t\t<\/div>\n\t\t\t\t\t\t\t<div class=\"elementor-accordion-item\">\n\t\t\t\t\t<div id=\"elementor-tab-title-2485\" class=\"elementor-tab-title\" data-tab=\"5\" role=\"button\" aria-controls=\"elementor-tab-content-2485\" aria-expanded=\"false\">\n\t\t\t\t\t\t\t\t\t\t\t\t\t<span class=\"elementor-accordion-icon elementor-accordion-icon-left\" aria-hidden=\"true\">\n\t\t\t\t\t\t\t\t\t\t\t\t\t\t\t<span class=\"elementor-accordion-icon-closed\"><i class=\"fas fa-plus\"><\/i><\/span>\n\t\t\t\t\t\t\t\t<span class=\"elementor-accordion-icon-opened\"><i class=\"fas fa-minus\"><\/i><\/span>\n\t\t\t\t\t\t\t\t\t\t\t\t\t\t<\/span>\n\t\t\t\t\t\t\t\t\t\t\t\t<a class=\"elementor-accordion-title\" tabindex=\"0\">Kann ich den Badewannenlift am Flughafen erhalten?<\/a>\n\t\t\t\t\t<\/div>\n\t\t\t\t\t<div id=\"elementor-tab-content-2485\" class=\"elementor-tab-content elementor-clearfix\" data-tab=\"5\" role=\"region\" aria-labelledby=\"elementor-tab-title-2485\"><p>Ja, eine \u00dcbergabe am Flughafen Palma ist nach Vereinbarung m\u00f6glich.<\/p><\/div>\n\t\t\t\t<\/div>\n\t\t\t\t\t\t\t\t<\/div>\n\t\t\t\t<\/div>\n\t\t\t\t<\/div>\n\t\t\t\t<div class=\"elementor-element elementor-element-d7ef497 elementor-widget elementor-widget-heading\" data-id=\"d7ef497\" data-element_type=\"widget\" data-widget_type=\"heading.default\">\n\t\t\t\t<div class=\"elementor-widget-container\">\n\t\t\t<h2 class=\"elementor-heading-title elementor-size-default\">\ud83d\udcde Kontakt & Reservierung<\/h2>\t\t<\/div>\n\t\t\t\t<\/div>\n\t\t\t\t<div class=\"elementor-element elementor-element-55fc302 elementor-widget elementor-widget-text-editor\" data-id=\"55fc302\" data-element_type=\"widget\" data-widget_type=\"text-editor.default\">\n\t\t\t\t<div class=\"elementor-widget-container\">\n\t\t\t\t\t\t\t<p data-start=\"2393\" data-end=\"2486\">Sie k\u00f6nnen Ihren elektrischen Badewannenlift auf Mallorca ganz einfach im Voraus reservieren.<\/p><p data-start=\"2488\" data-end=\"2777\">Wir bieten Lieferungen zu Hotels, Apartments und privaten Unterk\u00fcnften auf der ganzen Insel an. Die Liefer- und Abholkosten richten sich nach dem jeweiligen Standort. In ausgew\u00e4hlten Gebieten ist die Lieferung kostenlos \u2013 bitte informieren Sie sich dazu in unserem Bereich \u201eLiefergebiete\u201c.<\/p><p data-start=\"2779\" data-end=\"2887\">\ud83d\udccd Unsere Filialen in Palma de Mallorca:<br data-start=\"2819\" data-end=\"2822\" \/>\u2013 Calle Manacor, 123, Palma<br data-start=\"2849\" data-end=\"2852\" \/>\u2013 Calle 31 de Diciembre, 3, Palma<\/p><p data-start=\"2889\" data-end=\"3022\">\ud83d\udcf2 Kontaktieren Sie uns per WhatsApp oder \u00fcber das Kontaktformular.<br data-start=\"2956\" data-end=\"2959\" \/>Unser deutschsprachiger Kundenservice hilft Ihnen gerne weiter.<\/p>\t\t\t\t\t\t<\/div>\n\t\t\t\t<\/div>\n\t\t\t\t\t<\/div>\n\t\t\t\t<\/div>\n\t\t\t\t<\/div>\n\t\t","protected":false},"excerpt":{"rendered":"<p>Ein elektrischer Badewannenlift auf Mallorca ist eine sichere und komfortable L\u00f6sung f\u00fcr Personen mit eingeschr\u00e4nkter Mobilit\u00e4t, die selbstst\u00e4ndig und entspannt baden m\u00f6chten. Der Lift senkt den Benutzer per Fernbedienung sanft in die Wanne und erleichtert den Ein- und Ausstieg. Unsere elektrischen Badewannenlifte der Marke Aquatec sind stabil, leicht transportierbar und einfach zu bedienen. Die R\u00fcckenlehne [&hellip;]<\/p>\n","protected":false},"author":1,"featured_media":18879,"comment_status":"closed","ping_status":"open","sticky":false,"template":"","format":"image","meta":{"site-sidebar-layout":"default","site-content-layout":"","ast-site-content-layout":"default","site-content-style":"default","site-sidebar-style":"default","ast-global-header-display":"","ast-banner-title-visibility":"","ast-main-header-display":"","ast-hfb-above-header-display":"","ast-hfb-below-header-display":"","ast-hfb-mobile-header-display":"","site-post-title":"","ast-breadcrumbs-content":"","ast-featured-img":"","footer-sml-layout":"","ast-disable-related-posts":"","theme-transparent-header-meta":"","adv-header-id-meta":"","stick-header-meta":"","header-above-stick-meta":"","header-main-stick-meta":"","header-below-stick-meta":"","astra-migrate-meta-layouts":"default","ast-page-background-enabled":"default","ast-page-background-meta":{"desktop":{"background-color":"var(--ast-global-color-4)","background-image":"","background-repeat":"repeat","background-position":"center center","background-size":"auto","background-attachment":"scroll","background-type":"","background-media":"","overlay-type":"","overlay-color":"","overlay-opacity":"","overlay-gradient":""},"tablet":{"background-color":"","background-image":"","background-repeat":"repeat","background-position":"center center","background-size":"auto","background-attachment":"scroll","background-type":"","background-media":"","overlay-type":"","overlay-color":"","overlay-opacity":"","overlay-gradient":""},"mobile":{"background-color":"","background-image":"","background-repeat":"repeat","background-position":"center center","background-size":"auto","background-attachment":"scroll","background-type":"","background-media":"","overlay-type":"","overlay-color":"","overlay-opacity":"","overlay-gradient":""}},"ast-content-background-meta":{"desktop":{"background-color":"var(--ast-global-color-5)","background-image":"","background-repeat":"repeat","background-position":"center center","background-size":"auto","background-attachment":"scroll","background-type":"","background-media":"","overlay-type":"","overlay-color":"","overlay-opacity":"","overlay-gradient":""},"tablet":{"background-color":"var(--ast-global-color-5)","background-image":"","background-repeat":"repeat","background-position":"center center","background-size":"auto","background-attachment":"scroll","background-type":"","background-media":"","overlay-type":"","overlay-color":"","overlay-opacity":"","overlay-gradient":""},"mobile":{"background-color":"var(--ast-global-color-5)","background-image":"","background-repeat":"repeat","background-position":"center center","background-size":"auto","background-attachment":"scroll","background-type":"","background-media":"","overlay-type":"","overlay-color":"","overlay-opacity":"","overlay-gradient":""}},"footnotes":""},"categories":[704],"tags":[867,868,869,870,871,872],"class_list":["post-19277","post","type-post","status-publish","format-image","has-post-thumbnail","hentry","category-eingeschraenkte-mobilitaet","tag-alquilar-un-elevador-electrico-para-baneras-de","tag-alquilar-una-silla-elevadora-electrica-para-banera-de","tag-banera-elevador-electrico-de","tag-elevador-electrico-de-banera-de","tag-silla-electrica-elevadora-para-banera-de","tag-silla-electrica-para-banera-de","post_format-post-format-image"],"_links":{"self":[{"href":"https:\/\/rentexpressmallorca.com\/de\/wp-json\/wp\/v2\/posts\/19277","targetHints":{"allow":["GET"]}}],"collection":[{"href":"https:\/\/rentexpressmallorca.com\/de\/wp-json\/wp\/v2\/posts"}],"about":[{"href":"https:\/\/rentexpressmallorca.com\/de\/wp-json\/wp\/v2\/types\/post"}],"author":[{"embeddable":true,"href":"https:\/\/rentexpressmallorca.com\/de\/wp-json\/wp\/v2\/users\/1"}],"replies":[{"embeddable":true,"href":"https:\/\/rentexpressmallorca.com\/de\/wp-json\/wp\/v2\/comments?post=19277"}],"version-history":[{"count":60,"href":"https:\/\/rentexpressmallorca.com\/de\/wp-json\/wp\/v2\/posts\/19277\/revisions"}],"predecessor-version":[{"id":30497,"href":"https:\/\/rentexpressmallorca.com\/de\/wp-json\/wp\/v2\/posts\/19277\/revisions\/30497"}],"wp:featuredmedia":[{"embeddable":true,"href":"https:\/\/rentexpressmallorca.com\/de\/wp-json\/wp\/v2\/media\/18879"}],"wp:attachment":[{"href":"https:\/\/rentexpressmallorca.com\/de\/wp-json\/wp\/v2\/media?parent=19277"}],"wp:term":[{"taxonomy":"category","embeddable":true,"href":"https:\/\/rentexpressmallorca.com\/de\/wp-json\/wp\/v2\/categories?post=19277"},{"taxonomy":"post_tag","embeddable":true,"href":"https:\/\/rentexpressmallorca.com\/de\/wp-json\/wp\/v2\/tags?post=19277"}],"curies":[{"name":"wp","href":"https:\/\/api.w.org\/{rel}","templated":true}]}}