{"id":19280,"date":"2018-07-03T16:44:23","date_gmt":"2018-07-03T14:44:23","guid":{"rendered":"https:\/\/rentexpressmallorca.com\/mietvagen-auf-mallorca\/"},"modified":"2026-02-26T12:22:21","modified_gmt":"2026-02-26T11:22:21","slug":"mietwagen-auf-mallorca","status":"publish","type":"post","link":"https:\/\/rentexpressmallorca.com\/de\/mietwagen-auf-mallorca\/","title":{"rendered":"Mietwagen auf Mallorca mieten"},"content":{"rendered":"\t\t<div data-elementor-type=\"wp-post\" data-elementor-id=\"19280\" class=\"elementor elementor-19280\" data-elementor-post-type=\"post\">\n\t\t\t\t<div class=\"elementor-element elementor-element-6d457bf e-flex e-con-boxed e-con e-parent\" data-id=\"6d457bf\" data-element_type=\"container\" data-settings=\"{&quot;content_width&quot;:&quot;boxed&quot;}\" data-core-v316-plus=\"true\">\n\t\t\t\t\t<div class=\"e-con-inner\">\n\t\t\t\t<div class=\"elementor-element elementor-element-d67bd00 elementor-widget elementor-widget-text-editor\" data-id=\"d67bd00\" data-element_type=\"widget\" data-widget_type=\"text-editor.default\">\n\t\t\t\t<div class=\"elementor-widget-container\">\n\t\t\t<style>\/*! elementor - v3.19.0 - 05-02-2024 *\/\n.elementor-widget-text-editor.elementor-drop-cap-view-stacked .elementor-drop-cap{background-color:#69727d;color:#fff}.elementor-widget-text-editor.elementor-drop-cap-view-framed .elementor-drop-cap{color:#69727d;border:3px solid;background-color:transparent}.elementor-widget-text-editor:not(.elementor-drop-cap-view-default) .elementor-drop-cap{margin-top:8px}.elementor-widget-text-editor:not(.elementor-drop-cap-view-default) .elementor-drop-cap-letter{width:1em;height:1em}.elementor-widget-text-editor .elementor-drop-cap{float:left;text-align:center;line-height:1;font-size:50px}.elementor-widget-text-editor .elementor-drop-cap-letter{display:inline-block}<\/style>\t\t\t\t<p data-start=\"330\" data-end=\"617\">Wenn Sie auf Mallorca ein Auto mieten m\u00f6chten, bietet Rent Express Mallorca flexible L\u00f6sungen f\u00fcr Urlauber, Residenten und Personen mit besonderen Mobilit\u00e4tsbed\u00fcrfnissen. Wir vermitteln sowohl klassische Mietwagen als auch angepasste Fahrzeuge f\u00fcr Menschen mit eingeschr\u00e4nkter Mobilit\u00e4t.<\/p><p data-start=\"619\" data-end=\"870\">Unsere Mietwagen k\u00f6nnen in Palma abgeholt oder auf Anfrage zum Flughafen, zu Hotels oder Unterk\u00fcnften geliefert werden. Die Fahrzeugauswahl richtet sich nach Saison, Verf\u00fcgbarkeit und Modell, sodass wir Ihnen immer die passende L\u00f6sung anbieten k\u00f6nnen.<\/p><p data-start=\"872\" data-end=\"1052\">Da Preise je nach Zeitraum und Fahrzeugtyp variieren, beraten wir Sie individuell. Kontaktieren Sie uns einfach per WhatsApp \u2013 wir senden Ihnen schnell ein unverbindliches Angebot.<\/p>\t\t\t\t\t\t<\/div>\n\t\t\t\t<\/div>\n\t\t\t\t<div class=\"elementor-element elementor-element-34fbe4a elementor-widget elementor-widget-heading\" data-id=\"34fbe4a\" data-element_type=\"widget\" data-widget_type=\"heading.default\">\n\t\t\t\t<div class=\"elementor-widget-container\">\n\t\t\t<style>\/*! elementor - v3.19.0 - 05-02-2024 *\/\n.elementor-heading-title{padding:0;margin:0;line-height:1}.elementor-widget-heading .elementor-heading-title[class*=elementor-size-]>a{color:inherit;font-size:inherit;line-height:inherit}.elementor-widget-heading .elementor-heading-title.elementor-size-small{font-size:15px}.elementor-widget-heading .elementor-heading-title.elementor-size-medium{font-size:19px}.elementor-widget-heading .elementor-heading-title.elementor-size-large{font-size:29px}.elementor-widget-heading .elementor-heading-title.elementor-size-xl{font-size:39px}.elementor-widget-heading .elementor-heading-title.elementor-size-xxl{font-size:59px}<\/style><h2 class=\"elementor-heading-title elementor-size-default\">Autos und angepasste Fahrzeuge auf Mallorca<\/h2>\t\t<\/div>\n\t\t\t\t<\/div>\n\t\t\t\t<div class=\"elementor-element elementor-element-14ce15f elementor-widget elementor-widget-text-editor\" data-id=\"14ce15f\" data-element_type=\"widget\" data-widget_type=\"text-editor.default\">\n\t\t\t\t<div class=\"elementor-widget-container\">\n\t\t\t\t\t\t\t<p data-start=\"1118\" data-end=\"1129\">Wir bieten:<\/p><ul data-start=\"1131\" data-end=\"1321\"><li data-start=\"1131\" data-end=\"1177\"><p data-start=\"1133\" data-end=\"1177\">klassische Mietwagen f\u00fcr Urlaub und Alltag<\/p><\/li><li data-start=\"1178\" data-end=\"1205\"><p data-start=\"1180\" data-end=\"1205\">Fahrzeuge mit Automatik<\/p><\/li><li data-start=\"1206\" data-end=\"1273\"><p data-start=\"1208\" data-end=\"1273\">angepasste Fahrzeuge f\u00fcr Menschen mit eingeschr\u00e4nkter Mobilit\u00e4t<\/p><\/li><li data-start=\"1274\" data-end=\"1296\"><p data-start=\"1276\" data-end=\"1296\">flexible Mietdauer<\/p><\/li><li data-start=\"1297\" data-end=\"1321\"><p data-start=\"1299\" data-end=\"1321\">pers\u00f6nliche Beratung<\/p><\/li><\/ul><p data-start=\"1323\" data-end=\"1417\">Unser Ziel ist es, Ihnen eine sichere und komfortable Mobilit\u00e4tsl\u00f6sung auf Mallorca zu bieten.<\/p>\t\t\t\t\t\t<\/div>\n\t\t\t\t<\/div>\n\t\t\t\t<div class=\"elementor-element elementor-element-b6603d9 elementor-widget elementor-widget-heading\" data-id=\"b6603d9\" data-element_type=\"widget\" data-widget_type=\"heading.default\">\n\t\t\t\t<div class=\"elementor-widget-container\">\n\t\t\t<h2 class=\"elementor-heading-title elementor-size-default\">Abholung in Palma oder Lieferung<\/h2>\t\t<\/div>\n\t\t\t\t<\/div>\n\t\t\t\t<div class=\"elementor-element elementor-element-7026da6 elementor-widget elementor-widget-text-editor\" data-id=\"7026da6\" data-element_type=\"widget\" data-widget_type=\"text-editor.default\">\n\t\t\t\t<div class=\"elementor-widget-container\">\n\t\t\t\t\t\t\t<p data-start=\"1472\" data-end=\"1529\">Adresse:<br data-start=\"1480\" data-end=\"1483\" \/><strong data-start=\"1483\" data-end=\"1529\">Calle 31 de diciembre 3, Palma de Mallorca<\/strong><\/p><p data-start=\"1531\" data-end=\"1679\">Die Abholung erfolgt in unserem Gesch\u00e4ft in Palma.<br data-start=\"1581\" data-end=\"1584\" \/>Auf Wunsch kann eine Lieferung zum Flughafen Palma oder zu Ihrer Unterkunft organisiert werden.<\/p>\t\t\t\t\t\t<\/div>\n\t\t\t\t<\/div>\n\t\t\t\t<div class=\"elementor-element elementor-element-07b8c1c elementor-widget elementor-widget-heading\" data-id=\"07b8c1c\" data-element_type=\"widget\" data-widget_type=\"heading.default\">\n\t\t\t\t<div class=\"elementor-widget-container\">\n\t\t\t<h2 class=\"elementor-heading-title elementor-size-default\">Preise & Reservierung<\/h2>\t\t<\/div>\n\t\t\t\t<\/div>\n\t\t\t\t<div class=\"elementor-element elementor-element-f91b7ee elementor-widget elementor-widget-text-editor\" data-id=\"f91b7ee\" data-element_type=\"widget\" data-widget_type=\"text-editor.default\">\n\t\t\t\t<div class=\"elementor-widget-container\">\n\t\t\t\t\t\t\t<p data-start=\"1723\" data-end=\"1849\">Die Mietpreise h\u00e4ngen von Saison, Fahrzeugtyp und Mietdauer ab.<br data-start=\"1786\" data-end=\"1789\" \/>F\u00fcr ein aktuelles Angebot kontaktieren Sie uns bitte direkt.<\/p><p data-start=\"1851\" data-end=\"1913\">\ud83d\udcf2 WhatsApp: schnelle Antwort<br data-start=\"1880\" data-end=\"1883\" \/>\ud83d\udccd Abholung in Palma m\u00f6glich<\/p><p data-start=\"1851\" data-end=\"1913\">Sie ben\u00f6tigen ein anderes Modell oder mehr Platz? <br \/>Entdecken Sie auch unser zweites <a href=\"https:\/\/rentexpressmallorca.com\/de\/autovermietung-in-palma-de-mallorca\/\">behindertengerechtes Auto auf Mallorca<\/a>.<\/p>\t\t\t\t\t\t<\/div>\n\t\t\t\t<\/div>\n\t\t\t\t<div class=\"elementor-element elementor-element-0a77fc3 elementor-widget elementor-widget-heading\" data-id=\"0a77fc3\" data-element_type=\"widget\" data-widget_type=\"heading.default\">\n\t\t\t\t<div class=\"elementor-widget-container\">\n\t\t\t<h2 class=\"elementor-heading-title elementor-size-default\">H\u00e4ufige Fragen zur Miete<\/h2>\t\t<\/div>\n\t\t\t\t<\/div>\n\t\t\t\t<div class=\"elementor-element elementor-element-c2c64c8 elementor-widget elementor-widget-accordion\" data-id=\"c2c64c8\" data-element_type=\"widget\" data-widget_type=\"accordion.default\">\n\t\t\t\t<div class=\"elementor-widget-container\">\n\t\t\t<style>\/*! elementor - v3.19.0 - 05-02-2024 *\/\n.elementor-accordion{text-align:left}.elementor-accordion .elementor-accordion-item{border:1px solid #d5d8dc}.elementor-accordion .elementor-accordion-item+.elementor-accordion-item{border-top:none}.elementor-accordion .elementor-tab-title{margin:0;padding:15px 20px;font-weight:700;line-height:1;cursor:pointer;outline:none}.elementor-accordion .elementor-tab-title .elementor-accordion-icon{display:inline-block;width:1.5em}.elementor-accordion .elementor-tab-title .elementor-accordion-icon svg{width:1em;height:1em}.elementor-accordion .elementor-tab-title .elementor-accordion-icon.elementor-accordion-icon-right{float:right;text-align:right}.elementor-accordion .elementor-tab-title .elementor-accordion-icon.elementor-accordion-icon-left{float:left;text-align:left}.elementor-accordion .elementor-tab-title .elementor-accordion-icon .elementor-accordion-icon-closed{display:block}.elementor-accordion .elementor-tab-title .elementor-accordion-icon .elementor-accordion-icon-opened,.elementor-accordion .elementor-tab-title.elementor-active .elementor-accordion-icon-closed{display:none}.elementor-accordion .elementor-tab-title.elementor-active .elementor-accordion-icon-opened{display:block}.elementor-accordion .elementor-tab-content{display:none;padding:15px 20px;border-top:1px solid #d5d8dc}@media (max-width:767px){.elementor-accordion .elementor-tab-title{padding:12px 15px}.elementor-accordion .elementor-tab-title .elementor-accordion-icon{width:1.2em}.elementor-accordion .elementor-tab-content{padding:7px 15px}}.e-con-inner>.elementor-widget-accordion,.e-con>.elementor-widget-accordion{width:var(--container-widget-width);--flex-grow:var(--container-widget-flex-grow)}<\/style>\t\t<div class=\"elementor-accordion\">\n\t\t\t\t\t\t\t<div class=\"elementor-accordion-item\">\n\t\t\t\t\t<div id=\"elementor-tab-title-2041\" class=\"elementor-tab-title\" data-tab=\"1\" role=\"button\" aria-controls=\"elementor-tab-content-2041\" aria-expanded=\"false\">\n\t\t\t\t\t\t\t\t\t\t\t\t\t<span class=\"elementor-accordion-icon elementor-accordion-icon-left\" aria-hidden=\"true\">\n\t\t\t\t\t\t\t\t\t\t\t\t\t\t\t<span class=\"elementor-accordion-icon-closed\"><i class=\"fas fa-plus\"><\/i><\/span>\n\t\t\t\t\t\t\t\t<span class=\"elementor-accordion-icon-opened\"><i class=\"fas fa-minus\"><\/i><\/span>\n\t\t\t\t\t\t\t\t\t\t\t\t\t\t<\/span>\n\t\t\t\t\t\t\t\t\t\t\t\t<a class=\"elementor-accordion-title\" tabindex=\"0\">Wie kann ich ein Auto auf Mallorca mieten?<\/a>\n\t\t\t\t\t<\/div>\n\t\t\t\t\t<div id=\"elementor-tab-content-2041\" class=\"elementor-tab-content elementor-clearfix\" data-tab=\"1\" role=\"region\" aria-labelledby=\"elementor-tab-title-2041\"><p>Kontaktieren Sie uns per WhatsApp oder \u00fcber das Kontaktformular. Wir informieren Sie \u00fcber Verf\u00fcgbarkeit, Fahrzeugtyp und Preise je nach Saison.<\/p><\/div>\n\t\t\t\t<\/div>\n\t\t\t\t\t\t\t<div class=\"elementor-accordion-item\">\n\t\t\t\t\t<div id=\"elementor-tab-title-2042\" class=\"elementor-tab-title\" data-tab=\"2\" role=\"button\" aria-controls=\"elementor-tab-content-2042\" aria-expanded=\"false\">\n\t\t\t\t\t\t\t\t\t\t\t\t\t<span class=\"elementor-accordion-icon elementor-accordion-icon-left\" aria-hidden=\"true\">\n\t\t\t\t\t\t\t\t\t\t\t\t\t\t\t<span class=\"elementor-accordion-icon-closed\"><i class=\"fas fa-plus\"><\/i><\/span>\n\t\t\t\t\t\t\t\t<span class=\"elementor-accordion-icon-opened\"><i class=\"fas fa-minus\"><\/i><\/span>\n\t\t\t\t\t\t\t\t\t\t\t\t\t\t<\/span>\n\t\t\t\t\t\t\t\t\t\t\t\t<a class=\"elementor-accordion-title\" tabindex=\"0\">Wo erfolgt die Abholung?<\/a>\n\t\t\t\t\t<\/div>\n\t\t\t\t\t<div id=\"elementor-tab-content-2042\" class=\"elementor-tab-content elementor-clearfix\" data-tab=\"2\" role=\"region\" aria-labelledby=\"elementor-tab-title-2042\"><p>Die Abholung und R\u00fcckgabe erfolgt ausschlie\u00dflich in unserem Gesch\u00e4ft in Palma:<br data-start=\"618\" data-end=\"621\" \/>Calle 31 de diciembre 3, Palma de Mallorca.<\/p><\/div>\n\t\t\t\t<\/div>\n\t\t\t\t\t\t\t<div class=\"elementor-accordion-item\">\n\t\t\t\t\t<div id=\"elementor-tab-title-2043\" class=\"elementor-tab-title\" data-tab=\"3\" role=\"button\" aria-controls=\"elementor-tab-content-2043\" aria-expanded=\"false\">\n\t\t\t\t\t\t\t\t\t\t\t\t\t<span class=\"elementor-accordion-icon elementor-accordion-icon-left\" aria-hidden=\"true\">\n\t\t\t\t\t\t\t\t\t\t\t\t\t\t\t<span class=\"elementor-accordion-icon-closed\"><i class=\"fas fa-plus\"><\/i><\/span>\n\t\t\t\t\t\t\t\t<span class=\"elementor-accordion-icon-opened\"><i class=\"fas fa-minus\"><\/i><\/span>\n\t\t\t\t\t\t\t\t\t\t\t\t\t\t<\/span>\n\t\t\t\t\t\t\t\t\t\t\t\t<a class=\"elementor-accordion-title\" tabindex=\"0\">Welche Voraussetzungen gelten?<\/a>\n\t\t\t\t\t<\/div>\n\t\t\t\t\t<div id=\"elementor-tab-content-2043\" class=\"elementor-tab-content elementor-clearfix\" data-tab=\"3\" role=\"region\" aria-labelledby=\"elementor-tab-title-2043\"><p>Mindestalter: 26 Jahre<br data-start=\"723\" data-end=\"726\" \/>Mindestens 5 Jahre F\u00fchrerschein<br data-start=\"757\" data-end=\"760\" \/>Kreditkarte erforderlich<br data-start=\"784\" data-end=\"787\" \/>Kaution: 250 \u20ac<\/p><\/div>\n\t\t\t\t<\/div>\n\t\t\t\t\t\t\t<div class=\"elementor-accordion-item\">\n\t\t\t\t\t<div id=\"elementor-tab-title-2044\" class=\"elementor-tab-title\" data-tab=\"4\" role=\"button\" aria-controls=\"elementor-tab-content-2044\" aria-expanded=\"false\">\n\t\t\t\t\t\t\t\t\t\t\t\t\t<span class=\"elementor-accordion-icon elementor-accordion-icon-left\" aria-hidden=\"true\">\n\t\t\t\t\t\t\t\t\t\t\t\t\t\t\t<span class=\"elementor-accordion-icon-closed\"><i class=\"fas fa-plus\"><\/i><\/span>\n\t\t\t\t\t\t\t\t<span class=\"elementor-accordion-icon-opened\"><i class=\"fas fa-minus\"><\/i><\/span>\n\t\t\t\t\t\t\t\t\t\t\t\t\t\t<\/span>\n\t\t\t\t\t\t\t\t\t\t\t\t<a class=\"elementor-accordion-title\" tabindex=\"0\">Ist ein zweiter Fahrer m\u00f6glich?<\/a>\n\t\t\t\t\t<\/div>\n\t\t\t\t\t<div id=\"elementor-tab-content-2044\" class=\"elementor-tab-content elementor-clearfix\" data-tab=\"4\" role=\"region\" aria-labelledby=\"elementor-tab-title-2044\"><p>Ja, ein zweiter Fahrer ist inklusive, sofern er ebenfalls mindestens 26 Jahre alt ist und 5 Jahre F\u00fchrerschein besitzt.<\/p><\/div>\n\t\t\t\t<\/div>\n\t\t\t\t\t\t\t<div class=\"elementor-accordion-item\">\n\t\t\t\t\t<div id=\"elementor-tab-title-2045\" class=\"elementor-tab-title\" data-tab=\"5\" role=\"button\" aria-controls=\"elementor-tab-content-2045\" aria-expanded=\"false\">\n\t\t\t\t\t\t\t\t\t\t\t\t\t<span class=\"elementor-accordion-icon elementor-accordion-icon-left\" aria-hidden=\"true\">\n\t\t\t\t\t\t\t\t\t\t\t\t\t\t\t<span class=\"elementor-accordion-icon-closed\"><i class=\"fas fa-plus\"><\/i><\/span>\n\t\t\t\t\t\t\t\t<span class=\"elementor-accordion-icon-opened\"><i class=\"fas fa-minus\"><\/i><\/span>\n\t\t\t\t\t\t\t\t\t\t\t\t\t\t<\/span>\n\t\t\t\t\t\t\t\t\t\t\t\t<a class=\"elementor-accordion-title\" tabindex=\"0\">Sind die Fahrzeuge versichert?<\/a>\n\t\t\t\t\t<\/div>\n\t\t\t\t\t<div id=\"elementor-tab-content-2045\" class=\"elementor-tab-content elementor-clearfix\" data-tab=\"5\" role=\"region\" aria-labelledby=\"elementor-tab-title-2045\"><p>Alle Fahrzeuge verf\u00fcgen \u00fcber eine Vollkaskoversicherung mit Selbstbeteiligung bis 900 \u20ac. Sch\u00e4den durch Alkohol, Glas, Unterboden, Kupplung oder unsachgem\u00e4\u00dfe Nutzung sind nicht abgedeckt.<\/p><\/div>\n\t\t\t\t<\/div>\n\t\t\t\t\t\t\t<div class=\"elementor-accordion-item\">\n\t\t\t\t\t<div id=\"elementor-tab-title-2046\" class=\"elementor-tab-title\" data-tab=\"6\" role=\"button\" aria-controls=\"elementor-tab-content-2046\" aria-expanded=\"false\">\n\t\t\t\t\t\t\t\t\t\t\t\t\t<span class=\"elementor-accordion-icon elementor-accordion-icon-left\" aria-hidden=\"true\">\n\t\t\t\t\t\t\t\t\t\t\t\t\t\t\t<span class=\"elementor-accordion-icon-closed\"><i class=\"fas fa-plus\"><\/i><\/span>\n\t\t\t\t\t\t\t\t<span class=\"elementor-accordion-icon-opened\"><i class=\"fas fa-minus\"><\/i><\/span>\n\t\t\t\t\t\t\t\t\t\t\t\t\t\t<\/span>\n\t\t\t\t\t\t\t\t\t\t\t\t<a class=\"elementor-accordion-title\" tabindex=\"0\">Gibt es feste Preise?<\/a>\n\t\t\t\t\t<\/div>\n\t\t\t\t\t<div id=\"elementor-tab-content-2046\" class=\"elementor-tab-content elementor-clearfix\" data-tab=\"6\" role=\"region\" aria-labelledby=\"elementor-tab-title-2046\"><p>Die Preise variieren je nach Saison und Fahrzeug. Bitte kontaktieren Sie uns f\u00fcr ein aktuelles Angebot.<\/p><\/div>\n\t\t\t\t<\/div>\n\t\t\t\t\t\t\t\t<\/div>\n\t\t\t\t<\/div>\n\t\t\t\t<\/div>\n\t\t\t\t<div class=\"elementor-element elementor-element-e71bbac elementor-widget elementor-widget-heading\" data-id=\"e71bbac\" data-element_type=\"widget\" data-widget_type=\"heading.default\">\n\t\t\t\t<div class=\"elementor-widget-container\">\n\t\t\t<h2 class=\"elementor-heading-title elementor-size-default\">Kontakt & Reservierung<\/h2>\t\t<\/div>\n\t\t\t\t<\/div>\n\t\t\t\t<div class=\"elementor-element elementor-element-3a51ac3 elementor-widget elementor-widget-text-editor\" data-id=\"3a51ac3\" data-element_type=\"widget\" data-widget_type=\"text-editor.default\">\n\t\t\t\t<div class=\"elementor-widget-container\">\n\t\t\t\t\t\t\t<p data-start=\"1429\" data-end=\"1491\">Sie k\u00f6nnen Ihren Mietwagen auf Mallorca ganz einfach anfragen:<\/p><p data-start=\"1493\" data-end=\"1578\">\ud83d\udccd Abholung: Calle 31 de diciembre 3, Palma<br data-start=\"1536\" data-end=\"1539\" \/>\ud83d\udcf2 Kontakt per WhatsApp oder Formular<\/p><p data-start=\"1580\" data-end=\"1649\">Eine fr\u00fchzeitige Anfrage wird empfohlen, besonders in der Hochsaison.<\/p>\t\t\t\t\t\t<\/div>\n\t\t\t\t<\/div>\n\t\t\t\t\t<\/div>\n\t\t\t\t<\/div>\n\t\t\t\t<\/div>\n\t\t","protected":false},"excerpt":{"rendered":"<p>Wenn Sie auf Mallorca ein Auto mieten m\u00f6chten, bietet Rent Express Mallorca flexible L\u00f6sungen f\u00fcr Urlauber, Residenten und Personen mit besonderen Mobilit\u00e4tsbed\u00fcrfnissen. Wir vermitteln sowohl klassische Mietwagen als auch angepasste Fahrzeuge f\u00fcr Menschen mit eingeschr\u00e4nkter Mobilit\u00e4t. Unsere Mietwagen k\u00f6nnen in Palma abgeholt oder auf Anfrage zum Flughafen, zu Hotels oder Unterk\u00fcnften geliefert werden. Die Fahrzeugauswahl [&hellip;]<\/p>\n","protected":false},"author":1,"featured_media":31523,"comment_status":"closed","ping_status":"open","sticky":false,"template":"","format":"standard","meta":{"site-sidebar-layout":"default","site-content-layout":"","ast-site-content-layout":"default","site-content-style":"default","site-sidebar-style":"default","ast-global-header-display":"","ast-banner-title-visibility":"","ast-main-header-display":"","ast-hfb-above-header-display":"","ast-hfb-below-header-display":"","ast-hfb-mobile-header-display":"","site-post-title":"","ast-breadcrumbs-content":"","ast-featured-img":"","footer-sml-layout":"","ast-disable-related-posts":"","theme-transparent-header-meta":"","adv-header-id-meta":"","stick-header-meta":"","header-above-stick-meta":"","header-main-stick-meta":"","header-below-stick-meta":"","astra-migrate-meta-layouts":"default","ast-page-background-enabled":"default","ast-page-background-meta":{"desktop":{"background-color":"var(--ast-global-color-4)","background-image":"","background-repeat":"repeat","background-position":"center center","background-size":"auto","background-attachment":"scroll","background-type":"","background-media":"","overlay-type":"","overlay-color":"","overlay-opacity":"","overlay-gradient":""},"tablet":{"background-color":"","background-image":"","background-repeat":"repeat","background-position":"center center","background-size":"auto","background-attachment":"scroll","background-type":"","background-media":"","overlay-type":"","overlay-color":"","overlay-opacity":"","overlay-gradient":""},"mobile":{"background-color":"","background-image":"","background-repeat":"repeat","background-position":"center center","background-size":"auto","background-attachment":"scroll","background-type":"","background-media":"","overlay-type":"","overlay-color":"","overlay-opacity":"","overlay-gradient":""}},"ast-content-background-meta":{"desktop":{"background-color":"var(--ast-global-color-5)","background-image":"","background-repeat":"repeat","background-position":"center center","background-size":"auto","background-attachment":"scroll","background-type":"","background-media":"","overlay-type":"","overlay-color":"","overlay-opacity":"","overlay-gradient":""},"tablet":{"background-color":"var(--ast-global-color-5)","background-image":"","background-repeat":"repeat","background-position":"center center","background-size":"auto","background-attachment":"scroll","background-type":"","background-media":"","overlay-type":"","overlay-color":"","overlay-opacity":"","overlay-gradient":""},"mobile":{"background-color":"var(--ast-global-color-5)","background-image":"","background-repeat":"repeat","background-position":"center center","background-size":"auto","background-attachment":"scroll","background-type":"","background-media":"","overlay-type":"","overlay-color":"","overlay-opacity":"","overlay-gradient":""}},"footnotes":""},"categories":[937],"tags":[894,895,896,897,898,899,900,901,902],"class_list":["post-19280","post","type-post","status-publish","format-standard","has-post-thumbnail","hentry","category-autovermietung","tag-autovermietung-de","tag-autovermietung-auf-mallorca-de","tag-flughafen-de","tag-ihr-mietwagen-besten-preis-de","tag-ihr-mietwagen-besten-preis-mallorca-de","tag-mietvagen-palma-de-mallorca-de","tag-mietwagen-auf-flughafen-mallorca-de","tag-mietwagen-mallorca-de","tag-mietwagen-mallorca-auf-flughafen-de"],"_links":{"self":[{"href":"https:\/\/rentexpressmallorca.com\/de\/wp-json\/wp\/v2\/posts\/19280","targetHints":{"allow":["GET"]}}],"collection":[{"href":"https:\/\/rentexpressmallorca.com\/de\/wp-json\/wp\/v2\/posts"}],"about":[{"href":"https:\/\/rentexpressmallorca.com\/de\/wp-json\/wp\/v2\/types\/post"}],"author":[{"embeddable":true,"href":"https:\/\/rentexpressmallorca.com\/de\/wp-json\/wp\/v2\/users\/1"}],"replies":[{"embeddable":true,"href":"https:\/\/rentexpressmallorca.com\/de\/wp-json\/wp\/v2\/comments?post=19280"}],"version-history":[{"count":42,"href":"https:\/\/rentexpressmallorca.com\/de\/wp-json\/wp\/v2\/posts\/19280\/revisions"}],"predecessor-version":[{"id":35311,"href":"https:\/\/rentexpressmallorca.com\/de\/wp-json\/wp\/v2\/posts\/19280\/revisions\/35311"}],"wp:featuredmedia":[{"embeddable":true,"href":"https:\/\/rentexpressmallorca.com\/de\/wp-json\/wp\/v2\/media\/31523"}],"wp:attachment":[{"href":"https:\/\/rentexpressmallorca.com\/de\/wp-json\/wp\/v2\/media?parent=19280"}],"wp:term":[{"taxonomy":"category","embeddable":true,"href":"https:\/\/rentexpressmallorca.com\/de\/wp-json\/wp\/v2\/categories?post=19280"},{"taxonomy":"post_tag","embeddable":true,"href":"https:\/\/rentexpressmallorca.com\/de\/wp-json\/wp\/v2\/tags?post=19280"}],"curies":[{"name":"wp","href":"https:\/\/api.w.org\/{rel}","templated":true}]}}