{"id":19283,"date":"2018-07-03T16:19:43","date_gmt":"2018-07-03T14:19:43","guid":{"rendered":"https:\/\/rentexpressmallorca.com\/alquiler-de-coches-en-palma-de-mallorca\/"},"modified":"2026-02-11T14:39:47","modified_gmt":"2026-02-11T13:39:47","slug":"autovermietung-in-palma-de-mallorca","status":"publish","type":"post","link":"https:\/\/rentexpressmallorca.com\/de\/autovermietung-in-palma-de-mallorca\/","title":{"rendered":"Behindertengerechtes Auto auf Mallorca mieten"},"content":{"rendered":"\t\t<div data-elementor-type=\"wp-post\" data-elementor-id=\"19283\" class=\"elementor elementor-19283 elementor-18094\" data-elementor-post-type=\"post\">\n\t\t\t\t<div class=\"elementor-element elementor-element-eb5f271 e-flex e-con-boxed e-con e-parent\" data-id=\"eb5f271\" data-element_type=\"container\" data-settings=\"{&quot;content_width&quot;:&quot;boxed&quot;}\" data-core-v316-plus=\"true\">\n\t\t\t\t\t<div class=\"e-con-inner\">\n\t\t\t\t<div class=\"elementor-element elementor-element-af6b535 elementor-widget elementor-widget-text-editor\" data-id=\"af6b535\" data-element_type=\"widget\" data-widget_type=\"text-editor.default\">\n\t\t\t\t<div class=\"elementor-widget-container\">\n\t\t\t<style>\/*! elementor - v3.19.0 - 05-02-2024 *\/\n.elementor-widget-text-editor.elementor-drop-cap-view-stacked .elementor-drop-cap{background-color:#69727d;color:#fff}.elementor-widget-text-editor.elementor-drop-cap-view-framed .elementor-drop-cap{color:#69727d;border:3px solid;background-color:transparent}.elementor-widget-text-editor:not(.elementor-drop-cap-view-default) .elementor-drop-cap{margin-top:8px}.elementor-widget-text-editor:not(.elementor-drop-cap-view-default) .elementor-drop-cap-letter{width:1em;height:1em}.elementor-widget-text-editor .elementor-drop-cap{float:left;text-align:center;line-height:1;font-size:50px}.elementor-widget-text-editor .elementor-drop-cap-letter{display:inline-block}<\/style>\t\t\t\t<p>Unser behindertengerechtes Auto auf Mallorca bietet eine sichere und komfortable L\u00f6sung f\u00fcr Menschen mit eingeschr\u00e4nkter Mobilit\u00e4t. Das Fahrzeug ist mit Rampe ausgestattet und erm\u00f6glicht einen einfachen Zugang mit Rollstuhl, ohne Umsetzen.<\/p><p data-start=\"642\" data-end=\"891\">Dieses Modell eignet sich ideal f\u00fcr Urlauber, die w\u00e4hrend ihres Aufenthalts auf Mallorca mobil bleiben m\u00f6chten und ein zuverl\u00e4ssiges Fahrzeug mit barrierefreiem Zugang ben\u00f6tigen. Die Handhabung ist einfach und auch f\u00fcr Begleitpersonen unkompliziert.<\/p><p data-start=\"893\" data-end=\"1069\">Die Lieferung kann direkt zum Flughafen Palma, ins Hotel oder zur Unterkunft erfolgen. Das Fahrzeug wird fahrbereit \u00fcbergeben und kann nach Vereinbarung wieder abgeholt werden.<\/p>\t\t\t\t\t\t<\/div>\n\t\t\t\t<\/div>\n\t\t\t\t<div class=\"elementor-element elementor-element-5b37fe0 elementor-widget elementor-widget-heading\" data-id=\"5b37fe0\" data-element_type=\"widget\" data-widget_type=\"heading.default\">\n\t\t\t\t<div class=\"elementor-widget-container\">\n\t\t\t<style>\/*! elementor - v3.19.0 - 05-02-2024 *\/\n.elementor-heading-title{padding:0;margin:0;line-height:1}.elementor-widget-heading .elementor-heading-title[class*=elementor-size-]>a{color:inherit;font-size:inherit;line-height:inherit}.elementor-widget-heading .elementor-heading-title.elementor-size-small{font-size:15px}.elementor-widget-heading .elementor-heading-title.elementor-size-medium{font-size:19px}.elementor-widget-heading .elementor-heading-title.elementor-size-large{font-size:29px}.elementor-widget-heading .elementor-heading-title.elementor-size-xl{font-size:39px}.elementor-widget-heading .elementor-heading-title.elementor-size-xxl{font-size:59px}<\/style><h2 class=\"elementor-heading-title elementor-size-default\">Autovermietung Mallorca f\u00fcr barrierefreie Fahrzeuge<\/h2>\t\t<\/div>\n\t\t\t\t<\/div>\n\t\t\t\t<div class=\"elementor-element elementor-element-a28d35d elementor-widget elementor-widget-text-editor\" data-id=\"a28d35d\" data-element_type=\"widget\" data-widget_type=\"text-editor.default\">\n\t\t\t\t<div class=\"elementor-widget-container\">\n\t\t\t\t\t\t\t<p data-start=\"1137\" data-end=\"1272\">In unserer Kategorie<br data-start=\"1157\" data-end=\"1160\" \/><a href=\"https:\/\/rentexpressmallorca.com\/de\/category\/autovermietung\/\"><strong data-start=\"1160\" data-end=\"1187\">Autovermietung Mallorca<\/strong><\/a><br data-start=\"1187\" data-end=\"1190\" \/>finden Sie weitere behindertengerechte Fahrzeuge f\u00fcr unterschiedliche Bed\u00fcrfnisse.<\/p><p data-start=\"1274\" data-end=\"1298\">Wir bieten L\u00f6sungen f\u00fcr:<\/p><ul data-start=\"1299\" data-end=\"1402\"><li data-start=\"1299\" data-end=\"1318\"><p data-start=\"1301\" data-end=\"1318\">Rollstuhlfahrer<\/p><\/li><li data-start=\"1319\" data-end=\"1331\"><p data-start=\"1321\" data-end=\"1331\">Senioren<\/p><\/li><li data-start=\"1332\" data-end=\"1362\"><p data-start=\"1334\" data-end=\"1362\">Personen in Rehabilitation<\/p><\/li><li data-start=\"1363\" data-end=\"1402\"><p data-start=\"1365\" data-end=\"1402\">tempor\u00e4re Mobilit\u00e4tseinschr\u00e4nkungen<\/p><\/li><\/ul>\t\t\t\t\t\t<\/div>\n\t\t\t\t<\/div>\n\t\t\t\t<div class=\"elementor-element elementor-element-7ef25a3 elementor-widget elementor-widget-heading\" data-id=\"7ef25a3\" data-element_type=\"widget\" data-widget_type=\"heading.default\">\n\t\t\t\t<div class=\"elementor-widget-container\">\n\t\t\t<h2 class=\"elementor-heading-title elementor-size-default\">Komfort und Ausstattung<\/h2>\t\t<\/div>\n\t\t\t\t<\/div>\n\t\t\t\t<div class=\"elementor-element elementor-element-ffbf008 elementor-widget elementor-widget-text-editor\" data-id=\"ffbf008\" data-element_type=\"widget\" data-widget_type=\"text-editor.default\">\n\t\t\t\t<div class=\"elementor-widget-container\">\n\t\t\t\t\t\t\t<p data-start=\"1523\" data-end=\"1572\">Unser behindertengerechtes Fahrzeug verf\u00fcgt \u00fcber:<\/p><ul data-start=\"1574\" data-end=\"1713\"><li data-start=\"1574\" data-end=\"1603\"><p data-start=\"1576\" data-end=\"1603\">Rampe f\u00fcr Rollstuhlzugang<\/p><\/li><li data-start=\"1604\" data-end=\"1635\"><p data-start=\"1606\" data-end=\"1635\">sichere Befestigungssysteme<\/p><\/li><li data-start=\"1636\" data-end=\"1662\"><p data-start=\"1638\" data-end=\"1662\">komfortable Sitzpl\u00e4tze<\/p><\/li><li data-start=\"1663\" data-end=\"1685\"><p data-start=\"1665\" data-end=\"1685\">einfache Bedienung<\/p><\/li><li data-start=\"1686\" data-end=\"1713\"><p data-start=\"1688\" data-end=\"1713\">viel Platz im Innenraum<\/p><\/li><\/ul><p data-start=\"1715\" data-end=\"1825\">Das Fahrzeug kann sowohl f\u00fcr kurze Aufenthalte als auch f\u00fcr l\u00e4ngere Mietzeitr\u00e4ume auf Mallorca gebucht werden.<\/p>\t\t\t\t\t\t<\/div>\n\t\t\t\t<\/div>\n\t\t\t\t<div class=\"elementor-element elementor-element-a1ad52e elementor-widget elementor-widget-heading\" data-id=\"a1ad52e\" data-element_type=\"widget\" data-widget_type=\"heading.default\">\n\t\t\t\t<div class=\"elementor-widget-container\">\n\t\t\t<h2 class=\"elementor-heading-title elementor-size-default\">Lieferung auf Mallorca<\/h2>\t\t<\/div>\n\t\t\t\t<\/div>\n\t\t\t\t<div class=\"elementor-element elementor-element-97cdaa5 elementor-widget elementor-widget-text-editor\" data-id=\"97cdaa5\" data-element_type=\"widget\" data-widget_type=\"text-editor.default\">\n\t\t\t\t<div class=\"elementor-widget-container\">\n\t\t\t\t\t\t\t<p data-start=\"1864\" data-end=\"1889\">Wir liefern das Fahrzeug:<\/p><ul data-start=\"1891\" data-end=\"1956\"><li data-start=\"1891\" data-end=\"1910\"><p data-start=\"1893\" data-end=\"1910\">Flughafen Palma<\/p><\/li><li data-start=\"1911\" data-end=\"1920\"><p data-start=\"1913\" data-end=\"1920\">Hotel<\/p><\/li><li data-start=\"1921\" data-end=\"1938\"><p data-start=\"1923\" data-end=\"1938\">Ferienwohnung<\/p><\/li><li data-start=\"1939\" data-end=\"1956\"><p data-start=\"1941\" data-end=\"1956\">Privatadresse<\/p><\/li><\/ul><p data-start=\"1958\" data-end=\"2024\">Bitte geben Sie bei der Reservierung den gew\u00fcnschten Lieferort an.<\/p>\t\t\t\t\t\t<\/div>\n\t\t\t\t<\/div>\n\t\t\t\t<div class=\"elementor-element elementor-element-5cc1fdd elementor-widget elementor-widget-heading\" data-id=\"5cc1fdd\" data-element_type=\"widget\" data-widget_type=\"heading.default\">\n\t\t\t\t<div class=\"elementor-widget-container\">\n\t\t\t<h2 class=\"elementor-heading-title elementor-size-default\">Weitere behindertengerechte Fahrzeuge<\/h2>\t\t<\/div>\n\t\t\t\t<\/div>\n\t\t\t\t<div class=\"elementor-element elementor-element-c8c14fa elementor-widget elementor-widget-text-editor\" data-id=\"c8c14fa\" data-element_type=\"widget\" data-widget_type=\"text-editor.default\">\n\t\t\t\t<div class=\"elementor-widget-container\">\n\t\t\t\t\t\t\t<p>Suchen Sie ein anderes Modell oder mehr Platz?<br data-start=\"2124\" data-end=\"2127\" \/>Sehen Sie sich auch unser weiteres behindertengerechtes Auto auf Mallorca an.<\/p><p data-start=\"2230\" data-end=\"2317\">In unserer Kategorie<br data-start=\"2250\" data-end=\"2253\" \/><a href=\"https:\/\/rentexpressmallorca.com\/de\/mietvagen-auf-mallorca\/\">Autovermietung Mallorca<\/a><br data-start=\"2276\" data-end=\"2279\" \/>finden Sie alle verf\u00fcgbaren Fahrzeuge.<\/p>\t\t\t\t\t\t<\/div>\n\t\t\t\t<\/div>\n\t\t\t\t<div class=\"elementor-element elementor-element-9b283b0 elementor-widget elementor-widget-heading\" data-id=\"9b283b0\" data-element_type=\"widget\" data-widget_type=\"heading.default\">\n\t\t\t\t<div class=\"elementor-widget-container\">\n\t\t\t<h2 class=\"elementor-heading-title elementor-size-default\">Reservierung<\/h2>\t\t<\/div>\n\t\t\t\t<\/div>\n\t\t\t\t<div class=\"elementor-element elementor-element-c0a1698 elementor-widget elementor-widget-text-editor\" data-id=\"c0a1698\" data-element_type=\"widget\" data-widget_type=\"text-editor.default\">\n\t\t\t\t<div class=\"elementor-widget-container\">\n\t\t\t\t\t\t\t<p>Die Reservierung erfolgt im Voraus.<br data-start=\"2401\" data-end=\"2404\" \/>Kontaktieren Sie uns mit Reisedaten, Lieferort und Mietdauer.<\/p>\t\t\t\t\t\t<\/div>\n\t\t\t\t<\/div>\n\t\t\t\t<div class=\"elementor-element elementor-element-fa8d526 elementor-widget elementor-widget-heading\" data-id=\"fa8d526\" data-element_type=\"widget\" data-widget_type=\"heading.default\">\n\t\t\t\t<div class=\"elementor-widget-container\">\n\t\t\t<h2 class=\"elementor-heading-title elementor-size-default\">H\u00e4ufige Fragen zur Miete<\/h2>\t\t<\/div>\n\t\t\t\t<\/div>\n\t\t\t\t<div class=\"elementor-element elementor-element-18c4be0 elementor-widget elementor-widget-accordion\" data-id=\"18c4be0\" data-element_type=\"widget\" data-widget_type=\"accordion.default\">\n\t\t\t\t<div class=\"elementor-widget-container\">\n\t\t\t<style>\/*! elementor - v3.19.0 - 05-02-2024 *\/\n.elementor-accordion{text-align:left}.elementor-accordion .elementor-accordion-item{border:1px solid #d5d8dc}.elementor-accordion .elementor-accordion-item+.elementor-accordion-item{border-top:none}.elementor-accordion .elementor-tab-title{margin:0;padding:15px 20px;font-weight:700;line-height:1;cursor:pointer;outline:none}.elementor-accordion .elementor-tab-title .elementor-accordion-icon{display:inline-block;width:1.5em}.elementor-accordion .elementor-tab-title .elementor-accordion-icon svg{width:1em;height:1em}.elementor-accordion .elementor-tab-title .elementor-accordion-icon.elementor-accordion-icon-right{float:right;text-align:right}.elementor-accordion .elementor-tab-title .elementor-accordion-icon.elementor-accordion-icon-left{float:left;text-align:left}.elementor-accordion .elementor-tab-title .elementor-accordion-icon .elementor-accordion-icon-closed{display:block}.elementor-accordion .elementor-tab-title .elementor-accordion-icon .elementor-accordion-icon-opened,.elementor-accordion .elementor-tab-title.elementor-active .elementor-accordion-icon-closed{display:none}.elementor-accordion .elementor-tab-title.elementor-active .elementor-accordion-icon-opened{display:block}.elementor-accordion .elementor-tab-content{display:none;padding:15px 20px;border-top:1px solid #d5d8dc}@media (max-width:767px){.elementor-accordion .elementor-tab-title{padding:12px 15px}.elementor-accordion .elementor-tab-title .elementor-accordion-icon{width:1.2em}.elementor-accordion .elementor-tab-content{padding:7px 15px}}.e-con-inner>.elementor-widget-accordion,.e-con>.elementor-widget-accordion{width:var(--container-widget-width);--flex-grow:var(--container-widget-flex-grow)}<\/style>\t\t<div class=\"elementor-accordion\">\n\t\t\t\t\t\t\t<div class=\"elementor-accordion-item\">\n\t\t\t\t\t<div id=\"elementor-tab-title-2591\" class=\"elementor-tab-title\" data-tab=\"1\" role=\"button\" aria-controls=\"elementor-tab-content-2591\" aria-expanded=\"false\">\n\t\t\t\t\t\t\t\t\t\t\t\t\t<span class=\"elementor-accordion-icon elementor-accordion-icon-left\" aria-hidden=\"true\">\n\t\t\t\t\t\t\t\t\t\t\t\t\t\t\t<span class=\"elementor-accordion-icon-closed\"><i class=\"fas fa-plus\"><\/i><\/span>\n\t\t\t\t\t\t\t\t<span class=\"elementor-accordion-icon-opened\"><i class=\"fas fa-minus\"><\/i><\/span>\n\t\t\t\t\t\t\t\t\t\t\t\t\t\t<\/span>\n\t\t\t\t\t\t\t\t\t\t\t\t<a class=\"elementor-accordion-title\" tabindex=\"0\">Ist das Auto f\u00fcr Rollstuhlfahrer geeignet?<\/a>\n\t\t\t\t\t<\/div>\n\t\t\t\t\t<div id=\"elementor-tab-content-2591\" class=\"elementor-tab-content elementor-clearfix\" data-tab=\"1\" role=\"region\" aria-labelledby=\"elementor-tab-title-2591\"><p>Ja, unser behindertengerechtes Auto auf Mallorca ist speziell f\u00fcr Rollstuhlfahrer ausgestattet. Es verf\u00fcgt \u00fcber eine Rampe und ein sicheres Befestigungssystem f\u00fcr den Rollstuhl w\u00e4hrend der Fahrt.<\/p><\/div>\n\t\t\t\t<\/div>\n\t\t\t\t\t\t\t<div class=\"elementor-accordion-item\">\n\t\t\t\t\t<div id=\"elementor-tab-title-2592\" class=\"elementor-tab-title\" data-tab=\"2\" role=\"button\" aria-controls=\"elementor-tab-content-2592\" aria-expanded=\"false\">\n\t\t\t\t\t\t\t\t\t\t\t\t\t<span class=\"elementor-accordion-icon elementor-accordion-icon-left\" aria-hidden=\"true\">\n\t\t\t\t\t\t\t\t\t\t\t\t\t\t\t<span class=\"elementor-accordion-icon-closed\"><i class=\"fas fa-plus\"><\/i><\/span>\n\t\t\t\t\t\t\t\t<span class=\"elementor-accordion-icon-opened\"><i class=\"fas fa-minus\"><\/i><\/span>\n\t\t\t\t\t\t\t\t\t\t\t\t\t\t<\/span>\n\t\t\t\t\t\t\t\t\t\t\t\t<a class=\"elementor-accordion-title\" tabindex=\"0\">Wird das Fahrzeug zum Flughafen Palma geliefert?<\/a>\n\t\t\t\t\t<\/div>\n\t\t\t\t\t<div id=\"elementor-tab-content-2592\" class=\"elementor-tab-content elementor-clearfix\" data-tab=\"2\" role=\"region\" aria-labelledby=\"elementor-tab-title-2592\"><p>Ja, wir liefern das behindertengerechte Auto direkt zum Flughafen Palma oder an den gew\u00fcnschten Treffpunkt. Bitte geben Sie bei der Reservierung an, dass Sie die \u00dcbergabe am Flughafen w\u00fcnschen.<\/p><\/div>\n\t\t\t\t<\/div>\n\t\t\t\t\t\t\t<div class=\"elementor-accordion-item\">\n\t\t\t\t\t<div id=\"elementor-tab-title-2593\" class=\"elementor-tab-title\" data-tab=\"3\" role=\"button\" aria-controls=\"elementor-tab-content-2593\" aria-expanded=\"false\">\n\t\t\t\t\t\t\t\t\t\t\t\t\t<span class=\"elementor-accordion-icon elementor-accordion-icon-left\" aria-hidden=\"true\">\n\t\t\t\t\t\t\t\t\t\t\t\t\t\t\t<span class=\"elementor-accordion-icon-closed\"><i class=\"fas fa-plus\"><\/i><\/span>\n\t\t\t\t\t\t\t\t<span class=\"elementor-accordion-icon-opened\"><i class=\"fas fa-minus\"><\/i><\/span>\n\t\t\t\t\t\t\t\t\t\t\t\t\t\t<\/span>\n\t\t\t\t\t\t\t\t\t\t\t\t<a class=\"elementor-accordion-title\" tabindex=\"0\">Ist eine Lieferung ins Hotel m\u00f6glich?<\/a>\n\t\t\t\t\t<\/div>\n\t\t\t\t\t<div id=\"elementor-tab-content-2593\" class=\"elementor-tab-content elementor-clearfix\" data-tab=\"3\" role=\"region\" aria-labelledby=\"elementor-tab-title-2593\"><p>Ja, wir liefern das Fahrzeug auch direkt ins Hotel, zur Ferienwohnung oder an eine Privatadresse auf Mallorca. In einigen Regionen kann eine zus\u00e4tzliche Liefergeb\u00fchr anfallen.<\/p><\/div>\n\t\t\t\t<\/div>\n\t\t\t\t\t\t\t<div class=\"elementor-accordion-item\">\n\t\t\t\t\t<div id=\"elementor-tab-title-2594\" class=\"elementor-tab-title\" data-tab=\"4\" role=\"button\" aria-controls=\"elementor-tab-content-2594\" aria-expanded=\"false\">\n\t\t\t\t\t\t\t\t\t\t\t\t\t<span class=\"elementor-accordion-icon elementor-accordion-icon-left\" aria-hidden=\"true\">\n\t\t\t\t\t\t\t\t\t\t\t\t\t\t\t<span class=\"elementor-accordion-icon-closed\"><i class=\"fas fa-plus\"><\/i><\/span>\n\t\t\t\t\t\t\t\t<span class=\"elementor-accordion-icon-opened\"><i class=\"fas fa-minus\"><\/i><\/span>\n\t\t\t\t\t\t\t\t\t\t\t\t\t\t<\/span>\n\t\t\t\t\t\t\t\t\t\t\t\t<a class=\"elementor-accordion-title\" tabindex=\"0\">Kann ich das Fahrzeug f\u00fcr mehrere Tage mieten?<\/a>\n\t\t\t\t\t<\/div>\n\t\t\t\t\t<div id=\"elementor-tab-content-2594\" class=\"elementor-tab-content elementor-clearfix\" data-tab=\"4\" role=\"region\" aria-labelledby=\"elementor-tab-title-2594\"><p>Ja, das behindertengerechte Auto kann f\u00fcr kurze und l\u00e4ngere Mietzeitr\u00e4ume gebucht werden. Teilen Sie uns einfach Ihre Reisedaten mit.<\/p><\/div>\n\t\t\t\t<\/div>\n\t\t\t\t\t\t\t<div class=\"elementor-accordion-item\">\n\t\t\t\t\t<div id=\"elementor-tab-title-2595\" class=\"elementor-tab-title\" data-tab=\"5\" role=\"button\" aria-controls=\"elementor-tab-content-2595\" aria-expanded=\"false\">\n\t\t\t\t\t\t\t\t\t\t\t\t\t<span class=\"elementor-accordion-icon elementor-accordion-icon-left\" aria-hidden=\"true\">\n\t\t\t\t\t\t\t\t\t\t\t\t\t\t\t<span class=\"elementor-accordion-icon-closed\"><i class=\"fas fa-plus\"><\/i><\/span>\n\t\t\t\t\t\t\t\t<span class=\"elementor-accordion-icon-opened\"><i class=\"fas fa-minus\"><\/i><\/span>\n\t\t\t\t\t\t\t\t\t\t\t\t\t\t<\/span>\n\t\t\t\t\t\t\t\t\t\t\t\t<a class=\"elementor-accordion-title\" tabindex=\"0\">Ist eine Reservierung im Voraus notwendig?<\/a>\n\t\t\t\t\t<\/div>\n\t\t\t\t\t<div id=\"elementor-tab-content-2595\" class=\"elementor-tab-content elementor-clearfix\" data-tab=\"5\" role=\"region\" aria-labelledby=\"elementor-tab-title-2595\"><p>Wir empfehlen eine Reservierung im Voraus, besonders in der Hochsaison. So stellen wir sicher, dass das Fahrzeug zum gew\u00fcnschten Datum verf\u00fcgbar ist.<\/p><\/div>\n\t\t\t\t<\/div>\n\t\t\t\t\t\t\t<div class=\"elementor-accordion-item\">\n\t\t\t\t\t<div id=\"elementor-tab-title-2596\" class=\"elementor-tab-title\" data-tab=\"6\" role=\"button\" aria-controls=\"elementor-tab-content-2596\" aria-expanded=\"false\">\n\t\t\t\t\t\t\t\t\t\t\t\t\t<span class=\"elementor-accordion-icon elementor-accordion-icon-left\" aria-hidden=\"true\">\n\t\t\t\t\t\t\t\t\t\t\t\t\t\t\t<span class=\"elementor-accordion-icon-closed\"><i class=\"fas fa-plus\"><\/i><\/span>\n\t\t\t\t\t\t\t\t<span class=\"elementor-accordion-icon-opened\"><i class=\"fas fa-minus\"><\/i><\/span>\n\t\t\t\t\t\t\t\t\t\t\t\t\t\t<\/span>\n\t\t\t\t\t\t\t\t\t\t\t\t<a class=\"elementor-accordion-title\" tabindex=\"0\">Welche Dokumente werden ben\u00f6tigt?<\/a>\n\t\t\t\t\t<\/div>\n\t\t\t\t\t<div id=\"elementor-tab-content-2596\" class=\"elementor-tab-content elementor-clearfix\" data-tab=\"6\" role=\"region\" aria-labelledby=\"elementor-tab-title-2596\"><p>F\u00fcr die Anmietung ben\u00f6tigen wir einen g\u00fcltigen F\u00fchrerschein und einen Ausweis. Weitere Informationen erhalten Sie bei der Reservierung.<\/p><\/div>\n\t\t\t\t<\/div>\n\t\t\t\t\t\t\t<div class=\"elementor-accordion-item\">\n\t\t\t\t\t<div id=\"elementor-tab-title-2597\" class=\"elementor-tab-title\" data-tab=\"7\" role=\"button\" aria-controls=\"elementor-tab-content-2597\" aria-expanded=\"false\">\n\t\t\t\t\t\t\t\t\t\t\t\t\t<span class=\"elementor-accordion-icon elementor-accordion-icon-left\" aria-hidden=\"true\">\n\t\t\t\t\t\t\t\t\t\t\t\t\t\t\t<span class=\"elementor-accordion-icon-closed\"><i class=\"fas fa-plus\"><\/i><\/span>\n\t\t\t\t\t\t\t\t<span class=\"elementor-accordion-icon-opened\"><i class=\"fas fa-minus\"><\/i><\/span>\n\t\t\t\t\t\t\t\t\t\t\t\t\t\t<\/span>\n\t\t\t\t\t\t\t\t\t\t\t\t<a class=\"elementor-accordion-title\" tabindex=\"0\">Gibt es weitere Fahrzeuge zur Auswahl?<\/a>\n\t\t\t\t\t<\/div>\n\t\t\t\t\t<div id=\"elementor-tab-content-2597\" class=\"elementor-tab-content elementor-clearfix\" data-tab=\"7\" role=\"region\" aria-labelledby=\"elementor-tab-title-2597\"><p>Ja, in unserer Kategorie<br data-start=\"1573\" data-end=\"1576\" \/>Autovermietung Mallorca<br data-start=\"1599\" data-end=\"1602\" \/>finden Sie weitere behindertengerechte Fahrzeuge auf der Insel.<\/p><\/div>\n\t\t\t\t<\/div>\n\t\t\t\t\t\t\t<div class=\"elementor-accordion-item\">\n\t\t\t\t\t<div id=\"elementor-tab-title-2598\" class=\"elementor-tab-title\" data-tab=\"8\" role=\"button\" aria-controls=\"elementor-tab-content-2598\" aria-expanded=\"false\">\n\t\t\t\t\t\t\t\t\t\t\t\t\t<span class=\"elementor-accordion-icon elementor-accordion-icon-left\" aria-hidden=\"true\">\n\t\t\t\t\t\t\t\t\t\t\t\t\t\t\t<span class=\"elementor-accordion-icon-closed\"><i class=\"fas fa-plus\"><\/i><\/span>\n\t\t\t\t\t\t\t\t<span class=\"elementor-accordion-icon-opened\"><i class=\"fas fa-minus\"><\/i><\/span>\n\t\t\t\t\t\t\t\t\t\t\t\t\t\t<\/span>\n\t\t\t\t\t\t\t\t\t\t\t\t<a class=\"elementor-accordion-title\" tabindex=\"0\">Kann das Fahrzeug auch am Ende des Urlaubs abgeholt werden?<\/a>\n\t\t\t\t\t<\/div>\n\t\t\t\t\t<div id=\"elementor-tab-content-2598\" class=\"elementor-tab-content elementor-clearfix\" data-tab=\"8\" role=\"region\" aria-labelledby=\"elementor-tab-title-2598\"><p>Ja, wir vereinbaren mit Ihnen einen Abholort und Zeitpunkt. Die R\u00fcckgabe kann am Flughafen, im Hotel oder an Ihrer Unterkunft erfolgen.<\/p><\/div>\n\t\t\t\t<\/div>\n\t\t\t\t\t\t\t<div class=\"elementor-accordion-item\">\n\t\t\t\t\t<div id=\"elementor-tab-title-2599\" class=\"elementor-tab-title\" data-tab=\"9\" role=\"button\" aria-controls=\"elementor-tab-content-2599\" aria-expanded=\"false\">\n\t\t\t\t\t\t\t\t\t\t\t\t\t<span class=\"elementor-accordion-icon elementor-accordion-icon-left\" aria-hidden=\"true\">\n\t\t\t\t\t\t\t\t\t\t\t\t\t\t\t<span class=\"elementor-accordion-icon-closed\"><i class=\"fas fa-plus\"><\/i><\/span>\n\t\t\t\t\t\t\t\t<span class=\"elementor-accordion-icon-opened\"><i class=\"fas fa-minus\"><\/i><\/span>\n\t\t\t\t\t\t\t\t\t\t\t\t\t\t<\/span>\n\t\t\t\t\t\t\t\t\t\t\t\t<a class=\"elementor-accordion-title\" tabindex=\"0\">Kann ich ein behindertengerechtes Auto auf Mallorca kurzfristig mieten?<\/a>\n\t\t\t\t\t<\/div>\n\t\t\t\t\t<div id=\"elementor-tab-content-2599\" class=\"elementor-tab-content elementor-clearfix\" data-tab=\"9\" role=\"region\" aria-labelledby=\"elementor-tab-title-2599\"><p>Je nach Verf\u00fcgbarkeit ist auch eine kurzfristige Buchung m\u00f6glich. Kontaktieren Sie uns am besten direkt, um die aktuelle Verf\u00fcgbarkeit zu pr\u00fcfen.<\/p><\/div>\n\t\t\t\t<\/div>\n\t\t\t\t\t\t\t\t<\/div>\n\t\t\t\t<\/div>\n\t\t\t\t<\/div>\n\t\t\t\t<div class=\"elementor-element elementor-element-9b6571b elementor-widget elementor-widget-heading\" data-id=\"9b6571b\" data-element_type=\"widget\" data-widget_type=\"heading.default\">\n\t\t\t\t<div class=\"elementor-widget-container\">\n\t\t\t<h2 class=\"elementor-heading-title elementor-size-default\">Kontakt <\/h2>\t\t<\/div>\n\t\t\t\t<\/div>\n\t\t\t\t<div class=\"elementor-element elementor-element-85c98ae elementor-widget elementor-widget-text-editor\" data-id=\"85c98ae\" data-element_type=\"widget\" data-widget_type=\"text-editor.default\">\n\t\t\t\t<div class=\"elementor-widget-container\">\n\t\t\t\t\t\t\t<p data-start=\"1429\" data-end=\"1491\">Sie k\u00f6nnen Ihren Mietwagen auf Mallorca ganz einfach anfragen:<\/p><p data-start=\"1493\" data-end=\"1578\"><img decoding=\"async\" class=\"emoji\" role=\"img\" draggable=\"false\" src=\"https:\/\/s.w.org\/images\/core\/emoji\/17.0.2\/svg\/1f4cd.svg\" alt=\"\ud83d\udccd\" \/>\u00a0Abholung: Calle 31 de diciembre 3, Palma<br data-start=\"1536\" data-end=\"1539\" \/><img decoding=\"async\" class=\"emoji\" role=\"img\" draggable=\"false\" src=\"https:\/\/s.w.org\/images\/core\/emoji\/17.0.2\/svg\/1f4f2.svg\" alt=\"\ud83d\udcf2\" \/>\u00a0Kontakt per WhatsApp oder Formular<\/p><p data-start=\"1580\" data-end=\"1649\">Eine fr\u00fchzeitige Anfrage wird empfohlen, besonders in der Hochsaison.<\/p>\t\t\t\t\t\t<\/div>\n\t\t\t\t<\/div>\n\t\t\t\t\t<\/div>\n\t\t\t\t<\/div>\n\t\t\t\t<\/div>\n\t\t","protected":false},"excerpt":{"rendered":"<p>Unser behindertengerechtes Auto auf Mallorca bietet eine sichere und komfortable L\u00f6sung f\u00fcr Menschen mit eingeschr\u00e4nkter Mobilit\u00e4t. Das Fahrzeug ist mit Rampe ausgestattet und erm\u00f6glicht einen einfachen Zugang mit Rollstuhl, ohne Umsetzen. Dieses Modell eignet sich ideal f\u00fcr Urlauber, die w\u00e4hrend ihres Aufenthalts auf Mallorca mobil bleiben m\u00f6chten und ein zuverl\u00e4ssiges Fahrzeug mit barrierefreiem Zugang ben\u00f6tigen. [&hellip;]<\/p>\n","protected":false},"author":1,"featured_media":31518,"comment_status":"closed","ping_status":"open","sticky":false,"template":"","format":"image","meta":{"site-sidebar-layout":"default","site-content-layout":"","ast-site-content-layout":"default","site-content-style":"default","site-sidebar-style":"default","ast-global-header-display":"","ast-banner-title-visibility":"","ast-main-header-display":"","ast-hfb-above-header-display":"","ast-hfb-below-header-display":"","ast-hfb-mobile-header-display":"","site-post-title":"","ast-breadcrumbs-content":"","ast-featured-img":"","footer-sml-layout":"","ast-disable-related-posts":"","theme-transparent-header-meta":"","adv-header-id-meta":"","stick-header-meta":"","header-above-stick-meta":"","header-main-stick-meta":"","header-below-stick-meta":"","astra-migrate-meta-layouts":"default","ast-page-background-enabled":"default","ast-page-background-meta":{"desktop":{"background-color":"var(--ast-global-color-4)","background-image":"","background-repeat":"repeat","background-position":"center center","background-size":"auto","background-attachment":"scroll","background-type":"","background-media":"","overlay-type":"","overlay-color":"","overlay-opacity":"","overlay-gradient":""},"tablet":{"background-color":"","background-image":"","background-repeat":"repeat","background-position":"center center","background-size":"auto","background-attachment":"scroll","background-type":"","background-media":"","overlay-type":"","overlay-color":"","overlay-opacity":"","overlay-gradient":""},"mobile":{"background-color":"","background-image":"","background-repeat":"repeat","background-position":"center center","background-size":"auto","background-attachment":"scroll","background-type":"","background-media":"","overlay-type":"","overlay-color":"","overlay-opacity":"","overlay-gradient":""}},"ast-content-background-meta":{"desktop":{"background-color":"var(--ast-global-color-5)","background-image":"","background-repeat":"repeat","background-position":"center center","background-size":"auto","background-attachment":"scroll","background-type":"","background-media":"","overlay-type":"","overlay-color":"","overlay-opacity":"","overlay-gradient":""},"tablet":{"background-color":"var(--ast-global-color-5)","background-image":"","background-repeat":"repeat","background-position":"center center","background-size":"auto","background-attachment":"scroll","background-type":"","background-media":"","overlay-type":"","overlay-color":"","overlay-opacity":"","overlay-gradient":""},"mobile":{"background-color":"var(--ast-global-color-5)","background-image":"","background-repeat":"repeat","background-position":"center center","background-size":"auto","background-attachment":"scroll","background-type":"","background-media":"","overlay-type":"","overlay-color":"","overlay-opacity":"","overlay-gradient":""}},"footnotes":""},"categories":[937],"tags":[938,939,940,941,942,943,944,945,946,947,948,949,950,951,952,953],"class_list":["post-19283","post","type-post","status-publish","format-image","has-post-thumbnail","hentry","category-autovermietung","tag-aeropuerto-de-palma-de-mallorca-de","tag-alquilar-un-coche-al-aeropuerto-de-mallorca-de","tag-alquilar-un-coche-barato-en-mallorca-de","tag-alquilar-un-coche-en-palma-de","tag-alquilar-un-coche-en-palma-de-mallorca-de","tag-alquiler-de-coche-aeropuerto-de-mallorca-de","tag-alquiler-de-coche-en-mallorca-de","tag-alquiler-de-coche-en-palma-de-mallorca-de","tag-alquiler-de-coches-aeropuerto-palma-de-mallorca-de","tag-economico-de","tag-lloguer-de-cotxes-aeroport-de-mallorca-de","tag-lloguer-de-coxes-en-mallorca-de","tag-rent-a-car-de","tag-rent-a-car-mallorca-de","tag-rentar-un-coche-en-mallorca-de","tag-sin-deposito-de","post_format-post-format-image"],"_links":{"self":[{"href":"https:\/\/rentexpressmallorca.com\/de\/wp-json\/wp\/v2\/posts\/19283","targetHints":{"allow":["GET"]}}],"collection":[{"href":"https:\/\/rentexpressmallorca.com\/de\/wp-json\/wp\/v2\/posts"}],"about":[{"href":"https:\/\/rentexpressmallorca.com\/de\/wp-json\/wp\/v2\/types\/post"}],"author":[{"embeddable":true,"href":"https:\/\/rentexpressmallorca.com\/de\/wp-json\/wp\/v2\/users\/1"}],"replies":[{"embeddable":true,"href":"https:\/\/rentexpressmallorca.com\/de\/wp-json\/wp\/v2\/comments?post=19283"}],"version-history":[{"count":54,"href":"https:\/\/rentexpressmallorca.com\/de\/wp-json\/wp\/v2\/posts\/19283\/revisions"}],"predecessor-version":[{"id":35312,"href":"https:\/\/rentexpressmallorca.com\/de\/wp-json\/wp\/v2\/posts\/19283\/revisions\/35312"}],"wp:featuredmedia":[{"embeddable":true,"href":"https:\/\/rentexpressmallorca.com\/de\/wp-json\/wp\/v2\/media\/31518"}],"wp:attachment":[{"href":"https:\/\/rentexpressmallorca.com\/de\/wp-json\/wp\/v2\/media?parent=19283"}],"wp:term":[{"taxonomy":"category","embeddable":true,"href":"https:\/\/rentexpressmallorca.com\/de\/wp-json\/wp\/v2\/categories?post=19283"},{"taxonomy":"post_tag","embeddable":true,"href":"https:\/\/rentexpressmallorca.com\/de\/wp-json\/wp\/v2\/tags?post=19283"}],"curies":[{"name":"wp","href":"https:\/\/api.w.org\/{rel}","templated":true}]}}