{"id":19292,"date":"2018-01-29T11:52:53","date_gmt":"2018-01-29T10:52:53","guid":{"rendered":"https:\/\/rentexpressmallorca.com\/alquiler-sillas-de-playa-mallorca\/"},"modified":"2026-03-13T15:07:03","modified_gmt":"2026-03-13T14:07:03","slug":"strandstuhl","status":"publish","type":"post","link":"https:\/\/rentexpressmallorca.com\/de\/strandstuhl\/","title":{"rendered":"Strandstuhl auf Mallorca mieten"},"content":{"rendered":"\t\t<div data-elementor-type=\"wp-post\" data-elementor-id=\"19292\" class=\"elementor elementor-19292 elementor-18105\" data-elementor-post-type=\"post\">\n\t\t\t\t<div class=\"elementor-element elementor-element-5d46cdb e-flex e-con-boxed e-con e-parent\" data-id=\"5d46cdb\" data-element_type=\"container\" data-settings=\"{&quot;content_width&quot;:&quot;boxed&quot;}\" data-core-v316-plus=\"true\">\n\t\t\t\t\t<div class=\"e-con-inner\">\n\t\t\t\t<div class=\"elementor-element elementor-element-e802bb8 elementor-widget elementor-widget-text-editor\" data-id=\"e802bb8\" data-element_type=\"widget\" data-widget_type=\"text-editor.default\">\n\t\t\t\t<div class=\"elementor-widget-container\">\n\t\t\t<style>\/*! elementor - v3.19.0 - 05-02-2024 *\/\n.elementor-widget-text-editor.elementor-drop-cap-view-stacked .elementor-drop-cap{background-color:#69727d;color:#fff}.elementor-widget-text-editor.elementor-drop-cap-view-framed .elementor-drop-cap{color:#69727d;border:3px solid;background-color:transparent}.elementor-widget-text-editor:not(.elementor-drop-cap-view-default) .elementor-drop-cap{margin-top:8px}.elementor-widget-text-editor:not(.elementor-drop-cap-view-default) .elementor-drop-cap-letter{width:1em;height:1em}.elementor-widget-text-editor .elementor-drop-cap{float:left;text-align:center;line-height:1;font-size:50px}.elementor-widget-text-editor .elementor-drop-cap-letter{display:inline-block}<\/style>\t\t\t\t<p data-start=\"185\" data-end=\"390\">Einen Strandstuhl auf Mallorca zu mieten ist die einfache L\u00f6sung f\u00fcr entspannte Tage am Strand. Unser leichter und faltbarer Strandstuhl ist ideal f\u00fcr Urlauber, die Komfort und Mobilit\u00e4t verbinden m\u00f6chten.<\/p><p data-start=\"392\" data-end=\"597\">Der Strandstuhl besteht aus atmungsaktivem Stoff und einem leichten Aluminiumrahmen. Dadurch ist er besonders angenehm bei warmen Temperaturen und l\u00e4sst sich problemlos vom Hotel zum Strand transportieren.<\/p><p data-start=\"599\" data-end=\"735\">Die Lieferung ist zum Flughafen Palma oder direkt ins Hotel m\u00f6glich. Dieser Strandstuhl ist Teil unserer <a href=\"https:\/\/rentexpressmallorca.com\/de\/category\/strandzubehor\/\"><strong data-start=\"704\" data-end=\"734\">Strandzubeh\u00f6r auf Mallorca<\/strong><\/a>.<\/p>\t\t\t\t\t\t<\/div>\n\t\t\t\t<\/div>\n\t\t\t\t<div class=\"elementor-element elementor-element-4b04962 elementor-widget elementor-widget-heading\" data-id=\"4b04962\" data-element_type=\"widget\" data-widget_type=\"heading.default\">\n\t\t\t\t<div class=\"elementor-widget-container\">\n\t\t\t<style>\/*! elementor - v3.19.0 - 05-02-2024 *\/\n.elementor-heading-title{padding:0;margin:0;line-height:1}.elementor-widget-heading .elementor-heading-title[class*=elementor-size-]>a{color:inherit;font-size:inherit;line-height:inherit}.elementor-widget-heading .elementor-heading-title.elementor-size-small{font-size:15px}.elementor-widget-heading .elementor-heading-title.elementor-size-medium{font-size:19px}.elementor-widget-heading .elementor-heading-title.elementor-size-large{font-size:29px}.elementor-widget-heading .elementor-heading-title.elementor-size-xl{font-size:39px}.elementor-widget-heading .elementor-heading-title.elementor-size-xxl{font-size:59px}<\/style><h2 class=\"elementor-heading-title elementor-size-default\">Flughafen oder Abholung im Gesch\u00e4ft<\/h2>\t\t<\/div>\n\t\t\t\t<\/div>\n\t\t\t\t<div class=\"elementor-element elementor-element-aa3ce3e elementor-widget elementor-widget-text-editor\" data-id=\"aa3ce3e\" data-element_type=\"widget\" data-widget_type=\"text-editor.default\">\n\t\t\t\t<div class=\"elementor-widget-container\">\n\t\t\t\t\t\t\t<p>Der Strandstuhl kann am <strong data-start=\"244\" data-end=\"263\">Flughafen Palma<\/strong> \u00fcbergeben oder <strong data-start=\"279\" data-end=\"312\">kostenlos in unserem Gesch\u00e4ft<\/strong> abgeholt werden.<\/p>\n<h3 data-start=\"331\" data-end=\"356\">\u00dcbergabe am Flughafen<\/h3>\n<p data-start=\"357\" data-end=\"430\">Nach der Ankunft bitte Gep\u00e4ck abholen und anrufen:<br data-start=\"407\" data-end=\"410\" \/><strong data-start=\"410\" data-end=\"430\">+34 697 40 23 52<\/strong><\/p>\n<p data-start=\"432\" data-end=\"555\">Treffpunkt ist beim <strong data-start=\"452\" data-end=\"501\">\u00f6ffentlichen Parkplatz gegen\u00fcber dem Terminal<\/strong><br data-start=\"501\" data-end=\"504\" \/>bei der <strong data-start=\"512\" data-end=\"525\">Bar OASIS<\/strong>.<br data-start=\"526\" data-end=\"529\" \/>Dort erfolgt die \u00dcbergabe.<\/p>\n<p data-start=\"557\" data-end=\"625\">Geb\u00fchr Flughafen-\u00dcbergabe: <strong data-start=\"584\" data-end=\"592\">10 \u20ac<\/strong><br data-start=\"592\" data-end=\"595\" \/>Wartezeit: ca. 10\u201315 Minuten<\/p>\n<p data-start=\"627\" data-end=\"700\">Bitte geben Sie bei der Reservierung Ihre Flugnummer und Ankunftszeit an<\/p>\t\t\t\t\t\t<\/div>\n\t\t\t\t<\/div>\n\t\t\t\t<div class=\"elementor-element elementor-element-65deb58 elementor-widget elementor-widget-heading\" data-id=\"65deb58\" data-element_type=\"widget\" data-widget_type=\"heading.default\">\n\t\t\t\t<div class=\"elementor-widget-container\">\n\t\t\t<h2 class=\"elementor-heading-title elementor-size-default\">Kostenlose Abholung im Gesch\u00e4ft<\/h2>\t\t<\/div>\n\t\t\t\t<\/div>\n\t\t\t\t<div class=\"elementor-element elementor-element-6c26c16 elementor-widget elementor-widget-text-editor\" data-id=\"6c26c16\" data-element_type=\"widget\" data-widget_type=\"text-editor.default\">\n\t\t\t\t<div class=\"elementor-widget-container\">\n\t\t\t\t\t\t\t<p data-start=\"744\" data-end=\"825\">Sie k\u00f6nnen den Strandstuhl auch <strong data-start=\"776\" data-end=\"816\">kostenlos w\u00e4hrend der \u00d6ffnungszeiten<\/strong> abholen:<\/p><p data-start=\"827\" data-end=\"883\"><strong data-start=\"827\" data-end=\"854\">Gesch\u00e4ft nahe Flughafen<\/strong><br data-start=\"854\" data-end=\"857\" \/>Calle Manacor 123, Palma<\/p><p data-start=\"885\" data-end=\"946\"><strong data-start=\"885\" data-end=\"911\">Gesch\u00e4ft Zentrum Palma<\/strong><br data-start=\"911\" data-end=\"914\" \/>Calle 31 de Diciembre 3, Palma<\/p><p data-start=\"948\" data-end=\"980\">Bitte Abholung vorab ank\u00fcndigen. Dieser Artikel geh\u00f6rt zu unserer Kategorie <a href=\"https:\/\/rentexpressmallorca.com\/de\/category\/strandzubehor\/\">Strandzubeh\u00f6r auf Mallorca<\/a>.<\/p>\t\t\t\t\t\t<\/div>\n\t\t\t\t<\/div>\n\t\t\t\t<div class=\"elementor-element elementor-element-2047b9a elementor-widget elementor-widget-heading\" data-id=\"2047b9a\" data-element_type=\"widget\" data-widget_type=\"heading.default\">\n\t\t\t\t<div class=\"elementor-widget-container\">\n\t\t\t<h2 class=\"elementor-heading-title elementor-size-default\">PREISE<\/h2>\t\t<\/div>\n\t\t\t\t<\/div>\n\t\t\t\t<div class=\"elementor-element elementor-element-cf10a71 elementor-widget elementor-widget-text-editor\" data-id=\"cf10a71\" data-element_type=\"widget\" data-widget_type=\"text-editor.default\">\n\t\t\t\t<div class=\"elementor-widget-container\">\n\t\t\t\t\t\t\t<table><thead><tr><th>Mietdauer \/ Service<\/th><th>Preis<\/th><\/tr><\/thead><tbody><tr><td>3 Tage<\/td><td>7 \u20ac<\/td><\/tr><tr><td>1 Woche<\/td><td>15 \u20ac<\/td><\/tr><tr><td>Kaution<\/td><td>50 \u20ac<\/td><\/tr><tr><td>Flughafen Palma Lieferung &amp; R\u00fcckgabe<\/td><td>10 \u20ac<\/td><\/tr><\/tbody><\/table>\t\t\t\t\t\t<\/div>\n\t\t\t\t<\/div>\n\t\t\t\t<div class=\"elementor-element elementor-element-2de6e8b elementor-widget elementor-widget-heading\" data-id=\"2de6e8b\" data-element_type=\"widget\" data-widget_type=\"heading.default\">\n\t\t\t\t<div class=\"elementor-widget-container\">\n\t\t\t<h2 class=\"elementor-heading-title elementor-size-default\">VORTEILE<\/h2>\t\t<\/div>\n\t\t\t\t<\/div>\n\t\t\t\t<div class=\"elementor-element elementor-element-a65f97c elementor-widget elementor-widget-text-editor\" data-id=\"a65f97c\" data-element_type=\"widget\" data-widget_type=\"text-editor.default\">\n\t\t\t\t<div class=\"elementor-widget-container\">\n\t\t\t\t\t\t\t<p data-start=\"1425\" data-end=\"1561\">Leicht und faltbar<br data-start=\"1443\" data-end=\"1446\" \/>Atmungsaktiver Stoff<br data-start=\"1466\" data-end=\"1469\" \/>Verstellbare R\u00fcckenlehne<br data-start=\"1493\" data-end=\"1496\" \/>Einfach zu transportieren<br data-start=\"1521\" data-end=\"1524\" \/>Ideal f\u00fcr Strandurlaub auf Mallorca. Weitere Strandartikel wie<br data-start=\"581\" data-end=\"584\" \/><a href=\"https:\/\/rentexpressmallorca.com\/de\/category\/strandzubehor\/\"><strong data-start=\"584\" data-end=\"627\">Bollerwagen, Strandzelte oder K\u00fchlboxen<\/strong><\/a><br data-start=\"627\" data-end=\"630\" \/>k\u00f6nnen ebenfalls gemietet werden.<\/p>\t\t\t\t\t\t<\/div>\n\t\t\t\t<\/div>\n\t\t\t\t<div class=\"elementor-element elementor-element-3f1d4ad elementor-widget elementor-widget-heading\" data-id=\"3f1d4ad\" data-element_type=\"widget\" data-widget_type=\"heading.default\">\n\t\t\t\t<div class=\"elementor-widget-container\">\n\t\t\t<h2 class=\"elementor-heading-title elementor-size-default\">Treffpunkt am Flughafen Palma<\/h2>\t\t<\/div>\n\t\t\t\t<\/div>\n\t\t\t\t<div class=\"elementor-element elementor-element-7a874c2 elementor-widget elementor-widget-text-editor\" data-id=\"7a874c2\" data-element_type=\"widget\" data-widget_type=\"text-editor.default\">\n\t\t\t\t<div class=\"elementor-widget-container\">\n\t\t\t\t\t\t\t<p data-start=\"3278\" data-end=\"3341\">Nach der Gep\u00e4ckabholung kontaktieren Sie uns bitte telefonisch.<\/p><p data-start=\"3343\" data-end=\"3458\">Der Treffpunkt befindet sich im Geb\u00e4ude gegen\u00fcber dem \u00f6ffentlichen Parkplatz, wo sich die Mietwagenfirmen befinden.<\/p><p data-start=\"3460\" data-end=\"3550\">Im Erdgeschoss finden Sie die <strong data-start=\"3490\" data-end=\"3503\">Bar Oasis<\/strong>, wo wir die \u00dcbergabe und R\u00fcckgabe durchf\u00fchren.<\/p><p data-start=\"3552\" data-end=\"3613\">Bitte rufen Sie uns etwa <strong data-start=\"3577\" data-end=\"3609\">15 Minuten vor Ihrer Ankunft<\/strong> an.<\/p>\t\t\t\t\t\t<\/div>\n\t\t\t\t<\/div>\n\t\t\t\t<div class=\"elementor-element elementor-element-0c552d1 elementor-widget elementor-widget-image\" data-id=\"0c552d1\" data-element_type=\"widget\" data-widget_type=\"image.default\">\n\t\t\t\t<div class=\"elementor-widget-container\">\n\t\t\t<style>\/*! elementor - v3.19.0 - 05-02-2024 *\/\n.elementor-widget-image{text-align:center}.elementor-widget-image a{display:inline-block}.elementor-widget-image a img[src$=\".svg\"]{width:48px}.elementor-widget-image img{vertical-align:middle;display:inline-block}<\/style>\t\t\t\t\t\t\t\t\t\t<img fetchpriority=\"high\" decoding=\"async\" width=\"300\" height=\"219\" src=\"https:\/\/rentexpressmallorca.com\/wp-content\/uploads\/2023\/12\/location-siege-auto-aeroport-Palma-Majorque-300x219.jpeg\" class=\"attachment-medium size-medium wp-image-35338\" alt=\"treffpunkt flughafen palma parkhaus bar coffee kindersitz\" srcset=\"https:\/\/rentexpressmallorca.com\/wp-content\/uploads\/2023\/12\/location-siege-auto-aeroport-Palma-Majorque-300x219.jpeg 300w, https:\/\/rentexpressmallorca.com\/wp-content\/uploads\/2023\/12\/location-siege-auto-aeroport-Palma-Majorque-768x560.jpeg 768w, https:\/\/rentexpressmallorca.com\/wp-content\/uploads\/2023\/12\/location-siege-auto-aeroport-Palma-Majorque.jpeg 1024w\" sizes=\"(max-width: 300px) 100vw, 300px\" \/>\t\t\t\t\t\t\t\t\t\t\t\t\t<\/div>\n\t\t\t\t<\/div>\n\t\t\t\t\t<\/div>\n\t\t\t\t<\/div>\n\t\t<div class=\"elementor-element elementor-element-c1efb4c e-flex e-con-boxed e-con e-parent\" data-id=\"c1efb4c\" data-element_type=\"container\" data-settings=\"{&quot;content_width&quot;:&quot;boxed&quot;}\" data-core-v316-plus=\"true\">\n\t\t\t\t\t<div class=\"e-con-inner\">\n\t\t\t\t<div class=\"elementor-element elementor-element-29cfd07 elementor-widget elementor-widget-heading\" data-id=\"29cfd07\" data-element_type=\"widget\" data-widget_type=\"heading.default\">\n\t\t\t\t<div class=\"elementor-widget-container\">\n\t\t\t<h2 class=\"elementor-heading-title elementor-size-default\">H\u00e4ufige Fragen zum Strandstuhl<\/h2>\t\t<\/div>\n\t\t\t\t<\/div>\n\t\t\t\t<div class=\"elementor-element elementor-element-b9619fd elementor-widget elementor-widget-accordion\" data-id=\"b9619fd\" data-element_type=\"widget\" data-widget_type=\"accordion.default\">\n\t\t\t\t<div class=\"elementor-widget-container\">\n\t\t\t<style>\/*! elementor - v3.19.0 - 05-02-2024 *\/\n.elementor-accordion{text-align:left}.elementor-accordion .elementor-accordion-item{border:1px solid #d5d8dc}.elementor-accordion .elementor-accordion-item+.elementor-accordion-item{border-top:none}.elementor-accordion .elementor-tab-title{margin:0;padding:15px 20px;font-weight:700;line-height:1;cursor:pointer;outline:none}.elementor-accordion .elementor-tab-title .elementor-accordion-icon{display:inline-block;width:1.5em}.elementor-accordion .elementor-tab-title .elementor-accordion-icon svg{width:1em;height:1em}.elementor-accordion .elementor-tab-title .elementor-accordion-icon.elementor-accordion-icon-right{float:right;text-align:right}.elementor-accordion .elementor-tab-title .elementor-accordion-icon.elementor-accordion-icon-left{float:left;text-align:left}.elementor-accordion .elementor-tab-title .elementor-accordion-icon .elementor-accordion-icon-closed{display:block}.elementor-accordion .elementor-tab-title .elementor-accordion-icon .elementor-accordion-icon-opened,.elementor-accordion .elementor-tab-title.elementor-active .elementor-accordion-icon-closed{display:none}.elementor-accordion .elementor-tab-title.elementor-active .elementor-accordion-icon-opened{display:block}.elementor-accordion .elementor-tab-content{display:none;padding:15px 20px;border-top:1px solid #d5d8dc}@media (max-width:767px){.elementor-accordion .elementor-tab-title{padding:12px 15px}.elementor-accordion .elementor-tab-title .elementor-accordion-icon{width:1.2em}.elementor-accordion .elementor-tab-content{padding:7px 15px}}.e-con-inner>.elementor-widget-accordion,.e-con>.elementor-widget-accordion{width:var(--container-widget-width);--flex-grow:var(--container-widget-flex-grow)}<\/style>\t\t<div class=\"elementor-accordion\">\n\t\t\t\t\t\t\t<div class=\"elementor-accordion-item\">\n\t\t\t\t\t<div id=\"elementor-tab-title-1941\" class=\"elementor-tab-title\" data-tab=\"1\" role=\"button\" aria-controls=\"elementor-tab-content-1941\" aria-expanded=\"false\">\n\t\t\t\t\t\t\t\t\t\t\t\t\t<span class=\"elementor-accordion-icon elementor-accordion-icon-left\" aria-hidden=\"true\">\n\t\t\t\t\t\t\t\t\t\t\t\t\t\t\t<span class=\"elementor-accordion-icon-closed\"><i class=\"fas fa-plus\"><\/i><\/span>\n\t\t\t\t\t\t\t\t<span class=\"elementor-accordion-icon-opened\"><i class=\"fas fa-minus\"><\/i><\/span>\n\t\t\t\t\t\t\t\t\t\t\t\t\t\t<\/span>\n\t\t\t\t\t\t\t\t\t\t\t\t<a class=\"elementor-accordion-title\" tabindex=\"0\">Kann der Strandstuhl ins Hotel geliefert werden?<\/a>\n\t\t\t\t\t<\/div>\n\t\t\t\t\t<div id=\"elementor-tab-content-1941\" class=\"elementor-tab-content elementor-clearfix\" data-tab=\"1\" role=\"region\" aria-labelledby=\"elementor-tab-title-1941\"><p>Ja, Lieferung ins Hotel oder zum Flughafen Palma m\u00f6glich.<\/p><\/div>\n\t\t\t\t<\/div>\n\t\t\t\t\t\t\t<div class=\"elementor-accordion-item\">\n\t\t\t\t\t<div id=\"elementor-tab-title-1942\" class=\"elementor-tab-title\" data-tab=\"2\" role=\"button\" aria-controls=\"elementor-tab-content-1942\" aria-expanded=\"false\">\n\t\t\t\t\t\t\t\t\t\t\t\t\t<span class=\"elementor-accordion-icon elementor-accordion-icon-left\" aria-hidden=\"true\">\n\t\t\t\t\t\t\t\t\t\t\t\t\t\t\t<span class=\"elementor-accordion-icon-closed\"><i class=\"fas fa-plus\"><\/i><\/span>\n\t\t\t\t\t\t\t\t<span class=\"elementor-accordion-icon-opened\"><i class=\"fas fa-minus\"><\/i><\/span>\n\t\t\t\t\t\t\t\t\t\t\t\t\t\t<\/span>\n\t\t\t\t\t\t\t\t\t\t\t\t<a class=\"elementor-accordion-title\" tabindex=\"0\">Ist der Strandstuhl leicht zu tragen?<\/a>\n\t\t\t\t\t<\/div>\n\t\t\t\t\t<div id=\"elementor-tab-content-1942\" class=\"elementor-tab-content elementor-clearfix\" data-tab=\"2\" role=\"region\" aria-labelledby=\"elementor-tab-title-1942\"><p>Ja, sehr leicht und faltbar.<\/p><\/div>\n\t\t\t\t<\/div>\n\t\t\t\t\t\t\t<div class=\"elementor-accordion-item\">\n\t\t\t\t\t<div id=\"elementor-tab-title-1943\" class=\"elementor-tab-title\" data-tab=\"3\" role=\"button\" aria-controls=\"elementor-tab-content-1943\" aria-expanded=\"false\">\n\t\t\t\t\t\t\t\t\t\t\t\t\t<span class=\"elementor-accordion-icon elementor-accordion-icon-left\" aria-hidden=\"true\">\n\t\t\t\t\t\t\t\t\t\t\t\t\t\t\t<span class=\"elementor-accordion-icon-closed\"><i class=\"fas fa-plus\"><\/i><\/span>\n\t\t\t\t\t\t\t\t<span class=\"elementor-accordion-icon-opened\"><i class=\"fas fa-minus\"><\/i><\/span>\n\t\t\t\t\t\t\t\t\t\t\t\t\t\t<\/span>\n\t\t\t\t\t\t\t\t\t\t\t\t<a class=\"elementor-accordion-title\" tabindex=\"0\">Wie hoch ist die Kaution?<\/a>\n\t\t\t\t\t<\/div>\n\t\t\t\t\t<div id=\"elementor-tab-content-1943\" class=\"elementor-tab-content elementor-clearfix\" data-tab=\"3\" role=\"region\" aria-labelledby=\"elementor-tab-title-1943\"><p>Die Kaution betr\u00e4gt 30 \u20ac und wird nach R\u00fcckgabe erstattet.<\/p><\/div>\n\t\t\t\t<\/div>\n\t\t\t\t\t\t\t\t<\/div>\n\t\t\t\t<\/div>\n\t\t\t\t<\/div>\n\t\t\t\t<div class=\"elementor-element elementor-element-9010570 elementor-widget elementor-widget-heading\" data-id=\"9010570\" data-element_type=\"widget\" data-widget_type=\"heading.default\">\n\t\t\t\t<div class=\"elementor-widget-container\">\n\t\t\t<h2 class=\"elementor-heading-title elementor-size-default\">Kontakt & Reservierung<\/h2>\t\t<\/div>\n\t\t\t\t<\/div>\n\t\t\t\t<div class=\"elementor-element elementor-element-96e02ed elementor-widget elementor-widget-text-editor\" data-id=\"96e02ed\" data-element_type=\"widget\" data-widget_type=\"text-editor.default\">\n\t\t\t\t<div class=\"elementor-widget-container\">\n\t\t\t\t\t\t\t<p data-start=\"120\" data-end=\"172\">Sie k\u00f6nnen den Strandstuhl ganz einfach reservieren:<\/p>\n<ul data-start=\"174\" data-end=\"244\">\n<li data-start=\"174\" data-end=\"194\">\n<p data-start=\"176\" data-end=\"194\">per <strong data-start=\"180\" data-end=\"192\">WhatsApp<\/strong><\/p>\n<\/li>\n<li data-start=\"195\" data-end=\"244\">\n<p data-start=\"197\" data-end=\"244\">\u00fcber das <strong data-start=\"206\" data-end=\"242\">Kontaktformular auf dieser Seite<\/strong><\/p>\n<\/li>\n<\/ul>\n<p data-start=\"246\" data-end=\"375\">Bitte geben Sie Mietdatum, Flughafen- oder Abholoption sowie Ihren Namen an.<br data-start=\"322\" data-end=\"325\" \/>Wir best\u00e4tigen Ihre Reservierung schnellstm\u00f6glich.<\/p>\n<p data-start=\"827\" data-end=\"883\"><strong data-start=\"827\" data-end=\"854\">Gesch\u00e4ft nahe Flughafen<\/strong><br data-start=\"854\" data-end=\"857\" \/>Calle Manacor 123, Palma<\/p>\n<p data-start=\"885\" data-end=\"946\"><strong data-start=\"885\" data-end=\"911\">Gesch\u00e4ft Zentrum Palma<\/strong><br data-start=\"911\" data-end=\"914\" \/>Calle 31 de Diciembre 3, Palma<\/p>\n<p data-start=\"948\" data-end=\"980\">Bitte Abholung vorab ank\u00fcndigen.<\/p>\t\t\t\t\t\t<\/div>\n\t\t\t\t<\/div>\n\t\t\t\t\t<\/div>\n\t\t\t\t<\/div>\n\t\t\t\t<\/div>\n\t\t","protected":false},"excerpt":{"rendered":"<p>Einen Strandstuhl auf Mallorca zu mieten ist die einfache L\u00f6sung f\u00fcr entspannte Tage am Strand. Unser leichter und faltbarer Strandstuhl ist ideal f\u00fcr Urlauber, die Komfort und Mobilit\u00e4t verbinden m\u00f6chten. Der Strandstuhl besteht aus atmungsaktivem Stoff und einem leichten Aluminiumrahmen. Dadurch ist er besonders angenehm bei warmen Temperaturen und l\u00e4sst sich problemlos vom Hotel zum [&hellip;]<\/p>\n","protected":false},"author":1,"featured_media":18909,"comment_status":"closed","ping_status":"open","sticky":false,"template":"","format":"image","meta":{"site-sidebar-layout":"default","site-content-layout":"","ast-site-content-layout":"default","site-content-style":"default","site-sidebar-style":"default","ast-global-header-display":"","ast-banner-title-visibility":"","ast-main-header-display":"","ast-hfb-above-header-display":"","ast-hfb-below-header-display":"","ast-hfb-mobile-header-display":"","site-post-title":"","ast-breadcrumbs-content":"","ast-featured-img":"","footer-sml-layout":"","ast-disable-related-posts":"","theme-transparent-header-meta":"","adv-header-id-meta":"","stick-header-meta":"","header-above-stick-meta":"","header-main-stick-meta":"","header-below-stick-meta":"","astra-migrate-meta-layouts":"default","ast-page-background-enabled":"default","ast-page-background-meta":{"desktop":{"background-color":"var(--ast-global-color-4)","background-image":"","background-repeat":"repeat","background-position":"center center","background-size":"auto","background-attachment":"scroll","background-type":"","background-media":"","overlay-type":"","overlay-color":"","overlay-opacity":"","overlay-gradient":""},"tablet":{"background-color":"","background-image":"","background-repeat":"repeat","background-position":"center center","background-size":"auto","background-attachment":"scroll","background-type":"","background-media":"","overlay-type":"","overlay-color":"","overlay-opacity":"","overlay-gradient":""},"mobile":{"background-color":"","background-image":"","background-repeat":"repeat","background-position":"center center","background-size":"auto","background-attachment":"scroll","background-type":"","background-media":"","overlay-type":"","overlay-color":"","overlay-opacity":"","overlay-gradient":""}},"ast-content-background-meta":{"desktop":{"background-color":"var(--ast-global-color-5)","background-image":"","background-repeat":"repeat","background-position":"center center","background-size":"auto","background-attachment":"scroll","background-type":"","background-media":"","overlay-type":"","overlay-color":"","overlay-opacity":"","overlay-gradient":""},"tablet":{"background-color":"var(--ast-global-color-5)","background-image":"","background-repeat":"repeat","background-position":"center center","background-size":"auto","background-attachment":"scroll","background-type":"","background-media":"","overlay-type":"","overlay-color":"","overlay-opacity":"","overlay-gradient":""},"mobile":{"background-color":"var(--ast-global-color-5)","background-image":"","background-repeat":"repeat","background-position":"center center","background-size":"auto","background-attachment":"scroll","background-type":"","background-media":"","overlay-type":"","overlay-color":"","overlay-opacity":"","overlay-gradient":""}},"footnotes":""},"categories":[1018],"tags":[1019,1020,1021,1022],"class_list":["post-19292","post","type-post","status-publish","format-image","has-post-thumbnail","hentry","category-strandzubehor","tag-alquilar-una-nevera-de-playa-en-mallorca-de","tag-alquilar-una-silla-de-playa-en-mallorca-de","tag-nevera-de-playa-en-alquiler-de","tag-sillas-de-playa-en-alquiler-en-palma-de-mallorca-de","post_format-post-format-image"],"_links":{"self":[{"href":"https:\/\/rentexpressmallorca.com\/de\/wp-json\/wp\/v2\/posts\/19292","targetHints":{"allow":["GET"]}}],"collection":[{"href":"https:\/\/rentexpressmallorca.com\/de\/wp-json\/wp\/v2\/posts"}],"about":[{"href":"https:\/\/rentexpressmallorca.com\/de\/wp-json\/wp\/v2\/types\/post"}],"author":[{"embeddable":true,"href":"https:\/\/rentexpressmallorca.com\/de\/wp-json\/wp\/v2\/users\/1"}],"replies":[{"embeddable":true,"href":"https:\/\/rentexpressmallorca.com\/de\/wp-json\/wp\/v2\/comments?post=19292"}],"version-history":[{"count":104,"href":"https:\/\/rentexpressmallorca.com\/de\/wp-json\/wp\/v2\/posts\/19292\/revisions"}],"predecessor-version":[{"id":37808,"href":"https:\/\/rentexpressmallorca.com\/de\/wp-json\/wp\/v2\/posts\/19292\/revisions\/37808"}],"wp:featuredmedia":[{"embeddable":true,"href":"https:\/\/rentexpressmallorca.com\/de\/wp-json\/wp\/v2\/media\/18909"}],"wp:attachment":[{"href":"https:\/\/rentexpressmallorca.com\/de\/wp-json\/wp\/v2\/media?parent=19292"}],"wp:term":[{"taxonomy":"category","embeddable":true,"href":"https:\/\/rentexpressmallorca.com\/de\/wp-json\/wp\/v2\/categories?post=19292"},{"taxonomy":"post_tag","embeddable":true,"href":"https:\/\/rentexpressmallorca.com\/de\/wp-json\/wp\/v2\/tags?post=19292"}],"curies":[{"name":"wp","href":"https:\/\/api.w.org\/{rel}","templated":true}]}}