{"id":19295,"date":"2016-03-15T10:20:59","date_gmt":"2016-03-15T09:20:59","guid":{"rendered":"https:\/\/rentexpressmallorca.com\/alquiler-scooter-electrico-en-mallorca\/"},"modified":"2026-02-16T20:57:17","modified_gmt":"2026-02-16T19:57:17","slug":"verleih-von-elektromobile","status":"publish","type":"post","link":"https:\/\/rentexpressmallorca.com\/de\/verleih-von-elektromobile\/","title":{"rendered":"Elektromobil mieten auf Mallorca"},"content":{"rendered":"\t\t<div data-elementor-type=\"wp-post\" data-elementor-id=\"19295\" class=\"elementor elementor-19295 elementor-18109\" data-elementor-post-type=\"post\">\n\t\t\t\t<div class=\"elementor-element elementor-element-a4b6fd5 e-flex e-con-boxed e-con e-parent\" data-id=\"a4b6fd5\" data-element_type=\"container\" data-settings=\"{&quot;content_width&quot;:&quot;boxed&quot;}\" data-core-v316-plus=\"true\">\n\t\t\t\t\t<div class=\"e-con-inner\">\n\t\t\t\t<div class=\"elementor-element elementor-element-15e707d elementor-widget elementor-widget-text-editor\" data-id=\"15e707d\" data-element_type=\"widget\" data-widget_type=\"text-editor.default\">\n\t\t\t\t<div class=\"elementor-widget-container\">\n\t\t\t<style>\/*! elementor - v3.19.0 - 05-02-2024 *\/\n.elementor-widget-text-editor.elementor-drop-cap-view-stacked .elementor-drop-cap{background-color:#69727d;color:#fff}.elementor-widget-text-editor.elementor-drop-cap-view-framed .elementor-drop-cap{color:#69727d;border:3px solid;background-color:transparent}.elementor-widget-text-editor:not(.elementor-drop-cap-view-default) .elementor-drop-cap{margin-top:8px}.elementor-widget-text-editor:not(.elementor-drop-cap-view-default) .elementor-drop-cap-letter{width:1em;height:1em}.elementor-widget-text-editor .elementor-drop-cap{float:left;text-align:center;line-height:1;font-size:50px}.elementor-widget-text-editor .elementor-drop-cap-letter{display:inline-block}<\/style>\t\t\t\t<p data-start=\"482\" data-end=\"742\">Ein Elektromobil mieten Mallorca ist f\u00fcr viele G\u00e4ste die beste M\u00f6glichkeit, w\u00e4hrend ihres Aufenthalts mobil und unabh\u00e4ngig zu bleiben. Wir bieten verschiedene Elektromobil-Modelle mit Lieferung zu Hotels, Apartments und Ferienunterk\u00fcnften auf der ganzen Insel.<\/p><p data-start=\"744\" data-end=\"922\">Unsere Elektromobile sind komfortabel, zuverl\u00e4ssig und sofort einsatzbereit. Je nach Bedarf stehen kompakte, faltbare, gro\u00dfe, dreir\u00e4drige und doppelsitzige Modelle zur Verf\u00fcgung.<\/p><p data-start=\"924\" data-end=\"1114\">Wenn Sie ein Elektromobil mieten Mallorca m\u00f6chten, finden Sie bei uns eine passende L\u00f6sung f\u00fcr kurze Strecken, l\u00e4ngere Ausfl\u00fcge oder den t\u00e4glichen Einsatz w\u00e4hrend Ihres Urlaubs auf Mallorca.<\/p>\t\t\t\t\t\t<\/div>\n\t\t\t\t<\/div>\n\t\t\t\t<div class=\"elementor-element elementor-element-657f3f1 elementor-widget elementor-widget-heading\" data-id=\"657f3f1\" data-element_type=\"widget\" data-widget_type=\"heading.default\">\n\t\t\t\t<div class=\"elementor-widget-container\">\n\t\t\t<style>\/*! elementor - v3.19.0 - 05-02-2024 *\/\n.elementor-heading-title{padding:0;margin:0;line-height:1}.elementor-widget-heading .elementor-heading-title[class*=elementor-size-]>a{color:inherit;font-size:inherit;line-height:inherit}.elementor-widget-heading .elementor-heading-title.elementor-size-small{font-size:15px}.elementor-widget-heading .elementor-heading-title.elementor-size-medium{font-size:19px}.elementor-widget-heading .elementor-heading-title.elementor-size-large{font-size:29px}.elementor-widget-heading .elementor-heading-title.elementor-size-xl{font-size:39px}.elementor-widget-heading .elementor-heading-title.elementor-size-xxl{font-size:59px}<\/style><h2 class=\"elementor-heading-title elementor-size-default\">Elektromobil mieten Mallorca \u2013 Welches Modell passt auf Mallorca zu Ihnen?<\/h2>\t\t<\/div>\n\t\t\t\t<\/div>\n\t\t\t\t<div class=\"elementor-element elementor-element-8708bd8 elementor-widget elementor-widget-text-editor\" data-id=\"8708bd8\" data-element_type=\"widget\" data-widget_type=\"text-editor.default\">\n\t\t\t\t<div class=\"elementor-widget-container\">\n\t\t\t\t\t\t\t<p data-start=\"1191\" data-end=\"1454\">Nicht jedes Elektromobil ist f\u00fcr jede Person gleich geeignet. Je nach Reichweite, Stabilit\u00e4t oder Einsatzbereich kann ein anderes Modell sinnvoll sein. Wenn Sie ein Elektromobil mieten Mallorca m\u00f6chten, beraten wir Sie gerne bei der Auswahl des passenden Modells.<\/p><p data-start=\"1456\" data-end=\"1605\">Die Lieferung kann direkt zu Ihrem Hotel, Apartment oder zur Ferienunterkunft erfolgen. Auf Wunsch ist auch eine \u00dcbergabe am Flughafen Palma m\u00f6glich.<\/p>\t\t\t\t\t\t<\/div>\n\t\t\t\t<\/div>\n\t\t\t\t<div class=\"elementor-element elementor-element-c4e1c1b elementor-widget elementor-widget-heading\" data-id=\"c4e1c1b\" data-element_type=\"widget\" data-widget_type=\"heading.default\">\n\t\t\t\t<div class=\"elementor-widget-container\">\n\t\t\t<h2 class=\"elementor-heading-title elementor-size-default\">Unsere Elektromobil-Modelle auf Mallorca<\/h2>\t\t<\/div>\n\t\t\t\t<\/div>\n\t\t\t\t<div class=\"elementor-element elementor-element-11afadc elementor-widget elementor-widget-heading\" data-id=\"11afadc\" data-element_type=\"widget\" data-widget_type=\"heading.default\">\n\t\t\t\t<div class=\"elementor-widget-container\">\n\t\t\t<h3 class=\"elementor-heading-title elementor-size-default\">Kleines Elektromobil<\/h3>\t\t<\/div>\n\t\t\t\t<\/div>\n\t\t\t\t<div class=\"elementor-element elementor-element-4986782 elementor-widget elementor-widget-text-editor\" data-id=\"4986782\" data-element_type=\"widget\" data-widget_type=\"text-editor.default\">\n\t\t\t\t<div class=\"elementor-widget-container\">\n\t\t\t\t\t\t\t<p>Ideal f\u00fcr kurze Strecken und Hotelanlagen.<\/p><p><strong data-start=\"1653\" data-end=\"1678\">Zum Modell:<\/strong><br data-start=\"1678\" data-end=\"1681\" \/><a href=\"https:\/\/rentexpressmallorca.com\/de\/elektromobile-klein-mieten\/\"><strong data-start=\"1681\" data-end=\"1725\">Kleines Elektromobil mieten auf Mallorca<\/strong><\/a><\/p>\t\t\t\t\t\t<\/div>\n\t\t\t\t<\/div>\n\t\t\t\t<div class=\"elementor-element elementor-element-475e220 elementor-widget elementor-widget-heading\" data-id=\"475e220\" data-element_type=\"widget\" data-widget_type=\"heading.default\">\n\t\t\t\t<div class=\"elementor-widget-container\">\n\t\t\t<h3 class=\"elementor-heading-title elementor-size-default\">Gro\u00dfes Elektromobil<\/h3>\t\t<\/div>\n\t\t\t\t<\/div>\n\t\t\t\t<div class=\"elementor-element elementor-element-2758b41 elementor-widget elementor-widget-text-editor\" data-id=\"2758b41\" data-element_type=\"widget\" data-widget_type=\"text-editor.default\">\n\t\t\t\t<div class=\"elementor-widget-container\">\n\t\t\t\t\t\t\t<p>Gro\u00dfes Elektromobil<br data-start=\"1450\" data-end=\"1453\" \/>F\u00fcr l\u00e4ngere Strecken und mehr Komfort.<\/p><p><strong data-start=\"2035\" data-end=\"2053\">Zum Modell:<\/strong><br data-start=\"2053\" data-end=\"2056\" \/><a href=\"https:\/\/rentexpressmallorca.com\/de\/elektromobile-grob\/\"><strong data-start=\"2056\" data-end=\"2099\">Gro\u00dfes Elektromobil mieten auf Mallorca<\/strong><\/a><\/p>\t\t\t\t\t\t<\/div>\n\t\t\t\t<\/div>\n\t\t\t\t<div class=\"elementor-element elementor-element-468914d elementor-widget elementor-widget-heading\" data-id=\"468914d\" data-element_type=\"widget\" data-widget_type=\"heading.default\">\n\t\t\t\t<div class=\"elementor-widget-container\">\n\t\t\t<h3 class=\"elementor-heading-title elementor-size-default\">Faltbares Elektromobil<\/h3>\t\t<\/div>\n\t\t\t\t<\/div>\n\t\t\t\t<div class=\"elementor-element elementor-element-d2815c9 elementor-widget elementor-widget-text-editor\" data-id=\"d2815c9\" data-element_type=\"widget\" data-widget_type=\"text-editor.default\">\n\t\t\t\t<div class=\"elementor-widget-container\">\n\t\t\t\t\t\t\t<p>Faltbares Elektromobil<br data-start=\"1577\" data-end=\"1580\" \/>Kompakt und ideal f\u00fcr den Transport im Auto.<\/p><p><strong data-start=\"2463\" data-end=\"2483\">Zum Modell:<\/strong><br data-start=\"2483\" data-end=\"2486\" \/><a href=\"https:\/\/rentexpressmallorca.com\/de\/elektromobil-faltbare\/\"><strong data-start=\"2486\" data-end=\"2532\">Faltbares Elektromobil mieten auf Mallorca<\/strong><\/a><\/p>\t\t\t\t\t\t<\/div>\n\t\t\t\t<\/div>\n\t\t\t\t<div class=\"elementor-element elementor-element-af84ddd elementor-widget elementor-widget-heading\" data-id=\"af84ddd\" data-element_type=\"widget\" data-widget_type=\"heading.default\">\n\t\t\t\t<div class=\"elementor-widget-container\">\n\t\t\t<h3 class=\"elementor-heading-title elementor-size-default\">Dreir\u00e4driges Elektromobil<\/h3>\t\t<\/div>\n\t\t\t\t<\/div>\n\t\t\t\t<div class=\"elementor-element elementor-element-3f2cc71 elementor-widget elementor-widget-text-editor\" data-id=\"3f2cc71\" data-element_type=\"widget\" data-widget_type=\"text-editor.default\">\n\t\t\t\t<div class=\"elementor-widget-container\">\n\t\t\t\t\t\t\t<p>Ein dreir\u00e4driges Elektromobil ist ideal f\u00fcr l\u00e4ngere Strecken und komfortable Fahrten auf Mallorca.<\/p><p><strong data-start=\"2839\" data-end=\"2854\">Zum Modell:<\/strong><br data-start=\"2854\" data-end=\"2857\" \/><a href=\"https:\/\/rentexpressmallorca.com\/de\/grobe-elektromobile-3-rader\/\"><strong data-start=\"2857\" data-end=\"2906\">Dreir\u00e4driges Elektromobil mieten auf Mallorca<\/strong><\/a><\/p>\t\t\t\t\t\t<\/div>\n\t\t\t\t<\/div>\n\t\t\t\t<div class=\"elementor-element elementor-element-4567fed elementor-widget elementor-widget-heading\" data-id=\"4567fed\" data-element_type=\"widget\" data-widget_type=\"heading.default\">\n\t\t\t\t<div class=\"elementor-widget-container\">\n\t\t\t<h2 class=\"elementor-heading-title elementor-size-default\">Doppelsitzer-Elektromobil <\/h2>\t\t<\/div>\n\t\t\t\t<\/div>\n\t\t\t\t<div class=\"elementor-element elementor-element-e28b5a0 elementor-widget elementor-widget-text-editor\" data-id=\"e28b5a0\" data-element_type=\"widget\" data-widget_type=\"text-editor.default\">\n\t\t\t\t<div class=\"elementor-widget-container\">\n\t\t\t\t\t\t\t<p data-start=\"744\" data-end=\"998\">Doppelsitzer Elektromobil<br data-start=\"1716\" data-end=\"1719\" \/>F\u00fcr Fahrten zu zweit w\u00e4hrend des Urlaubs.<\/p><p data-start=\"744\" data-end=\"998\"><strong data-start=\"365\" data-end=\"380\">Zum Modell:<\/strong><br data-start=\"380\" data-end=\"383\" \/><a href=\"https:\/\/rentexpressmallorca.com\/de\/doppelsitzer-elektromobil-auf-mallorca\/\"><strong>Doppelsitzer Elektromobil mieten auf Mallorca<\/strong><\/a><\/p>\t\t\t\t\t\t<\/div>\n\t\t\t\t<\/div>\n\t\t\t\t<div class=\"elementor-element elementor-element-d0e2a08 elementor-widget elementor-widget-heading\" data-id=\"d0e2a08\" data-element_type=\"widget\" data-widget_type=\"heading.default\">\n\t\t\t\t<div class=\"elementor-widget-container\">\n\t\t\t<h2 class=\"elementor-heading-title elementor-size-default\">Extra gro\u00dfes Elektromobil<\/h2>\t\t<\/div>\n\t\t\t\t<\/div>\n\t\t\t\t<div class=\"elementor-element elementor-element-539251b elementor-widget elementor-widget-text-editor\" data-id=\"539251b\" data-element_type=\"widget\" data-widget_type=\"text-editor.default\">\n\t\t\t\t<div class=\"elementor-widget-container\">\n\t\t\t\t\t\t\t<p data-start=\"2455\" data-end=\"2584\">Extra gro\u00dfes Elektromobil<br data-start=\"1855\" data-end=\"1858\" \/>Mit hoher Tragkraft und gro\u00dfer Reichweite.<\/p><p data-start=\"2586\" data-end=\"2638\"><strong>Zum Modell:<\/strong><br data-start=\"2597\" data-end=\"2600\" \/><a href=\"https:\/\/rentexpressmallorca.com\/de\/extra-grosses-elektromobil-auf-mallorca\/\"><strong>Extra gro\u00dfes Elektromobil auf Mallorca<\/strong><\/a><\/p>\t\t\t\t\t\t<\/div>\n\t\t\t\t<\/div>\n\t\t\t\t<div class=\"elementor-element elementor-element-29ba521 elementor-widget elementor-widget-text-editor\" data-id=\"29ba521\" data-element_type=\"widget\" data-widget_type=\"text-editor.default\">\n\t\t\t\t<div class=\"elementor-widget-container\">\n\t\t\t\t\t\t\t<p>Viele G\u00e4ste entscheiden sich daf\u00fcr, ein Elektromobil mieten Mallorca zu nutzen, um w\u00e4hrend des Urlaubs flexibel und sicher unterwegs zu sein.<\/p>\t\t\t\t\t\t<\/div>\n\t\t\t\t<\/div>\n\t\t\t\t<div class=\"elementor-element elementor-element-caa443f elementor-widget elementor-widget-heading\" data-id=\"caa443f\" data-element_type=\"widget\" data-widget_type=\"heading.default\">\n\t\t\t\t<div class=\"elementor-widget-container\">\n\t\t\t<h2 class=\"elementor-heading-title elementor-size-default\">Lieferung auf Mallorca<\/h2>\t\t<\/div>\n\t\t\t\t<\/div>\n\t\t\t\t<div class=\"elementor-element elementor-element-4b6b657 elementor-widget elementor-widget-text-editor\" data-id=\"4b6b657\" data-element_type=\"widget\" data-widget_type=\"text-editor.default\">\n\t\t\t\t<div class=\"elementor-widget-container\">\n\t\t\t\t\t\t\t<p data-start=\"2676\" data-end=\"2730\">Wir liefern Elektromobile auf ganz Mallorca, darunter:<\/p><p data-start=\"2676\" data-end=\"2730\">Flughafen Palma<br data-start=\"2755\" data-end=\"2758\" \/>Hotels<br data-start=\"2764\" data-end=\"2767\" \/>Apartments<br data-start=\"2777\" data-end=\"2780\" \/>Ferienunterk\u00fcnfte<\/p><p data-start=\"2676\" data-end=\"2730\">Unser Standort in Palma de Mallorca:\u00a0 <a href=\"https:\/\/www.google.com\/maps\/place\/Rent+Express+Mallorca+(plaza+de+espa%C3%B1a)\/@39.577998,2.6523104,3a,75y,278.77h,90t\/data=!3m7!1e1!3m5!1sqEUA19RwkAS1d_OwGk9mlw!2e0!6shttps:%2F%2Fstreetviewpixels-pa.googleapis.com%2Fv1%2Fthumbnail%3Fcb_client%3Dmaps_sv.tactile%26w%3D900%26h%3D600%26pitch%3D0%26panoid%3DqEUA19RwkAS1d_OwGk9mlw%26yaw%3D278.76602!7i16384!8i8192!4m14!1m7!3m6!1s0x1297934a4188292b:0x489fb8c2a75faff2!2sRent+Express+Mallorca+(plaza+de+espa%C3%B1a)!8m2!3d39.5780242!4d2.6521423!16s%2Fg%2F11h9bghbwx!3m5!1s0x1297934a4188292b:0x489fb8c2a75faff2!8m2!3d39.5780242!4d2.6521423!16s%2Fg%2F11h9bghbwx?hl=es&amp;entry=ttu&amp;g_ep=EgoyMDI2MDIxMS4wIKXMDSoASAFQAw%3D%3D\" target=\"_blank\" rel=\"noopener\">Calle 31 de diciembre, 3<\/a><\/p><p data-start=\"2801\" data-end=\"2902\">Die Lieferung kann vor Ihrer Ankunft organisiert werden, damit das Elektromobil sofort verf\u00fcgbar ist.<\/p><p data-start=\"2801\" data-end=\"2902\">Wenn Sie ein Elektromobil mieten Mallorca m\u00f6chten, organisieren wir die Lieferung direkt zu Ihrem Hotel, Apartment oder zur Ferienunterkunft auf der ganzen Insel.<\/p>\t\t\t\t\t\t<\/div>\n\t\t\t\t<\/div>\n\t\t\t\t<div class=\"elementor-element elementor-element-792f0a3 elementor-widget elementor-widget-heading\" data-id=\"792f0a3\" data-element_type=\"widget\" data-widget_type=\"heading.default\">\n\t\t\t\t<div class=\"elementor-widget-container\">\n\t\t\t<h2 class=\"elementor-heading-title elementor-size-default\">Warum ein Elektromobil auf Mallorca mieten?<\/h2>\t\t<\/div>\n\t\t\t\t<\/div>\n\t\t\t\t<div class=\"elementor-element elementor-element-144bfea elementor-widget elementor-widget-text-editor\" data-id=\"144bfea\" data-element_type=\"widget\" data-widget_type=\"text-editor.default\">\n\t\t\t\t<div class=\"elementor-widget-container\">\n\t\t\t\t\t\t\t<p>Viele Besucher entscheiden sich daf\u00fcr, ein Elektromobil auf Mallorca zu mieten, um w\u00e4hrend ihres Aufenthalts flexibel und sicher unterwegs zu sein. Ob f\u00fcr kurze Wege in Hotelanlagen, l\u00e4ngere Spazierg\u00e4nge entlang der Promenade oder Ausfl\u00fcge in der Umgebung \u2013 ein Elektromobil erleichtert die Mobilit\u00e4t erheblich. Unsere Modelle werden gepr\u00fcft, geladen und einsatzbereit geliefert, sodass Sie sich um nichts k\u00fcmmern m\u00fcssen. Wenn Sie ein Elektromobil mieten Mallorca m\u00f6chten, unterst\u00fctzen wir Sie bei der Auswahl des passenden Modells und organisieren die Lieferung direkt zu Ihrer Unterkunft auf Mallorca.<\/p>\t\t\t\t\t\t<\/div>\n\t\t\t\t<\/div>\n\t\t\t\t<div class=\"elementor-element elementor-element-523fa87 elementor-widget elementor-widget-heading\" data-id=\"523fa87\" data-element_type=\"widget\" data-widget_type=\"heading.default\">\n\t\t\t\t<div class=\"elementor-widget-container\">\n\t\t\t<h2 class=\"elementor-heading-title elementor-size-default\">H\u00e4ufige Fragen zur Miete eines Elektromobils auf Mallorca<\/h2>\t\t<\/div>\n\t\t\t\t<\/div>\n\t\t\t\t<div class=\"elementor-element elementor-element-d29b050 elementor-widget elementor-widget-accordion\" data-id=\"d29b050\" data-element_type=\"widget\" data-widget_type=\"accordion.default\">\n\t\t\t\t<div class=\"elementor-widget-container\">\n\t\t\t<style>\/*! elementor - v3.19.0 - 05-02-2024 *\/\n.elementor-accordion{text-align:left}.elementor-accordion .elementor-accordion-item{border:1px solid #d5d8dc}.elementor-accordion .elementor-accordion-item+.elementor-accordion-item{border-top:none}.elementor-accordion .elementor-tab-title{margin:0;padding:15px 20px;font-weight:700;line-height:1;cursor:pointer;outline:none}.elementor-accordion .elementor-tab-title .elementor-accordion-icon{display:inline-block;width:1.5em}.elementor-accordion .elementor-tab-title .elementor-accordion-icon svg{width:1em;height:1em}.elementor-accordion .elementor-tab-title .elementor-accordion-icon.elementor-accordion-icon-right{float:right;text-align:right}.elementor-accordion .elementor-tab-title .elementor-accordion-icon.elementor-accordion-icon-left{float:left;text-align:left}.elementor-accordion .elementor-tab-title .elementor-accordion-icon .elementor-accordion-icon-closed{display:block}.elementor-accordion .elementor-tab-title .elementor-accordion-icon .elementor-accordion-icon-opened,.elementor-accordion .elementor-tab-title.elementor-active .elementor-accordion-icon-closed{display:none}.elementor-accordion .elementor-tab-title.elementor-active .elementor-accordion-icon-opened{display:block}.elementor-accordion .elementor-tab-content{display:none;padding:15px 20px;border-top:1px solid #d5d8dc}@media (max-width:767px){.elementor-accordion .elementor-tab-title{padding:12px 15px}.elementor-accordion .elementor-tab-title .elementor-accordion-icon{width:1.2em}.elementor-accordion .elementor-tab-content{padding:7px 15px}}.e-con-inner>.elementor-widget-accordion,.e-con>.elementor-widget-accordion{width:var(--container-widget-width);--flex-grow:var(--container-widget-flex-grow)}<\/style>\t\t<div class=\"elementor-accordion\">\n\t\t\t\t\t\t\t<div class=\"elementor-accordion-item\">\n\t\t\t\t\t<div id=\"elementor-tab-title-2201\" class=\"elementor-tab-title\" data-tab=\"1\" role=\"button\" aria-controls=\"elementor-tab-content-2201\" aria-expanded=\"false\">\n\t\t\t\t\t\t\t\t\t\t\t\t\t<span class=\"elementor-accordion-icon elementor-accordion-icon-left\" aria-hidden=\"true\">\n\t\t\t\t\t\t\t\t\t\t\t\t\t\t\t<span class=\"elementor-accordion-icon-closed\"><i class=\"fas fa-plus\"><\/i><\/span>\n\t\t\t\t\t\t\t\t<span class=\"elementor-accordion-icon-opened\"><i class=\"fas fa-minus\"><\/i><\/span>\n\t\t\t\t\t\t\t\t\t\t\t\t\t\t<\/span>\n\t\t\t\t\t\t\t\t\t\t\t\t<a class=\"elementor-accordion-title\" tabindex=\"0\">Wird das Elektromobil ins Hotel geliefert?<\/a>\n\t\t\t\t\t<\/div>\n\t\t\t\t\t<div id=\"elementor-tab-content-2201\" class=\"elementor-tab-content elementor-clearfix\" data-tab=\"1\" role=\"region\" aria-labelledby=\"elementor-tab-title-2201\"><p>Ja, wir liefern direkt zu Hotels, Apartments und Ferienunterk\u00fcnften auf Mallorca.<\/p><\/div>\n\t\t\t\t<\/div>\n\t\t\t\t\t\t\t<div class=\"elementor-accordion-item\">\n\t\t\t\t\t<div id=\"elementor-tab-title-2202\" class=\"elementor-tab-title\" data-tab=\"2\" role=\"button\" aria-controls=\"elementor-tab-content-2202\" aria-expanded=\"false\">\n\t\t\t\t\t\t\t\t\t\t\t\t\t<span class=\"elementor-accordion-icon elementor-accordion-icon-left\" aria-hidden=\"true\">\n\t\t\t\t\t\t\t\t\t\t\t\t\t\t\t<span class=\"elementor-accordion-icon-closed\"><i class=\"fas fa-plus\"><\/i><\/span>\n\t\t\t\t\t\t\t\t<span class=\"elementor-accordion-icon-opened\"><i class=\"fas fa-minus\"><\/i><\/span>\n\t\t\t\t\t\t\t\t\t\t\t\t\t\t<\/span>\n\t\t\t\t\t\t\t\t\t\t\t\t<a class=\"elementor-accordion-title\" tabindex=\"0\">Kann ich das Elektromobil am Flughafen erhalten?<\/a>\n\t\t\t\t\t<\/div>\n\t\t\t\t\t<div id=\"elementor-tab-content-2202\" class=\"elementor-tab-content elementor-clearfix\" data-tab=\"2\" role=\"region\" aria-labelledby=\"elementor-tab-title-2202\"><p>Ja, eine \u00dcbergabe am Flughafen Palma ist nach Absprache m\u00f6glich.<\/p><\/div>\n\t\t\t\t<\/div>\n\t\t\t\t\t\t\t<div class=\"elementor-accordion-item\">\n\t\t\t\t\t<div id=\"elementor-tab-title-2203\" class=\"elementor-tab-title\" data-tab=\"3\" role=\"button\" aria-controls=\"elementor-tab-content-2203\" aria-expanded=\"false\">\n\t\t\t\t\t\t\t\t\t\t\t\t\t<span class=\"elementor-accordion-icon elementor-accordion-icon-left\" aria-hidden=\"true\">\n\t\t\t\t\t\t\t\t\t\t\t\t\t\t\t<span class=\"elementor-accordion-icon-closed\"><i class=\"fas fa-plus\"><\/i><\/span>\n\t\t\t\t\t\t\t\t<span class=\"elementor-accordion-icon-opened\"><i class=\"fas fa-minus\"><\/i><\/span>\n\t\t\t\t\t\t\t\t\t\t\t\t\t\t<\/span>\n\t\t\t\t\t\t\t\t\t\t\t\t<a class=\"elementor-accordion-title\" tabindex=\"0\">Welches Modell ist das richtige f\u00fcr mich?<\/a>\n\t\t\t\t\t<\/div>\n\t\t\t\t\t<div id=\"elementor-tab-content-2203\" class=\"elementor-tab-content elementor-clearfix\" data-tab=\"3\" role=\"region\" aria-labelledby=\"elementor-tab-title-2203\"><p>Das h\u00e4ngt von Reichweite, Stabilit\u00e4t und Nutzung ab. Wir beraten Sie gerne bei der Auswahl.<\/p><\/div>\n\t\t\t\t<\/div>\n\t\t\t\t\t\t\t<div class=\"elementor-accordion-item\">\n\t\t\t\t\t<div id=\"elementor-tab-title-2204\" class=\"elementor-tab-title\" data-tab=\"4\" role=\"button\" aria-controls=\"elementor-tab-content-2204\" aria-expanded=\"false\">\n\t\t\t\t\t\t\t\t\t\t\t\t\t<span class=\"elementor-accordion-icon elementor-accordion-icon-left\" aria-hidden=\"true\">\n\t\t\t\t\t\t\t\t\t\t\t\t\t\t\t<span class=\"elementor-accordion-icon-closed\"><i class=\"fas fa-plus\"><\/i><\/span>\n\t\t\t\t\t\t\t\t<span class=\"elementor-accordion-icon-opened\"><i class=\"fas fa-minus\"><\/i><\/span>\n\t\t\t\t\t\t\t\t\t\t\t\t\t\t<\/span>\n\t\t\t\t\t\t\t\t\t\t\t\t<a class=\"elementor-accordion-title\" tabindex=\"0\">Muss ich im Voraus reservieren?<\/a>\n\t\t\t\t\t<\/div>\n\t\t\t\t\t<div id=\"elementor-tab-content-2204\" class=\"elementor-tab-content elementor-clearfix\" data-tab=\"4\" role=\"region\" aria-labelledby=\"elementor-tab-title-2204\"><p>Wir empfehlen eine Reservierung im Voraus, besonders in der Hochsaison.<\/p><\/div>\n\t\t\t\t<\/div>\n\t\t\t\t\t\t\t<div class=\"elementor-accordion-item\">\n\t\t\t\t\t<div id=\"elementor-tab-title-2205\" class=\"elementor-tab-title\" data-tab=\"5\" role=\"button\" aria-controls=\"elementor-tab-content-2205\" aria-expanded=\"false\">\n\t\t\t\t\t\t\t\t\t\t\t\t\t<span class=\"elementor-accordion-icon elementor-accordion-icon-left\" aria-hidden=\"true\">\n\t\t\t\t\t\t\t\t\t\t\t\t\t\t\t<span class=\"elementor-accordion-icon-closed\"><i class=\"fas fa-plus\"><\/i><\/span>\n\t\t\t\t\t\t\t\t<span class=\"elementor-accordion-icon-opened\"><i class=\"fas fa-minus\"><\/i><\/span>\n\t\t\t\t\t\t\t\t\t\t\t\t\t\t<\/span>\n\t\t\t\t\t\t\t\t\t\t\t\t<a class=\"elementor-accordion-title\" tabindex=\"0\">Sind die Elektromobile sofort einsatzbereit?<\/a>\n\t\t\t\t\t<\/div>\n\t\t\t\t\t<div id=\"elementor-tab-content-2205\" class=\"elementor-tab-content elementor-clearfix\" data-tab=\"5\" role=\"region\" aria-labelledby=\"elementor-tab-title-2205\"><p>Ja, alle Modelle werden gepr\u00fcft, geladen und einsatzbereit geliefert.<\/p><\/div>\n\t\t\t\t<\/div>\n\t\t\t\t\t\t\t\t<\/div>\n\t\t\t\t<\/div>\n\t\t\t\t<\/div>\n\t\t\t\t<div class=\"elementor-element elementor-element-f89e663 elementor-widget elementor-widget-text-editor\" data-id=\"f89e663\" data-element_type=\"widget\" data-widget_type=\"text-editor.default\">\n\t\t\t\t<div class=\"elementor-widget-container\">\n\t\t\t\t\t\t\t<p>Ein Elektromobil mieten Mallorca ist eine komfortable L\u00f6sung f\u00fcr mehr Mobilit\u00e4t w\u00e4hrend Ihres Aufenthalts.<\/p>\t\t\t\t\t\t<\/div>\n\t\t\t\t<\/div>\n\t\t\t\t<div class=\"elementor-element elementor-element-0349fcb elementor-widget elementor-widget-heading\" data-id=\"0349fcb\" data-element_type=\"widget\" data-widget_type=\"heading.default\">\n\t\t\t\t<div class=\"elementor-widget-container\">\n\t\t\t<h2 class=\"elementor-heading-title elementor-size-default\">Beratung & Reservierung<\/h2>\t\t<\/div>\n\t\t\t\t<\/div>\n\t\t\t\t<div class=\"elementor-element elementor-element-ef5dbae elementor-widget elementor-widget-text-editor\" data-id=\"ef5dbae\" data-element_type=\"widget\" data-widget_type=\"text-editor.default\">\n\t\t\t\t<div class=\"elementor-widget-container\">\n\t\t\t\t\t\t\t<p data-start=\"2941\" data-end=\"3148\">Wenn Sie unsicher sind, welches Elektromobil am besten zu Ihnen passt, beraten wir Sie gerne. Unser Team unterst\u00fctzt Sie bei der Auswahl und organisiert die Lieferung direkt zu Ihrer Unterkunft auf Mallorca.<\/p><p data-start=\"3150\" data-end=\"3278\">Kontaktieren Sie uns per WhatsApp oder \u00fcber das Kontaktformular. Unser deutschsprachiger Kundenservice hilft Ihnen gerne weiter.<\/p>\t\t\t\t\t\t<\/div>\n\t\t\t\t<\/div>\n\t\t\t\t\t<\/div>\n\t\t\t\t<\/div>\n\t\t\t\t<\/div>\n\t\t","protected":false},"excerpt":{"rendered":"<p>Verleih von Elektromobile auf Palma de Mallorca <\/p>\n","protected":false},"author":1,"featured_media":37484,"comment_status":"closed","ping_status":"open","sticky":true,"template":"","format":"image","meta":{"site-sidebar-layout":"default","site-content-layout":"","ast-site-content-layout":"default","site-content-style":"default","site-sidebar-style":"default","ast-global-header-display":"","ast-banner-title-visibility":"","ast-main-header-display":"","ast-hfb-above-header-display":"","ast-hfb-below-header-display":"","ast-hfb-mobile-header-display":"","site-post-title":"","ast-breadcrumbs-content":"","ast-featured-img":"","footer-sml-layout":"","ast-disable-related-posts":"","theme-transparent-header-meta":"","adv-header-id-meta":"","stick-header-meta":"","header-above-stick-meta":"","header-main-stick-meta":"","header-below-stick-meta":"","astra-migrate-meta-layouts":"default","ast-page-background-enabled":"default","ast-page-background-meta":{"desktop":{"background-color":"var(--ast-global-color-4)","background-image":"","background-repeat":"repeat","background-position":"center center","background-size":"auto","background-attachment":"scroll","background-type":"","background-media":"","overlay-type":"","overlay-color":"","overlay-opacity":"","overlay-gradient":""},"tablet":{"background-color":"","background-image":"","background-repeat":"repeat","background-position":"center center","background-size":"auto","background-attachment":"scroll","background-type":"","background-media":"","overlay-type":"","overlay-color":"","overlay-opacity":"","overlay-gradient":""},"mobile":{"background-color":"","background-image":"","background-repeat":"repeat","background-position":"center center","background-size":"auto","background-attachment":"scroll","background-type":"","background-media":"","overlay-type":"","overlay-color":"","overlay-opacity":"","overlay-gradient":""}},"ast-content-background-meta":{"desktop":{"background-color":"var(--ast-global-color-5)","background-image":"","background-repeat":"repeat","background-position":"center center","background-size":"auto","background-attachment":"scroll","background-type":"","background-media":"","overlay-type":"","overlay-color":"","overlay-opacity":"","overlay-gradient":""},"tablet":{"background-color":"var(--ast-global-color-5)","background-image":"","background-repeat":"repeat","background-position":"center center","background-size":"auto","background-attachment":"scroll","background-type":"","background-media":"","overlay-type":"","overlay-color":"","overlay-opacity":"","overlay-gradient":""},"mobile":{"background-color":"var(--ast-global-color-5)","background-image":"","background-repeat":"repeat","background-position":"center center","background-size":"auto","background-attachment":"scroll","background-type":"","background-media":"","overlay-type":"","overlay-color":"","overlay-opacity":"","overlay-gradient":""}},"footnotes":""},"categories":[683],"tags":[245,1047,1048,248,1049],"class_list":["post-19295","post","type-post","status-publish","format-image","has-post-thumbnail","hentry","category-elektromobile","tag-amigo-24-en-mallorca","tag-ortopedia-en-palma-de","tag-ortopedia-en-palma-de-mallorca-de","tag-scooter-electrico-en-mallorca","tag-scooter-electrico-en-mallorca-de","post_format-post-format-image"],"_links":{"self":[{"href":"https:\/\/rentexpressmallorca.com\/de\/wp-json\/wp\/v2\/posts\/19295","targetHints":{"allow":["GET"]}}],"collection":[{"href":"https:\/\/rentexpressmallorca.com\/de\/wp-json\/wp\/v2\/posts"}],"about":[{"href":"https:\/\/rentexpressmallorca.com\/de\/wp-json\/wp\/v2\/types\/post"}],"author":[{"embeddable":true,"href":"https:\/\/rentexpressmallorca.com\/de\/wp-json\/wp\/v2\/users\/1"}],"replies":[{"embeddable":true,"href":"https:\/\/rentexpressmallorca.com\/de\/wp-json\/wp\/v2\/comments?post=19295"}],"version-history":[{"count":196,"href":"https:\/\/rentexpressmallorca.com\/de\/wp-json\/wp\/v2\/posts\/19295\/revisions"}],"predecessor-version":[{"id":33691,"href":"https:\/\/rentexpressmallorca.com\/de\/wp-json\/wp\/v2\/posts\/19295\/revisions\/33691"}],"wp:featuredmedia":[{"embeddable":true,"href":"https:\/\/rentexpressmallorca.com\/de\/wp-json\/wp\/v2\/media\/37484"}],"wp:attachment":[{"href":"https:\/\/rentexpressmallorca.com\/de\/wp-json\/wp\/v2\/media?parent=19295"}],"wp:term":[{"taxonomy":"category","embeddable":true,"href":"https:\/\/rentexpressmallorca.com\/de\/wp-json\/wp\/v2\/categories?post=19295"},{"taxonomy":"post_tag","embeddable":true,"href":"https:\/\/rentexpressmallorca.com\/de\/wp-json\/wp\/v2\/tags?post=19295"}],"curies":[{"name":"wp","href":"https:\/\/api.w.org\/{rel}","templated":true}]}}