{"id":19310,"date":"2015-03-14T11:13:15","date_gmt":"2015-03-14T10:13:15","guid":{"rendered":"https:\/\/rentexpressmallorca.com\/mikrowelle\/"},"modified":"2026-02-10T10:26:12","modified_gmt":"2026-02-10T09:26:12","slug":"mikrowelle","status":"publish","type":"post","link":"https:\/\/rentexpressmallorca.com\/de\/mikrowelle\/","title":{"rendered":"Mikrowelle auf mallorca mieten"},"content":{"rendered":"\t\t<div data-elementor-type=\"wp-post\" data-elementor-id=\"19310\" class=\"elementor elementor-19310 elementor-18129\" data-elementor-post-type=\"post\">\n\t\t\t\t<div class=\"elementor-element elementor-element-3faeaf10 e-flex e-con-boxed e-con e-parent\" data-id=\"3faeaf10\" data-element_type=\"container\" data-settings=\"{&quot;content_width&quot;:&quot;boxed&quot;}\" data-core-v316-plus=\"true\">\n\t\t\t\t\t<div class=\"e-con-inner\">\n\t\t\t\t<div class=\"elementor-element elementor-element-7bbc4b5c elementor-widget elementor-widget-text-editor\" data-id=\"7bbc4b5c\" data-element_type=\"widget\" data-widget_type=\"text-editor.default\">\n\t\t\t\t<div class=\"elementor-widget-container\">\n\t\t\t<style>\/*! elementor - v3.19.0 - 05-02-2024 *\/\n.elementor-widget-text-editor.elementor-drop-cap-view-stacked .elementor-drop-cap{background-color:#69727d;color:#fff}.elementor-widget-text-editor.elementor-drop-cap-view-framed .elementor-drop-cap{color:#69727d;border:3px solid;background-color:transparent}.elementor-widget-text-editor:not(.elementor-drop-cap-view-default) .elementor-drop-cap{margin-top:8px}.elementor-widget-text-editor:not(.elementor-drop-cap-view-default) .elementor-drop-cap-letter{width:1em;height:1em}.elementor-widget-text-editor .elementor-drop-cap{float:left;text-align:center;line-height:1;font-size:50px}.elementor-widget-text-editor .elementor-drop-cap-letter{display:inline-block}<\/style>\t\t\t\t\t\t\t\t\t\t<\/div>\n\t\t\t\t<\/div>\n\t\t\t\t\t<\/div>\n\t\t\t\t<\/div>\n\t\t<div class=\"elementor-element elementor-element-f2008d7 e-flex e-con-boxed e-con e-parent\" data-id=\"f2008d7\" data-element_type=\"container\" data-settings=\"{&quot;content_width&quot;:&quot;boxed&quot;}\" data-core-v316-plus=\"true\">\n\t\t\t\t\t<div class=\"e-con-inner\">\n\t\t\t\t<div class=\"elementor-element elementor-element-ee937b6 elementor-widget elementor-widget-text-editor\" data-id=\"ee937b6\" data-element_type=\"widget\" data-widget_type=\"text-editor.default\">\n\t\t\t\t<div class=\"elementor-widget-container\">\n\t\t\t\t\t\t\t<p>Eine Mikrowelle in Mallorca zu mieten ist eine praktische und kosteng\u00fcnstige L\u00f6sung f\u00fcr Ferienwohnungen. Unsere Mikrowellen sind brandneu und sauber, sofort einsatzbereit f\u00fcr Ferienwohnungen und ideal f\u00fcr Kurz- oder Langzeitaufenthalte auf Mallorca.<\/p><p>Sie sind leicht, einfach zu bedienen und sofort einsatzbereit. Besonders in den Sommermonaten eignen sie sich hervorragend zum Erw\u00e4rmen von Speisen und Getr\u00e4nken.<\/p><p>Die Abholung ist in unserem Gesch\u00e4ft in Palma m\u00f6glich. Die Lieferung an Hotels oder Apartments auf Mallorca ist gegen eine zus\u00e4tzliche Geb\u00fchr m\u00f6glich, die je nach Standort variiert.<\/p><p>Ben\u00f6tigen Sie eine Mikrowelle f\u00fcr Ihre Ferienwohnung? Wir helfen Ihnen gerne weiter. Sie k\u00f6nnen in Mallorca auch eine <strong><a href=\"https:\/\/rentexpressmallorca.com\/de\/mobile-klimageraete-mieten\/\">mobile Klimaanlage mieten<\/a>,<\/strong> die f\u00fcr R\u00e4ume bis ca. 25 m\u00b2 geeignet ist und eine deutlich h\u00f6here K\u00fchlleistung bietet.<\/p>\t\t\t\t\t\t<\/div>\n\t\t\t\t<\/div>\n\t\t\t\t<div class=\"elementor-element elementor-element-bf30a6c elementor-widget elementor-widget-heading\" data-id=\"bf30a6c\" data-element_type=\"widget\" data-widget_type=\"heading.default\">\n\t\t\t\t<div class=\"elementor-widget-container\">\n\t\t\t<style>\/*! elementor - v3.19.0 - 05-02-2024 *\/\n.elementor-heading-title{padding:0;margin:0;line-height:1}.elementor-widget-heading .elementor-heading-title[class*=elementor-size-]>a{color:inherit;font-size:inherit;line-height:inherit}.elementor-widget-heading .elementor-heading-title.elementor-size-small{font-size:15px}.elementor-widget-heading .elementor-heading-title.elementor-size-medium{font-size:19px}.elementor-widget-heading .elementor-heading-title.elementor-size-large{font-size:29px}.elementor-widget-heading .elementor-heading-title.elementor-size-xl{font-size:39px}.elementor-widget-heading .elementor-heading-title.elementor-size-xxl{font-size:59px}<\/style><h2 class=\"elementor-heading-title elementor-size-default\">\ud83d\udfe2 Preise & Mietdauer<\/h2>\t\t<\/div>\n\t\t\t\t<\/div>\n\t\t\t\t<div class=\"elementor-element elementor-element-cfec173 elementor-widget elementor-widget-text-editor\" data-id=\"cfec173\" data-element_type=\"widget\" data-widget_type=\"text-editor.default\">\n\t\t\t\t<div class=\"elementor-widget-container\">\n\t\t\t\t\t\t\t<p data-start=\"1923\" data-end=\"1971\">1 Woche:\u00a0 \u00a0 \u00a075 \u20ac<br data-start=\"1936\" data-end=\"1939\" \/>2 Wochen: 150 \u20ac<br data-start=\"1954\" data-end=\"1957\" \/>Kaution:\u00a0 \u00a0 \u00a0100 \u20ac<\/p><p data-start=\"1973\" data-end=\"2042\">Selbstabholung in Palma<br data-start=\"1996\" data-end=\"1999\" \/>Personalausweis oder Reisepass erforderlich.<\/p><p data-start=\"1973\" data-end=\"2042\">Dieses Produkt geh\u00f6rt zu unserer Kategorie &#8222;<a href=\"https:\/\/rentexpressmallorca.com\/de\/category\/elektrogeraete-mieten\/\"><strong>Haushaltsger\u00e4te mieten in Mallorca&#8220;<\/strong><\/a>. Dort finden Sie weitere Ger\u00e4te f\u00fcr Ihren Aufenthalt.<\/p>\t\t\t\t\t\t<\/div>\n\t\t\t\t<\/div>\n\t\t\t\t<div class=\"elementor-element elementor-element-5ee667d elementor-widget elementor-widget-heading\" data-id=\"5ee667d\" data-element_type=\"widget\" data-widget_type=\"heading.default\">\n\t\t\t\t<div class=\"elementor-widget-container\">\n\t\t\t<h2 class=\"elementor-heading-title elementor-size-default\">Kontakt & Reservierung<\/h2>\t\t<\/div>\n\t\t\t\t<\/div>\n\t\t\t\t<div class=\"elementor-element elementor-element-005d1e0 elementor-widget elementor-widget-text-editor\" data-id=\"005d1e0\" data-element_type=\"widget\" data-widget_type=\"text-editor.default\">\n\t\t\t\t<div class=\"elementor-widget-container\">\n\t\t\t\t\t\t\t<p>Sie k\u00f6nnen Ihren Mokrowelle auf Mallorca ganz einfach im Voraus reservieren.<\/p><p>Die Abholung und R\u00fcckgabe ist in unseren Filialen in Palma m\u00f6glich.<br \/>Alternativ liefern wir den Bollerwagen auch direkt zum Flughafen Palma.<\/p><p><img decoding=\"async\" class=\"emoji\" role=\"img\" draggable=\"false\" src=\"https:\/\/s.w.org\/images\/core\/emoji\/17.0.2\/svg\/1f4cd.svg\" alt=\"\ud83d\udccd\" \/>\u00a0Unsere Filialen in Palma:<br \/>\u2013 Calle Manacor, 123, Palma<br \/>\u2013 Calle 31 de Diciembre, 3, Palma<\/p><p><img decoding=\"async\" class=\"emoji\" role=\"img\" draggable=\"false\" src=\"https:\/\/s.w.org\/images\/core\/emoji\/17.0.2\/svg\/1f4f2.svg\" alt=\"\ud83d\udcf2\" \/>\u00a0Kontakt per WhatsApp oder \u00fcber das Kontaktformular \u2013 auch auf Deutsch verf\u00fcgbar.<\/p>\t\t\t\t\t\t<\/div>\n\t\t\t\t<\/div>\n\t\t\t\t\t<\/div>\n\t\t\t\t<\/div>\n\t\t\t\t<\/div>\n\t\t","protected":false},"excerpt":{"rendered":"<p>Eine Mikrowelle in Mallorca zu mieten ist eine praktische und kosteng\u00fcnstige L\u00f6sung f\u00fcr Ferienwohnungen. Unsere Mikrowellen sind brandneu und sauber, sofort einsatzbereit f\u00fcr Ferienwohnungen und ideal f\u00fcr Kurz- oder Langzeitaufenthalte auf Mallorca. Sie sind leicht, einfach zu bedienen und sofort einsatzbereit. Besonders in den Sommermonaten eignen sie sich hervorragend zum Erw\u00e4rmen von Speisen und Getr\u00e4nken. [&hellip;]<\/p>\n","protected":false},"author":1,"featured_media":19011,"comment_status":"closed","ping_status":"open","sticky":false,"template":"","format":"image","meta":{"site-sidebar-layout":"default","site-content-layout":"","ast-site-content-layout":"default","site-content-style":"default","site-sidebar-style":"default","ast-global-header-display":"","ast-banner-title-visibility":"","ast-main-header-display":"","ast-hfb-above-header-display":"","ast-hfb-below-header-display":"","ast-hfb-mobile-header-display":"","site-post-title":"","ast-breadcrumbs-content":"","ast-featured-img":"","footer-sml-layout":"","ast-disable-related-posts":"","theme-transparent-header-meta":"","adv-header-id-meta":"","stick-header-meta":"","header-above-stick-meta":"","header-main-stick-meta":"","header-below-stick-meta":"","astra-migrate-meta-layouts":"default","ast-page-background-enabled":"default","ast-page-background-meta":{"desktop":{"background-color":"var(--ast-global-color-4)","background-image":"","background-repeat":"repeat","background-position":"center center","background-size":"auto","background-attachment":"scroll","background-type":"","background-media":"","overlay-type":"","overlay-color":"","overlay-opacity":"","overlay-gradient":""},"tablet":{"background-color":"","background-image":"","background-repeat":"repeat","background-position":"center center","background-size":"auto","background-attachment":"scroll","background-type":"","background-media":"","overlay-type":"","overlay-color":"","overlay-opacity":"","overlay-gradient":""},"mobile":{"background-color":"","background-image":"","background-repeat":"repeat","background-position":"center center","background-size":"auto","background-attachment":"scroll","background-type":"","background-media":"","overlay-type":"","overlay-color":"","overlay-opacity":"","overlay-gradient":""}},"ast-content-background-meta":{"desktop":{"background-color":"var(--ast-global-color-5)","background-image":"","background-repeat":"repeat","background-position":"center center","background-size":"auto","background-attachment":"scroll","background-type":"","background-media":"","overlay-type":"","overlay-color":"","overlay-opacity":"","overlay-gradient":""},"tablet":{"background-color":"var(--ast-global-color-5)","background-image":"","background-repeat":"repeat","background-position":"center center","background-size":"auto","background-attachment":"scroll","background-type":"","background-media":"","overlay-type":"","overlay-color":"","overlay-opacity":"","overlay-gradient":""},"mobile":{"background-color":"var(--ast-global-color-5)","background-image":"","background-repeat":"repeat","background-position":"center center","background-size":"auto","background-attachment":"scroll","background-type":"","background-media":"","overlay-type":"","overlay-color":"","overlay-opacity":"","overlay-gradient":""}},"footnotes":""},"categories":[1181],"tags":[],"class_list":["post-19310","post","type-post","status-publish","format-image","has-post-thumbnail","hentry","category-elektrogeraete-mieten","post_format-post-format-image"],"_links":{"self":[{"href":"https:\/\/rentexpressmallorca.com\/de\/wp-json\/wp\/v2\/posts\/19310","targetHints":{"allow":["GET"]}}],"collection":[{"href":"https:\/\/rentexpressmallorca.com\/de\/wp-json\/wp\/v2\/posts"}],"about":[{"href":"https:\/\/rentexpressmallorca.com\/de\/wp-json\/wp\/v2\/types\/post"}],"author":[{"embeddable":true,"href":"https:\/\/rentexpressmallorca.com\/de\/wp-json\/wp\/v2\/users\/1"}],"replies":[{"embeddable":true,"href":"https:\/\/rentexpressmallorca.com\/de\/wp-json\/wp\/v2\/comments?post=19310"}],"version-history":[{"count":23,"href":"https:\/\/rentexpressmallorca.com\/de\/wp-json\/wp\/v2\/posts\/19310\/revisions"}],"predecessor-version":[{"id":31253,"href":"https:\/\/rentexpressmallorca.com\/de\/wp-json\/wp\/v2\/posts\/19310\/revisions\/31253"}],"wp:featuredmedia":[{"embeddable":true,"href":"https:\/\/rentexpressmallorca.com\/de\/wp-json\/wp\/v2\/media\/19011"}],"wp:attachment":[{"href":"https:\/\/rentexpressmallorca.com\/de\/wp-json\/wp\/v2\/media?parent=19310"}],"wp:term":[{"taxonomy":"category","embeddable":true,"href":"https:\/\/rentexpressmallorca.com\/de\/wp-json\/wp\/v2\/categories?post=19310"},{"taxonomy":"post_tag","embeddable":true,"href":"https:\/\/rentexpressmallorca.com\/de\/wp-json\/wp\/v2\/tags?post=19310"}],"curies":[{"name":"wp","href":"https:\/\/api.w.org\/{rel}","templated":true}]}}