{"id":19319,"date":"2015-03-01T21:33:58","date_gmt":"2015-03-01T20:33:58","guid":{"rendered":"https:\/\/rentexpressmallorca.com\/alquilar-una-sombrilla-de-playa\/"},"modified":"2026-03-13T15:13:20","modified_gmt":"2026-03-13T14:13:20","slug":"sonnenschirm","status":"publish","type":"post","link":"https:\/\/rentexpressmallorca.com\/de\/sonnenschirm\/","title":{"rendered":"Sonnenschirm auf Mallorca mieten"},"content":{"rendered":"\t\t<div data-elementor-type=\"wp-post\" data-elementor-id=\"19319\" class=\"elementor elementor-19319 elementor-18139\" data-elementor-post-type=\"post\">\n\t\t\t\t<div class=\"elementor-element elementor-element-a06b348 e-flex e-con-boxed e-con e-parent\" data-id=\"a06b348\" data-element_type=\"container\" data-settings=\"{&quot;content_width&quot;:&quot;boxed&quot;}\" data-core-v316-plus=\"true\">\n\t\t\t\t\t<div class=\"e-con-inner\">\n\t\t\t\t<div class=\"elementor-element elementor-element-c59102d elementor-widget elementor-widget-text-editor\" data-id=\"c59102d\" data-element_type=\"widget\" data-widget_type=\"text-editor.default\">\n\t\t\t\t<div class=\"elementor-widget-container\">\n\t\t\t<style>\/*! elementor - v3.19.0 - 05-02-2024 *\/\n.elementor-widget-text-editor.elementor-drop-cap-view-stacked .elementor-drop-cap{background-color:#69727d;color:#fff}.elementor-widget-text-editor.elementor-drop-cap-view-framed .elementor-drop-cap{color:#69727d;border:3px solid;background-color:transparent}.elementor-widget-text-editor:not(.elementor-drop-cap-view-default) .elementor-drop-cap{margin-top:8px}.elementor-widget-text-editor:not(.elementor-drop-cap-view-default) .elementor-drop-cap-letter{width:1em;height:1em}.elementor-widget-text-editor .elementor-drop-cap{float:left;text-align:center;line-height:1;font-size:50px}.elementor-widget-text-editor .elementor-drop-cap-letter{display:inline-block}<\/style>\t\t\t\t<p data-start=\"454\" data-end=\"690\">Einen Sonnenschirm auf Mallorca zu mieten ist die ideale L\u00f6sung f\u00fcr entspannte Tage am Strand mit Schutz vor Sonne und Hitze. Unser leichter und stabiler Sonnenschirm sorgt f\u00fcr angenehmen Schatten und mehr Komfort w\u00e4hrend Ihres Urlaubs.<\/p><p data-start=\"692\" data-end=\"903\">Viele Urlauber kombinieren den Sonnenschirm mit einem <a href=\"https:\/\/rentexpressmallorca.com\/de\/strandstuhl\/\"><strong data-start=\"746\" data-end=\"774\">Strandstuhl auf Mallorca<\/strong><\/a>, um den Strandtag noch komfortabler zu gestalten.<\/p>\t\t\t\t\t\t<\/div>\n\t\t\t\t<\/div>\n\t\t\t\t<div class=\"elementor-element elementor-element-3c1bdd7 elementor-widget elementor-widget-heading\" data-id=\"3c1bdd7\" data-element_type=\"widget\" data-widget_type=\"heading.default\">\n\t\t\t\t<div class=\"elementor-widget-container\">\n\t\t\t<style>\/*! elementor - v3.19.0 - 05-02-2024 *\/\n.elementor-heading-title{padding:0;margin:0;line-height:1}.elementor-widget-heading .elementor-heading-title[class*=elementor-size-]>a{color:inherit;font-size:inherit;line-height:inherit}.elementor-widget-heading .elementor-heading-title.elementor-size-small{font-size:15px}.elementor-widget-heading .elementor-heading-title.elementor-size-medium{font-size:19px}.elementor-widget-heading .elementor-heading-title.elementor-size-large{font-size:29px}.elementor-widget-heading .elementor-heading-title.elementor-size-xl{font-size:39px}.elementor-widget-heading .elementor-heading-title.elementor-size-xxl{font-size:59px}<\/style><h2 class=\"elementor-heading-title elementor-size-default\">MIETDAUER & PREISE<\/h2>\t\t<\/div>\n\t\t\t\t<\/div>\n\t\t\t\t<div class=\"elementor-element elementor-element-e2a584b elementor-widget elementor-widget-text-editor\" data-id=\"e2a584b\" data-element_type=\"widget\" data-widget_type=\"text-editor.default\">\n\t\t\t\t<div class=\"elementor-widget-container\">\n\t\t\t\t\t\t\t<table><thead><tr><th>Mietdauer \/ Service<\/th><th>Preis<\/th><\/tr><\/thead><tbody><tr><td>3 Tage<\/td><td>5 \u20ac<\/td><\/tr><tr><td>1 Woche<\/td><td>10 \u20ac<\/td><\/tr><tr><td>Kaution<\/td><td>50 \u20ac<\/td><\/tr><tr><td>Flughafen Palma Lieferung &amp; R\u00fcckgabe<\/td><td>10 \u20ac<\/td><\/tr><\/tbody><\/table><p data-start=\"1038\" data-end=\"1166\"><br data-start=\"1088\" data-end=\"1091\" \/>\u2013 Sauber und gepr\u00fcft<br data-start=\"1111\" data-end=\"1114\" \/>\u2013 Schnelle Reservierung per WhatsApp oder Formular<\/p><p data-start=\"1168\" data-end=\"1313\">Dieses Produkt geh\u00f6rt zu unserer Kategorie<br data-start=\"1210\" data-end=\"1213\" \/><a href=\"https:\/\/rentexpressmallorca.com\/de\/category\/strandzubehor\/\"><strong data-start=\"1213\" data-end=\"1243\">Strandzubeh\u00f6r auf Mallorca<\/strong><\/a>,<br data-start=\"1244\" data-end=\"1247\" \/>in der Sie weiteres Strandzubeh\u00f6r zur Miete auf Mallorca finden<\/p>\t\t\t\t\t\t<\/div>\n\t\t\t\t<\/div>\n\t\t\t\t<div class=\"elementor-element elementor-element-5f92ca3 elementor-widget elementor-widget-heading\" data-id=\"5f92ca3\" data-element_type=\"widget\" data-widget_type=\"heading.default\">\n\t\t\t\t<div class=\"elementor-widget-container\">\n\t\t\t<h2 class=\"elementor-heading-title elementor-size-default\">REINIGUNG & R\u00dcCKGABE<\/h2>\t\t<\/div>\n\t\t\t\t<\/div>\n\t\t\t\t<div class=\"elementor-element elementor-element-f0b6ddb elementor-widget elementor-widget-text-editor\" data-id=\"f0b6ddb\" data-element_type=\"widget\" data-widget_type=\"text-editor.default\">\n\t\t\t\t<div class=\"elementor-widget-container\">\n\t\t\t\t\t\t\t<p data-start=\"1430\" data-end=\"1555\">Alle Sonnenschirme werden vor jeder \u00dcbergabe gr\u00fcndlich gereinigt und \u00fcberpr\u00fcft.<br data-start=\"1509\" data-end=\"1512\" \/>Bitte geben Sie das Material sauber zur\u00fcck.<\/p><p data-start=\"1557\" data-end=\"1671\">Viele Familien mieten zus\u00e4tzlich ein<br data-start=\"1593\" data-end=\"1596\" \/><a href=\"https:\/\/rentexpressmallorca.com\/de\/strandzelt\/\"><strong data-start=\"1596\" data-end=\"1623\">Strandzelt auf Mallorca<\/strong><\/a>,<br data-start=\"1624\" data-end=\"1627\" \/>um noch mehr Schatten und Schutz zu haben.<\/p>\t\t\t\t\t\t<\/div>\n\t\t\t\t<\/div>\n\t\t\t\t<div class=\"elementor-element elementor-element-97b7dec elementor-widget elementor-widget-heading\" data-id=\"97b7dec\" data-element_type=\"widget\" data-widget_type=\"heading.default\">\n\t\t\t\t<div class=\"elementor-widget-container\">\n\t\t\t<h2 class=\"elementor-heading-title elementor-size-default\">Treffpunkt am Flughafen Palma<\/h2>\t\t<\/div>\n\t\t\t\t<\/div>\n\t\t\t\t<div class=\"elementor-element elementor-element-d979b7e elementor-widget elementor-widget-text-editor\" data-id=\"d979b7e\" data-element_type=\"widget\" data-widget_type=\"text-editor.default\">\n\t\t\t\t<div class=\"elementor-widget-container\">\n\t\t\t\t\t\t\t<p data-start=\"3278\" data-end=\"3341\">Nach der Gep\u00e4ckabholung kontaktieren Sie uns bitte telefonisch.<\/p><p data-start=\"3343\" data-end=\"3458\">Der Treffpunkt befindet sich im Geb\u00e4ude gegen\u00fcber dem \u00f6ffentlichen Parkplatz, wo sich die Mietwagenfirmen befinden.<\/p><p data-start=\"3460\" data-end=\"3550\">Im Erdgeschoss finden Sie die <strong data-start=\"3490\" data-end=\"3503\">Bar Oasis<\/strong>, wo wir die \u00dcbergabe und R\u00fcckgabe durchf\u00fchren.<\/p><p data-start=\"3552\" data-end=\"3613\">Bitte rufen Sie uns etwa <strong data-start=\"3577\" data-end=\"3609\">15 Minuten vor Ihrer Ankunft<\/strong> an.<\/p>\t\t\t\t\t\t<\/div>\n\t\t\t\t<\/div>\n\t\t\t\t<div class=\"elementor-element elementor-element-7094565 elementor-widget elementor-widget-image\" data-id=\"7094565\" data-element_type=\"widget\" data-widget_type=\"image.default\">\n\t\t\t\t<div class=\"elementor-widget-container\">\n\t\t\t<style>\/*! elementor - v3.19.0 - 05-02-2024 *\/\n.elementor-widget-image{text-align:center}.elementor-widget-image a{display:inline-block}.elementor-widget-image a img[src$=\".svg\"]{width:48px}.elementor-widget-image img{vertical-align:middle;display:inline-block}<\/style>\t\t\t\t\t\t\t\t\t\t<img fetchpriority=\"high\" decoding=\"async\" width=\"300\" height=\"219\" src=\"https:\/\/rentexpressmallorca.com\/wp-content\/uploads\/2023\/12\/location-siege-auto-aeroport-Palma-Majorque-300x219.jpeg\" class=\"attachment-medium size-medium wp-image-35338\" alt=\"treffpunkt flughafen palma parkhaus bar coffee kindersitz\" srcset=\"https:\/\/rentexpressmallorca.com\/wp-content\/uploads\/2023\/12\/location-siege-auto-aeroport-Palma-Majorque-300x219.jpeg 300w, https:\/\/rentexpressmallorca.com\/wp-content\/uploads\/2023\/12\/location-siege-auto-aeroport-Palma-Majorque-768x560.jpeg 768w, https:\/\/rentexpressmallorca.com\/wp-content\/uploads\/2023\/12\/location-siege-auto-aeroport-Palma-Majorque.jpeg 1024w\" sizes=\"(max-width: 300px) 100vw, 300px\" \/>\t\t\t\t\t\t\t\t\t\t\t\t\t<\/div>\n\t\t\t\t<\/div>\n\t\t\t\t<div class=\"elementor-element elementor-element-381577e elementor-widget elementor-widget-heading\" data-id=\"381577e\" data-element_type=\"widget\" data-widget_type=\"heading.default\">\n\t\t\t\t<div class=\"elementor-widget-container\">\n\t\t\t<h2 class=\"elementor-heading-title elementor-size-default\">H\u00e4ufige Fragen zur Miete<\/h2>\t\t<\/div>\n\t\t\t\t<\/div>\n\t\t\t\t<div class=\"elementor-element elementor-element-cf4353b elementor-widget elementor-widget-accordion\" data-id=\"cf4353b\" data-element_type=\"widget\" data-widget_type=\"accordion.default\">\n\t\t\t\t<div class=\"elementor-widget-container\">\n\t\t\t<style>\/*! elementor - v3.19.0 - 05-02-2024 *\/\n.elementor-accordion{text-align:left}.elementor-accordion .elementor-accordion-item{border:1px solid #d5d8dc}.elementor-accordion .elementor-accordion-item+.elementor-accordion-item{border-top:none}.elementor-accordion .elementor-tab-title{margin:0;padding:15px 20px;font-weight:700;line-height:1;cursor:pointer;outline:none}.elementor-accordion .elementor-tab-title .elementor-accordion-icon{display:inline-block;width:1.5em}.elementor-accordion .elementor-tab-title .elementor-accordion-icon svg{width:1em;height:1em}.elementor-accordion .elementor-tab-title .elementor-accordion-icon.elementor-accordion-icon-right{float:right;text-align:right}.elementor-accordion .elementor-tab-title .elementor-accordion-icon.elementor-accordion-icon-left{float:left;text-align:left}.elementor-accordion .elementor-tab-title .elementor-accordion-icon .elementor-accordion-icon-closed{display:block}.elementor-accordion .elementor-tab-title .elementor-accordion-icon .elementor-accordion-icon-opened,.elementor-accordion .elementor-tab-title.elementor-active .elementor-accordion-icon-closed{display:none}.elementor-accordion .elementor-tab-title.elementor-active .elementor-accordion-icon-opened{display:block}.elementor-accordion .elementor-tab-content{display:none;padding:15px 20px;border-top:1px solid #d5d8dc}@media (max-width:767px){.elementor-accordion .elementor-tab-title{padding:12px 15px}.elementor-accordion .elementor-tab-title .elementor-accordion-icon{width:1.2em}.elementor-accordion .elementor-tab-content{padding:7px 15px}}.e-con-inner>.elementor-widget-accordion,.e-con>.elementor-widget-accordion{width:var(--container-widget-width);--flex-grow:var(--container-widget-flex-grow)}<\/style>\t\t<div class=\"elementor-accordion\">\n\t\t\t\t\t\t\t<div class=\"elementor-accordion-item\">\n\t\t\t\t\t<div id=\"elementor-tab-title-2171\" class=\"elementor-tab-title\" data-tab=\"1\" role=\"button\" aria-controls=\"elementor-tab-content-2171\" aria-expanded=\"false\">\n\t\t\t\t\t\t\t\t\t\t\t\t\t<span class=\"elementor-accordion-icon elementor-accordion-icon-left\" aria-hidden=\"true\">\n\t\t\t\t\t\t\t\t\t\t\t\t\t\t\t<span class=\"elementor-accordion-icon-closed\"><i class=\"fas fa-plus\"><\/i><\/span>\n\t\t\t\t\t\t\t\t<span class=\"elementor-accordion-icon-opened\"><i class=\"fas fa-minus\"><\/i><\/span>\n\t\t\t\t\t\t\t\t\t\t\t\t\t\t<\/span>\n\t\t\t\t\t\t\t\t\t\t\t\t<a class=\"elementor-accordion-title\" tabindex=\"0\">Wie miete ich einen Sonnenschirm auf Mallorca?<\/a>\n\t\t\t\t\t<\/div>\n\t\t\t\t\t<div id=\"elementor-tab-content-2171\" class=\"elementor-tab-content elementor-clearfix\" data-tab=\"1\" role=\"region\" aria-labelledby=\"elementor-tab-title-2171\"><p data-start=\"1814\" data-end=\"1942\">W\u00e4hlen Sie den Mietzeitraum und den Lieferort. Wir k\u00fcmmern uns um den Rest.<\/p><p data-start=\"1944\" data-end=\"2082\">\u00a0<\/p><\/div>\n\t\t\t\t<\/div>\n\t\t\t\t\t\t\t<div class=\"elementor-accordion-item\">\n\t\t\t\t\t<div id=\"elementor-tab-title-2172\" class=\"elementor-tab-title\" data-tab=\"2\" role=\"button\" aria-controls=\"elementor-tab-content-2172\" aria-expanded=\"false\">\n\t\t\t\t\t\t\t\t\t\t\t\t\t<span class=\"elementor-accordion-icon elementor-accordion-icon-left\" aria-hidden=\"true\">\n\t\t\t\t\t\t\t\t\t\t\t\t\t\t\t<span class=\"elementor-accordion-icon-closed\"><i class=\"fas fa-plus\"><\/i><\/span>\n\t\t\t\t\t\t\t\t<span class=\"elementor-accordion-icon-opened\"><i class=\"fas fa-minus\"><\/i><\/span>\n\t\t\t\t\t\t\t\t\t\t\t\t\t\t<\/span>\n\t\t\t\t\t\t\t\t\t\t\t\t<a class=\"elementor-accordion-title\" tabindex=\"0\">Kann der Sonnenschirm zum Flughafen Palma geliefert werden?<\/a>\n\t\t\t\t\t<\/div>\n\t\t\t\t\t<div id=\"elementor-tab-content-2172\" class=\"elementor-tab-content elementor-clearfix\" data-tab=\"2\" role=\"region\" aria-labelledby=\"elementor-tab-title-2172\"><p>Ja, die Lieferung oder Abholung am Flughafen Palma ist f\u00fcr 10 \u20ac m\u00f6glich.<\/p><\/div>\n\t\t\t\t<\/div>\n\t\t\t\t\t\t\t<div class=\"elementor-accordion-item\">\n\t\t\t\t\t<div id=\"elementor-tab-title-2173\" class=\"elementor-tab-title\" data-tab=\"3\" role=\"button\" aria-controls=\"elementor-tab-content-2173\" aria-expanded=\"false\">\n\t\t\t\t\t\t\t\t\t\t\t\t\t<span class=\"elementor-accordion-icon elementor-accordion-icon-left\" aria-hidden=\"true\">\n\t\t\t\t\t\t\t\t\t\t\t\t\t\t\t<span class=\"elementor-accordion-icon-closed\"><i class=\"fas fa-plus\"><\/i><\/span>\n\t\t\t\t\t\t\t\t<span class=\"elementor-accordion-icon-opened\"><i class=\"fas fa-minus\"><\/i><\/span>\n\t\t\t\t\t\t\t\t\t\t\t\t\t\t<\/span>\n\t\t\t\t\t\t\t\t\t\t\t\t<a class=\"elementor-accordion-title\" tabindex=\"0\">Wie hoch ist die Kaution?<\/a>\n\t\t\t\t\t<\/div>\n\t\t\t\t\t<div id=\"elementor-tab-content-2173\" class=\"elementor-tab-content elementor-clearfix\" data-tab=\"3\" role=\"region\" aria-labelledby=\"elementor-tab-title-2173\"><p>Die Kaution betr\u00e4gt 20 \u20ac.<\/p><\/div>\n\t\t\t\t<\/div>\n\t\t\t\t\t\t\t<div class=\"elementor-accordion-item\">\n\t\t\t\t\t<div id=\"elementor-tab-title-2174\" class=\"elementor-tab-title\" data-tab=\"4\" role=\"button\" aria-controls=\"elementor-tab-content-2174\" aria-expanded=\"false\">\n\t\t\t\t\t\t\t\t\t\t\t\t\t<span class=\"elementor-accordion-icon elementor-accordion-icon-left\" aria-hidden=\"true\">\n\t\t\t\t\t\t\t\t\t\t\t\t\t\t\t<span class=\"elementor-accordion-icon-closed\"><i class=\"fas fa-plus\"><\/i><\/span>\n\t\t\t\t\t\t\t\t<span class=\"elementor-accordion-icon-opened\"><i class=\"fas fa-minus\"><\/i><\/span>\n\t\t\t\t\t\t\t\t\t\t\t\t\t\t<\/span>\n\t\t\t\t\t\t\t\t\t\t\t\t<a class=\"elementor-accordion-title\" tabindex=\"0\">Wird der Sonnenschirm gereinigt?<\/a>\n\t\t\t\t\t<\/div>\n\t\t\t\t\t<div id=\"elementor-tab-content-2174\" class=\"elementor-tab-content elementor-clearfix\" data-tab=\"4\" role=\"region\" aria-labelledby=\"elementor-tab-title-2174\"><p>Ja, alle Sonnenschirme werden vor jeder \u00dcbergabe gepr\u00fcft und gereinigt.<\/p><\/div>\n\t\t\t\t<\/div>\n\t\t\t\t\t\t\t\t<\/div>\n\t\t\t\t<\/div>\n\t\t\t\t<\/div>\n\t\t\t\t<div class=\"elementor-element elementor-element-8845ea2 elementor-widget elementor-widget-heading\" data-id=\"8845ea2\" data-element_type=\"widget\" data-widget_type=\"heading.default\">\n\t\t\t\t<div class=\"elementor-widget-container\">\n\t\t\t<h2 class=\"elementor-heading-title elementor-size-default\">Kontakt & Reservierung<\/h2>\t\t<\/div>\n\t\t\t\t<\/div>\n\t\t\t\t<div class=\"elementor-element elementor-element-8a1cee7 elementor-widget elementor-widget-text-editor\" data-id=\"8a1cee7\" data-element_type=\"widget\" data-widget_type=\"text-editor.default\">\n\t\t\t\t<div class=\"elementor-widget-container\">\n\t\t\t\t\t\t\t<p data-start=\"104\" data-end=\"181\">Sie k\u00f6nnen Ihren Sonnenschirm auf Mallorca ganz einfach im Voraus reservieren.<\/p><p data-start=\"183\" data-end=\"324\">Die Abholung und R\u00fcckgabe ist in unseren Filialen in Palma m\u00f6glich.<br data-start=\"250\" data-end=\"253\" \/>Alternativ liefern wir den Bollerwagen auch direkt zum Flughafen Palma.<\/p><p data-start=\"183\" data-end=\"324\">&#8211; Unsere Filialen in Palma:<br data-start=\"354\" data-end=\"357\" \/>\u2013 Calle Manacor, 123, Palma<br data-start=\"384\" data-end=\"387\" \/>\u2013 Calle 31 de Diciembre, 3, Palma<\/p><p data-start=\"424\" data-end=\"507\" data-is-last-node=\"\" data-is-only-node=\"\">&#8211; Kontakt per WhatsApp oder \u00fcber das Kontaktformular \u2013 auch auf Deutsch verf\u00fcgbar.<\/p>\t\t\t\t\t\t<\/div>\n\t\t\t\t<\/div>\n\t\t\t\t\t<\/div>\n\t\t\t\t<\/div>\n\t\t\t\t<\/div>\n\t\t","protected":false},"excerpt":{"rendered":"<p>Sonnenschirm Anti-UV-Schutz gegen Sonnenstrahlen<\/p>\n","protected":false},"author":1,"featured_media":18894,"comment_status":"closed","ping_status":"open","sticky":false,"template":"","format":"image","meta":{"site-sidebar-layout":"default","site-content-layout":"","ast-site-content-layout":"default","site-content-style":"default","site-sidebar-style":"default","ast-global-header-display":"","ast-banner-title-visibility":"","ast-main-header-display":"","ast-hfb-above-header-display":"","ast-hfb-below-header-display":"","ast-hfb-mobile-header-display":"","site-post-title":"","ast-breadcrumbs-content":"","ast-featured-img":"","footer-sml-layout":"","ast-disable-related-posts":"","theme-transparent-header-meta":"","adv-header-id-meta":"","stick-header-meta":"","header-above-stick-meta":"","header-main-stick-meta":"","header-below-stick-meta":"","astra-migrate-meta-layouts":"default","ast-page-background-enabled":"default","ast-page-background-meta":{"desktop":{"background-color":"var(--ast-global-color-4)","background-image":"","background-repeat":"repeat","background-position":"center center","background-size":"auto","background-attachment":"scroll","background-type":"","background-media":"","overlay-type":"","overlay-color":"","overlay-opacity":"","overlay-gradient":""},"tablet":{"background-color":"","background-image":"","background-repeat":"repeat","background-position":"center center","background-size":"auto","background-attachment":"scroll","background-type":"","background-media":"","overlay-type":"","overlay-color":"","overlay-opacity":"","overlay-gradient":""},"mobile":{"background-color":"","background-image":"","background-repeat":"repeat","background-position":"center center","background-size":"auto","background-attachment":"scroll","background-type":"","background-media":"","overlay-type":"","overlay-color":"","overlay-opacity":"","overlay-gradient":""}},"ast-content-background-meta":{"desktop":{"background-color":"var(--ast-global-color-5)","background-image":"","background-repeat":"repeat","background-position":"center center","background-size":"auto","background-attachment":"scroll","background-type":"","background-media":"","overlay-type":"","overlay-color":"","overlay-opacity":"","overlay-gradient":""},"tablet":{"background-color":"var(--ast-global-color-5)","background-image":"","background-repeat":"repeat","background-position":"center center","background-size":"auto","background-attachment":"scroll","background-type":"","background-media":"","overlay-type":"","overlay-color":"","overlay-opacity":"","overlay-gradient":""},"mobile":{"background-color":"var(--ast-global-color-5)","background-image":"","background-repeat":"repeat","background-position":"center center","background-size":"auto","background-attachment":"scroll","background-type":"","background-media":"","overlay-type":"","overlay-color":"","overlay-opacity":"","overlay-gradient":""}},"footnotes":""},"categories":[1018],"tags":[],"class_list":["post-19319","post","type-post","status-publish","format-image","has-post-thumbnail","hentry","category-strandzubehor","post_format-post-format-image"],"_links":{"self":[{"href":"https:\/\/rentexpressmallorca.com\/de\/wp-json\/wp\/v2\/posts\/19319","targetHints":{"allow":["GET"]}}],"collection":[{"href":"https:\/\/rentexpressmallorca.com\/de\/wp-json\/wp\/v2\/posts"}],"about":[{"href":"https:\/\/rentexpressmallorca.com\/de\/wp-json\/wp\/v2\/types\/post"}],"author":[{"embeddable":true,"href":"https:\/\/rentexpressmallorca.com\/de\/wp-json\/wp\/v2\/users\/1"}],"replies":[{"embeddable":true,"href":"https:\/\/rentexpressmallorca.com\/de\/wp-json\/wp\/v2\/comments?post=19319"}],"version-history":[{"count":50,"href":"https:\/\/rentexpressmallorca.com\/de\/wp-json\/wp\/v2\/posts\/19319\/revisions"}],"predecessor-version":[{"id":37815,"href":"https:\/\/rentexpressmallorca.com\/de\/wp-json\/wp\/v2\/posts\/19319\/revisions\/37815"}],"wp:featuredmedia":[{"embeddable":true,"href":"https:\/\/rentexpressmallorca.com\/de\/wp-json\/wp\/v2\/media\/18894"}],"wp:attachment":[{"href":"https:\/\/rentexpressmallorca.com\/de\/wp-json\/wp\/v2\/media?parent=19319"}],"wp:term":[{"taxonomy":"category","embeddable":true,"href":"https:\/\/rentexpressmallorca.com\/de\/wp-json\/wp\/v2\/categories?post=19319"},{"taxonomy":"post_tag","embeddable":true,"href":"https:\/\/rentexpressmallorca.com\/de\/wp-json\/wp\/v2\/tags?post=19319"}],"curies":[{"name":"wp","href":"https:\/\/api.w.org\/{rel}","templated":true}]}}