{"id":19346,"date":"2015-03-01T21:22:08","date_gmt":"2015-03-01T20:22:08","guid":{"rendered":"https:\/\/rentexpressmallorca.com\/secador-pelo-en-alquiler-mallorca\/"},"modified":"2026-02-10T10:11:57","modified_gmt":"2026-02-10T09:11:57","slug":"hairdryer","status":"publish","type":"post","link":"https:\/\/rentexpressmallorca.com\/de\/hairdryer\/","title":{"rendered":"Haartrockner"},"content":{"rendered":"\t\t<div data-elementor-type=\"wp-post\" data-elementor-id=\"19346\" class=\"elementor elementor-19346 elementor-18172\" data-elementor-post-type=\"post\">\n\t\t\t\t<div class=\"elementor-element elementor-element-3b078bfa e-flex e-con-boxed e-con e-parent\" data-id=\"3b078bfa\" data-element_type=\"container\" data-settings=\"{&quot;content_width&quot;:&quot;boxed&quot;}\" data-core-v316-plus=\"true\">\n\t\t\t\t\t<div class=\"e-con-inner\">\n\t\t\t\t<div class=\"elementor-element elementor-element-19075e4d elementor-widget elementor-widget-text-editor\" data-id=\"19075e4d\" data-element_type=\"widget\" data-widget_type=\"text-editor.default\">\n\t\t\t\t<div class=\"elementor-widget-container\">\n\t\t\t<style>\/*! elementor - v3.19.0 - 05-02-2024 *\/\n.elementor-widget-text-editor.elementor-drop-cap-view-stacked .elementor-drop-cap{background-color:#69727d;color:#fff}.elementor-widget-text-editor.elementor-drop-cap-view-framed .elementor-drop-cap{color:#69727d;border:3px solid;background-color:transparent}.elementor-widget-text-editor:not(.elementor-drop-cap-view-default) .elementor-drop-cap{margin-top:8px}.elementor-widget-text-editor:not(.elementor-drop-cap-view-default) .elementor-drop-cap-letter{width:1em;height:1em}.elementor-widget-text-editor .elementor-drop-cap{float:left;text-align:center;line-height:1;font-size:50px}.elementor-widget-text-editor .elementor-drop-cap-letter{display:inline-block}<\/style>\t\t\t\t<p><strong>Haartrockner zu vermieten auf Mallorca<\/strong><\/p><p>Unsere Trockner werden komplett mit Zubeh\u00f6r geliefert. Nach dem Meer und der Dusche sorgt ein letzter Schliff daf\u00fcr, dass Sie noch sch\u00f6ner aussehen!<\/p><p><strong>\u00bfSuchen Sie <\/strong>einen Haartrockner zur Miete auf Mallorca?<\/p><p>Preise f\u00fcr die Miete eines Haartrockners auf Mallorca. F\u00fcr eine Woche Miete:<\/p><p>1 woche\u00a0 \u2013 10\u20ac<br \/>\u00a0 kaution \u2013 50\u20ac<\/p><p><strong>kontaktiere uns<\/strong><\/p><ul><li>phone: +34 697402352 whatsapp<\/li><li>phone: +34 651723263<\/li><li>e-mail: ade.elevation@gmail.com<\/li><\/ul><p>In der N\u00e4he des Flughafens lagern<\/p><ul><li><a href=\"https:\/\/www.google.es\/maps\/place\/Rent+express+Mallorca\/@39.5713387,2.6721975,15z\/data=!4m5!3m4!1s0x0:0x37d022e8bcdba205!8m2!3d39.5713387!4d2.6721975\" target=\"_blank\" rel=\"noopener\">Calle Manacor 123, 07007 Palma de Mallorca<\/a><\/li><\/ul><p><strong>Plaza de Espa\u00f1a-Laden<\/strong><\/p><ul><li><a href=\"https:\/\/www.google.es\/maps\/place\/Rent+Express+Mallorca+(plaza+de+espa%C3%B1a)\/@39.5779607,2.652169,15z\/data=!4m5!3m4!1s0x0:0x489fb8c2a75faff2!8m2!3d39.5779607!4d2.652169\" target=\"_blank\" rel=\"noopener\">Calle 31 de diciembre ,3, 07003 Palma de Mallorca<\/a><\/li><\/ul>\t\t\t\t\t\t<\/div>\n\t\t\t\t<\/div>\n\t\t\t\t\t<\/div>\n\t\t\t\t<\/div>\n\t\t\t\t<\/div>\n\t\t","protected":false},"excerpt":{"rendered":"<p>Haartrockner zu vermieten auf Mallorca Unsere Trockner werden komplett mit Zubeh\u00f6r geliefert. Nach dem Meer und der Dusche sorgt ein letzter Schliff daf\u00fcr, dass Sie noch sch\u00f6ner aussehen! \u00bfSuchen Sie einen Haartrockner zur Miete auf Mallorca? Preise f\u00fcr die Miete eines Haartrockners auf Mallorca. F\u00fcr eine Woche Miete: 1 woche\u00a0 \u2013 10\u20ac\u00a0 kaution \u2013 50\u20ac [&hellip;]<\/p>\n","protected":false},"author":1,"featured_media":19059,"comment_status":"closed","ping_status":"closed","sticky":false,"template":"","format":"image","meta":{"site-sidebar-layout":"default","site-content-layout":"","ast-site-content-layout":"default","site-content-style":"default","site-sidebar-style":"default","ast-global-header-display":"","ast-banner-title-visibility":"","ast-main-header-display":"","ast-hfb-above-header-display":"","ast-hfb-below-header-display":"","ast-hfb-mobile-header-display":"","site-post-title":"","ast-breadcrumbs-content":"","ast-featured-img":"","footer-sml-layout":"","ast-disable-related-posts":"","theme-transparent-header-meta":"","adv-header-id-meta":"","stick-header-meta":"","header-above-stick-meta":"","header-main-stick-meta":"","header-below-stick-meta":"","astra-migrate-meta-layouts":"default","ast-page-background-enabled":"default","ast-page-background-meta":{"desktop":{"background-color":"var(--ast-global-color-4)","background-image":"","background-repeat":"repeat","background-position":"center center","background-size":"auto","background-attachment":"scroll","background-type":"","background-media":"","overlay-type":"","overlay-color":"","overlay-opacity":"","overlay-gradient":""},"tablet":{"background-color":"","background-image":"","background-repeat":"repeat","background-position":"center center","background-size":"auto","background-attachment":"scroll","background-type":"","background-media":"","overlay-type":"","overlay-color":"","overlay-opacity":"","overlay-gradient":""},"mobile":{"background-color":"","background-image":"","background-repeat":"repeat","background-position":"center center","background-size":"auto","background-attachment":"scroll","background-type":"","background-media":"","overlay-type":"","overlay-color":"","overlay-opacity":"","overlay-gradient":""}},"ast-content-background-meta":{"desktop":{"background-color":"var(--ast-global-color-5)","background-image":"","background-repeat":"repeat","background-position":"center center","background-size":"auto","background-attachment":"scroll","background-type":"","background-media":"","overlay-type":"","overlay-color":"","overlay-opacity":"","overlay-gradient":""},"tablet":{"background-color":"var(--ast-global-color-5)","background-image":"","background-repeat":"repeat","background-position":"center center","background-size":"auto","background-attachment":"scroll","background-type":"","background-media":"","overlay-type":"","overlay-color":"","overlay-opacity":"","overlay-gradient":""},"mobile":{"background-color":"var(--ast-global-color-5)","background-image":"","background-repeat":"repeat","background-position":"center center","background-size":"auto","background-attachment":"scroll","background-type":"","background-media":"","overlay-type":"","overlay-color":"","overlay-opacity":"","overlay-gradient":""}},"footnotes":""},"categories":[1181],"tags":[],"class_list":["post-19346","post","type-post","status-publish","format-image","has-post-thumbnail","hentry","category-elektrogeraete-mieten","post_format-post-format-image"],"_links":{"self":[{"href":"https:\/\/rentexpressmallorca.com\/de\/wp-json\/wp\/v2\/posts\/19346","targetHints":{"allow":["GET"]}}],"collection":[{"href":"https:\/\/rentexpressmallorca.com\/de\/wp-json\/wp\/v2\/posts"}],"about":[{"href":"https:\/\/rentexpressmallorca.com\/de\/wp-json\/wp\/v2\/types\/post"}],"author":[{"embeddable":true,"href":"https:\/\/rentexpressmallorca.com\/de\/wp-json\/wp\/v2\/users\/1"}],"replies":[{"embeddable":true,"href":"https:\/\/rentexpressmallorca.com\/de\/wp-json\/wp\/v2\/comments?post=19346"}],"version-history":[{"count":9,"href":"https:\/\/rentexpressmallorca.com\/de\/wp-json\/wp\/v2\/posts\/19346\/revisions"}],"predecessor-version":[{"id":31230,"href":"https:\/\/rentexpressmallorca.com\/de\/wp-json\/wp\/v2\/posts\/19346\/revisions\/31230"}],"wp:featuredmedia":[{"embeddable":true,"href":"https:\/\/rentexpressmallorca.com\/de\/wp-json\/wp\/v2\/media\/19059"}],"wp:attachment":[{"href":"https:\/\/rentexpressmallorca.com\/de\/wp-json\/wp\/v2\/media?parent=19346"}],"wp:term":[{"taxonomy":"category","embeddable":true,"href":"https:\/\/rentexpressmallorca.com\/de\/wp-json\/wp\/v2\/categories?post=19346"},{"taxonomy":"post_tag","embeddable":true,"href":"https:\/\/rentexpressmallorca.com\/de\/wp-json\/wp\/v2\/tags?post=19346"}],"curies":[{"name":"wp","href":"https:\/\/api.w.org\/{rel}","templated":true}]}}