{"id":19352,"date":"2023-12-01T12:49:00","date_gmt":"2023-12-01T11:49:00","guid":{"rendered":"https:\/\/rentexpressmallorca.com\/alquilar-mochila-trekking-bebe-mallorca\/"},"modified":"2026-03-13T14:24:29","modified_gmt":"2026-03-13T13:24:29","slug":"kindertrage-mallorca","status":"publish","type":"post","link":"https:\/\/rentexpressmallorca.com\/de\/kindertrage-mallorca\/","title":{"rendered":"Kindertrage auf Mallorca mieten"},"content":{"rendered":"\t\t<div data-elementor-type=\"wp-post\" data-elementor-id=\"19352\" class=\"elementor elementor-19352 elementor-18180\" data-elementor-post-type=\"post\">\n\t\t\t\t<div class=\"elementor-element elementor-element-d0767fc e-flex e-con-boxed e-con e-parent\" data-id=\"d0767fc\" data-element_type=\"container\" data-settings=\"{&quot;content_width&quot;:&quot;boxed&quot;}\" data-core-v316-plus=\"true\">\n\t\t\t\t\t<div class=\"e-con-inner\">\n\t\t\t\t<div class=\"elementor-element elementor-element-33fc7ca elementor-widget elementor-widget-text-editor\" data-id=\"33fc7ca\" data-element_type=\"widget\" data-widget_type=\"text-editor.default\">\n\t\t\t\t<div class=\"elementor-widget-container\">\n\t\t\t<style>\/*! elementor - v3.19.0 - 05-02-2024 *\/\n.elementor-widget-text-editor.elementor-drop-cap-view-stacked .elementor-drop-cap{background-color:#69727d;color:#fff}.elementor-widget-text-editor.elementor-drop-cap-view-framed .elementor-drop-cap{color:#69727d;border:3px solid;background-color:transparent}.elementor-widget-text-editor:not(.elementor-drop-cap-view-default) .elementor-drop-cap{margin-top:8px}.elementor-widget-text-editor:not(.elementor-drop-cap-view-default) .elementor-drop-cap-letter{width:1em;height:1em}.elementor-widget-text-editor .elementor-drop-cap{float:left;text-align:center;line-height:1;font-size:50px}.elementor-widget-text-editor .elementor-drop-cap-letter{display:inline-block}<\/style>\t\t\t\t<p data-start=\"493\" data-end=\"656\">Mieten Sie eine Kindertrage auf Mallorca und genie\u00dfen Sie Ausfl\u00fcge und Spazierg\u00e4nge mit Ihrem Kind ganz entspannt. Ideal f\u00fcr Reisen, Wanderungen oder Stadtbesuche.<\/p><p data-start=\"658\" data-end=\"819\">Viele Familien mieten zus\u00e4tzlich einen <a href=\"https:\/\/rentexpressmallorca.com\/de\/kinderwagen-mieten-mallorca\/\"><strong data-start=\"697\" data-end=\"725\">Kinderwagen auf Mallorca<\/strong><\/a>, um w\u00e4hrend des Aufenthalts flexibel zu bleiben.<\/p>\t\t\t\t\t\t<\/div>\n\t\t\t\t<\/div>\n\t\t\t\t<div class=\"elementor-element elementor-element-a69b359 elementor-widget elementor-widget-heading\" data-id=\"a69b359\" data-element_type=\"widget\" data-widget_type=\"heading.default\">\n\t\t\t\t<div class=\"elementor-widget-container\">\n\t\t\t<style>\/*! elementor - v3.19.0 - 05-02-2024 *\/\n.elementor-heading-title{padding:0;margin:0;line-height:1}.elementor-widget-heading .elementor-heading-title[class*=elementor-size-]>a{color:inherit;font-size:inherit;line-height:inherit}.elementor-widget-heading .elementor-heading-title.elementor-size-small{font-size:15px}.elementor-widget-heading .elementor-heading-title.elementor-size-medium{font-size:19px}.elementor-widget-heading .elementor-heading-title.elementor-size-large{font-size:29px}.elementor-widget-heading .elementor-heading-title.elementor-size-xl{font-size:39px}.elementor-widget-heading .elementor-heading-title.elementor-size-xxl{font-size:59px}<\/style><h2 class=\"elementor-heading-title elementor-size-default\">Preise auf einen Blick \u2705<\/h2>\t\t<\/div>\n\t\t\t\t<\/div>\n\t\t\t\t<div class=\"elementor-element elementor-element-0d2ea80 elementor-widget elementor-widget-text-editor\" data-id=\"0d2ea80\" data-element_type=\"widget\" data-widget_type=\"text-editor.default\">\n\t\t\t\t<div class=\"elementor-widget-container\">\n\t\t\t\t\t\t\t<p>&#8211; 3 Tage: 15 \u20ac<br \/>&#8211; 1 Woche: 35 \u20ac<br \/>&#8211; Kaution: 50 \u20ac<br \/>&#8211; Flughafenservice: 10 \u20ac<\/p><p>Dieses Produkt geh\u00f6rt zu unserer Kategorie\u00a0<a href=\"https:\/\/rentexpressmallorca.com\/de\/category\/kinder-und-babyausstattung-mieten\/\">Babyausstattung auf Mallorca<\/a>, in der Sie weitere Baby- und Kinderprodukte zur Miete auf Mallorca finden.<\/p>\t\t\t\t\t\t<\/div>\n\t\t\t\t<\/div>\n\t\t\t\t<div class=\"elementor-element elementor-element-b7b97ff elementor-widget elementor-widget-heading\" data-id=\"b7b97ff\" data-element_type=\"widget\" data-widget_type=\"heading.default\">\n\t\t\t\t<div class=\"elementor-widget-container\">\n\t\t\t<h2 class=\"elementor-heading-title elementor-size-default\">Vorteile unserer Kindertrage<\/h2>\t\t<\/div>\n\t\t\t\t<\/div>\n\t\t\t\t<div class=\"elementor-element elementor-element-7daa33f elementor-widget elementor-widget-text-editor\" data-id=\"7daa33f\" data-element_type=\"widget\" data-widget_type=\"text-editor.default\">\n\t\t\t\t<div class=\"elementor-widget-container\">\n\t\t\t\t\t\t\t<p>Unsere Kindertragen sind f\u00fcr aktive Familien konzipiert und bieten Sicherheit, Komfort und maximale Bewegungsfreiheit.<\/p>\n<p>\u2714 Geeignet f\u00fcr Kinder bis 20 kg (ca. bis 4 Jahre)<br \/>\u2714 Integriertes Sicherheitsgurtsystem f\u00fcr festen Halt<br \/>\u2714 Ergonomischer und gepolsterter R\u00fcckenbereich<br \/>\u2714 Extrem leicht \u2013 ideal f\u00fcr l\u00e4ngere Ausfl\u00fcge<br \/>\u2714 Verstellbare Gurte f\u00fcr verschiedene K\u00f6rpergr\u00f6\u00dfen<br \/>\u2714 Praktische Seitentaschen f\u00fcr pers\u00f6nliche Gegenst\u00e4nde<\/p>\t\t\t\t\t\t<\/div>\n\t\t\t\t<\/div>\n\t\t\t\t<div class=\"elementor-element elementor-element-d81af2a elementor-widget elementor-widget-heading\" data-id=\"d81af2a\" data-element_type=\"widget\" data-widget_type=\"heading.default\">\n\t\t\t\t<div class=\"elementor-widget-container\">\n\t\t\t<h2 class=\"elementor-heading-title elementor-size-default\">Sicherheit & Komfort<\/h2>\t\t<\/div>\n\t\t\t\t<\/div>\n\t\t\t\t<div class=\"elementor-element elementor-element-c7a690d elementor-widget elementor-widget-text-editor\" data-id=\"c7a690d\" data-element_type=\"widget\" data-widget_type=\"text-editor.default\">\n\t\t\t\t<div class=\"elementor-widget-container\">\n\t\t\t\t\t\t\t<p>Die Kindertrage verf\u00fcgt \u00fcber ein integriertes Gurtsystem, das Ihr Kind sicher fixiert und jederzeit stabil h\u00e4lt. <br \/>Der gepolsterte R\u00fccken- und Schulterbereich sorgt f\u00fcr hohen Tragekomfort \u2013 sowohl f\u00fcr das Kind als auch f\u00fcr den Erwachsenen.<\/p>\t\t\t\t\t\t<\/div>\n\t\t\t\t<\/div>\n\t\t\t\t<div class=\"elementor-element elementor-element-8e8438b elementor-widget elementor-widget-heading\" data-id=\"8e8438b\" data-element_type=\"widget\" data-widget_type=\"heading.default\">\n\t\t\t\t<div class=\"elementor-widget-container\">\n\t\t\t<h2 class=\"elementor-heading-title elementor-size-default\">Ideal f\u00fcr Ausfl\u00fcge auf Mallorca<\/h2>\t\t<\/div>\n\t\t\t\t<\/div>\n\t\t\t\t<div class=\"elementor-element elementor-element-c7c917f elementor-widget elementor-widget-text-editor\" data-id=\"c7c917f\" data-element_type=\"widget\" data-widget_type=\"text-editor.default\">\n\t\t\t\t<div class=\"elementor-widget-container\">\n\t\t\t\t\t\t\t<p>Ob Wanderungen, Naturparks oder Spazierg\u00e4nge abseits der Str\u00e4nde \u2013 mit der Kindertrage bleiben Sie flexibel und mobil. <br \/>Perfekt f\u00fcr aktive Familien, die Mallorca entdecken m\u00f6chten.<\/p>\t\t\t\t\t\t<\/div>\n\t\t\t\t<\/div>\n\t\t\t\t<div class=\"elementor-element elementor-element-b6d777d elementor-widget elementor-widget-image\" data-id=\"b6d777d\" data-element_type=\"widget\" data-widget_type=\"image.default\">\n\t\t\t\t<div class=\"elementor-widget-container\">\n\t\t\t<style>\/*! elementor - v3.19.0 - 05-02-2024 *\/\n.elementor-widget-image{text-align:center}.elementor-widget-image a{display:inline-block}.elementor-widget-image a img[src$=\".svg\"]{width:48px}.elementor-widget-image img{vertical-align:middle;display:inline-block}<\/style>\t\t\t\t\t\t\t\t\t\t<img fetchpriority=\"high\" decoding=\"async\" width=\"300\" height=\"202\" src=\"https:\/\/rentexpressmallorca.com\/wp-content\/uploads\/2019\/03\/fotonoticia_20150323090423-15031239739_9999-300x202.jpg\" class=\"attachment-medium size-medium wp-image-23694\" alt=\"https:\/\/youtu.be\/I-yQ38s7iiU?si=-NSMd4KZQ4UFGkHy\" srcset=\"https:\/\/rentexpressmallorca.com\/wp-content\/uploads\/2019\/03\/fotonoticia_20150323090423-15031239739_9999-300x202.jpg 300w, https:\/\/rentexpressmallorca.com\/wp-content\/uploads\/2019\/03\/fotonoticia_20150323090423-15031239739_9999.jpg 671w\" sizes=\"(max-width: 300px) 100vw, 300px\" \/>\t\t\t\t\t\t\t\t\t\t\t\t\t<\/div>\n\t\t\t\t<\/div>\n\t\t\t\t<div class=\"elementor-element elementor-element-7447aad elementor-widget elementor-widget-heading\" data-id=\"7447aad\" data-element_type=\"widget\" data-widget_type=\"heading.default\">\n\t\t\t\t<div class=\"elementor-widget-container\">\n\t\t\t<h2 class=\"elementor-heading-title elementor-size-default\">Reinigung & R\u00fcckgabe<\/h2>\t\t<\/div>\n\t\t\t\t<\/div>\n\t\t\t\t<div class=\"elementor-element elementor-element-6be0d37 elementor-widget elementor-widget-text-editor\" data-id=\"6be0d37\" data-element_type=\"widget\" data-widget_type=\"text-editor.default\">\n\t\t\t\t<div class=\"elementor-widget-container\">\n\t\t\t\t\t\t\t<p data-start=\"1232\" data-end=\"1298\">Alle Kindertragen werden vor jeder \u00dcbergabe gereinigt und gepr\u00fcft.<\/p><p data-start=\"1300\" data-end=\"1462\">Viele Familien reservieren zus\u00e4tzlich ein <a href=\"https:\/\/rentexpressmallorca.com\/de\/reisebett-baby-mieten\/\"><strong data-start=\"1342\" data-end=\"1368\">Reisebett auf Mallorca<\/strong><\/a>, um den Aufenthalt noch komfortabler zu gestalten.<\/p><p>&#8211; Lieferung &amp; Abholung am Flughafen Palma f\u00fcr nur 10 \u20ac<br \/>&#8211; Abholung und R\u00fcckgabe auch in Palma m\u00f6glich<\/p>\t\t\t\t\t\t<\/div>\n\t\t\t\t<\/div>\n\t\t\t\t<div class=\"elementor-element elementor-element-c4f77a6 elementor-widget elementor-widget-heading\" data-id=\"c4f77a6\" data-element_type=\"widget\" data-widget_type=\"heading.default\">\n\t\t\t\t<div class=\"elementor-widget-container\">\n\t\t\t<h2 class=\"elementor-heading-title elementor-size-default\">Preise, Kaution & Reinigung<\/h2>\t\t<\/div>\n\t\t\t\t<\/div>\n\t\t\t\t<div class=\"elementor-element elementor-element-e6f15af elementor-widget elementor-widget-text-editor\" data-id=\"e6f15af\" data-element_type=\"widget\" data-widget_type=\"text-editor.default\">\n\t\t\t\t<div class=\"elementor-widget-container\">\n\t\t\t\t\t\t\t<p>Unsere Kindertragen werden zu transparenten Mietpreisen vermietet:<\/p><ul><li data-start=\"3244\" data-end=\"3264\"><p data-start=\"3246\" data-end=\"3264\"><strong data-start=\"3246\" data-end=\"3257\">3 Tage:<\/strong>\u00a0 \u00a0 \u00a015 \u20ac<\/p><\/li><li data-start=\"3265\" data-end=\"3286\"><p data-start=\"3267\" data-end=\"3286\"><strong data-start=\"3267\" data-end=\"3279\">1 Woche:<\/strong> 35 \u20ac<\/p><\/li><li data-start=\"3287\" data-end=\"3306\"><p data-start=\"3289\" data-end=\"3306\"><strong data-start=\"3289\" data-end=\"3301\">Kaution:<\/strong> 50 \u20ac<\/p><\/li><\/ul><p>Alle Kindertragen werden vor jeder Vermietung gr\u00fcndlich gereinigt und \u00fcberpr\u00fcft, sodass Sie ein sauberes und sicheres Produkt erhalten.<\/p>\t\t\t\t\t\t<\/div>\n\t\t\t\t<\/div>\n\t\t\t\t<div class=\"elementor-element elementor-element-28c76a5 elementor-widget elementor-widget-heading\" data-id=\"28c76a5\" data-element_type=\"widget\" data-widget_type=\"heading.default\">\n\t\t\t\t<div class=\"elementor-widget-container\">\n\t\t\t<h2 class=\"elementor-heading-title elementor-size-default\">H\u00e4ufige Fragen zur Miete<\/h2>\t\t<\/div>\n\t\t\t\t<\/div>\n\t\t\t\t<div class=\"elementor-element elementor-element-7a14a15 elementor-widget elementor-widget-accordion\" data-id=\"7a14a15\" data-element_type=\"widget\" data-widget_type=\"accordion.default\">\n\t\t\t\t<div class=\"elementor-widget-container\">\n\t\t\t<style>\/*! elementor - v3.19.0 - 05-02-2024 *\/\n.elementor-accordion{text-align:left}.elementor-accordion .elementor-accordion-item{border:1px solid #d5d8dc}.elementor-accordion .elementor-accordion-item+.elementor-accordion-item{border-top:none}.elementor-accordion .elementor-tab-title{margin:0;padding:15px 20px;font-weight:700;line-height:1;cursor:pointer;outline:none}.elementor-accordion .elementor-tab-title .elementor-accordion-icon{display:inline-block;width:1.5em}.elementor-accordion .elementor-tab-title .elementor-accordion-icon svg{width:1em;height:1em}.elementor-accordion .elementor-tab-title .elementor-accordion-icon.elementor-accordion-icon-right{float:right;text-align:right}.elementor-accordion .elementor-tab-title .elementor-accordion-icon.elementor-accordion-icon-left{float:left;text-align:left}.elementor-accordion .elementor-tab-title .elementor-accordion-icon .elementor-accordion-icon-closed{display:block}.elementor-accordion .elementor-tab-title .elementor-accordion-icon .elementor-accordion-icon-opened,.elementor-accordion .elementor-tab-title.elementor-active .elementor-accordion-icon-closed{display:none}.elementor-accordion .elementor-tab-title.elementor-active .elementor-accordion-icon-opened{display:block}.elementor-accordion .elementor-tab-content{display:none;padding:15px 20px;border-top:1px solid #d5d8dc}@media (max-width:767px){.elementor-accordion .elementor-tab-title{padding:12px 15px}.elementor-accordion .elementor-tab-title .elementor-accordion-icon{width:1.2em}.elementor-accordion .elementor-tab-content{padding:7px 15px}}.e-con-inner>.elementor-widget-accordion,.e-con>.elementor-widget-accordion{width:var(--container-widget-width);--flex-grow:var(--container-widget-flex-grow)}<\/style>\t\t<div class=\"elementor-accordion\">\n\t\t\t\t\t\t\t<div class=\"elementor-accordion-item\">\n\t\t\t\t\t<div id=\"elementor-tab-title-1281\" class=\"elementor-tab-title\" data-tab=\"1\" role=\"button\" aria-controls=\"elementor-tab-content-1281\" aria-expanded=\"false\">\n\t\t\t\t\t\t\t\t\t\t\t\t\t<span class=\"elementor-accordion-icon elementor-accordion-icon-left\" aria-hidden=\"true\">\n\t\t\t\t\t\t\t\t\t\t\t\t\t\t\t<span class=\"elementor-accordion-icon-closed\"><i class=\"fas fa-plus\"><\/i><\/span>\n\t\t\t\t\t\t\t\t<span class=\"elementor-accordion-icon-opened\"><i class=\"fas fa-minus\"><\/i><\/span>\n\t\t\t\t\t\t\t\t\t\t\t\t\t\t<\/span>\n\t\t\t\t\t\t\t\t\t\t\t\t<a class=\"elementor-accordion-title\" tabindex=\"0\">F\u00fcr welches Alter ist die Kindertrage geeignet?<\/a>\n\t\t\t\t\t<\/div>\n\t\t\t\t\t<div id=\"elementor-tab-content-1281\" class=\"elementor-tab-content elementor-clearfix\" data-tab=\"1\" role=\"region\" aria-labelledby=\"elementor-tab-title-1281\"><p>Die Kindertrage ist f\u00fcr Kinder bis ca. 4 Jahre und bis zu einem Gewicht von 20 kg geeignet.<\/p><\/div>\n\t\t\t\t<\/div>\n\t\t\t\t\t\t\t<div class=\"elementor-accordion-item\">\n\t\t\t\t\t<div id=\"elementor-tab-title-1282\" class=\"elementor-tab-title\" data-tab=\"2\" role=\"button\" aria-controls=\"elementor-tab-content-1282\" aria-expanded=\"false\">\n\t\t\t\t\t\t\t\t\t\t\t\t\t<span class=\"elementor-accordion-icon elementor-accordion-icon-left\" aria-hidden=\"true\">\n\t\t\t\t\t\t\t\t\t\t\t\t\t\t\t<span class=\"elementor-accordion-icon-closed\"><i class=\"fas fa-plus\"><\/i><\/span>\n\t\t\t\t\t\t\t\t<span class=\"elementor-accordion-icon-opened\"><i class=\"fas fa-minus\"><\/i><\/span>\n\t\t\t\t\t\t\t\t\t\t\t\t\t\t<\/span>\n\t\t\t\t\t\t\t\t\t\t\t\t<a class=\"elementor-accordion-title\" tabindex=\"0\">Ist die Kindertrage sicher?<\/a>\n\t\t\t\t\t<\/div>\n\t\t\t\t\t<div id=\"elementor-tab-content-1282\" class=\"elementor-tab-content elementor-clearfix\" data-tab=\"2\" role=\"region\" aria-labelledby=\"elementor-tab-title-1282\"><p>Ja. Sie verf\u00fcgt \u00fcber ein integriertes Gurtsystem, das Ihr Kind sicher fixiert.<\/p><\/div>\n\t\t\t\t<\/div>\n\t\t\t\t\t\t\t<div class=\"elementor-accordion-item\">\n\t\t\t\t\t<div id=\"elementor-tab-title-1283\" class=\"elementor-tab-title\" data-tab=\"3\" role=\"button\" aria-controls=\"elementor-tab-content-1283\" aria-expanded=\"false\">\n\t\t\t\t\t\t\t\t\t\t\t\t\t<span class=\"elementor-accordion-icon elementor-accordion-icon-left\" aria-hidden=\"true\">\n\t\t\t\t\t\t\t\t\t\t\t\t\t\t\t<span class=\"elementor-accordion-icon-closed\"><i class=\"fas fa-plus\"><\/i><\/span>\n\t\t\t\t\t\t\t\t<span class=\"elementor-accordion-icon-opened\"><i class=\"fas fa-minus\"><\/i><\/span>\n\t\t\t\t\t\t\t\t\t\t\t\t\t\t<\/span>\n\t\t\t\t\t\t\t\t\t\t\t\t<a class=\"elementor-accordion-title\" tabindex=\"0\">Ist die Kindertrage bequem f\u00fcr l\u00e4ngere Ausfl\u00fcge?<\/a>\n\t\t\t\t\t<\/div>\n\t\t\t\t\t<div id=\"elementor-tab-content-1283\" class=\"elementor-tab-content elementor-clearfix\" data-tab=\"3\" role=\"region\" aria-labelledby=\"elementor-tab-title-1283\"><p>Ja. Dank des gepolsterten R\u00fcckens und der ergonomischen Tr\u00e4ger ist sie auch f\u00fcr l\u00e4ngere Touren geeignet.<\/p><\/div>\n\t\t\t\t<\/div>\n\t\t\t\t\t\t\t<div class=\"elementor-accordion-item\">\n\t\t\t\t\t<div id=\"elementor-tab-title-1284\" class=\"elementor-tab-title\" data-tab=\"4\" role=\"button\" aria-controls=\"elementor-tab-content-1284\" aria-expanded=\"false\">\n\t\t\t\t\t\t\t\t\t\t\t\t\t<span class=\"elementor-accordion-icon elementor-accordion-icon-left\" aria-hidden=\"true\">\n\t\t\t\t\t\t\t\t\t\t\t\t\t\t\t<span class=\"elementor-accordion-icon-closed\"><i class=\"fas fa-plus\"><\/i><\/span>\n\t\t\t\t\t\t\t\t<span class=\"elementor-accordion-icon-opened\"><i class=\"fas fa-minus\"><\/i><\/span>\n\t\t\t\t\t\t\t\t\t\t\t\t\t\t<\/span>\n\t\t\t\t\t\t\t\t\t\t\t\t<a class=\"elementor-accordion-title\" tabindex=\"0\">Kann ich die Kindertrage am Flughafen Palma abholen?<\/a>\n\t\t\t\t\t<\/div>\n\t\t\t\t\t<div id=\"elementor-tab-content-1284\" class=\"elementor-tab-content elementor-clearfix\" data-tab=\"4\" role=\"region\" aria-labelledby=\"elementor-tab-title-1284\"><p>Ja. Lieferung und Abholung am Flughafen Palma sind f\u00fcr 10 \u20ac m\u00f6glich.<\/p><\/div>\n\t\t\t\t<\/div>\n\t\t\t\t\t\t\t\t<\/div>\n\t\t\t\t<\/div>\n\t\t\t\t<\/div>\n\t\t\t\t<div class=\"elementor-element elementor-element-809e7f1 elementor-widget elementor-widget-heading\" data-id=\"809e7f1\" data-element_type=\"widget\" data-widget_type=\"heading.default\">\n\t\t\t\t<div class=\"elementor-widget-container\">\n\t\t\t<h2 class=\"elementor-heading-title elementor-size-default\">Kontakt & Reservierung<\/h2>\t\t<\/div>\n\t\t\t\t<\/div>\n\t\t\t\t<div class=\"elementor-element elementor-element-3421b54 elementor-widget elementor-widget-text-editor\" data-id=\"3421b54\" data-element_type=\"widget\" data-widget_type=\"text-editor.default\">\n\t\t\t\t<div class=\"elementor-widget-container\">\n\t\t\t\t\t\t\t<p>Sie k\u00f6nnen Ihre Kindertrage auf Mallorca ganz einfach im Voraus reservieren.<\/p>\n<p>Die Abholung und R\u00fcckgabe ist in unseren Filialen in Palma m\u00f6glich. <br \/>Alternativ liefern wir die Kindertrage auch direkt zum Flughafen Palma.<\/p>\n<p>\ud83d\udccd Unsere Filialen in Palma:<br \/>\u2013 Calle Manacor, 123, Palma <br \/>\u2013 Calle 31 de Diciembre, 3, Palma<\/p>\n<p>\ud83d\udcf2 Kontakt per WhatsApp oder \u00fcber das Kontaktformular \u2013 auch auf Deutsch verf\u00fcgbar.<\/p>\t\t\t\t\t\t<\/div>\n\t\t\t\t<\/div>\n\t\t\t\t\t<\/div>\n\t\t\t\t<\/div>\n\t\t\t\t<\/div>\n\t\t","protected":false},"excerpt":{"rendered":"<p>Mieten Sie eine Kindertrage auf Mallorca und genie\u00dfen Sie Ausfl\u00fcge und Spazierg\u00e4nge mit Ihrem Kind ganz entspannt. Ideal f\u00fcr Reisen, Wanderungen oder Stadtbesuche. Viele Familien mieten zus\u00e4tzlich einen Kinderwagen auf Mallorca, um w\u00e4hrend des Aufenthalts flexibel zu bleiben. Preise auf einen Blick \u2705 &#8211; 3 Tage: 15 \u20ac&#8211; 1 Woche: 35 \u20ac&#8211; Kaution: 50 \u20ac&#8211; [&hellip;]<\/p>\n","protected":false},"author":1,"featured_media":19077,"comment_status":"closed","ping_status":"open","sticky":false,"template":"","format":"image","meta":{"site-sidebar-layout":"default","site-content-layout":"","ast-site-content-layout":"default","site-content-style":"default","site-sidebar-style":"default","ast-global-header-display":"","ast-banner-title-visibility":"","ast-main-header-display":"","ast-hfb-above-header-display":"","ast-hfb-below-header-display":"","ast-hfb-mobile-header-display":"","site-post-title":"","ast-breadcrumbs-content":"","ast-featured-img":"","footer-sml-layout":"","ast-disable-related-posts":"","theme-transparent-header-meta":"","adv-header-id-meta":"","stick-header-meta":"","header-above-stick-meta":"","header-main-stick-meta":"","header-below-stick-meta":"","astra-migrate-meta-layouts":"default","ast-page-background-enabled":"default","ast-page-background-meta":{"desktop":{"background-color":"var(--ast-global-color-4)","background-image":"","background-repeat":"repeat","background-position":"center center","background-size":"auto","background-attachment":"scroll","background-type":"","background-media":"","overlay-type":"","overlay-color":"","overlay-opacity":"","overlay-gradient":""},"tablet":{"background-color":"","background-image":"","background-repeat":"repeat","background-position":"center center","background-size":"auto","background-attachment":"scroll","background-type":"","background-media":"","overlay-type":"","overlay-color":"","overlay-opacity":"","overlay-gradient":""},"mobile":{"background-color":"","background-image":"","background-repeat":"repeat","background-position":"center center","background-size":"auto","background-attachment":"scroll","background-type":"","background-media":"","overlay-type":"","overlay-color":"","overlay-opacity":"","overlay-gradient":""}},"ast-content-background-meta":{"desktop":{"background-color":"var(--ast-global-color-5)","background-image":"","background-repeat":"repeat","background-position":"center center","background-size":"auto","background-attachment":"scroll","background-type":"","background-media":"","overlay-type":"","overlay-color":"","overlay-opacity":"","overlay-gradient":""},"tablet":{"background-color":"var(--ast-global-color-5)","background-image":"","background-repeat":"repeat","background-position":"center center","background-size":"auto","background-attachment":"scroll","background-type":"","background-media":"","overlay-type":"","overlay-color":"","overlay-opacity":"","overlay-gradient":""},"mobile":{"background-color":"var(--ast-global-color-5)","background-image":"","background-repeat":"repeat","background-position":"center center","background-size":"auto","background-attachment":"scroll","background-type":"","background-media":"","overlay-type":"","overlay-color":"","overlay-opacity":"","overlay-gradient":""}},"footnotes":""},"categories":[1159],"tags":[],"class_list":["post-19352","post","type-post","status-publish","format-image","has-post-thumbnail","hentry","category-kinder-und-babyausstattung-mieten","post_format-post-format-image"],"_links":{"self":[{"href":"https:\/\/rentexpressmallorca.com\/de\/wp-json\/wp\/v2\/posts\/19352","targetHints":{"allow":["GET"]}}],"collection":[{"href":"https:\/\/rentexpressmallorca.com\/de\/wp-json\/wp\/v2\/posts"}],"about":[{"href":"https:\/\/rentexpressmallorca.com\/de\/wp-json\/wp\/v2\/types\/post"}],"author":[{"embeddable":true,"href":"https:\/\/rentexpressmallorca.com\/de\/wp-json\/wp\/v2\/users\/1"}],"replies":[{"embeddable":true,"href":"https:\/\/rentexpressmallorca.com\/de\/wp-json\/wp\/v2\/comments?post=19352"}],"version-history":[{"count":67,"href":"https:\/\/rentexpressmallorca.com\/de\/wp-json\/wp\/v2\/posts\/19352\/revisions"}],"predecessor-version":[{"id":37719,"href":"https:\/\/rentexpressmallorca.com\/de\/wp-json\/wp\/v2\/posts\/19352\/revisions\/37719"}],"wp:featuredmedia":[{"embeddable":true,"href":"https:\/\/rentexpressmallorca.com\/de\/wp-json\/wp\/v2\/media\/19077"}],"wp:attachment":[{"href":"https:\/\/rentexpressmallorca.com\/de\/wp-json\/wp\/v2\/media?parent=19352"}],"wp:term":[{"taxonomy":"category","embeddable":true,"href":"https:\/\/rentexpressmallorca.com\/de\/wp-json\/wp\/v2\/categories?post=19352"},{"taxonomy":"post_tag","embeddable":true,"href":"https:\/\/rentexpressmallorca.com\/de\/wp-json\/wp\/v2\/tags?post=19352"}],"curies":[{"name":"wp","href":"https:\/\/api.w.org\/{rel}","templated":true}]}}