{"id":19355,"date":"2023-12-19T08:38:19","date_gmt":"2023-12-19T07:38:19","guid":{"rendered":"https:\/\/rentexpressmallorca.com\/alquilar-silla-de-paseo-gemelar\/"},"modified":"2026-02-09T10:31:35","modified_gmt":"2026-02-09T09:31:35","slug":"zwillings-kinderwagen-mallorca","status":"publish","type":"post","link":"https:\/\/rentexpressmallorca.com\/de\/zwillings-kinderwagen-mallorca\/","title":{"rendered":"Zwillingskinderwagen am Flughafen Palma mieten"},"content":{"rendered":"\t\t<div data-elementor-type=\"wp-post\" data-elementor-id=\"19355\" class=\"elementor elementor-19355 elementor-18184\" data-elementor-post-type=\"post\">\n\t\t\t\t<div class=\"elementor-element elementor-element-06e6154 e-flex e-con-boxed e-con e-parent\" data-id=\"06e6154\" data-element_type=\"container\" data-settings=\"{&quot;content_width&quot;:&quot;boxed&quot;}\" data-core-v316-plus=\"true\">\n\t\t\t\t\t<div class=\"e-con-inner\">\n\t\t\t\t<div class=\"elementor-element elementor-element-b90daa2 elementor-widget elementor-widget-text-editor\" data-id=\"b90daa2\" data-element_type=\"widget\" data-widget_type=\"text-editor.default\">\n\t\t\t\t<div class=\"elementor-widget-container\">\n\t\t\t<style>\/*! elementor - v3.19.0 - 05-02-2024 *\/\n.elementor-widget-text-editor.elementor-drop-cap-view-stacked .elementor-drop-cap{background-color:#69727d;color:#fff}.elementor-widget-text-editor.elementor-drop-cap-view-framed .elementor-drop-cap{color:#69727d;border:3px solid;background-color:transparent}.elementor-widget-text-editor:not(.elementor-drop-cap-view-default) .elementor-drop-cap{margin-top:8px}.elementor-widget-text-editor:not(.elementor-drop-cap-view-default) .elementor-drop-cap-letter{width:1em;height:1em}.elementor-widget-text-editor .elementor-drop-cap{float:left;text-align:center;line-height:1;font-size:50px}.elementor-widget-text-editor .elementor-drop-cap-letter{display:inline-block}<\/style>\t\t\t\t<p data-start=\"718\" data-end=\"913\">Mieten Sie einen Zwillingskinderwagen auf Mallorca und holen Sie ihn bequem am Flughafen Palma oder in einer unserer Filialen in Palma ab. Ideal f\u00fcr Familien, die mit zwei Kindern reisen m\u00f6chten.<\/p><p data-start=\"915\" data-end=\"1026\">Viele Familien vergleichen auch unseren <a href=\"https:\/\/rentexpressmallorca.com\/de\/kinderwagen-mieten-mallorca\/\"><strong data-start=\"955\" data-end=\"989\">Kinderwagen am Flughafen Palma<\/strong><\/a>, wenn sie nur mit einem Kind reisen.<\/p>\t\t\t\t\t\t<\/div>\n\t\t\t\t<\/div>\n\t\t\t\t<div class=\"elementor-element elementor-element-2005e14 elementor-widget elementor-widget-heading\" data-id=\"2005e14\" data-element_type=\"widget\" data-widget_type=\"heading.default\">\n\t\t\t\t<div class=\"elementor-widget-container\">\n\t\t\t<style>\/*! elementor - v3.19.0 - 05-02-2024 *\/\n.elementor-heading-title{padding:0;margin:0;line-height:1}.elementor-widget-heading .elementor-heading-title[class*=elementor-size-]>a{color:inherit;font-size:inherit;line-height:inherit}.elementor-widget-heading .elementor-heading-title.elementor-size-small{font-size:15px}.elementor-widget-heading .elementor-heading-title.elementor-size-medium{font-size:19px}.elementor-widget-heading .elementor-heading-title.elementor-size-large{font-size:29px}.elementor-widget-heading .elementor-heading-title.elementor-size-xl{font-size:39px}.elementor-widget-heading .elementor-heading-title.elementor-size-xxl{font-size:59px}<\/style><h2 class=\"elementor-heading-title elementor-size-default\">Preise auf einen Blick<\/h2>\t\t<\/div>\n\t\t\t\t<\/div>\n\t\t\t\t<div class=\"elementor-element elementor-element-4663936 elementor-widget elementor-widget-text-editor\" data-id=\"4663936\" data-element_type=\"widget\" data-widget_type=\"text-editor.default\">\n\t\t\t\t<div class=\"elementor-widget-container\">\n\t\t\t\t\t\t\t<p>\ud83d\udcb0 Wochenmiete ab 50 \u20ac<br \/>\ud83d\udd12 Kaution: 50 \u20ac<br \/>\u2708\ufe0f Flughafenservice: 10 \u20ac<\/p>\t\t\t\t\t\t<\/div>\n\t\t\t\t<\/div>\n\t\t\t\t<div class=\"elementor-element elementor-element-7e56396 elementor-widget elementor-widget-heading\" data-id=\"7e56396\" data-element_type=\"widget\" data-widget_type=\"heading.default\">\n\t\t\t\t<div class=\"elementor-widget-container\">\n\t\t\t<h2 class=\"elementor-heading-title elementor-size-default\">Unsere Zwillingskinderwagen-Modelle<\/h2>\t\t<\/div>\n\t\t\t\t<\/div>\n\t\t\t\t<div class=\"elementor-element elementor-element-2ff4f29 elementor-widget elementor-widget-text-editor\" data-id=\"2ff4f29\" data-element_type=\"widget\" data-widget_type=\"text-editor.default\">\n\t\t\t\t<div class=\"elementor-widget-container\">\n\t\t\t\t\t\t\t<p>Unsere robusten und komfortablen Zwillingskinderwagen sind ideal f\u00fcr Zwillinge oder Geschwister und bieten durch verstellbare R\u00fcckenlehnen und gro\u00dfe Stauraum K\u00f6rbe maximalen Komfort.<\/p><ul><li data-start=\"490\" data-end=\"533\"><p data-start=\"492\" data-end=\"533\">Geeignet f\u00fcr Zwillinge oder Geschwister<\/p><\/li><li data-start=\"534\" data-end=\"575\"><p data-start=\"536\" data-end=\"575\">Zwei Sitzpl\u00e4tze mit Sicherheitsgurten<\/p><\/li><li data-start=\"576\" data-end=\"605\"><p data-start=\"578\" data-end=\"605\">Verstellbare R\u00fcckenlehnen<\/p><\/li><li data-start=\"606\" data-end=\"642\"><p data-start=\"608\" data-end=\"642\">Stabil und leicht zu man\u00f6vrieren<\/p><\/li><li data-start=\"643\" data-end=\"662\"><p data-start=\"645\" data-end=\"662\">Gro\u00dfer Stauraum<\/p><\/li><li data-start=\"663\" data-end=\"691\"><p data-start=\"665\" data-end=\"691\">Einfach zusammenklappbar<\/p><\/li><\/ul>\t\t\t\t\t\t<\/div>\n\t\t\t\t<\/div>\n\t\t\t\t<div class=\"elementor-element elementor-element-1a94077 elementor-widget elementor-widget-heading\" data-id=\"1a94077\" data-element_type=\"widget\" data-widget_type=\"heading.default\">\n\t\t\t\t<div class=\"elementor-widget-container\">\n\t\t\t<h2 class=\"elementor-heading-title elementor-size-default\">Abholung & R\u00fcckgabe am Flughafen Palma<\/h2>\t\t<\/div>\n\t\t\t\t<\/div>\n\t\t\t\t<div class=\"elementor-element elementor-element-6a2541d elementor-widget elementor-widget-text-editor\" data-id=\"6a2541d\" data-element_type=\"widget\" data-widget_type=\"text-editor.default\">\n\t\t\t\t<div class=\"elementor-widget-container\">\n\t\t\t\t\t\t\t<p>Die Abholung und R\u00fcckgabe Ihres Zwillingskinderwagens erfolgt direkt am Flughafen Palma (PMI).<br data-start=\"1757\" data-end=\"1760\" \/>Nach der Gep\u00e4ckausgabe rufen Sie uns bitte an.<br data-start=\"1806\" data-end=\"1809\" \/>Der Treffpunkt befindet sich gegen\u00fcber dem \u00f6ffentlichen Parkplatz beim Flughafen Palma.<br data-start=\"1896\" data-end=\"1899\" \/>In der Regel sind wir innerhalb von ca. 15 Minuten vor Ort.<\/p>\t\t\t\t\t\t<\/div>\n\t\t\t\t<\/div>\n\t\t\t\t<div class=\"elementor-element elementor-element-1d4060d elementor-widget elementor-widget-heading\" data-id=\"1d4060d\" data-element_type=\"widget\" data-widget_type=\"heading.default\">\n\t\t\t\t<div class=\"elementor-widget-container\">\n\t\t\t<h2 class=\"elementor-heading-title elementor-size-default\">Treffpunkt am Flughafen Palma<\/h2>\t\t<\/div>\n\t\t\t\t<\/div>\n\t\t\t\t<div class=\"elementor-element elementor-element-479dee8 elementor-widget elementor-widget-text-editor\" data-id=\"479dee8\" data-element_type=\"widget\" data-widget_type=\"text-editor.default\">\n\t\t\t\t<div class=\"elementor-widget-container\">\n\t\t\t\t\t\t\t<p>Nach der Gep\u00e4ckausgabe bitten wir Sie, uns telefonisch zu kontaktieren. <br \/>Der Treffpunkt befindet sich im Geb\u00e4ude gegen\u00fcber dem \u00f6ffentlichen Parkplatz, wo Mietwagen abgeholt werden.<\/p><p>Bitte rufen Sie uns etwa 15 Minuten vor Ihrer Ankunft erneut an. <br \/>Wir treffen Sie dann am Treffpunkt.<\/p>\t\t\t\t\t\t<\/div>\n\t\t\t\t<\/div>\n\t\t\t\t<div class=\"elementor-element elementor-element-1f4b40d elementor-widget elementor-widget-image\" data-id=\"1f4b40d\" data-element_type=\"widget\" data-widget_type=\"image.default\">\n\t\t\t\t<div class=\"elementor-widget-container\">\n\t\t\t<style>\/*! elementor - v3.19.0 - 05-02-2024 *\/\n.elementor-widget-image{text-align:center}.elementor-widget-image a{display:inline-block}.elementor-widget-image a img[src$=\".svg\"]{width:48px}.elementor-widget-image img{vertical-align:middle;display:inline-block}<\/style>\t\t\t\t\t\t\t\t\t\t<img fetchpriority=\"high\" decoding=\"async\" width=\"300\" height=\"219\" src=\"https:\/\/rentexpressmallorca.com\/wp-content\/uploads\/2023\/12\/rent-express-mallorca-meeting-point-300x219.jpeg\" class=\"attachment-medium size-medium wp-image-28558\" alt=\"treffpunkt flughafen palma kindersitz \u00fcbergabe\" srcset=\"https:\/\/rentexpressmallorca.com\/wp-content\/uploads\/2023\/12\/rent-express-mallorca-meeting-point-300x219.jpeg 300w, https:\/\/rentexpressmallorca.com\/wp-content\/uploads\/2023\/12\/rent-express-mallorca-meeting-point-768x560.jpeg 768w, https:\/\/rentexpressmallorca.com\/wp-content\/uploads\/2023\/12\/rent-express-mallorca-meeting-point.jpeg 1024w\" sizes=\"(max-width: 300px) 100vw, 300px\" \/>\t\t\t\t\t\t\t\t\t\t\t\t\t<\/div>\n\t\t\t\t<\/div>\n\t\t\t\t<div class=\"elementor-element elementor-element-2ee87d1 elementor-widget elementor-widget-heading\" data-id=\"2ee87d1\" data-element_type=\"widget\" data-widget_type=\"heading.default\">\n\t\t\t\t<div class=\"elementor-widget-container\">\n\t\t\t<h2 class=\"elementor-heading-title elementor-size-default\">Preise, Kaution & Reinigung<\/h2>\t\t<\/div>\n\t\t\t\t<\/div>\n\t\t\t\t<div class=\"elementor-element elementor-element-014358b elementor-widget elementor-widget-text-editor\" data-id=\"014358b\" data-element_type=\"widget\" data-widget_type=\"text-editor.default\">\n\t\t\t\t<div class=\"elementor-widget-container\">\n\t\t\t\t\t\t\t<p>Unsere Zwillingskinderwagen werden zu transparenten Mietpreisen angeboten:<\/p><p>&#8211; 3 Tage:\u00a0 \u00a030 \u20ac <br \/>&#8211; 1 Woche: 50 \u20ac <br \/>&#8211; Kaution:\u00a0 50 \u20ac<\/p><p>&#8211; Lieferung &amp; Abholung am Flughafen Palma f\u00fcr nur 10 \u20ac <br \/>&#8211; Sauber, hygienisch gereinigt und gepr\u00fcft <br \/>&#8211; Schnelle Reservierung per WhatsApp oder Kontaktformular<\/p><p>Dieses Produkt geh\u00f6rt zu unserer Kategorie\u00a0<a href=\"https:\/\/rentexpressmallorca.com\/de\/category\/kinder-und-babyausstattung-mieten\/\">Babyausstattung auf Mallorca<\/a>, in der Sie weitere Baby- und Kinderprodukte zur Miete auf Mallorca finden.<\/p>\t\t\t\t\t\t<\/div>\n\t\t\t\t<\/div>\n\t\t\t\t<div class=\"elementor-element elementor-element-6454b8e elementor-widget elementor-widget-heading\" data-id=\"6454b8e\" data-element_type=\"widget\" data-widget_type=\"heading.default\">\n\t\t\t\t<div class=\"elementor-widget-container\">\n\t\t\t<h2 class=\"elementor-heading-title elementor-size-default\">Reinigung & R\u00fcckgabe<\/h2>\t\t<\/div>\n\t\t\t\t<\/div>\n\t\t\t\t<div class=\"elementor-element elementor-element-ffe5ee9 elementor-widget elementor-widget-text-editor\" data-id=\"ffe5ee9\" data-element_type=\"widget\" data-widget_type=\"text-editor.default\">\n\t\t\t\t<div class=\"elementor-widget-container\">\n\t\t\t\t\t\t\t<p data-start=\"2511\" data-end=\"2673\">Alle Zwillingskinderwagen werden vor jeder \u00dcbergabe gr\u00fcndlich gereinigt, desinfiziert und \u00fcberpr\u00fcft.<br data-start=\"2611\" data-end=\"2614\" \/>Sie erhalten den Wagen hygienisch sauber und einsatzbereit.<\/p><p data-start=\"2675\" data-end=\"2789\">Viele Familien mieten zus\u00e4tzlich ein <a href=\"https:\/\/rentexpressmallorca.com\/de\/reisebett-baby-mieten\/\"><strong data-start=\"2712\" data-end=\"2738\">Reisebett auf Mallorca<\/strong><\/a>, um den Aufenthalt noch komfortabler zu gestalten.<\/p>\t\t\t\t\t\t<\/div>\n\t\t\t\t<\/div>\n\t\t\t\t<div class=\"elementor-element elementor-element-cbbb639 elementor-widget elementor-widget-heading\" data-id=\"cbbb639\" data-element_type=\"widget\" data-widget_type=\"heading.default\">\n\t\t\t\t<div class=\"elementor-widget-container\">\n\t\t\t<h2 class=\"elementor-heading-title elementor-size-default\">H\u00e4ufige Fragen zur Miete<\/h2>\t\t<\/div>\n\t\t\t\t<\/div>\n\t\t\t\t<div class=\"elementor-element elementor-element-e9eefea elementor-widget elementor-widget-accordion\" data-id=\"e9eefea\" data-element_type=\"widget\" data-widget_type=\"accordion.default\">\n\t\t\t\t<div class=\"elementor-widget-container\">\n\t\t\t<style>\/*! elementor - v3.19.0 - 05-02-2024 *\/\n.elementor-accordion{text-align:left}.elementor-accordion .elementor-accordion-item{border:1px solid #d5d8dc}.elementor-accordion .elementor-accordion-item+.elementor-accordion-item{border-top:none}.elementor-accordion .elementor-tab-title{margin:0;padding:15px 20px;font-weight:700;line-height:1;cursor:pointer;outline:none}.elementor-accordion .elementor-tab-title .elementor-accordion-icon{display:inline-block;width:1.5em}.elementor-accordion .elementor-tab-title .elementor-accordion-icon svg{width:1em;height:1em}.elementor-accordion .elementor-tab-title .elementor-accordion-icon.elementor-accordion-icon-right{float:right;text-align:right}.elementor-accordion .elementor-tab-title .elementor-accordion-icon.elementor-accordion-icon-left{float:left;text-align:left}.elementor-accordion .elementor-tab-title .elementor-accordion-icon .elementor-accordion-icon-closed{display:block}.elementor-accordion .elementor-tab-title .elementor-accordion-icon .elementor-accordion-icon-opened,.elementor-accordion .elementor-tab-title.elementor-active .elementor-accordion-icon-closed{display:none}.elementor-accordion .elementor-tab-title.elementor-active .elementor-accordion-icon-opened{display:block}.elementor-accordion .elementor-tab-content{display:none;padding:15px 20px;border-top:1px solid #d5d8dc}@media (max-width:767px){.elementor-accordion .elementor-tab-title{padding:12px 15px}.elementor-accordion .elementor-tab-title .elementor-accordion-icon{width:1.2em}.elementor-accordion .elementor-tab-content{padding:7px 15px}}.e-con-inner>.elementor-widget-accordion,.e-con>.elementor-widget-accordion{width:var(--container-widget-width);--flex-grow:var(--container-widget-flex-grow)}<\/style>\t\t<div class=\"elementor-accordion\">\n\t\t\t\t\t\t\t<div class=\"elementor-accordion-item\">\n\t\t\t\t\t<div id=\"elementor-tab-title-2451\" class=\"elementor-tab-title\" data-tab=\"1\" role=\"button\" aria-controls=\"elementor-tab-content-2451\" aria-expanded=\"false\">\n\t\t\t\t\t\t\t\t\t\t\t\t\t<span class=\"elementor-accordion-icon elementor-accordion-icon-left\" aria-hidden=\"true\">\n\t\t\t\t\t\t\t\t\t\t\t\t\t\t\t<span class=\"elementor-accordion-icon-closed\"><i class=\"fas fa-plus\"><\/i><\/span>\n\t\t\t\t\t\t\t\t<span class=\"elementor-accordion-icon-opened\"><i class=\"fas fa-minus\"><\/i><\/span>\n\t\t\t\t\t\t\t\t\t\t\t\t\t\t<\/span>\n\t\t\t\t\t\t\t\t\t\t\t\t<a class=\"elementor-accordion-title\" tabindex=\"0\">Kann ich den Zwillingskinderwagen direkt am Flughafen Palma abholen?<\/a>\n\t\t\t\t\t<\/div>\n\t\t\t\t\t<div id=\"elementor-tab-content-2451\" class=\"elementor-tab-content elementor-clearfix\" data-tab=\"1\" role=\"region\" aria-labelledby=\"elementor-tab-title-2451\"><p>Ja. Abholung und R\u00fcckgabe sind direkt am Flughafen Palma m\u00f6glich. Bitte rufen Sie uns nach der Gep\u00e4ckausgabe an.<\/p><\/div>\n\t\t\t\t<\/div>\n\t\t\t\t\t\t\t<div class=\"elementor-accordion-item\">\n\t\t\t\t\t<div id=\"elementor-tab-title-2452\" class=\"elementor-tab-title\" data-tab=\"2\" role=\"button\" aria-controls=\"elementor-tab-content-2452\" aria-expanded=\"false\">\n\t\t\t\t\t\t\t\t\t\t\t\t\t<span class=\"elementor-accordion-icon elementor-accordion-icon-left\" aria-hidden=\"true\">\n\t\t\t\t\t\t\t\t\t\t\t\t\t\t\t<span class=\"elementor-accordion-icon-closed\"><i class=\"fas fa-plus\"><\/i><\/span>\n\t\t\t\t\t\t\t\t<span class=\"elementor-accordion-icon-opened\"><i class=\"fas fa-minus\"><\/i><\/span>\n\t\t\t\t\t\t\t\t\t\t\t\t\t\t<\/span>\n\t\t\t\t\t\t\t\t\t\t\t\t<a class=\"elementor-accordion-title\" tabindex=\"0\"> F\u00fcr welche Altersgruppen eignet sich der Zwillingskinderwagen? <\/a>\n\t\t\t\t\t<\/div>\n\t\t\t\t\t<div id=\"elementor-tab-content-2452\" class=\"elementor-tab-content elementor-clearfix\" data-tab=\"2\" role=\"region\" aria-labelledby=\"elementor-tab-title-2452\"><p>Der Zwillingskinderwagen ist f\u00fcr Zwillinge oder Geschwister bis ca. 4 Jahre geeignet und verf\u00fcgt \u00fcber komfortable Sitze und Sicherheitsgurte.<\/p><\/div>\n\t\t\t\t<\/div>\n\t\t\t\t\t\t\t<div class=\"elementor-accordion-item\">\n\t\t\t\t\t<div id=\"elementor-tab-title-2453\" class=\"elementor-tab-title\" data-tab=\"3\" role=\"button\" aria-controls=\"elementor-tab-content-2453\" aria-expanded=\"false\">\n\t\t\t\t\t\t\t\t\t\t\t\t\t<span class=\"elementor-accordion-icon elementor-accordion-icon-left\" aria-hidden=\"true\">\n\t\t\t\t\t\t\t\t\t\t\t\t\t\t\t<span class=\"elementor-accordion-icon-closed\"><i class=\"fas fa-plus\"><\/i><\/span>\n\t\t\t\t\t\t\t\t<span class=\"elementor-accordion-icon-opened\"><i class=\"fas fa-minus\"><\/i><\/span>\n\t\t\t\t\t\t\t\t\t\t\t\t\t\t<\/span>\n\t\t\t\t\t\t\t\t\t\t\t\t<a class=\"elementor-accordion-title\" tabindex=\"0\">Wie hoch ist die Kaution? <\/a>\n\t\t\t\t\t<\/div>\n\t\t\t\t\t<div id=\"elementor-tab-content-2453\" class=\"elementor-tab-content elementor-clearfix\" data-tab=\"3\" role=\"region\" aria-labelledby=\"elementor-tab-title-2453\"><p>Die Kaution betr\u00e4gt 50 \u20ac und gilt f\u00fcr alle Zwillingskinderwagen.<\/p><\/div>\n\t\t\t\t<\/div>\n\t\t\t\t\t\t\t<div class=\"elementor-accordion-item\">\n\t\t\t\t\t<div id=\"elementor-tab-title-2454\" class=\"elementor-tab-title\" data-tab=\"4\" role=\"button\" aria-controls=\"elementor-tab-content-2454\" aria-expanded=\"false\">\n\t\t\t\t\t\t\t\t\t\t\t\t\t<span class=\"elementor-accordion-icon elementor-accordion-icon-left\" aria-hidden=\"true\">\n\t\t\t\t\t\t\t\t\t\t\t\t\t\t\t<span class=\"elementor-accordion-icon-closed\"><i class=\"fas fa-plus\"><\/i><\/span>\n\t\t\t\t\t\t\t\t<span class=\"elementor-accordion-icon-opened\"><i class=\"fas fa-minus\"><\/i><\/span>\n\t\t\t\t\t\t\t\t\t\t\t\t\t\t<\/span>\n\t\t\t\t\t\t\t\t\t\t\t\t<a class=\"elementor-accordion-title\" tabindex=\"0\"> Werden die Zwillingskinderwagen gereinigt? <\/a>\n\t\t\t\t\t<\/div>\n\t\t\t\t\t<div id=\"elementor-tab-content-2454\" class=\"elementor-tab-content elementor-clearfix\" data-tab=\"4\" role=\"region\" aria-labelledby=\"elementor-tab-title-2454\"><p>Ja. Alle Wagen werden hygienisch gereinigt, desinfiziert und gepr\u00fcft vor \u00dcbergabe.<\/p><\/div>\n\t\t\t\t<\/div>\n\t\t\t\t\t\t\t<div class=\"elementor-accordion-item\">\n\t\t\t\t\t<div id=\"elementor-tab-title-2455\" class=\"elementor-tab-title\" data-tab=\"5\" role=\"button\" aria-controls=\"elementor-tab-content-2455\" aria-expanded=\"false\">\n\t\t\t\t\t\t\t\t\t\t\t\t\t<span class=\"elementor-accordion-icon elementor-accordion-icon-left\" aria-hidden=\"true\">\n\t\t\t\t\t\t\t\t\t\t\t\t\t\t\t<span class=\"elementor-accordion-icon-closed\"><i class=\"fas fa-plus\"><\/i><\/span>\n\t\t\t\t\t\t\t\t<span class=\"elementor-accordion-icon-opened\"><i class=\"fas fa-minus\"><\/i><\/span>\n\t\t\t\t\t\t\t\t\t\t\t\t\t\t<\/span>\n\t\t\t\t\t\t\t\t\t\t\t\t<a class=\"elementor-accordion-title\" tabindex=\"0\">Sollte ich im Voraus reservieren?<\/a>\n\t\t\t\t\t<\/div>\n\t\t\t\t\t<div id=\"elementor-tab-content-2455\" class=\"elementor-tab-content elementor-clearfix\" data-tab=\"5\" role=\"region\" aria-labelledby=\"elementor-tab-title-2455\"><p>Ja, besonders in der Hauptsaison empfehlen wir eine fr\u00fchzeitige Reservierung.<\/p><\/div>\n\t\t\t\t<\/div>\n\t\t\t\t\t\t\t\t<\/div>\n\t\t\t\t<\/div>\n\t\t\t\t<\/div>\n\t\t\t\t<div class=\"elementor-element elementor-element-a152664 elementor-widget elementor-widget-heading\" data-id=\"a152664\" data-element_type=\"widget\" data-widget_type=\"heading.default\">\n\t\t\t\t<div class=\"elementor-widget-container\">\n\t\t\t<h2 class=\"elementor-heading-title elementor-size-default\">Kontakt & Reservierung<\/h2>\t\t<\/div>\n\t\t\t\t<\/div>\n\t\t\t\t<div class=\"elementor-element elementor-element-5cb8fee elementor-widget elementor-widget-text-editor\" data-id=\"5cb8fee\" data-element_type=\"widget\" data-widget_type=\"text-editor.default\">\n\t\t\t\t<div class=\"elementor-widget-container\">\n\t\t\t\t\t\t\t<p>Sie k\u00f6nnen Ihren Zwillingskinderwagen auf Mallorca ganz einfach im Voraus reservieren.<\/p><p>Die Abholung und R\u00fcckgabe ist direkt am Flughafen Palma m\u00f6glich. <br \/>Alternativ k\u00f6nnen Sie den Wagen auch in einer unserer zwei Filialen in Palma abholen und zur\u00fcckgeben.<\/p><p>\ud83d\udccd Unsere Filialen in Palma: <br \/>\u2013 Filiale 1: Calle Manacor, 123, Palma <br \/>\u2013 Filiale 2: Calle 31 de Diciembre, 3, Palma<\/p><p>\ud83d\udcf2 Kontakt per WhatsApp oder \u00fcber das Kontaktformular \u2013 auch auf Deutsch verf\u00fcgbar. <br \/>Unser deutschsprachiger Kundenservice hilft Ihnen gerne weiter.<\/p>\t\t\t\t\t\t<\/div>\n\t\t\t\t<\/div>\n\t\t\t\t\t<\/div>\n\t\t\t\t<\/div>\n\t\t\t\t<\/div>\n\t\t","protected":false},"excerpt":{"rendered":"<p>Mieten Sie einen Zwillingskinderwagen auf Mallorca und holen Sie ihn bequem am Flughafen Palma oder in einer unserer Filialen in Palma ab. Ideal f\u00fcr Familien, die mit zwei Kindern reisen m\u00f6chten. Viele Familien vergleichen auch unseren Kinderwagen am Flughafen Palma, wenn sie nur mit einem Kind reisen. Preise auf einen Blick \ud83d\udcb0 Wochenmiete ab 50 [&hellip;]<\/p>\n","protected":false},"author":1,"featured_media":23728,"comment_status":"closed","ping_status":"open","sticky":false,"template":"","format":"image","meta":{"site-sidebar-layout":"default","site-content-layout":"","ast-site-content-layout":"default","site-content-style":"default","site-sidebar-style":"default","ast-global-header-display":"","ast-banner-title-visibility":"","ast-main-header-display":"","ast-hfb-above-header-display":"","ast-hfb-below-header-display":"","ast-hfb-mobile-header-display":"","site-post-title":"","ast-breadcrumbs-content":"","ast-featured-img":"","footer-sml-layout":"","ast-disable-related-posts":"","theme-transparent-header-meta":"","adv-header-id-meta":"","stick-header-meta":"","header-above-stick-meta":"","header-main-stick-meta":"","header-below-stick-meta":"","astra-migrate-meta-layouts":"default","ast-page-background-enabled":"default","ast-page-background-meta":{"desktop":{"background-color":"var(--ast-global-color-4)","background-image":"","background-repeat":"repeat","background-position":"center center","background-size":"auto","background-attachment":"scroll","background-type":"","background-media":"","overlay-type":"","overlay-color":"","overlay-opacity":"","overlay-gradient":""},"tablet":{"background-color":"","background-image":"","background-repeat":"repeat","background-position":"center center","background-size":"auto","background-attachment":"scroll","background-type":"","background-media":"","overlay-type":"","overlay-color":"","overlay-opacity":"","overlay-gradient":""},"mobile":{"background-color":"","background-image":"","background-repeat":"repeat","background-position":"center center","background-size":"auto","background-attachment":"scroll","background-type":"","background-media":"","overlay-type":"","overlay-color":"","overlay-opacity":"","overlay-gradient":""}},"ast-content-background-meta":{"desktop":{"background-color":"var(--ast-global-color-5)","background-image":"","background-repeat":"repeat","background-position":"center center","background-size":"auto","background-attachment":"scroll","background-type":"","background-media":"","overlay-type":"","overlay-color":"","overlay-opacity":"","overlay-gradient":""},"tablet":{"background-color":"var(--ast-global-color-5)","background-image":"","background-repeat":"repeat","background-position":"center center","background-size":"auto","background-attachment":"scroll","background-type":"","background-media":"","overlay-type":"","overlay-color":"","overlay-opacity":"","overlay-gradient":""},"mobile":{"background-color":"var(--ast-global-color-5)","background-image":"","background-repeat":"repeat","background-position":"center center","background-size":"auto","background-attachment":"scroll","background-type":"","background-media":"","overlay-type":"","overlay-color":"","overlay-opacity":"","overlay-gradient":""}},"footnotes":""},"categories":[1159],"tags":[1254,1255,1256],"class_list":["post-19355","post","type-post","status-publish","format-image","has-post-thumbnail","hentry","category-kinder-und-babyausstattung-mieten","tag-alquilar-un-carrito-para-gemelos-en-mallorca-de","tag-alquiler-de-carrito-gemelar-en-mallorca-de","tag-carrito-gemelar-de","post_format-post-format-image"],"_links":{"self":[{"href":"https:\/\/rentexpressmallorca.com\/de\/wp-json\/wp\/v2\/posts\/19355","targetHints":{"allow":["GET"]}}],"collection":[{"href":"https:\/\/rentexpressmallorca.com\/de\/wp-json\/wp\/v2\/posts"}],"about":[{"href":"https:\/\/rentexpressmallorca.com\/de\/wp-json\/wp\/v2\/types\/post"}],"author":[{"embeddable":true,"href":"https:\/\/rentexpressmallorca.com\/de\/wp-json\/wp\/v2\/users\/1"}],"replies":[{"embeddable":true,"href":"https:\/\/rentexpressmallorca.com\/de\/wp-json\/wp\/v2\/comments?post=19355"}],"version-history":[{"count":125,"href":"https:\/\/rentexpressmallorca.com\/de\/wp-json\/wp\/v2\/posts\/19355\/revisions"}],"predecessor-version":[{"id":30832,"href":"https:\/\/rentexpressmallorca.com\/de\/wp-json\/wp\/v2\/posts\/19355\/revisions\/30832"}],"wp:featuredmedia":[{"embeddable":true,"href":"https:\/\/rentexpressmallorca.com\/de\/wp-json\/wp\/v2\/media\/23728"}],"wp:attachment":[{"href":"https:\/\/rentexpressmallorca.com\/de\/wp-json\/wp\/v2\/media?parent=19355"}],"wp:term":[{"taxonomy":"category","embeddable":true,"href":"https:\/\/rentexpressmallorca.com\/de\/wp-json\/wp\/v2\/categories?post=19355"},{"taxonomy":"post_tag","embeddable":true,"href":"https:\/\/rentexpressmallorca.com\/de\/wp-json\/wp\/v2\/tags?post=19355"}],"curies":[{"name":"wp","href":"https:\/\/api.w.org\/{rel}","templated":true}]}}