{"id":19370,"date":"2015-03-01T19:50:42","date_gmt":"2015-03-01T18:50:42","guid":{"rendered":"https:\/\/rentexpressmallorca.com\/alquiler-de-tacata-bebe-en-palma-de-mallorca\/"},"modified":"2026-03-25T13:44:17","modified_gmt":"2026-03-25T12:44:17","slug":"lauflernhilfe","status":"publish","type":"post","link":"https:\/\/rentexpressmallorca.com\/de\/lauflernhilfe\/","title":{"rendered":"Lauflernhilfe"},"content":{"rendered":"\t\t<div data-elementor-type=\"wp-post\" data-elementor-id=\"19370\" class=\"elementor elementor-19370 elementor-18201\" data-elementor-post-type=\"post\">\n\t\t\t\t<div class=\"elementor-element elementor-element-610bfa8b e-flex e-con-boxed e-con e-parent\" data-id=\"610bfa8b\" data-element_type=\"container\" data-settings=\"{&quot;content_width&quot;:&quot;boxed&quot;}\" data-core-v316-plus=\"true\">\n\t\t\t\t\t<div class=\"e-con-inner\">\n\t\t\t\t<div class=\"elementor-element elementor-element-78b9e3b elementor-widget elementor-widget-text-editor\" data-id=\"78b9e3b\" data-element_type=\"widget\" data-widget_type=\"text-editor.default\">\n\t\t\t\t<div class=\"elementor-widget-container\">\n\t\t\t<style>\/*! elementor - v3.19.0 - 05-02-2024 *\/\n.elementor-widget-text-editor.elementor-drop-cap-view-stacked .elementor-drop-cap{background-color:#69727d;color:#fff}.elementor-widget-text-editor.elementor-drop-cap-view-framed .elementor-drop-cap{color:#69727d;border:3px solid;background-color:transparent}.elementor-widget-text-editor:not(.elementor-drop-cap-view-default) .elementor-drop-cap{margin-top:8px}.elementor-widget-text-editor:not(.elementor-drop-cap-view-default) .elementor-drop-cap-letter{width:1em;height:1em}.elementor-widget-text-editor .elementor-drop-cap{float:left;text-align:center;line-height:1;font-size:50px}.elementor-widget-text-editor .elementor-drop-cap-letter{display:inline-block}<\/style>\t\t\t\t<h3 class=\"product-detail-name\">Lauflernhilfe mieten auf Mallorca<\/h3><p>kleiner Liebling vielseitige Spiele zu Hause oder auch unterwegs spielen. Dein Kind kann das abnehmbare Klavierspielzeug f\u00fcr die ersten Erkundungen auf zwei Beinen nutzen &#8211; dank seiner kompakten Gr\u00f6\u00dfe passt es auch in jede Wickeltasche und kann unterwegs bespielt werden.<\/p><h4 class=\"product-detail-name\">Lauflernhilfe<\/h4><ul><li>1 woche \u2013 25\u20ac<br \/>kaution \u2013 50\u20ac<\/li><\/ul><h4>Kontakt<\/h4><ul><li><a href=\"tel:+34651723263\">+34 651 723 263<\/a><\/li><li><a href=\"tel:+34697402352\">+34 697 402 352<\/a><\/li><li><a href=\"mailto:ade.elevation@gmail.com\">ade.elevation@gmail.com<\/a><\/li><\/ul><h4>Store<\/h4><ul><li><a href=\"https:\/\/www.google.es\/maps\/@39.5712643,2.6721623,3a,75y,3.36h,83.04t\/data=!3m7!1e1!3m5!1s5muJNtwkh9NiLSUOwiUG-w!2e0!6shttps:%2F%2Fstreetviewpixels-pa.googleapis.com%2Fv1%2Fthumbnail%3Fcb_client%3Dmaps_sv.tactile%26w%3D900%26h%3D600%26pitch%3D6.959999999999994%26panoid%3D5muJNtwkh9NiLSUOwiUG-w%26yaw%3D3.36!7i16384!8i8192?entry=ttu&amp;g_ep=EgoyMDI1MDIxMS4wIKXMDSoASAFQAw%3D%3D\" target=\"_blank\" rel=\"noopener\">Calle Manacor 123 0707 Palma de Mallorca<\/a><\/li><\/ul><h3>Produktbeschreibung<\/h3><p>Diese kunterbunte Lauflernhilfe verf\u00fcgt \u00fcber eine helle und farbenfrohe gepolsterte Sitzeinheit, die auf 3 verschiedene H\u00f6hen eingestellt werden kann, w\u00e4hrend dein Kind w\u00e4chst!<\/p>\t\t\t\t\t\t<\/div>\n\t\t\t\t<\/div>\n\t\t\t\t\t<\/div>\n\t\t\t\t<\/div>\n\t\t\t\t<\/div>\n\t\t","protected":false},"excerpt":{"rendered":"<p>Lauflernhilfe mieten auf Mallorca kleiner Liebling vielseitige Spiele zu Hause oder auch unterwegs spielen. Dein Kind kann das abnehmbare Klavierspielzeug f\u00fcr die ersten Erkundungen auf zwei Beinen nutzen &#8211; dank seiner kompakten Gr\u00f6\u00dfe passt es auch in jede Wickeltasche und kann unterwegs bespielt werden. Lauflernhilfe 1 woche \u2013 25\u20ac kaution \u2013 50\u20ac Kontakt +34 651 [&hellip;]<\/p>\n","protected":false},"author":1,"featured_media":19119,"comment_status":"closed","ping_status":"open","sticky":false,"template":"","format":"image","meta":{"site-sidebar-layout":"default","site-content-layout":"","ast-site-content-layout":"default","site-content-style":"default","site-sidebar-style":"default","ast-global-header-display":"","ast-banner-title-visibility":"","ast-main-header-display":"","ast-hfb-above-header-display":"","ast-hfb-below-header-display":"","ast-hfb-mobile-header-display":"","site-post-title":"","ast-breadcrumbs-content":"","ast-featured-img":"","footer-sml-layout":"","ast-disable-related-posts":"","theme-transparent-header-meta":"","adv-header-id-meta":"","stick-header-meta":"","header-above-stick-meta":"","header-main-stick-meta":"","header-below-stick-meta":"","astra-migrate-meta-layouts":"default","ast-page-background-enabled":"default","ast-page-background-meta":{"desktop":{"background-color":"var(--ast-global-color-4)","background-image":"","background-repeat":"repeat","background-position":"center center","background-size":"auto","background-attachment":"scroll","background-type":"","background-media":"","overlay-type":"","overlay-color":"","overlay-opacity":"","overlay-gradient":""},"tablet":{"background-color":"","background-image":"","background-repeat":"repeat","background-position":"center center","background-size":"auto","background-attachment":"scroll","background-type":"","background-media":"","overlay-type":"","overlay-color":"","overlay-opacity":"","overlay-gradient":""},"mobile":{"background-color":"","background-image":"","background-repeat":"repeat","background-position":"center center","background-size":"auto","background-attachment":"scroll","background-type":"","background-media":"","overlay-type":"","overlay-color":"","overlay-opacity":"","overlay-gradient":""}},"ast-content-background-meta":{"desktop":{"background-color":"var(--ast-global-color-5)","background-image":"","background-repeat":"repeat","background-position":"center center","background-size":"auto","background-attachment":"scroll","background-type":"","background-media":"","overlay-type":"","overlay-color":"","overlay-opacity":"","overlay-gradient":""},"tablet":{"background-color":"var(--ast-global-color-5)","background-image":"","background-repeat":"repeat","background-position":"center center","background-size":"auto","background-attachment":"scroll","background-type":"","background-media":"","overlay-type":"","overlay-color":"","overlay-opacity":"","overlay-gradient":""},"mobile":{"background-color":"var(--ast-global-color-5)","background-image":"","background-repeat":"repeat","background-position":"center center","background-size":"auto","background-attachment":"scroll","background-type":"","background-media":"","overlay-type":"","overlay-color":"","overlay-opacity":"","overlay-gradient":""}},"footnotes":""},"categories":[1159],"tags":[],"class_list":["post-19370","post","type-post","status-publish","format-image","has-post-thumbnail","hentry","category-kinder-und-babyausstattung-mieten","post_format-post-format-image"],"_links":{"self":[{"href":"https:\/\/rentexpressmallorca.com\/de\/wp-json\/wp\/v2\/posts\/19370","targetHints":{"allow":["GET"]}}],"collection":[{"href":"https:\/\/rentexpressmallorca.com\/de\/wp-json\/wp\/v2\/posts"}],"about":[{"href":"https:\/\/rentexpressmallorca.com\/de\/wp-json\/wp\/v2\/types\/post"}],"author":[{"embeddable":true,"href":"https:\/\/rentexpressmallorca.com\/de\/wp-json\/wp\/v2\/users\/1"}],"replies":[{"embeddable":true,"href":"https:\/\/rentexpressmallorca.com\/de\/wp-json\/wp\/v2\/comments?post=19370"}],"version-history":[{"count":17,"href":"https:\/\/rentexpressmallorca.com\/de\/wp-json\/wp\/v2\/posts\/19370\/revisions"}],"predecessor-version":[{"id":27880,"href":"https:\/\/rentexpressmallorca.com\/de\/wp-json\/wp\/v2\/posts\/19370\/revisions\/27880"}],"wp:featuredmedia":[{"embeddable":true,"href":"https:\/\/rentexpressmallorca.com\/de\/wp-json\/wp\/v2\/media\/19119"}],"wp:attachment":[{"href":"https:\/\/rentexpressmallorca.com\/de\/wp-json\/wp\/v2\/media?parent=19370"}],"wp:term":[{"taxonomy":"category","embeddable":true,"href":"https:\/\/rentexpressmallorca.com\/de\/wp-json\/wp\/v2\/categories?post=19370"},{"taxonomy":"post_tag","embeddable":true,"href":"https:\/\/rentexpressmallorca.com\/de\/wp-json\/wp\/v2\/tags?post=19370"}],"curies":[{"name":"wp","href":"https:\/\/api.w.org\/{rel}","templated":true}]}}