{"id":19382,"date":"2021-03-01T19:31:20","date_gmt":"2021-03-01T18:31:20","guid":{"rendered":"https:\/\/rentexpressmallorca.com\/alquiler-sillas-de-duchas\/"},"modified":"2026-02-06T16:30:09","modified_gmt":"2026-02-06T15:30:09","slug":"duschstuhle","status":"publish","type":"post","link":"https:\/\/rentexpressmallorca.com\/de\/duschstuhle\/","title":{"rendered":"Duschstuhl mit R\u00e4dern mieten Mallorca"},"content":{"rendered":"\t\t<div data-elementor-type=\"wp-post\" data-elementor-id=\"19382\" class=\"elementor elementor-19382 elementor-18224\" data-elementor-post-type=\"post\">\n\t\t\t\t<div class=\"elementor-element elementor-element-b159b1d e-flex e-con-boxed e-con e-parent\" data-id=\"b159b1d\" data-element_type=\"container\" data-e-type=\"container\">\n\t\t\t\t\t<div class=\"e-con-inner\">\n\t\t\t\t<div class=\"elementor-element elementor-element-28c9e91 elementor-widget elementor-widget-text-editor\" data-id=\"28c9e91\" data-element_type=\"widget\" data-e-type=\"widget\" data-widget_type=\"text-editor.default\">\n\t\t\t\t<div class=\"elementor-widget-container\">\n\t\t\t\t\t\t\t\t\t<p>Einen Duschstuhl mit R\u00e4dern auf Mallorca zu mieten ist eine praktische L\u00f6sung f\u00fcr Personen mit eingeschr\u00e4nkter Mobilit\u00e4t, die Unterst\u00fctzung beim Duschen oder bei der Toilettennutzung ben\u00f6tigen. Der Stuhl ist leicht, stabil und einfach zu man\u00f6vrieren, ideal f\u00fcr Hotels, Apartments oder private Unterk\u00fcnfte.<\/p><p data-start=\"575\" data-end=\"784\">Unser Dusch- und Toilettenstuhl verf\u00fcgt \u00fcber Bremsen und eine kompakte Gesamtbreite von nur 54 cm, sodass er durch die meisten Badezimmert\u00fcren passt. Das Modell ist hygienisch, sicher und sofort einsatzbereit.<\/p><p data-start=\"786\" data-end=\"874\">Die Lieferung erfolgt zu Hotels, Apartments und privaten Unterk\u00fcnften auf ganz Mallorca. Kombinierbar mit <a href=\"https:\/\/rentexpressmallorca.com\/de\/rollstuhl-mieten-mallorca\/\">Rollstuhl<\/a> oder <a href=\"https:\/\/rentexpressmallorca.com\/de\/pflegebetten\/\">Pflegebett<\/a> w\u00e4hrend Ihres Aufenthalts auf Mallorca.<\/p>\t\t\t\t\t\t\t\t<\/div>\n\t\t\t\t<\/div>\n\t\t\t\t<div class=\"elementor-element elementor-element-ee642e2 elementor-widget elementor-widget-heading\" data-id=\"ee642e2\" data-element_type=\"widget\" data-e-type=\"widget\" data-widget_type=\"heading.default\">\n\t\t\t\t<div class=\"elementor-widget-container\">\n\t\t\t\t\t<h2 class=\"elementor-heading-title elementor-size-default\">\u2705 Vorteile des Duschstuhls<\/h2>\t\t\t\t<\/div>\n\t\t\t\t<\/div>\n\t\t\t\t<div class=\"elementor-element elementor-element-ad493a1 elementor-widget elementor-widget-text-editor\" data-id=\"ad493a1\" data-element_type=\"widget\" data-e-type=\"widget\" data-widget_type=\"text-editor.default\">\n\t\t\t\t<div class=\"elementor-widget-container\">\n\t\t\t\t\t\t\t\t\t<p>Der Duschstuhl mit R\u00e4dern bietet Sicherheit und Komfort im Badezimmer. Dank Bremsen, stabiler Bauweise und wasserfester Materialien eignet er sich ideal f\u00fcr die t\u00e4gliche Pflege. Durch das geringe Gewicht l\u00e4sst sich der Stuhl leicht bewegen und flexibel einsetzen.<\/p>\t\t\t\t\t\t\t\t<\/div>\n\t\t\t\t<\/div>\n\t\t\t\t<div class=\"elementor-element elementor-element-bf36498 elementor-widget elementor-widget-heading\" data-id=\"bf36498\" data-element_type=\"widget\" data-e-type=\"widget\" data-widget_type=\"heading.default\">\n\t\t\t\t<div class=\"elementor-widget-container\">\n\t\t\t\t\t<h2 class=\"elementor-heading-title elementor-size-default\">\ud83d\udc65 F\u00fcr wen ist der Duschstuhl geeignet?<\/h2>\t\t\t\t<\/div>\n\t\t\t\t<\/div>\n\t\t\t\t<div class=\"elementor-element elementor-element-cb68c23 elementor-widget elementor-widget-text-editor\" data-id=\"cb68c23\" data-element_type=\"widget\" data-e-type=\"widget\" data-widget_type=\"text-editor.default\">\n\t\t\t\t<div class=\"elementor-widget-container\">\n\t\t\t\t\t\t\t\t\t<p>Dieser Duschstuhl ist ideal f\u00fcr Senioren, Personen mit eingeschr\u00e4nkter Mobilit\u00e4t oder Menschen in der Rehabilitation. Auch f\u00fcr G\u00e4ste, die w\u00e4hrend ihres Aufenthalts auf Mallorca Unterst\u00fctzung im Badezimmer ben\u00f6tigen, ist dieses Modell bestens geeignet. Dieses Produkt geh\u00f6rt zu unserer Kategorie\u00a0<a href=\"https:\/\/rentexpressmallorca.com\/de\/category\/eingeschraenkte-mobilitaet\/\">Seniorenprodukte auf Mallorca <\/a>in der Sie weitere Hilfsmittel f\u00fcr Senioren und Menschen mit eingeschr\u00e4nkter Mobilit\u00e4t zur Miete finden.<\/p>\t\t\t\t\t\t\t\t<\/div>\n\t\t\t\t<\/div>\n\t\t\t\t<div class=\"elementor-element elementor-element-fea43bc elementor-widget elementor-widget-heading\" data-id=\"fea43bc\" data-element_type=\"widget\" data-e-type=\"widget\" data-widget_type=\"heading.default\">\n\t\t\t\t<div class=\"elementor-widget-container\">\n\t\t\t\t\t<h2 class=\"elementor-heading-title elementor-size-default\">\ud83e\uddfe Mietdauer &amp; Preise f\u00fcr Duschst\u00fchle<\/h2>\t\t\t\t<\/div>\n\t\t\t\t<\/div>\n\t\t\t\t<div class=\"elementor-element elementor-element-165a55a elementor-widget elementor-widget-text-editor\" data-id=\"165a55a\" data-element_type=\"widget\" data-e-type=\"widget\" data-widget_type=\"text-editor.default\">\n\t\t\t\t<div class=\"elementor-widget-container\">\n\t\t\t\t\t\t\t\t\t<p data-start=\"1619\" data-end=\"1697\">Die Mietdauer kann flexibel an Ihren Aufenthalt auf Mallorca angepasst werden.<\/p><p data-start=\"1699\" data-end=\"1723\"><strong>Preise auf einen Blick<\/strong><\/p><p data-start=\"1725\" data-end=\"1807\">\ud83d\udcb0 Ab 30 \u20ac pro Woche<br data-start=\"1745\" data-end=\"1748\" \/>\ud83d\udd12 Kaution: 50 \u20ac<br data-start=\"1765\" data-end=\"1768\" \/>\ud83d\ude9a Lieferung zu Hotels und Apartments<\/p><p data-start=\"1809\" data-end=\"1821\"><strong>Preisliste<\/strong><\/p><p data-start=\"1823\" data-end=\"1877\">\u2022 1 Woche:\u00a0 \u00a0 30 \u20ac<br data-start=\"1838\" data-end=\"1841\" \/>\u2022 2 Wochen: 60 \u20ac<br data-start=\"1857\" data-end=\"1860\" \/>\u2022 1 Monat:\u00a0 \u00a0 \u00a090 \u20ac<\/p>\t\t\t\t\t\t\t\t<\/div>\n\t\t\t\t<\/div>\n\t\t\t\t<div class=\"elementor-element elementor-element-d6d5db7 elementor-widget elementor-widget-heading\" data-id=\"d6d5db7\" data-element_type=\"widget\" data-e-type=\"widget\" data-widget_type=\"heading.default\">\n\t\t\t\t<div class=\"elementor-widget-container\">\n\t\t\t\t\t<h2 class=\"elementor-heading-title elementor-size-default\">H\u00e4ufige Fragen zum duschstuhl auf Mallorca<\/h2>\t\t\t\t<\/div>\n\t\t\t\t<\/div>\n\t\t\t\t<div class=\"elementor-element elementor-element-94dbc3b elementor-widget elementor-widget-accordion\" data-id=\"94dbc3b\" data-element_type=\"widget\" data-e-type=\"widget\" data-widget_type=\"accordion.default\">\n\t\t\t\t<div class=\"elementor-widget-container\">\n\t\t\t\t\t\t\t<div class=\"elementor-accordion\">\n\t\t\t\t\t\t\t<div class=\"elementor-accordion-item\">\n\t\t\t\t\t<div id=\"elementor-tab-title-1561\" class=\"elementor-tab-title\" data-tab=\"1\" role=\"button\" aria-controls=\"elementor-tab-content-1561\" aria-expanded=\"false\">\n\t\t\t\t\t\t\t\t\t\t\t\t\t<span class=\"elementor-accordion-icon elementor-accordion-icon-left\" aria-hidden=\"true\">\n\t\t\t\t\t\t\t\t\t\t\t\t\t\t\t<span class=\"elementor-accordion-icon-closed\"><i class=\"fas fa-plus\"><\/i><\/span>\n\t\t\t\t\t\t\t\t<span class=\"elementor-accordion-icon-opened\"><i class=\"fas fa-minus\"><\/i><\/span>\n\t\t\t\t\t\t\t\t\t\t\t\t\t\t<\/span>\n\t\t\t\t\t\t\t\t\t\t\t\t<a class=\"elementor-accordion-title\" tabindex=\"0\">Kann der Duschstuhl auch als Toilettenstuhl genutzt werden?<\/a>\n\t\t\t\t\t<\/div>\n\t\t\t\t\t<div id=\"elementor-tab-content-1561\" class=\"elementor-tab-content elementor-clearfix\" data-tab=\"1\" role=\"region\" aria-labelledby=\"elementor-tab-title-1561\"><p>Ja, das Modell kann sowohl in der Dusche als auch als Toilettenstuhl verwendet werden und wird mit Eimer geliefert.<\/p><\/div>\n\t\t\t\t<\/div>\n\t\t\t\t\t\t\t<div class=\"elementor-accordion-item\">\n\t\t\t\t\t<div id=\"elementor-tab-title-1562\" class=\"elementor-tab-title\" data-tab=\"2\" role=\"button\" aria-controls=\"elementor-tab-content-1562\" aria-expanded=\"false\">\n\t\t\t\t\t\t\t\t\t\t\t\t\t<span class=\"elementor-accordion-icon elementor-accordion-icon-left\" aria-hidden=\"true\">\n\t\t\t\t\t\t\t\t\t\t\t\t\t\t\t<span class=\"elementor-accordion-icon-closed\"><i class=\"fas fa-plus\"><\/i><\/span>\n\t\t\t\t\t\t\t\t<span class=\"elementor-accordion-icon-opened\"><i class=\"fas fa-minus\"><\/i><\/span>\n\t\t\t\t\t\t\t\t\t\t\t\t\t\t<\/span>\n\t\t\t\t\t\t\t\t\t\t\t\t<a class=\"elementor-accordion-title\" tabindex=\"0\">Ist der Duschstuhl mit R\u00e4dern und Bremsen ausgestattet?<\/a>\n\t\t\t\t\t<\/div>\n\t\t\t\t\t<div id=\"elementor-tab-content-1562\" class=\"elementor-tab-content elementor-clearfix\" data-tab=\"2\" role=\"region\" aria-labelledby=\"elementor-tab-title-1562\"><p data-start=\"400\" data-end=\"543\">Ja, der Duschstuhl verf\u00fcgt \u00fcber Rollen mit Bremsen und ist leicht zu man\u00f6vrieren.<\/p><p data-start=\"545\" data-end=\"676\">\u00a0<\/p><\/div>\n\t\t\t\t<\/div>\n\t\t\t\t\t\t\t<div class=\"elementor-accordion-item\">\n\t\t\t\t\t<div id=\"elementor-tab-title-1563\" class=\"elementor-tab-title\" data-tab=\"3\" role=\"button\" aria-controls=\"elementor-tab-content-1563\" aria-expanded=\"false\">\n\t\t\t\t\t\t\t\t\t\t\t\t\t<span class=\"elementor-accordion-icon elementor-accordion-icon-left\" aria-hidden=\"true\">\n\t\t\t\t\t\t\t\t\t\t\t\t\t\t\t<span class=\"elementor-accordion-icon-closed\"><i class=\"fas fa-plus\"><\/i><\/span>\n\t\t\t\t\t\t\t\t<span class=\"elementor-accordion-icon-opened\"><i class=\"fas fa-minus\"><\/i><\/span>\n\t\t\t\t\t\t\t\t\t\t\t\t\t\t<\/span>\n\t\t\t\t\t\t\t\t\t\t\t\t<a class=\"elementor-accordion-title\" tabindex=\"0\">Passt der Duschstuhl durch normale Badezimmert\u00fcren?<\/a>\n\t\t\t\t\t<\/div>\n\t\t\t\t\t<div id=\"elementor-tab-content-1563\" class=\"elementor-tab-content elementor-clearfix\" data-tab=\"3\" role=\"region\" aria-labelledby=\"elementor-tab-title-1563\"><p>Ja, das Modell ist nur ca. 54 cm breit und passt durch die meisten T\u00fcren.<\/p><\/div>\n\t\t\t\t<\/div>\n\t\t\t\t\t\t\t<div class=\"elementor-accordion-item\">\n\t\t\t\t\t<div id=\"elementor-tab-title-1564\" class=\"elementor-tab-title\" data-tab=\"4\" role=\"button\" aria-controls=\"elementor-tab-content-1564\" aria-expanded=\"false\">\n\t\t\t\t\t\t\t\t\t\t\t\t\t<span class=\"elementor-accordion-icon elementor-accordion-icon-left\" aria-hidden=\"true\">\n\t\t\t\t\t\t\t\t\t\t\t\t\t\t\t<span class=\"elementor-accordion-icon-closed\"><i class=\"fas fa-plus\"><\/i><\/span>\n\t\t\t\t\t\t\t\t<span class=\"elementor-accordion-icon-opened\"><i class=\"fas fa-minus\"><\/i><\/span>\n\t\t\t\t\t\t\t\t\t\t\t\t\t\t<\/span>\n\t\t\t\t\t\t\t\t\t\t\t\t<a class=\"elementor-accordion-title\" tabindex=\"0\">Liefern Sie den Duschstuhl auch zum Flughafen Mallorca?<\/a>\n\t\t\t\t\t<\/div>\n\t\t\t\t\t<div id=\"elementor-tab-content-1564\" class=\"elementor-tab-content elementor-clearfix\" data-tab=\"4\" role=\"region\" aria-labelledby=\"elementor-tab-title-1564\"><p>Ja, eine \u00dcbergabe am Flughafen Palma ist an einem festen Treffpunkt m\u00f6glich oder direkt im Hotel.<\/p><\/div>\n\t\t\t\t<\/div>\n\t\t\t\t\t\t\t<div class=\"elementor-accordion-item\">\n\t\t\t\t\t<div id=\"elementor-tab-title-1565\" class=\"elementor-tab-title\" data-tab=\"5\" role=\"button\" aria-controls=\"elementor-tab-content-1565\" aria-expanded=\"false\">\n\t\t\t\t\t\t\t\t\t\t\t\t\t<span class=\"elementor-accordion-icon elementor-accordion-icon-left\" aria-hidden=\"true\">\n\t\t\t\t\t\t\t\t\t\t\t\t\t\t\t<span class=\"elementor-accordion-icon-closed\"><i class=\"fas fa-plus\"><\/i><\/span>\n\t\t\t\t\t\t\t\t<span class=\"elementor-accordion-icon-opened\"><i class=\"fas fa-minus\"><\/i><\/span>\n\t\t\t\t\t\t\t\t\t\t\t\t\t\t<\/span>\n\t\t\t\t\t\t\t\t\t\t\t\t<a class=\"elementor-accordion-title\" tabindex=\"0\">Liefern Sie auf ganz Mallorca?<\/a>\n\t\t\t\t\t<\/div>\n\t\t\t\t\t<div id=\"elementor-tab-content-1565\" class=\"elementor-tab-content elementor-clearfix\" data-tab=\"5\" role=\"region\" aria-labelledby=\"elementor-tab-title-1565\"><p>Ja, wir liefern zu Hotels, Apartments und privaten Unterk\u00fcnften auf der ganzen Insel. Die Kosten richten sich nach dem Standort.<\/p><\/div>\n\t\t\t\t<\/div>\n\t\t\t\t\t\t\t\t<\/div>\n\t\t\t\t\t\t<\/div>\n\t\t\t\t<\/div>\n\t\t\t\t<div class=\"elementor-element elementor-element-5f4077c elementor-widget elementor-widget-heading\" data-id=\"5f4077c\" data-element_type=\"widget\" data-e-type=\"widget\" data-widget_type=\"heading.default\">\n\t\t\t\t<div class=\"elementor-widget-container\">\n\t\t\t\t\t<h2 class=\"elementor-heading-title elementor-size-default\">\ud83d\udcde Kontakt &amp; Reservierung<\/h2>\t\t\t\t<\/div>\n\t\t\t\t<\/div>\n\t\t\t\t<div class=\"elementor-element elementor-element-b4397b2 elementor-widget elementor-widget-text-editor\" data-id=\"b4397b2\" data-element_type=\"widget\" data-e-type=\"widget\" data-widget_type=\"text-editor.default\">\n\t\t\t\t<div class=\"elementor-widget-container\">\n\t\t\t\t\t\t\t\t\t<p data-start=\"282\" data-end=\"361\">Sie k\u00f6nnen Ihren Aufstehsessel auf Mallorca ganz einfach im Voraus reservieren.<\/p><p data-start=\"363\" data-end=\"652\">Wir bieten Lieferungen zu Hotels, Apartments und privaten Unterk\u00fcnften auf der ganzen Insel an. Die Liefer- und Abholkosten richten sich nach dem jeweiligen Standort. In ausgew\u00e4hlten Gebieten ist die Lieferung kostenlos \u2013 bitte informieren Sie sich dazu in unserem Bereich \u201eLiefergebiete\u201c.<\/p><p data-start=\"654\" data-end=\"762\">\ud83d\udccd Unsere Filialen in Palma de Mallorca:<br data-start=\"694\" data-end=\"697\" \/>\u2013 Calle Manacor, 123, Palma<br data-start=\"724\" data-end=\"727\" \/>\u2013 Calle 31 de Diciembre, 3, Palma<\/p><p data-start=\"764\" data-end=\"897\">\ud83d\udcf2 Kontaktieren Sie uns per WhatsApp oder \u00fcber das Kontaktformular.<br data-start=\"831\" data-end=\"834\" \/>Unser deutschsprachiger Kundenservice hilft Ihnen gerne weiter.<\/p>\t\t\t\t\t\t\t\t<\/div>\n\t\t\t\t<\/div>\n\t\t\t\t\t<\/div>\n\t\t\t\t<\/div>\n\t\t\t\t<\/div>\n\t\t","protected":false},"excerpt":{"rendered":"<p>Einen Duschstuhl mit R\u00e4dern auf Mallorca zu mieten ist eine praktische L\u00f6sung f\u00fcr Personen mit eingeschr\u00e4nkter Mobilit\u00e4t, die Unterst\u00fctzung beim Duschen oder bei der Toilettennutzung ben\u00f6tigen. Der Stuhl ist leicht, stabil und einfach zu man\u00f6vrieren, ideal f\u00fcr Hotels, Apartments oder private Unterk\u00fcnfte. Unser Dusch- und Toilettenstuhl verf\u00fcgt \u00fcber Bremsen und eine kompakte Gesamtbreite von nur [&hellip;]<\/p>\n","protected":false},"author":1,"featured_media":19176,"comment_status":"closed","ping_status":"open","sticky":false,"template":"","format":"gallery","meta":{"site-sidebar-layout":"default","site-content-layout":"","ast-site-content-layout":"default","site-content-style":"default","site-sidebar-style":"default","ast-global-header-display":"","ast-banner-title-visibility":"","ast-main-header-display":"","ast-hfb-above-header-display":"","ast-hfb-below-header-display":"","ast-hfb-mobile-header-display":"","site-post-title":"","ast-breadcrumbs-content":"","ast-featured-img":"","footer-sml-layout":"","ast-disable-related-posts":"","theme-transparent-header-meta":"","adv-header-id-meta":"","stick-header-meta":"","header-above-stick-meta":"","header-main-stick-meta":"","header-below-stick-meta":"","astra-migrate-meta-layouts":"default","ast-page-background-enabled":"default","ast-page-background-meta":{"desktop":{"background-color":"var(--ast-global-color-4)","background-image":"","background-repeat":"repeat","background-position":"center center","background-size":"auto","background-attachment":"scroll","background-type":"","background-media":"","overlay-type":"","overlay-color":"","overlay-opacity":"","overlay-gradient":""},"tablet":{"background-color":"","background-image":"","background-repeat":"repeat","background-position":"center center","background-size":"auto","background-attachment":"scroll","background-type":"","background-media":"","overlay-type":"","overlay-color":"","overlay-opacity":"","overlay-gradient":""},"mobile":{"background-color":"","background-image":"","background-repeat":"repeat","background-position":"center center","background-size":"auto","background-attachment":"scroll","background-type":"","background-media":"","overlay-type":"","overlay-color":"","overlay-opacity":"","overlay-gradient":""}},"ast-content-background-meta":{"desktop":{"background-color":"var(--ast-global-color-5)","background-image":"","background-repeat":"repeat","background-position":"center center","background-size":"auto","background-attachment":"scroll","background-type":"","background-media":"","overlay-type":"","overlay-color":"","overlay-opacity":"","overlay-gradient":""},"tablet":{"background-color":"var(--ast-global-color-5)","background-image":"","background-repeat":"repeat","background-position":"center center","background-size":"auto","background-attachment":"scroll","background-type":"","background-media":"","overlay-type":"","overlay-color":"","overlay-opacity":"","overlay-gradient":""},"mobile":{"background-color":"var(--ast-global-color-5)","background-image":"","background-repeat":"repeat","background-position":"center center","background-size":"auto","background-attachment":"scroll","background-type":"","background-media":"","overlay-type":"","overlay-color":"","overlay-opacity":"","overlay-gradient":""}},"footnotes":""},"categories":[704],"tags":[1325,1326,1327,1328],"class_list":["post-19382","post","type-post","status-publish","format-gallery","has-post-thumbnail","hentry","category-eingeschraenkte-mobilitaet","tag-alquilar-una-silla-de-ducha-de","tag-alquilar-una-silla-de-ducha-en-palma-de","tag-alquiler-de-silla-de-ducha-en-mallorca-de","tag-sillas-de-duchas-de","post_format-post-format-gallery"],"_links":{"self":[{"href":"https:\/\/rentexpressmallorca.com\/de\/wp-json\/wp\/v2\/posts\/19382","targetHints":{"allow":["GET"]}}],"collection":[{"href":"https:\/\/rentexpressmallorca.com\/de\/wp-json\/wp\/v2\/posts"}],"about":[{"href":"https:\/\/rentexpressmallorca.com\/de\/wp-json\/wp\/v2\/types\/post"}],"author":[{"embeddable":true,"href":"https:\/\/rentexpressmallorca.com\/de\/wp-json\/wp\/v2\/users\/1"}],"replies":[{"embeddable":true,"href":"https:\/\/rentexpressmallorca.com\/de\/wp-json\/wp\/v2\/comments?post=19382"}],"version-history":[{"count":60,"href":"https:\/\/rentexpressmallorca.com\/de\/wp-json\/wp\/v2\/posts\/19382\/revisions"}],"predecessor-version":[{"id":30485,"href":"https:\/\/rentexpressmallorca.com\/de\/wp-json\/wp\/v2\/posts\/19382\/revisions\/30485"}],"wp:featuredmedia":[{"embeddable":true,"href":"https:\/\/rentexpressmallorca.com\/de\/wp-json\/wp\/v2\/media\/19176"}],"wp:attachment":[{"href":"https:\/\/rentexpressmallorca.com\/de\/wp-json\/wp\/v2\/media?parent=19382"}],"wp:term":[{"taxonomy":"category","embeddable":true,"href":"https:\/\/rentexpressmallorca.com\/de\/wp-json\/wp\/v2\/categories?post=19382"},{"taxonomy":"post_tag","embeddable":true,"href":"https:\/\/rentexpressmallorca.com\/de\/wp-json\/wp\/v2\/tags?post=19382"}],"curies":[{"name":"wp","href":"https:\/\/api.w.org\/{rel}","templated":true}]}}