{"id":35237,"date":"2026-02-25T14:42:30","date_gmt":"2026-02-25T13:42:30","guid":{"rendered":"https:\/\/rentexpressmallorca.com\/?p=35237"},"modified":"2026-04-06T18:06:32","modified_gmt":"2026-04-06T16:06:32","slug":"kindersitz-mieten-am-flughafen-palma-mallorca","status":"publish","type":"post","link":"https:\/\/rentexpressmallorca.com\/de\/kindersitz-mieten-am-flughafen-palma-mallorca\/","title":{"rendered":"Kindersitz am Flughafen Palma mieten \u2013 sicher &amp; sofort verf\u00fcgbar"},"content":{"rendered":"\n<h2 class=\"wp-block-heading\">Warum Familien uns vertrauen:<\/h2>\n\n\n\n<p>\u2714 \u00dcber 500 Familien vertrauen unserem Service auf Mallorca<br>\u2714 Saubere, gepr\u00fcfte und sofort einsatzbereite Kindersitze<br>\u2714 \u00dcbergabe direkt am Flughafen Palma \u2013 ohne Schalter<br>\u2714 Passend f\u00fcr alle Mietwagen<\/p>\n\n\n\n<p>Mieten Sie einen Kindersitz auf Mallorca und holen Sie ihn direkt am Flughafen Palma ab \u2013 schnell, einfach und ohne Wartezeit.<\/p>\n\n\n\n<p>Ideal f\u00fcr Familien mit Mietwagen, die nach der Landung sofort weiterfahren m\u00f6chten, ohne einen Kindersitz im Flugzeug mitnehmen zu m\u00fcssen.<\/p>\n\n\n\n<p>Viele Familien entscheiden sich bewusst f\u00fcr die Abholung direkt am Flughafen Palma, um Zeit zu sparen und stressfrei in den Urlaub zu starten.<\/p>\n\n\n\n<p>\ud83d\udc49 Sie landen, holen Ihr Gep\u00e4ck und sind in wenigen Minuten startklar.<\/p>\n\n\n\n<figure class=\"wp-block-image size-large\"><img fetchpriority=\"high\" decoding=\"async\" width=\"683\" height=\"1024\" src=\"https:\/\/rentexpressmallorca.com\/wp-content\/uploads\/2026\/03\/livraison-siege-pour-autos-aeroport-de-Palma-de-Majorque-683x1024.png\" alt=\"kindersitz mallorca flughafen \u00fcbergabe familie\" class=\"wp-image-39178\" srcset=\"https:\/\/rentexpressmallorca.com\/wp-content\/uploads\/2026\/03\/livraison-siege-pour-autos-aeroport-de-Palma-de-Majorque-683x1024.png 683w, https:\/\/rentexpressmallorca.com\/wp-content\/uploads\/2026\/03\/livraison-siege-pour-autos-aeroport-de-Palma-de-Majorque-200x300.png 200w, https:\/\/rentexpressmallorca.com\/wp-content\/uploads\/2026\/03\/livraison-siege-pour-autos-aeroport-de-Palma-de-Majorque-768x1152.png 768w, https:\/\/rentexpressmallorca.com\/wp-content\/uploads\/2026\/03\/livraison-siege-pour-autos-aeroport-de-Palma-de-Majorque.png 1024w\" sizes=\"(max-width: 683px) 100vw, 683px\" \/><\/figure>\n\n\n\n<h2 class=\"wp-block-heading\">Sicherheit &amp; Qualit\u00e4t<\/h2>\n\n\n\n<p>Alle Kindersitze werden vor jeder Vermietung sorgf\u00e4ltig gepr\u00fcft, gereinigt und desinfiziert.<\/p>\n\n\n\n<p>Wir verwenden ausschlie\u00dflich Modelle, die den europ\u00e4ischen Sicherheitsnormen entsprechen (i-Size \/ ECE R129).<\/p>\n\n\n\n<p>\ud83d\udc49 Keine besch\u00e4digten oder veralteten Sitze<br>\ud83d\udc49 Sofort einsatzbereit bei Ihrer Ankunft<br>\ud83d\udc49 Sicherheit f\u00fcr Ihr Kind steht bei uns an erster Stelle<\/p>\n\n\n\n<h2 class=\"wp-block-heading\">Preise &amp; Optionen<\/h2>\n\n\n\n<figure class=\"wp-block-table\"><table class=\"has-fixed-layout\"><thead><tr><th>Modell<\/th><th>3 Tage<\/th><th>1 Woche<\/th><th>2 Wochen<\/th><\/tr><\/thead><tbody><tr><td>Babyschale (Maxi-Cosi)<\/td><td>15 \u20ac<\/td><td>25 \u20ac<\/td><td>40 \u20ac<\/td><\/tr><tr><td>Kindersitz ohne ISOFIX<\/td><td>15 \u20ac<\/td><td>25 \u20ac<\/td><td>40 \u20ac<\/td><\/tr><tr><td>ISOFIX Kindersitz (9\u201336 kg)<\/td><td>25 \u20ac<\/td><td>35 \u20ac<\/td><td>60 \u20ac<\/td><\/tr><tr><td>Drehbarer Kindersitz 360\u00b0<\/td><td>25 \u20ac<\/td><td>35 \u20ac<\/td><td>60 \u20ac<\/td><\/tr><tr><td>Sitzerh\u00f6hung<\/td><td>10 \u20ac<\/td><td>15 \u20ac<\/td><td>20 \u20ac<\/td><\/tr><tr><td>Sitzerh\u00f6hung mit R\u00fcckenlehne<\/td><td>10 \u20ac<\/td><td>15 \u20ac<\/td><td>20 \u20ac<\/td><\/tr><\/tbody><\/table><\/figure>\n\n\n\n<p>\u2708\ufe0f Flughafenservice (\u00dcbergabe &amp; R\u00fcckgabe): <strong>10 \u20ac<\/strong><br>\u23f0 Au\u00dferhalb der \u00d6ffnungszeiten (09:00\u201319:00): <strong>15 \u20ac<\/strong><br>\ud83d\udcb0 Kaution: <strong>50 \u20ac<\/strong><\/p>\n\n\n\n<p>Alle Preise sind transparent und ohne versteckte Kosten. Kurzzeit- und Langzeitmieten sind m\u00f6glich.<\/p>\n\n\n\n<h2 class=\"wp-block-heading\">Kindersitze am Flughafen Palma mieten \u2013 alle Modelle<\/h2>\n\n\n\n<p>Wir bieten verschiedene Kindersitze f\u00fcr Babys und Kinder, passend zu Alter, Gr\u00f6\u00dfe und Gewicht:<\/p>\n\n\n\n<p><strong>Babyschale \/ Maxi-Cosi<\/strong><br>Geeignet f\u00fcr Babys ab der Geburt bis etwa 12\u201315 Monate<br>\ud83d\udc49 <a href=\"https:\/\/rentexpressmallorca.com\/de\/babyschale-mieten-mallorca\/\">Babyschale auf Mallorca mieten<\/a><\/p>\n\n\n\n<figure class=\"wp-block-image aligncenter size-full\"><img decoding=\"async\" width=\"225\" height=\"225\" src=\"https:\/\/rentexpressmallorca.com\/wp-content\/uploads\/2023\/12\/asiento-infantil-recien-nacido-para-coche-alquiler-Mallorca.jpg\" alt=\"babyschale auto mallorca flughafen palma\" class=\"wp-image-39415\" srcset=\"https:\/\/rentexpressmallorca.com\/wp-content\/uploads\/2023\/12\/asiento-infantil-recien-nacido-para-coche-alquiler-Mallorca.jpg 225w, https:\/\/rentexpressmallorca.com\/wp-content\/uploads\/2023\/12\/asiento-infantil-recien-nacido-para-coche-alquiler-Mallorca-150x150.jpg 150w\" sizes=\"(max-width: 225px) 100vw, 225px\" \/><\/figure>\n\n\n\n<p><strong>Kindersitz ohne ISOFIX<\/strong><br>Geeignet f\u00fcr Fahrzeuge ohne ISOFIX-System<br>\ud83d\udc49 <a href=\"https:\/\/rentexpressmallorca.com\/de\/kindersitz-ohne-isofix-auf-mallorca-mieten\/\">Kindersitz ohne IISOFIX auf Mallorca mieten<\/a> <\/p>\n\n\n\n<figure class=\"wp-block-image aligncenter size-full is-resized\"><img decoding=\"async\" width=\"800\" height=\"800\" src=\"https:\/\/rentexpressmallorca.com\/wp-content\/uploads\/2026\/02\/siege-auto-sans-isofix-Majorque.jpg\" alt=\"kindersitz ohne isofix mallorca mietwagen\" class=\"wp-image-35268\" style=\"width:350px\" srcset=\"https:\/\/rentexpressmallorca.com\/wp-content\/uploads\/2026\/02\/siege-auto-sans-isofix-Majorque.jpg 800w, https:\/\/rentexpressmallorca.com\/wp-content\/uploads\/2026\/02\/siege-auto-sans-isofix-Majorque-300x300.jpg 300w, https:\/\/rentexpressmallorca.com\/wp-content\/uploads\/2026\/02\/siege-auto-sans-isofix-Majorque-150x150.jpg 150w, https:\/\/rentexpressmallorca.com\/wp-content\/uploads\/2026\/02\/siege-auto-sans-isofix-Majorque-768x768.jpg 768w\" sizes=\"(max-width: 800px) 100vw, 800px\" \/><\/figure>\n\n\n\n<p><strong>ISOFIX Kindersitz 9\u201336 kg<\/strong><br>Stabil und sicher mit einfacher Installation<br>\ud83d\udc49 <a href=\"https:\/\/rentexpressmallorca.com\/de\/kindersitz-mieten-mallorca\/\">ISOFIX Kindersitz Mallorca mieten<\/a><\/p>\n\n\n\n<figure class=\"wp-block-image aligncenter size-full is-resized\"><img loading=\"lazy\" decoding=\"async\" width=\"214\" height=\"236\" src=\"https:\/\/rentexpressmallorca.com\/wp-content\/uploads\/2023\/12\/Silla-ISOFIX-fija-para-coche.jpg\" alt=\"isofix kindersitz mallorca mietwagen\" class=\"wp-image-39434\" style=\"width:356px\"\/><\/figure>\n\n\n\n<p><strong>Drehbarer Kindersitz 360\u00b0 (0\u201336 kg)<\/strong><br>Erleichtert das Anschnallen und bietet maximalen Komfort<br>\ud83d\udc49 <a href=\"https:\/\/rentexpressmallorca.com\/de\/isofix-babyscale-360\/\">Drehbarer Kindersitz Mallorca mieten<\/a><\/p>\n\n\n\n<figure class=\"wp-block-image aligncenter size-full is-resized\"><img loading=\"lazy\" decoding=\"async\" width=\"225\" height=\"225\" src=\"https:\/\/rentexpressmallorca.com\/wp-content\/uploads\/2023\/12\/Silla-coche-rotativa-con-ISOFIX.jpg\" alt=\"drehbarer kindersitz 360 mallorca auto\" class=\"wp-image-39441\" style=\"width:352px\" srcset=\"https:\/\/rentexpressmallorca.com\/wp-content\/uploads\/2023\/12\/Silla-coche-rotativa-con-ISOFIX.jpg 225w, https:\/\/rentexpressmallorca.com\/wp-content\/uploads\/2023\/12\/Silla-coche-rotativa-con-ISOFIX-150x150.jpg 150w\" sizes=\"(max-width: 225px) 100vw, 225px\" \/><\/figure>\n\n\n\n<p><strong>Sitzerh\u00f6hung<\/strong><br>Ideal f\u00fcr \u00e4ltere Kinder<br>\ud83d\udc49 <a href=\"https:\/\/rentexpressmallorca.com\/de\/autositzerhoehung-furs-kinders\/\">Sitzerh\u00f6hung Mallorca mieten<\/a><\/p>\n\n\n\n<figure class=\"wp-block-image size-large is-resized\"><img loading=\"lazy\" decoding=\"async\" width=\"1024\" height=\"683\" src=\"https:\/\/rentexpressmallorca.com\/wp-content\/uploads\/2023\/12\/Alzadores-infantiles-para-coche-1024x683.png\" alt=\"sitzerh\u00f6hung kinder auto mallorca\" class=\"wp-image-39462\" style=\"width:auto;height:400px\" srcset=\"https:\/\/rentexpressmallorca.com\/wp-content\/uploads\/2023\/12\/Alzadores-infantiles-para-coche-1024x683.png 1024w, https:\/\/rentexpressmallorca.com\/wp-content\/uploads\/2023\/12\/Alzadores-infantiles-para-coche-300x200.png 300w, https:\/\/rentexpressmallorca.com\/wp-content\/uploads\/2023\/12\/Alzadores-infantiles-para-coche-768x512.png 768w, https:\/\/rentexpressmallorca.com\/wp-content\/uploads\/2023\/12\/Alzadores-infantiles-para-coche.png 1536w\" sizes=\"(max-width: 1024px) 100vw, 1024px\" \/><\/figure>\n\n\n\n<p><strong>Sitzerh\u00f6hung mit R\u00fcckenlehne<\/strong><br>Komfortable und g\u00fcnstige L\u00f6sung mit besserer Gurtf\u00fchrung<br>\ud83d\udc49 <a href=\"https:\/\/rentexpressmallorca.com\/de\/sitzerhoehung-mit-rueckenlehne-auf-mallorca-mieten\/\">Sitzerh\u00f6hung mit R\u00fcckenlehne auf Mallorca mieten<\/a><\/p>\n\n\n\n<figure class=\"wp-block-image aligncenter size-full is-resized\"><img loading=\"lazy\" decoding=\"async\" width=\"648\" height=\"900\" src=\"https:\/\/rentexpressmallorca.com\/wp-content\/uploads\/2026\/04\/rehausseur-voiture-avec-dossier-enfant-location-majorque-aeroport-1.webp\" alt=\"sitzerh\u00f6hung mit r\u00fcckenlehne kinder auto mallorca\" class=\"wp-image-39879\" style=\"width:auto;height:400px\" srcset=\"https:\/\/rentexpressmallorca.com\/wp-content\/uploads\/2026\/04\/rehausseur-voiture-avec-dossier-enfant-location-majorque-aeroport-1.webp 648w, https:\/\/rentexpressmallorca.com\/wp-content\/uploads\/2026\/04\/rehausseur-voiture-avec-dossier-enfant-location-majorque-aeroport-1-216x300.webp 216w\" sizes=\"(max-width: 648px) 100vw, 648px\" \/><\/figure>\n\n\n\n<p>\ud83d\udc49<strong> Alle Modelle k\u00f6nnen direkt am Flughafen Palma \u00fcbergeben oder in Palma abgeholt werden.<\/strong><\/p>\n\n\n\n<p><\/p>\n\n\n\n<h2 class=\"wp-block-heading\">Welcher Kindersitz ist der richtige f\u00fcr Ihr Kind?<\/h2>\n\n\n\n<p>0\u201312 Monate \u2192 Babyschale<br>1\u20134 Jahre \u2192 Kindersitz<br>4\u201310 Jahre \u2192 Sitzerh\u00f6hung<\/p>\n\n\n\n<h2 class=\"wp-block-heading\">\u00dcbergabe &amp; R\u00fcckgabe am Flughafen Palma<\/h2>\n\n\n\n<p>Nach Ihrer Ankunft holen Sie bitte zuerst Ihr Gep\u00e4ck ab und kontaktieren uns:<br>\ud83d\udcde <a href=\"https:\/\/wa.me\/34697402352\" target=\"_blank\" rel=\"noopener\">+34 697 40 23 52<\/a><\/p>\n\n\n\n<p>Nach dem Kontakt verlassen Sie das Terminal und gehen nach drau\u00dfen. Direkt gegen\u00fcber befindet sich das \u00f6ffentliche Parkhaus mit den Mietwagenstationen.<\/p>\n\n\n\n<p>Der Treffpunkt ist im Erdgeschoss, vor der <strong>Bar Oasis (Coffee Bar)<\/strong>.<\/p>\n\n\n\n<p>\ud83d\udc49 Wir sind in der Regel innerhalb von etwa 15 Minuten vor Ort.<\/p>\n\n\n\n<p>Die \u00dcbergabe erfolgt schnell und ohne Wartezeit, sodass Sie sofort weiterfahren k\u00f6nnen.<\/p>\n\n\n\n<figure class=\"wp-block-image size-full is-resized\"><img loading=\"lazy\" decoding=\"async\" width=\"1024\" height=\"747\" src=\"https:\/\/rentexpressmallorca.com\/wp-content\/uploads\/2023\/12\/location-siege-auto-aeroport-Palma-Majorque.jpeg\" alt=\"treffpunkt flughafen palma parkhaus bar coffee kindersitz\" class=\"wp-image-35338\" style=\"width:auto;height:400px\" srcset=\"https:\/\/rentexpressmallorca.com\/wp-content\/uploads\/2023\/12\/location-siege-auto-aeroport-Palma-Majorque.jpeg 1024w, https:\/\/rentexpressmallorca.com\/wp-content\/uploads\/2023\/12\/location-siege-auto-aeroport-Palma-Majorque-300x219.jpeg 300w, https:\/\/rentexpressmallorca.com\/wp-content\/uploads\/2023\/12\/location-siege-auto-aeroport-Palma-Majorque-768x560.jpeg 768w\" sizes=\"(max-width: 1024px) 100vw, 1024px\" \/><\/figure>\n\n\n\n<h2 class=\"wp-block-heading\">R\u00fcckgabe<\/h2>\n\n\n\n<p>Die R\u00fcckgabe erfolgt am gleichen Ort.<\/p>\n\n\n\n<p>Bitte kontaktieren Sie uns etwa 15 Minuten vor Ihrer Ankunft, damit alles reibungslos abl\u00e4uft.<\/p>\n\n\n\n<h2 class=\"wp-block-heading\">Reinigung &amp; Hygiene<\/h2>\n\n\n\n<p>Alle Kindersitze werden vor jeder \u00dcbergabe gereinigt, desinfiziert und gepr\u00fcft.<\/p>\n\n\n\n<p>\ud83d\udc49 Sofort einsatzbereit bei Ihrer Ankunft<\/p>\n\n\n\n<h2 class=\"wp-block-heading\">Hinweis zur Installation<\/h2>\n\n\n\n<p>Die Installation erfolgt durch den Kunden gem\u00e4\u00df den Herstellerangaben.<\/p>\n\n\n\n<p>Wir helfen Ihnen gerne bei der Auswahl des passenden Modells.<\/p>\n\n\n\n<h2 class=\"wp-block-heading\">Hohe Nachfrage<\/h2>\n\n\n\n<p>In der Hauptsaison ist die Verf\u00fcgbarkeit begrenzt.<\/p>\n\n\n\n<p>\ud83d\udc49 Wir empfehlen eine fr\u00fchzeitige Reservierung.<\/p>\n\n\n\n<h2 class=\"wp-block-heading\">H\u00e4ufige Fragen<\/h2>\n\n\n\n<p>Kann ich den Kindersitz direkt am Flughafen Palma abholen? \u2192 Ja<br>Sind die Sitze f\u00fcr Mietwagen geeignet? \u2192 Ja<br>Werden sie gereinigt? \u2192 Ja<br>Ist eine Reservierung notwendig? \u2192 Empfohlen<\/p>\n\n\n\n<h2 class=\"wp-block-heading\">Jetzt reservieren<\/h2>\n\n\n\n<p>\ud83d\udc49 <a href=\"https:\/\/wa.me\/34697402352\" target=\"_blank\" rel=\"noopener\">+34697402352<\/a><\/p>\n\n\n\n<p>\u2714 Schnelle Best\u00e4tigung<br>\u2714 Keine Wartezeit<br>\u2714 Sofort verf\u00fcgbar<\/p>\n\n\n\n<p><\/p>\n","protected":false},"excerpt":{"rendered":"<p>Warum Familien uns vertrauen: \u2714 \u00dcber 500 Familien vertrauen unserem Service auf Mallorca\u2714 Saubere, gepr\u00fcfte und sofort einsatzbereite Kindersitze\u2714 \u00dcbergabe direkt am Flughafen Palma \u2013 ohne Schalter\u2714 Passend f\u00fcr alle Mietwagen Mieten Sie einen Kindersitz auf Mallorca und holen Sie ihn direkt am Flughafen Palma ab \u2013 schnell, einfach und ohne Wartezeit. Ideal f\u00fcr Familien [&hellip;]<\/p>\n","protected":false},"author":3,"featured_media":37038,"comment_status":"closed","ping_status":"closed","sticky":false,"template":"","format":"standard","meta":{"site-sidebar-layout":"default","site-content-layout":"","ast-site-content-layout":"default","site-content-style":"default","site-sidebar-style":"default","ast-global-header-display":"","ast-banner-title-visibility":"","ast-main-header-display":"","ast-hfb-above-header-display":"","ast-hfb-below-header-display":"","ast-hfb-mobile-header-display":"","site-post-title":"","ast-breadcrumbs-content":"","ast-featured-img":"","footer-sml-layout":"","ast-disable-related-posts":"","theme-transparent-header-meta":"","adv-header-id-meta":"","stick-header-meta":"","header-above-stick-meta":"","header-main-stick-meta":"","header-below-stick-meta":"","astra-migrate-meta-layouts":"default","ast-page-background-enabled":"default","ast-page-background-meta":{"desktop":{"background-color":"var(--ast-global-color-4)","background-image":"","background-repeat":"repeat","background-position":"center center","background-size":"auto","background-attachment":"scroll","background-type":"","background-media":"","overlay-type":"","overlay-color":"","overlay-opacity":"","overlay-gradient":""},"tablet":{"background-color":"","background-image":"","background-repeat":"repeat","background-position":"center center","background-size":"auto","background-attachment":"scroll","background-type":"","background-media":"","overlay-type":"","overlay-color":"","overlay-opacity":"","overlay-gradient":""},"mobile":{"background-color":"","background-image":"","background-repeat":"repeat","background-position":"center center","background-size":"auto","background-attachment":"scroll","background-type":"","background-media":"","overlay-type":"","overlay-color":"","overlay-opacity":"","overlay-gradient":""}},"ast-content-background-meta":{"desktop":{"background-color":"var(--ast-global-color-5)","background-image":"","background-repeat":"repeat","background-position":"center center","background-size":"auto","background-attachment":"scroll","background-type":"","background-media":"","overlay-type":"","overlay-color":"","overlay-opacity":"","overlay-gradient":""},"tablet":{"background-color":"var(--ast-global-color-5)","background-image":"","background-repeat":"repeat","background-position":"center center","background-size":"auto","background-attachment":"scroll","background-type":"","background-media":"","overlay-type":"","overlay-color":"","overlay-opacity":"","overlay-gradient":""},"mobile":{"background-color":"var(--ast-global-color-5)","background-image":"","background-repeat":"repeat","background-position":"center center","background-size":"auto","background-attachment":"scroll","background-type":"","background-media":"","overlay-type":"","overlay-color":"","overlay-opacity":"","overlay-gradient":""}},"footnotes":""},"categories":[1797],"tags":[],"class_list":["post-35237","post","type-post","status-publish","format-standard","has-post-thumbnail","hentry","category-kindersitz-ratgeber"],"_links":{"self":[{"href":"https:\/\/rentexpressmallorca.com\/de\/wp-json\/wp\/v2\/posts\/35237","targetHints":{"allow":["GET"]}}],"collection":[{"href":"https:\/\/rentexpressmallorca.com\/de\/wp-json\/wp\/v2\/posts"}],"about":[{"href":"https:\/\/rentexpressmallorca.com\/de\/wp-json\/wp\/v2\/types\/post"}],"author":[{"embeddable":true,"href":"https:\/\/rentexpressmallorca.com\/de\/wp-json\/wp\/v2\/users\/3"}],"replies":[{"embeddable":true,"href":"https:\/\/rentexpressmallorca.com\/de\/wp-json\/wp\/v2\/comments?post=35237"}],"version-history":[{"count":45,"href":"https:\/\/rentexpressmallorca.com\/de\/wp-json\/wp\/v2\/posts\/35237\/revisions"}],"predecessor-version":[{"id":39950,"href":"https:\/\/rentexpressmallorca.com\/de\/wp-json\/wp\/v2\/posts\/35237\/revisions\/39950"}],"wp:featuredmedia":[{"embeddable":true,"href":"https:\/\/rentexpressmallorca.com\/de\/wp-json\/wp\/v2\/media\/37038"}],"wp:attachment":[{"href":"https:\/\/rentexpressmallorca.com\/de\/wp-json\/wp\/v2\/media?parent=35237"}],"wp:term":[{"taxonomy":"category","embeddable":true,"href":"https:\/\/rentexpressmallorca.com\/de\/wp-json\/wp\/v2\/categories?post=35237"},{"taxonomy":"post_tag","embeddable":true,"href":"https:\/\/rentexpressmallorca.com\/de\/wp-json\/wp\/v2\/tags?post=35237"}],"curies":[{"name":"wp","href":"https:\/\/api.w.org\/{rel}","templated":true}]}}