{"id":36142,"date":"2026-03-04T13:27:08","date_gmt":"2026-03-04T12:27:08","guid":{"rendered":"https:\/\/rentexpressmallorca.com\/?p=36142"},"modified":"2026-04-06T12:01:58","modified_gmt":"2026-04-06T10:01:58","slug":"babyschale-mieten-mallorca","status":"publish","type":"post","link":"https:\/\/rentexpressmallorca.com\/de\/babyschale-mieten-mallorca\/","title":{"rendered":"Babyschale auf Mallorca mieten"},"content":{"rendered":"\t\t<div data-elementor-type=\"wp-post\" data-elementor-id=\"36142\" class=\"elementor elementor-36142\" data-elementor-post-type=\"post\">\n\t\t\t\t<div class=\"elementor-element elementor-element-fbbfa6c e-flex e-con-boxed e-con e-parent\" data-id=\"fbbfa6c\" data-element_type=\"container\" data-settings=\"{&quot;content_width&quot;:&quot;boxed&quot;}\" data-core-v316-plus=\"true\">\n\t\t\t\t\t<div class=\"e-con-inner\">\n\t\t\t\t<div class=\"elementor-element elementor-element-e3e15db elementor-widget elementor-widget-text-editor\" data-id=\"e3e15db\" data-element_type=\"widget\" data-widget_type=\"text-editor.default\">\n\t\t\t\t<div class=\"elementor-widget-container\">\n\t\t\t<style>\/*! elementor - v3.19.0 - 05-02-2024 *\/\n.elementor-widget-text-editor.elementor-drop-cap-view-stacked .elementor-drop-cap{background-color:#69727d;color:#fff}.elementor-widget-text-editor.elementor-drop-cap-view-framed .elementor-drop-cap{color:#69727d;border:3px solid;background-color:transparent}.elementor-widget-text-editor:not(.elementor-drop-cap-view-default) .elementor-drop-cap{margin-top:8px}.elementor-widget-text-editor:not(.elementor-drop-cap-view-default) .elementor-drop-cap-letter{width:1em;height:1em}.elementor-widget-text-editor .elementor-drop-cap{float:left;text-align:center;line-height:1;font-size:50px}.elementor-widget-text-editor .elementor-drop-cap-letter{display:inline-block}<\/style>\t\t\t\t<p data-start=\"242\" data-end=\"394\">Eine Babyschale auf Mallorca zu mieten ist die ideale L\u00f6sung f\u00fcr Familien mit Neugeborenen und kleinen Babys, die sicher und komfortabel reisen m\u00f6chten.<\/p><p data-start=\"396\" data-end=\"588\">Viele Familien entscheiden sich daf\u00fcr, ihre Babyschale direkt am Flughafen Palma abzuholen, damit der Sitz sofort nach der Landung bereitsteht und die Weiterfahrt ohne Verz\u00f6gerung m\u00f6glich ist.<\/p><p data-start=\"590\" data-end=\"717\">Besonders bei der Ankunft mit Mietwagen ist es wichtig, dass der Kindersitz direkt verf\u00fcgbar ist, ohne zus\u00e4tzliche Wartezeiten.<\/p><p data-start=\"719\" data-end=\"792\">Alle Babyschalen werden gereinigt, gepr\u00fcft und sind sofort einsatzbereit.<\/p>\t\t\t\t\t\t<\/div>\n\t\t\t\t<\/div>\n\t\t\t\t<div class=\"elementor-element elementor-element-84d2ad1 elementor-widget elementor-widget-heading\" data-id=\"84d2ad1\" data-element_type=\"widget\" data-widget_type=\"heading.default\">\n\t\t\t\t<div class=\"elementor-widget-container\">\n\t\t\t<style>\/*! elementor - v3.19.0 - 05-02-2024 *\/\n.elementor-heading-title{padding:0;margin:0;line-height:1}.elementor-widget-heading .elementor-heading-title[class*=elementor-size-]>a{color:inherit;font-size:inherit;line-height:inherit}.elementor-widget-heading .elementor-heading-title.elementor-size-small{font-size:15px}.elementor-widget-heading .elementor-heading-title.elementor-size-medium{font-size:19px}.elementor-widget-heading .elementor-heading-title.elementor-size-large{font-size:29px}.elementor-widget-heading .elementor-heading-title.elementor-size-xl{font-size:39px}.elementor-widget-heading .elementor-heading-title.elementor-size-xxl{font-size:59px}<\/style><h2 class=\"elementor-heading-title elementor-size-default\">Babyschale am Flughafen Palma mieten \u2013 Abholung & R\u00fcckgabe<\/h2>\t\t<\/div>\n\t\t\t\t<\/div>\n\t\t\t\t<div class=\"elementor-element elementor-element-41c803f elementor-widget elementor-widget-text-editor\" data-id=\"41c803f\" data-element_type=\"widget\" data-widget_type=\"text-editor.default\">\n\t\t\t\t<div class=\"elementor-widget-container\">\n\t\t\t\t\t\t\t<p data-start=\"530\" data-end=\"647\">Die Abholung und R\u00fcckgabe Ihrer Babyschale erfolgt direkt am Flughafen Palma \u2013 schnell, einfach und ohne Wartezeiten.<\/p><p data-start=\"649\" data-end=\"778\">Nach der Gep\u00e4ckausgabe kontaktieren Sie uns bitte kurz per WhatsApp oder Telefon, damit unser Team die \u00dcbergabe vorbereiten kann.<\/p><ul><li data-start=\"780\" data-end=\"824\"><strong data-start=\"783\" data-end=\"796\">WhatsApp: <a href=\"https:\/\/wa.me\/34697402352\" target=\"_blank\" rel=\"noopener\">+34 697 40 23 52<\/a><\/strong>\u00a0<\/li><\/ul><p data-start=\"826\" data-end=\"939\">Der Treffpunkt befindet sich im Geb\u00e4ude gegen\u00fcber dem \u00f6ffentlichen Parkhaus, wo sich auch die Mietwagen befinden.<\/p><p data-start=\"941\" data-end=\"1035\">Im Erdgeschoss finden Sie die <strong data-start=\"971\" data-end=\"984\">Bar Oasis<\/strong>, wo wir die Babyschale \u00fcbergeben und zur\u00fccknehmen.<\/p><p data-start=\"1037\" data-end=\"1214\">Bitte kontaktieren Sie uns nach der Gep\u00e4ckausgabe oder etwa 15 Minuten vor Ihrer Ankunft am Treffpunkt, damit wir eine reibungslose \u00dcbergabe ohne Wartezeit gew\u00e4hrleisten k\u00f6nnen.<\/p>\t\t\t\t\t\t<\/div>\n\t\t\t\t<\/div>\n\t\t\t\t<div class=\"elementor-element elementor-element-507087f elementor-widget elementor-widget-image\" data-id=\"507087f\" data-element_type=\"widget\" data-widget_type=\"image.default\">\n\t\t\t\t<div class=\"elementor-widget-container\">\n\t\t\t<style>\/*! elementor - v3.19.0 - 05-02-2024 *\/\n.elementor-widget-image{text-align:center}.elementor-widget-image a{display:inline-block}.elementor-widget-image a img[src$=\".svg\"]{width:48px}.elementor-widget-image img{vertical-align:middle;display:inline-block}<\/style>\t\t\t\t\t\t\t\t\t\t<img fetchpriority=\"high\" decoding=\"async\" width=\"300\" height=\"219\" src=\"https:\/\/rentexpressmallorca.com\/wp-content\/uploads\/2023\/12\/location-siege-auto-aeroport-Palma-Majorque-300x219.jpeg\" class=\"attachment-medium size-medium wp-image-35338\" alt=\"treffpunkt flughafen palma parkhaus bar coffee kindersitz\" srcset=\"https:\/\/rentexpressmallorca.com\/wp-content\/uploads\/2023\/12\/location-siege-auto-aeroport-Palma-Majorque-300x219.jpeg 300w, https:\/\/rentexpressmallorca.com\/wp-content\/uploads\/2023\/12\/location-siege-auto-aeroport-Palma-Majorque-768x560.jpeg 768w, https:\/\/rentexpressmallorca.com\/wp-content\/uploads\/2023\/12\/location-siege-auto-aeroport-Palma-Majorque.jpeg 1024w\" sizes=\"(max-width: 300px) 100vw, 300px\" \/>\t\t\t\t\t\t\t\t\t\t\t\t\t<\/div>\n\t\t\t\t<\/div>\n\t\t\t\t<div class=\"elementor-element elementor-element-2ab3a01 elementor-widget elementor-widget-heading\" data-id=\"2ab3a01\" data-element_type=\"widget\" data-widget_type=\"heading.default\">\n\t\t\t\t<div class=\"elementor-widget-container\">\n\t\t\t<h2 class=\"elementor-heading-title elementor-size-default\">Eigenschaften der Babyschale<\/h2>\t\t<\/div>\n\t\t\t\t<\/div>\n\t\t\t\t<div class=\"elementor-element elementor-element-50e73f0 elementor-widget elementor-widget-text-editor\" data-id=\"50e73f0\" data-element_type=\"widget\" data-widget_type=\"text-editor.default\">\n\t\t\t\t<div class=\"elementor-widget-container\">\n\t\t\t\t\t\t\t<p>Geeignet f\u00fcr Babys von 40 cm bis 87 cm<br data-start=\"1508\" data-end=\"1511\" \/>R\u00fcckw\u00e4rtsgerichtete Nutzung<br data-start=\"1538\" data-end=\"1541\" \/>Installation mit Fahrzeuggurt<br data-start=\"1570\" data-end=\"1573\" \/>Sicherheitsstandard R129<br data-start=\"1597\" data-end=\"1600\" \/>Kann auch au\u00dferhalb des Autos als Wippe verwendet werden<\/p>\t\t\t\t\t\t<\/div>\n\t\t\t\t<\/div>\n\t\t\t\t<div class=\"elementor-element elementor-element-4a4e1db elementor-widget elementor-widget-heading\" data-id=\"4a4e1db\" data-element_type=\"widget\" data-widget_type=\"heading.default\">\n\t\t\t\t<div class=\"elementor-widget-container\">\n\t\t\t<h2 class=\"elementor-heading-title elementor-size-default\">Vorteile <\/h2>\t\t<\/div>\n\t\t\t\t<\/div>\n\t\t\t\t<div class=\"elementor-element elementor-element-a7b8717 elementor-widget elementor-widget-text-editor\" data-id=\"a7b8717\" data-element_type=\"widget\" data-widget_type=\"text-editor.default\">\n\t\t\t\t<div class=\"elementor-widget-container\">\n\t\t\t\t\t\t\t<p data-start=\"1717\" data-end=\"1823\">Viele Familien entscheiden sich f\u00fcr eine Babyschale auf Mallorca, um nicht mit sperrigem Gep\u00e4ck zu reisen.<\/p><p data-start=\"1825\" data-end=\"1920\">Die direkte Abholung am Flughafen Palma spart Zeit und erm\u00f6glicht eine stressfreie Weiterreise.<\/p><p data-start=\"1922\" data-end=\"2011\">Besonders praktisch f\u00fcr Familien, die ihren Mietwagen direkt nach der Landung \u00fcbernehmen.<\/p>\t\t\t\t\t\t<\/div>\n\t\t\t\t<\/div>\n\t\t\t\t<div class=\"elementor-element elementor-element-d443658 elementor-widget elementor-widget-heading\" data-id=\"d443658\" data-element_type=\"widget\" data-widget_type=\"heading.default\">\n\t\t\t\t<div class=\"elementor-widget-container\">\n\t\t\t<h2 class=\"elementor-heading-title elementor-size-default\">Preise und Konditionen<\/h2>\t\t<\/div>\n\t\t\t\t<\/div>\n\t\t\t\t<div class=\"elementor-element elementor-element-65bf5d5 elementor-widget elementor-widget-text-editor\" data-id=\"65bf5d5\" data-element_type=\"widget\" data-widget_type=\"text-editor.default\">\n\t\t\t\t<div class=\"elementor-widget-container\">\n\t\t\t\t\t\t\t<table><thead><tr><th>Leistung \/ Mietdauer<\/th><th>Details<\/th><\/tr><\/thead><tbody><tr><td><strong>3 Tage<\/strong><\/td><td>15 \u20ac<\/td><\/tr><tr><td><strong>1 Woche*<\/strong><\/td><td>25 \u20ac<\/td><\/tr><tr><td><strong>2 Wochen<\/strong><\/td><td>40 \u20ac<\/td><\/tr><tr><td><strong>Wochenregelung<\/strong><\/td><td>1 Woche = <strong>7 volle Tage<\/strong> (z. B. Montag bis Montag oder Donnerstag bis Donnerstag)<\/td><\/tr><tr><td><strong>Kaution<\/strong><\/td><td>50 \u20ac<\/td><\/tr><tr><td><strong>Flughafenservice (Lieferung + Abholung)<\/strong><\/td><td>10 \u20ac (einmalig)<\/td><\/tr><tr><td><strong>\u00dcbergabe am Flughafen Palma<\/strong><\/td><td>Direkt am Treffpunkt \u2013 kein Schalter, keine Wartezeit<\/td><\/tr><tr><td><strong>Reinigung &amp; Hygiene<\/strong><\/td><td>Alle Produkte werden nach jeder Vermietung gereinigt und gepr\u00fcft<\/td><\/tr><tr><td><strong>Reservierung<\/strong><\/td><td>Schnell per WhatsApp oder Formular m\u00f6glich<\/td><\/tr><tr><td><strong>Vorteile<\/strong><\/td><td>\u2714 Perfekt f\u00fcr Familien mit Kindern\u2714 Schnelle \u00dcbergabe am Flughafen Palma\u2714 Sofort einsatzbereit bei Ankunft<\/td><\/tr><\/tbody><\/table>\t\t\t\t\t\t<\/div>\n\t\t\t\t<\/div>\n\t\t\t\t<div class=\"elementor-element elementor-element-e274ca4 elementor-widget elementor-widget-heading\" data-id=\"e274ca4\" data-element_type=\"widget\" data-widget_type=\"heading.default\">\n\t\t\t\t<div class=\"elementor-widget-container\">\n\t\t\t<h2 class=\"elementor-heading-title elementor-size-default\">Kaution<\/h2>\t\t<\/div>\n\t\t\t\t<\/div>\n\t\t\t\t<div class=\"elementor-element elementor-element-cbd44b6 elementor-widget elementor-widget-text-editor\" data-id=\"cbd44b6\" data-element_type=\"widget\" data-widget_type=\"text-editor.default\">\n\t\t\t\t<div class=\"elementor-widget-container\">\n\t\t\t\t\t\t\t<p data-start=\"2306\" data-end=\"2356\">Die Kaution kann auf zwei Arten hinterlegt werden:<\/p><p data-start=\"2358\" data-end=\"2520\">\u2022 <strong data-start=\"2360\" data-end=\"2369\">Karte<\/strong> \u2013 Der Betrag wird als Sicherheit reserviert und vom Banksystem automatisch freigegeben<br data-start=\"2456\" data-end=\"2459\" \/>\u2022 <strong data-start=\"2461\" data-end=\"2475\">Barzahlung<\/strong> \u2013 R\u00fcckgabe erfolgt direkt bei der R\u00fcckgabe<\/p>\t\t\t\t\t\t<\/div>\n\t\t\t\t<\/div>\n\t\t\t\t<div class=\"elementor-element elementor-element-43dd653 elementor-widget elementor-widget-heading\" data-id=\"43dd653\" data-element_type=\"widget\" data-widget_type=\"heading.default\">\n\t\t\t\t<div class=\"elementor-widget-container\">\n\t\t\t<h2 class=\"elementor-heading-title elementor-size-default\">Weitere Kindersitze auf Mallorca<\/h2>\t\t<\/div>\n\t\t\t\t<\/div>\n\t\t\t\t<div class=\"elementor-element elementor-element-8101bde elementor-widget elementor-widget-text-editor\" data-id=\"8101bde\" data-element_type=\"widget\" data-widget_type=\"text-editor.default\">\n\t\t\t\t<div class=\"elementor-widget-container\">\n\t\t\t\t\t\t\t<p data-start=\"3102\" data-end=\"3200\">Sie k\u00f6nnen auch alle <a href=\"https:\/\/rentexpressmallorca.com\/de\/autositze-mieten-mallorca\/\"><strong data-start=\"3123\" data-end=\"3160\">Kindersitze auf Mallorca mieten<\/strong><\/a>\u00a0um verschiedene Modelle zu vergleichen.<\/p><p data-start=\"3202\" data-end=\"3265\">Falls Sie ein anderes Modell bevorzugen, sehen Sie auch unsere:<\/p><ul data-start=\"3267\" data-end=\"3373\"><li data-section-id=\"1kgyi2a\" data-start=\"3267\" data-end=\"3322\"><p data-start=\"3269\" data-end=\"3322\"><a href=\"https:\/\/rentexpressmallorca.com\/de\/isofix-babyscale-360\/\"><strong data-start=\"3269\" data-end=\"3320\">ISOFIX Kindersitz 0\u201336 kg auf Mallorca mieten<\/strong><\/a><\/p><\/li><li data-section-id=\"1xbhs6s\" data-start=\"3323\" data-end=\"3373\"><p data-start=\"3325\" data-end=\"3373\"><a href=\"https:\/\/rentexpressmallorca.com\/de\/kindersitz-ohne-isofix-auf-mallorca-mieten\/\"><strong data-start=\"3325\" data-end=\"3373\">Kindersitz ohne ISOFIX auf Mallorca mieten<\/strong><\/a><\/p><\/li><\/ul><p data-start=\"3375\" data-end=\"3421\">F\u00fcr Ihren Aufenthalt k\u00f6nnen Sie au\u00dferdem auch:<\/p><ul data-start=\"3423\" data-end=\"3504\"><li data-section-id=\"fiywms\" data-start=\"3423\" data-end=\"3464\"><p data-start=\"3425\" data-end=\"3464\"><a href=\"https:\/\/rentexpressmallorca.com\/de\/kinderwagen-mieten-mallorca\/\"><strong data-start=\"3425\" data-end=\"3462\">Kinderwagen auf Mallorca mieten<\/strong><\/a><\/p><\/li><li data-section-id=\"17eq09h\" data-start=\"3465\" data-end=\"3504\"><p data-start=\"3467\" data-end=\"3504\"><a href=\"https:\/\/rentexpressmallorca.com\/de\/reisebett-baby-mieten\/\"><strong data-start=\"3467\" data-end=\"3504\">Reisebetten auf Mallorca mieten<\/strong><\/a><\/p><\/li><\/ul><p data-start=\"3506\" data-end=\"3600\">So finden Familien schnell das passende Modell f\u00fcr das Alter und die Bed\u00fcrfnisse ihres Kindes.<\/p>\t\t\t\t\t\t<\/div>\n\t\t\t\t<\/div>\n\t\t\t\t<div class=\"elementor-element elementor-element-3b9aa5b elementor-widget elementor-widget-heading\" data-id=\"3b9aa5b\" data-element_type=\"widget\" data-widget_type=\"heading.default\">\n\t\t\t\t<div class=\"elementor-widget-container\">\n\t\t\t<h2 class=\"elementor-heading-title elementor-size-default\">Wichtiger Hinweis zur Nutzung<\/h2>\t\t<\/div>\n\t\t\t\t<\/div>\n\t\t\t\t<div class=\"elementor-element elementor-element-34bd877 elementor-widget elementor-widget-text-editor\" data-id=\"34bd877\" data-element_type=\"widget\" data-widget_type=\"text-editor.default\">\n\t\t\t\t<div class=\"elementor-widget-container\">\n\t\t\t\t\t\t\t<p data-start=\"181\" data-end=\"320\">Aus Sicherheits- und Versicherungsgr\u00fcnden erfolgt die Installation des Kindersitzes durch den Kunden gem\u00e4\u00df den Anweisungen des Herstellers.<\/p><p data-start=\"322\" data-end=\"432\">Bitte stellen Sie sicher, dass die Babyschale korrekt im Fahrzeug befestigt ist, bevor Sie die Fahrt beginnen.<\/p><p data-start=\"434\" data-end=\"530\">Die Nutzung des Produkts erfolgt unter der Verantwortung der Eltern oder Erziehungsberechtigten.<\/p><p data-start=\"532\" data-end=\"638\">Unsere Babyschalen werden vor jeder Vermietung gr\u00fcndlich gepr\u00fcft, gereinigt und sind sofort einsatzbereit.<\/p>\t\t\t\t\t\t<\/div>\n\t\t\t\t<\/div>\n\t\t\t\t<div class=\"elementor-element elementor-element-30e1104 elementor-widget elementor-widget-heading\" data-id=\"30e1104\" data-element_type=\"widget\" data-widget_type=\"heading.default\">\n\t\t\t\t<div class=\"elementor-widget-container\">\n\t\t\t<h2 class=\"elementor-heading-title elementor-size-default\">H\u00e4ufige Fragen zur Miete<\/h2>\t\t<\/div>\n\t\t\t\t<\/div>\n\t\t\t\t<div class=\"elementor-element elementor-element-02b6656 elementor-widget elementor-widget-accordion\" data-id=\"02b6656\" data-element_type=\"widget\" data-widget_type=\"accordion.default\">\n\t\t\t\t<div class=\"elementor-widget-container\">\n\t\t\t<style>\/*! elementor - v3.19.0 - 05-02-2024 *\/\n.elementor-accordion{text-align:left}.elementor-accordion .elementor-accordion-item{border:1px solid #d5d8dc}.elementor-accordion .elementor-accordion-item+.elementor-accordion-item{border-top:none}.elementor-accordion .elementor-tab-title{margin:0;padding:15px 20px;font-weight:700;line-height:1;cursor:pointer;outline:none}.elementor-accordion .elementor-tab-title .elementor-accordion-icon{display:inline-block;width:1.5em}.elementor-accordion .elementor-tab-title .elementor-accordion-icon svg{width:1em;height:1em}.elementor-accordion .elementor-tab-title .elementor-accordion-icon.elementor-accordion-icon-right{float:right;text-align:right}.elementor-accordion .elementor-tab-title .elementor-accordion-icon.elementor-accordion-icon-left{float:left;text-align:left}.elementor-accordion .elementor-tab-title .elementor-accordion-icon .elementor-accordion-icon-closed{display:block}.elementor-accordion .elementor-tab-title .elementor-accordion-icon .elementor-accordion-icon-opened,.elementor-accordion .elementor-tab-title.elementor-active .elementor-accordion-icon-closed{display:none}.elementor-accordion .elementor-tab-title.elementor-active .elementor-accordion-icon-opened{display:block}.elementor-accordion .elementor-tab-content{display:none;padding:15px 20px;border-top:1px solid #d5d8dc}@media (max-width:767px){.elementor-accordion .elementor-tab-title{padding:12px 15px}.elementor-accordion .elementor-tab-title .elementor-accordion-icon{width:1.2em}.elementor-accordion .elementor-tab-content{padding:7px 15px}}.e-con-inner>.elementor-widget-accordion,.e-con>.elementor-widget-accordion{width:var(--container-widget-width);--flex-grow:var(--container-widget-flex-grow)}<\/style>\t\t<div class=\"elementor-accordion\">\n\t\t\t\t\t\t\t<div class=\"elementor-accordion-item\">\n\t\t\t\t\t<div id=\"elementor-tab-title-2841\" class=\"elementor-tab-title\" data-tab=\"1\" role=\"button\" aria-controls=\"elementor-tab-content-2841\" aria-expanded=\"false\">\n\t\t\t\t\t\t\t\t\t\t\t\t\t<span class=\"elementor-accordion-icon elementor-accordion-icon-left\" aria-hidden=\"true\">\n\t\t\t\t\t\t\t\t\t\t\t\t\t\t\t<span class=\"elementor-accordion-icon-closed\"><i class=\"fas fa-plus\"><\/i><\/span>\n\t\t\t\t\t\t\t\t<span class=\"elementor-accordion-icon-opened\"><i class=\"fas fa-minus\"><\/i><\/span>\n\t\t\t\t\t\t\t\t\t\t\t\t\t\t<\/span>\n\t\t\t\t\t\t\t\t\t\t\t\t<a class=\"elementor-accordion-title\" tabindex=\"0\">Kann ich die Babyschale am Flughafen Palma abholen?<\/a>\n\t\t\t\t\t<\/div>\n\t\t\t\t\t<div id=\"elementor-tab-content-2841\" class=\"elementor-tab-content elementor-clearfix\" data-tab=\"1\" role=\"region\" aria-labelledby=\"elementor-tab-title-2841\"><p>Ja, die Babyschale kann direkt an unserem Treffpunkt am <strong data-start=\"332\" data-end=\"357\">Flughafen Palma <\/strong>\u00a0abgeholt und zur\u00fcckgegeben werden.<\/p><\/div>\n\t\t\t\t<\/div>\n\t\t\t\t\t\t\t<div class=\"elementor-accordion-item\">\n\t\t\t\t\t<div id=\"elementor-tab-title-2842\" class=\"elementor-tab-title\" data-tab=\"2\" role=\"button\" aria-controls=\"elementor-tab-content-2842\" aria-expanded=\"false\">\n\t\t\t\t\t\t\t\t\t\t\t\t\t<span class=\"elementor-accordion-icon elementor-accordion-icon-left\" aria-hidden=\"true\">\n\t\t\t\t\t\t\t\t\t\t\t\t\t\t\t<span class=\"elementor-accordion-icon-closed\"><i class=\"fas fa-plus\"><\/i><\/span>\n\t\t\t\t\t\t\t\t<span class=\"elementor-accordion-icon-opened\"><i class=\"fas fa-minus\"><\/i><\/span>\n\t\t\t\t\t\t\t\t\t\t\t\t\t\t<\/span>\n\t\t\t\t\t\t\t\t\t\t\t\t<a class=\"elementor-accordion-title\" tabindex=\"0\">Passt die Babyschale in Mietwagen?<\/a>\n\t\t\t\t\t<\/div>\n\t\t\t\t\t<div id=\"elementor-tab-content-2842\" class=\"elementor-tab-content elementor-clearfix\" data-tab=\"2\" role=\"region\" aria-labelledby=\"elementor-tab-title-2842\"><p>Ja, die Babyschale wird mit dem <strong data-start=\"472\" data-end=\"500\">Fahrzeuggurt installiert<\/strong> und passt in alle g\u00e4ngigen Mietwagen.<\/p><\/div>\n\t\t\t\t<\/div>\n\t\t\t\t\t\t\t<div class=\"elementor-accordion-item\">\n\t\t\t\t\t<div id=\"elementor-tab-title-2843\" class=\"elementor-tab-title\" data-tab=\"3\" role=\"button\" aria-controls=\"elementor-tab-content-2843\" aria-expanded=\"false\">\n\t\t\t\t\t\t\t\t\t\t\t\t\t<span class=\"elementor-accordion-icon elementor-accordion-icon-left\" aria-hidden=\"true\">\n\t\t\t\t\t\t\t\t\t\t\t\t\t\t\t<span class=\"elementor-accordion-icon-closed\"><i class=\"fas fa-plus\"><\/i><\/span>\n\t\t\t\t\t\t\t\t<span class=\"elementor-accordion-icon-opened\"><i class=\"fas fa-minus\"><\/i><\/span>\n\t\t\t\t\t\t\t\t\t\t\t\t\t\t<\/span>\n\t\t\t\t\t\t\t\t\t\t\t\t<a class=\"elementor-accordion-title\" tabindex=\"0\">Werden die Babyschalen gereinigt?<\/a>\n\t\t\t\t\t<\/div>\n\t\t\t\t\t<div id=\"elementor-tab-content-2843\" class=\"elementor-tab-content elementor-clearfix\" data-tab=\"3\" role=\"region\" aria-labelledby=\"elementor-tab-title-2843\"><p>Ja, alle Babyschalen werden nach jeder Vermietung gereinigt und gepr\u00fcft.<\/p><\/div>\n\t\t\t\t<\/div>\n\t\t\t\t\t\t\t<div class=\"elementor-accordion-item\">\n\t\t\t\t\t<div id=\"elementor-tab-title-2844\" class=\"elementor-tab-title\" data-tab=\"4\" role=\"button\" aria-controls=\"elementor-tab-content-2844\" aria-expanded=\"false\">\n\t\t\t\t\t\t\t\t\t\t\t\t\t<span class=\"elementor-accordion-icon elementor-accordion-icon-left\" aria-hidden=\"true\">\n\t\t\t\t\t\t\t\t\t\t\t\t\t\t\t<span class=\"elementor-accordion-icon-closed\"><i class=\"fas fa-plus\"><\/i><\/span>\n\t\t\t\t\t\t\t\t<span class=\"elementor-accordion-icon-opened\"><i class=\"fas fa-minus\"><\/i><\/span>\n\t\t\t\t\t\t\t\t\t\t\t\t\t\t<\/span>\n\t\t\t\t\t\t\t\t\t\t\t\t<a class=\"elementor-accordion-title\" tabindex=\"0\">Muss ich im Voraus reservieren?<\/a>\n\t\t\t\t\t<\/div>\n\t\t\t\t\t<div id=\"elementor-tab-content-2844\" class=\"elementor-tab-content elementor-clearfix\" data-tab=\"4\" role=\"region\" aria-labelledby=\"elementor-tab-title-2844\"><p>Ja, wir empfehlen eine fr\u00fchzeitige Reservierung, besonders in der Hochsaison.<\/p><\/div>\n\t\t\t\t<\/div>\n\t\t\t\t\t\t\t<div class=\"elementor-accordion-item\">\n\t\t\t\t\t<div id=\"elementor-tab-title-2845\" class=\"elementor-tab-title\" data-tab=\"5\" role=\"button\" aria-controls=\"elementor-tab-content-2845\" aria-expanded=\"false\">\n\t\t\t\t\t\t\t\t\t\t\t\t\t<span class=\"elementor-accordion-icon elementor-accordion-icon-left\" aria-hidden=\"true\">\n\t\t\t\t\t\t\t\t\t\t\t\t\t\t\t<span class=\"elementor-accordion-icon-closed\"><i class=\"fas fa-plus\"><\/i><\/span>\n\t\t\t\t\t\t\t\t<span class=\"elementor-accordion-icon-opened\"><i class=\"fas fa-minus\"><\/i><\/span>\n\t\t\t\t\t\t\t\t\t\t\t\t\t\t<\/span>\n\t\t\t\t\t\t\t\t\t\t\t\t<a class=\"elementor-accordion-title\" tabindex=\"0\">Wo befindet sich der Treffpunkt am Flughafen Palma?<\/a>\n\t\t\t\t\t<\/div>\n\t\t\t\t\t<div id=\"elementor-tab-content-2845\" class=\"elementor-tab-content elementor-clearfix\" data-tab=\"5\" role=\"region\" aria-labelledby=\"elementor-tab-title-2845\"><p>Der Treffpunkt befindet sich im Geb\u00e4ude gegen\u00fcber dem \u00f6ffentlichen Parkhaus, wo sich auch die Mietwagen befinden. Im Erdgeschoss finden Sie die <strong data-start=\"1089\" data-end=\"1102\">Bar Oasis<\/strong>, wo wir die Babyschale \u00fcbergeben und zur\u00fccknehmen.<\/p><\/div>\n\t\t\t\t<\/div>\n\t\t\t\t\t\t\t\t<\/div>\n\t\t\t\t<\/div>\n\t\t\t\t<\/div>\n\t\t\t\t<div class=\"elementor-element elementor-element-b9c8651 elementor-widget elementor-widget-heading\" data-id=\"b9c8651\" data-element_type=\"widget\" data-widget_type=\"heading.default\">\n\t\t\t\t<div class=\"elementor-widget-container\">\n\t\t\t<h2 class=\"elementor-heading-title elementor-size-default\">Kontakt und Reservierung<\/h2>\t\t<\/div>\n\t\t\t\t<\/div>\n\t\t\t\t<div class=\"elementor-element elementor-element-ccae8e5 elementor-widget elementor-widget-text-editor\" data-id=\"ccae8e5\" data-element_type=\"widget\" data-widget_type=\"text-editor.default\">\n\t\t\t\t<div class=\"elementor-widget-container\">\n\t\t\t\t\t\t\t<p data-start=\"4286\" data-end=\"4385\">Sie k\u00f6nnen Ihre Babyschale auf Mallorca im Voraus reservieren, um die Verf\u00fcgbarkeit zu garantieren.<\/p><p data-start=\"4387\" data-end=\"4408\">Kontaktm\u00f6glichkeiten:<\/p><p data-start=\"4410\" data-end=\"4491\">&#8211; <strong>WhatsApp:<a href=\"https:\/\/wa.me\/34697402352\" target=\"_blank\" rel=\"noopener\"> +34 697 40 23 52<\/a>\u00a0<\/strong><br data-start=\"4448\" data-end=\"4451\" \/>&#8211; Formular: Anfrage \u00fcber die Webseite<\/p><p data-start=\"4493\" data-end=\"4576\">Wir empfehlen eine fr\u00fchzeitige Reservierung, insbesondere w\u00e4hrend der Ferienzeiten.<\/p>\t\t\t\t\t\t<\/div>\n\t\t\t\t<\/div>\n\t\t\t\t\t<\/div>\n\t\t\t\t<\/div>\n\t\t\t\t<\/div>\n\t\t","protected":false},"excerpt":{"rendered":"<p>Eine Babyschale auf Mallorca zu mieten ist die ideale L\u00f6sung f\u00fcr Familien mit Neugeborenen und kleinen Babys, die sicher und komfortabel reisen m\u00f6chten. Viele Familien entscheiden sich daf\u00fcr, ihre Babyschale direkt am Flughafen Palma abzuholen, damit der Sitz sofort nach der Landung bereitsteht und die Weiterfahrt ohne Verz\u00f6gerung m\u00f6glich ist. Besonders bei der Ankunft mit [&hellip;]<\/p>\n","protected":false},"author":3,"featured_media":39415,"comment_status":"closed","ping_status":"closed","sticky":false,"template":"","format":"standard","meta":{"site-sidebar-layout":"default","site-content-layout":"","ast-site-content-layout":"default","site-content-style":"default","site-sidebar-style":"default","ast-global-header-display":"","ast-banner-title-visibility":"","ast-main-header-display":"","ast-hfb-above-header-display":"","ast-hfb-below-header-display":"","ast-hfb-mobile-header-display":"","site-post-title":"","ast-breadcrumbs-content":"","ast-featured-img":"","footer-sml-layout":"","ast-disable-related-posts":"","theme-transparent-header-meta":"","adv-header-id-meta":"","stick-header-meta":"","header-above-stick-meta":"","header-main-stick-meta":"","header-below-stick-meta":"","astra-migrate-meta-layouts":"default","ast-page-background-enabled":"default","ast-page-background-meta":{"desktop":{"background-color":"var(--ast-global-color-4)","background-image":"","background-repeat":"repeat","background-position":"center center","background-size":"auto","background-attachment":"scroll","background-type":"","background-media":"","overlay-type":"","overlay-color":"","overlay-opacity":"","overlay-gradient":""},"tablet":{"background-color":"","background-image":"","background-repeat":"repeat","background-position":"center center","background-size":"auto","background-attachment":"scroll","background-type":"","background-media":"","overlay-type":"","overlay-color":"","overlay-opacity":"","overlay-gradient":""},"mobile":{"background-color":"","background-image":"","background-repeat":"repeat","background-position":"center center","background-size":"auto","background-attachment":"scroll","background-type":"","background-media":"","overlay-type":"","overlay-color":"","overlay-opacity":"","overlay-gradient":""}},"ast-content-background-meta":{"desktop":{"background-color":"var(--ast-global-color-5)","background-image":"","background-repeat":"repeat","background-position":"center center","background-size":"auto","background-attachment":"scroll","background-type":"","background-media":"","overlay-type":"","overlay-color":"","overlay-opacity":"","overlay-gradient":""},"tablet":{"background-color":"var(--ast-global-color-5)","background-image":"","background-repeat":"repeat","background-position":"center center","background-size":"auto","background-attachment":"scroll","background-type":"","background-media":"","overlay-type":"","overlay-color":"","overlay-opacity":"","overlay-gradient":""},"mobile":{"background-color":"var(--ast-global-color-5)","background-image":"","background-repeat":"repeat","background-position":"center center","background-size":"auto","background-attachment":"scroll","background-type":"","background-media":"","overlay-type":"","overlay-color":"","overlay-opacity":"","overlay-gradient":""}},"footnotes":""},"categories":[1159],"tags":[],"class_list":["post-36142","post","type-post","status-publish","format-standard","has-post-thumbnail","hentry","category-kinder-und-babyausstattung-mieten"],"_links":{"self":[{"href":"https:\/\/rentexpressmallorca.com\/de\/wp-json\/wp\/v2\/posts\/36142","targetHints":{"allow":["GET"]}}],"collection":[{"href":"https:\/\/rentexpressmallorca.com\/de\/wp-json\/wp\/v2\/posts"}],"about":[{"href":"https:\/\/rentexpressmallorca.com\/de\/wp-json\/wp\/v2\/types\/post"}],"author":[{"embeddable":true,"href":"https:\/\/rentexpressmallorca.com\/de\/wp-json\/wp\/v2\/users\/3"}],"replies":[{"embeddable":true,"href":"https:\/\/rentexpressmallorca.com\/de\/wp-json\/wp\/v2\/comments?post=36142"}],"version-history":[{"count":166,"href":"https:\/\/rentexpressmallorca.com\/de\/wp-json\/wp\/v2\/posts\/36142\/revisions"}],"predecessor-version":[{"id":39259,"href":"https:\/\/rentexpressmallorca.com\/de\/wp-json\/wp\/v2\/posts\/36142\/revisions\/39259"}],"wp:featuredmedia":[{"embeddable":true,"href":"https:\/\/rentexpressmallorca.com\/de\/wp-json\/wp\/v2\/media\/39415"}],"wp:attachment":[{"href":"https:\/\/rentexpressmallorca.com\/de\/wp-json\/wp\/v2\/media?parent=36142"}],"wp:term":[{"taxonomy":"category","embeddable":true,"href":"https:\/\/rentexpressmallorca.com\/de\/wp-json\/wp\/v2\/categories?post=36142"},{"taxonomy":"post_tag","embeddable":true,"href":"https:\/\/rentexpressmallorca.com\/de\/wp-json\/wp\/v2\/tags?post=36142"}],"curies":[{"name":"wp","href":"https:\/\/api.w.org\/{rel}","templated":true}]}}