{"id":1799,"count":7,"description":"<p data-start=\"986\" data-end=\"1196\">Si\u00e8ges auto \u00e0 Majorque avec retrait rapide \u00e0 l\u2019a\u00e9roport de Palma ou en boutique \u00e0 Palma. D\u00e9couvrez tous nos mod\u00e8les disponibles, incluant si\u00e8ge auto sans ISOFIX, si\u00e8ge ISOFIX, mod\u00e8le rotatif 360\u00b0 et rehausseur.<\/p>\r\n<p data-start=\"1201\" data-end=\"1428\">Tous nos si\u00e8ges auto sont nettoy\u00e9s, v\u00e9rifi\u00e9s et pr\u00eats \u00e0 \u00eatre utilis\u00e9s d\u00e8s votre arriv\u00e9e. Choisissez le mod\u00e8le adapt\u00e9 \u00e0 l\u2019\u00e2ge et au poids de votre enfant et profitez d\u2019un service simple et fiable pendant votre s\u00e9jour \u00e0 Majorque.<\/p>","link":"https:\/\/rentexpressmallorca.com\/fr\/category\/sieges-auto-majorque\/","name":"Si\u00e8ges auto \u00e0 Majorque","slug":"sieges-auto-majorque","taxonomy":"category","parent":0,"meta":[],"_links":{"self":[{"href":"https:\/\/rentexpressmallorca.com\/fr\/wp-json\/wp\/v2\/categories\/1799","targetHints":{"allow":["GET"]}}],"collection":[{"href":"https:\/\/rentexpressmallorca.com\/fr\/wp-json\/wp\/v2\/categories"}],"about":[{"href":"https:\/\/rentexpressmallorca.com\/fr\/wp-json\/wp\/v2\/taxonomies\/category"}],"wp:post_type":[{"href":"https:\/\/rentexpressmallorca.com\/fr\/wp-json\/wp\/v2\/posts?categories=1799"},{"href":"https:\/\/rentexpressmallorca.com\/fr\/wp-json\/wp\/v2\/publicaciones_?categories=1799"}],"curies":[{"name":"wp","href":"https:\/\/api.w.org\/{rel}","templated":true}]}}