{"id":19235,"date":"2021-04-01T09:02:10","date_gmt":"2021-04-01T07:02:10","guid":{"rendered":"https:\/\/rentexpressmallorca.com\/alquiler-tiendas-de-campana\/"},"modified":"2026-02-28T15:30:52","modified_gmt":"2026-02-28T14:30:52","slug":"location-de-tente","status":"publish","type":"post","link":"https:\/\/rentexpressmallorca.com\/fr\/location-de-tente\/","title":{"rendered":"Location de tente"},"content":{"rendered":"\t\t<div data-elementor-type=\"wp-post\" data-elementor-id=\"19235\" class=\"elementor elementor-19235 elementor-18065\" data-elementor-post-type=\"post\">\n\t\t\t\t<div class=\"elementor-element elementor-element-6f2ffca6 e-flex e-con-boxed e-con e-parent\" data-id=\"6f2ffca6\" data-element_type=\"container\" data-settings=\"{&quot;content_width&quot;:&quot;boxed&quot;}\" data-core-v316-plus=\"true\">\n\t\t\t\t\t<div class=\"e-con-inner\">\n\t\t\t\t<div class=\"elementor-element elementor-element-467a9ca4 elementor-widget elementor-widget-text-editor\" data-id=\"467a9ca4\" data-element_type=\"widget\" data-widget_type=\"text-editor.default\">\n\t\t\t\t<div class=\"elementor-widget-container\">\n\t\t\t<style>\/*! elementor - v3.19.0 - 05-02-2024 *\/\n.elementor-widget-text-editor.elementor-drop-cap-view-stacked .elementor-drop-cap{background-color:#69727d;color:#fff}.elementor-widget-text-editor.elementor-drop-cap-view-framed .elementor-drop-cap{color:#69727d;border:3px solid;background-color:transparent}.elementor-widget-text-editor:not(.elementor-drop-cap-view-default) .elementor-drop-cap{margin-top:8px}.elementor-widget-text-editor:not(.elementor-drop-cap-view-default) .elementor-drop-cap-letter{width:1em;height:1em}.elementor-widget-text-editor .elementor-drop-cap{float:left;text-align:center;line-height:1;font-size:50px}.elementor-widget-text-editor .elementor-drop-cap-letter{display:inline-block}<\/style>\t\t\t\t<p><span class=\"jCAhz ChMk0b\"><span class=\"ryNqvb\">Rent Express Mallorca vous offre la possibilit\u00e9 de louer des tentes avec diff\u00e9rentes caract\u00e9ristiques qui s&rsquo;adaptent \u00e0 vos besoins et \u00e0 vos go\u00fbts.<\/span><\/span><\/p><p><span class=\"jCAhz ChMk0b\"><span class=\"ryNqvb\">Une option id\u00e9ale pour un week-end en camping ou pour voyager en famille, en groupe d&rsquo;amis, seul en couple ou pour ceux qui voyagent avec peu de bagages.<\/span><\/span><\/p><p><span class=\"jCAhz ChMk0b\"><span class=\"ryNqvb\">Si vous recherchez une location de tente, nous vous informons que nos tentes sont id\u00e9ales pour s\u00e9journer \u00e0 la plage, \u00e0 la campagne ou \u00e0 la montagne.<\/span><\/span><\/p><blockquote><h4>Que vous souhaitiez partir camper le temps d&rsquo;un week-end ou partir en escapade, Rent Express Mallorca vous propose diff\u00e9rents types de tentes \u00e0 louer.<\/h4><\/blockquote><h3>Comment proc\u00e9der \u00e0 la r\u00e9servation?<\/h3><p><a href=\"https:\/\/api.whatsapp.com\/send?phone=34697402352&amp;text=tiendascampa\u00f1a\" rel=\"nofollow noopener\" target=\"_blank\">Vous pouvez remplir le formulaire ci-dessous, ou vous pouvez \u00e9galement nous appeler ou nous envoyer un WhatsApp, en cliquant ici.<\/a><\/p><h3>Combien de temps dure une location de tente?<\/h3><p>Vous pouvez louer une tente \u00e0 partir de 1 jour et prolonger la location en fonction de vos besoins.<\/p><h3>O\u00f9 sont situ\u00e9s?<\/h3><p><a href=\"https:\/\/www.google.es\/maps\/place\/Rent+express+Mallorca\/@39.5713387,2.6721975,15z\/data=!4m5!3m4!1s0x0:0x37d022e8bcdba205!8m2!3d39.5713387!4d2.6721975\" target=\"_blank\" rel=\"noopener\">Calle Manacor 123, 07007 Palma de Mallorca.<\/a><\/p><h3>Comment contacter?<\/h3><p>Appelez-nous au : +34 697402352<\/p><h3>Combien co\u00fbte la location d&rsquo;une tente chez Rent Express Mallorca?<\/h3><p><span class=\"jCAhz ChMk0b\"><span class=\"ryNqvb\">Nos prix varient selon les mod\u00e8les.<\/span><\/span><\/p><ul><li><span class=\"jCAhz ChMk0b\"><span class=\"ryNqvb\">D\u00e9couvrez les diff\u00e9rentes options.<\/span><\/span><\/li><\/ul><p><strong><span class=\"jCAhz ChMk0b\"><span class=\"ryNqvb\">Nos prix n&rsquo;incluent pas les taxes<\/span><\/span><\/strong><\/p>\t\t\t\t\t\t<\/div>\n\t\t\t\t<\/div>\n\t\t\t\t\t<\/div>\n\t\t\t\t<\/div>\n\t\t\t\t<\/div>\n\t\t","protected":false},"excerpt":{"rendered":"<p>Rent Express Mallorca vous offre la possibilit\u00e9 de louer des tentes avec diff\u00e9rentes caract\u00e9ristiques qui s&rsquo;adaptent \u00e0 vos besoins et \u00e0 vos go\u00fbts. Une option id\u00e9ale pour un week-end en camping ou pour voyager en famille, en groupe d&rsquo;amis, seul en couple ou pour ceux qui voyagent avec peu de bagages. Si vous recherchez une [&hellip;]<\/p>\n","protected":false},"author":1,"featured_media":18824,"comment_status":"closed","ping_status":"open","sticky":false,"template":"","format":"standard","meta":{"site-sidebar-layout":"default","site-content-layout":"","ast-site-content-layout":"default","site-content-style":"default","site-sidebar-style":"default","ast-global-header-display":"","ast-banner-title-visibility":"","ast-main-header-display":"","ast-hfb-above-header-display":"","ast-hfb-below-header-display":"","ast-hfb-mobile-header-display":"","site-post-title":"","ast-breadcrumbs-content":"","ast-featured-img":"","footer-sml-layout":"","ast-disable-related-posts":"","theme-transparent-header-meta":"","adv-header-id-meta":"","stick-header-meta":"","header-above-stick-meta":"","header-main-stick-meta":"","header-below-stick-meta":"","astra-migrate-meta-layouts":"default","ast-page-background-enabled":"default","ast-page-background-meta":{"desktop":{"background-color":"var(--ast-global-color-4)","background-image":"","background-repeat":"repeat","background-position":"center center","background-size":"auto","background-attachment":"scroll","background-type":"","background-media":"","overlay-type":"","overlay-color":"","overlay-opacity":"","overlay-gradient":""},"tablet":{"background-color":"","background-image":"","background-repeat":"repeat","background-position":"center center","background-size":"auto","background-attachment":"scroll","background-type":"","background-media":"","overlay-type":"","overlay-color":"","overlay-opacity":"","overlay-gradient":""},"mobile":{"background-color":"","background-image":"","background-repeat":"repeat","background-position":"center center","background-size":"auto","background-attachment":"scroll","background-type":"","background-media":"","overlay-type":"","overlay-color":"","overlay-opacity":"","overlay-gradient":""}},"ast-content-background-meta":{"desktop":{"background-color":"var(--ast-global-color-5)","background-image":"","background-repeat":"repeat","background-position":"center center","background-size":"auto","background-attachment":"scroll","background-type":"","background-media":"","overlay-type":"","overlay-color":"","overlay-opacity":"","overlay-gradient":""},"tablet":{"background-color":"var(--ast-global-color-5)","background-image":"","background-repeat":"repeat","background-position":"center center","background-size":"auto","background-attachment":"scroll","background-type":"","background-media":"","overlay-type":"","overlay-color":"","overlay-opacity":"","overlay-gradient":""},"mobile":{"background-color":"var(--ast-global-color-5)","background-image":"","background-repeat":"repeat","background-position":"center center","background-size":"auto","background-attachment":"scroll","background-type":"","background-media":"","overlay-type":"","overlay-color":"","overlay-opacity":"","overlay-gradient":""}},"footnotes":""},"categories":[692],"tags":[693,694,695,696],"class_list":["post-19235","post","type-post","status-publish","format-standard","has-post-thumbnail","hentry","category-location-de-tente","tag-alquiler-de-camping-mallorca-fr","tag-alquiler-de-tiendas-de-campana-en-mallorca-fr","tag-alquiler-de-tiendas-de-capanas-en-palma-fr","tag-alquiler-tiendas-de-campana-en-mallorca-fr"],"_links":{"self":[{"href":"https:\/\/rentexpressmallorca.com\/fr\/wp-json\/wp\/v2\/posts\/19235","targetHints":{"allow":["GET"]}}],"collection":[{"href":"https:\/\/rentexpressmallorca.com\/fr\/wp-json\/wp\/v2\/posts"}],"about":[{"href":"https:\/\/rentexpressmallorca.com\/fr\/wp-json\/wp\/v2\/types\/post"}],"author":[{"embeddable":true,"href":"https:\/\/rentexpressmallorca.com\/fr\/wp-json\/wp\/v2\/users\/1"}],"replies":[{"embeddable":true,"href":"https:\/\/rentexpressmallorca.com\/fr\/wp-json\/wp\/v2\/comments?post=19235"}],"version-history":[{"count":18,"href":"https:\/\/rentexpressmallorca.com\/fr\/wp-json\/wp\/v2\/posts\/19235\/revisions"}],"predecessor-version":[{"id":22262,"href":"https:\/\/rentexpressmallorca.com\/fr\/wp-json\/wp\/v2\/posts\/19235\/revisions\/22262"}],"wp:featuredmedia":[{"embeddable":true,"href":"https:\/\/rentexpressmallorca.com\/fr\/wp-json\/wp\/v2\/media\/18824"}],"wp:attachment":[{"href":"https:\/\/rentexpressmallorca.com\/fr\/wp-json\/wp\/v2\/media?parent=19235"}],"wp:term":[{"taxonomy":"category","embeddable":true,"href":"https:\/\/rentexpressmallorca.com\/fr\/wp-json\/wp\/v2\/categories?post=19235"},{"taxonomy":"post_tag","embeddable":true,"href":"https:\/\/rentexpressmallorca.com\/fr\/wp-json\/wp\/v2\/tags?post=19235"}],"curies":[{"name":"wp","href":"https:\/\/api.w.org\/{rel}","templated":true}]}}