{"id":19249,"date":"2023-12-21T11:15:31","date_gmt":"2023-12-21T10:15:31","guid":{"rendered":"https:\/\/rentexpressmallorca.com\/scooter-electrico-pequeno-plegable\/"},"modified":"2026-02-28T15:28:26","modified_gmt":"2026-02-28T14:28:26","slug":"scooter-electrique-senior-demontable","status":"publish","type":"post","link":"https:\/\/rentexpressmallorca.com\/fr\/scooter-electrique-senior-demontable\/","title":{"rendered":"Scooter \u00e9lectrique senior d\u00e9montable"},"content":{"rendered":"\t\t<div data-elementor-type=\"wp-post\" data-elementor-id=\"19249\" class=\"elementor elementor-19249 elementor-18417\" data-elementor-post-type=\"post\">\n\t\t\t\t<div class=\"elementor-element elementor-element-3449c7e4 e-flex e-con-boxed e-con e-parent\" data-id=\"3449c7e4\" data-element_type=\"container\" data-settings=\"{&quot;content_width&quot;:&quot;boxed&quot;}\" data-core-v316-plus=\"true\">\n\t\t\t\t\t<div class=\"e-con-inner\">\n\t\t\t\t<div class=\"elementor-element elementor-element-766490cc elementor-widget elementor-widget-text-editor\" data-id=\"766490cc\" data-element_type=\"widget\" data-widget_type=\"text-editor.default\">\n\t\t\t\t<div class=\"elementor-widget-container\">\n\t\t\t<style>\/*! elementor - v3.19.0 - 05-02-2024 *\/\n.elementor-widget-text-editor.elementor-drop-cap-view-stacked .elementor-drop-cap{background-color:#69727d;color:#fff}.elementor-widget-text-editor.elementor-drop-cap-view-framed .elementor-drop-cap{color:#69727d;border:3px solid;background-color:transparent}.elementor-widget-text-editor:not(.elementor-drop-cap-view-default) .elementor-drop-cap{margin-top:8px}.elementor-widget-text-editor:not(.elementor-drop-cap-view-default) .elementor-drop-cap-letter{width:1em;height:1em}.elementor-widget-text-editor .elementor-drop-cap{float:left;text-align:center;line-height:1;font-size:50px}.elementor-widget-text-editor .elementor-drop-cap-letter{display:inline-block}<\/style>\t\t\t\t<h3>Mod\u00e8le pliant pour le transporter facilement<\/h3><div><span class=\"jCAhz ChMk0b\"><span class=\"ryNqvb\">Scooter \u00e9lectrique senior pour personnes \u00e0 mobilit\u00e9 r\u00e9duite, un mod\u00e8le d\u00e9montable en moins de 2 minutes, id\u00e9al pour le transporter dans le coffre de votre voiture ou pour acc\u00e9der en ascenseur \u00e1 votre appartement. <\/span><\/span><span class=\"jCAhz ChMk0b\"><span class=\"jCAhz ChMk0b\"><span class=\"ryNqvb\">N&rsquo;h\u00e9sitez pas \u00e0 louer un scooter \u00e9lectrique senior d\u00e9montable, livraison sur tout Majorque.<\/span><\/span><\/span><\/div><div>\u00a0<\/div><div><h4 class=\"elementor-heading-title elementor-size-default\">Scooter \u00e9lectrique senior<\/h4><\/div><ul><li><span class=\"jCAhz ChMk0b\"><span class=\"ryNqvb\">1 semaine : 65 \u20ac<\/span><\/span><\/li><li><span class=\"jCAhz ChMk0b\"><span class=\"ryNqvb\">1 mois : 200 \u20ac<\/span><\/span><\/li><\/ul><h4>Livraison gratuite \u00e0 l&rsquo;h\u00f4tel<\/h4><p>Livraison h\u00f4tel gratuite pour les r\u00e9servations ayant une commande minimum de 30 \u20ac. Si votre zone d&rsquo;h\u00e9bergement ne figure pas dans la liste gratuite, merci de cliquer sur \u00ab\u00a0Livraisons a\u00e9roport\/h\u00f4tel\u00a0\u00bb depuis la page d&rsquo;accueil.<\/p><h4>Zones de livraison gratuites<\/h4><ul><li>Palma de Majorque<\/li><li>Can Pastilla, El Arenal, llucmajor<\/li><li>Cala Mayor, Illetas Bendinat, Portals nou<\/li><li>Palmanova, Santa Ponsa, Calvi\u00e0<\/li><li>Autres destinations informez-vous<\/li><\/ul><h4>Contactez-nous<\/h4><ul><li><span class=\"jCAhz ChMk0b\"><span class=\"ryNqvb\">(+34) 697 40 23 52 (Whatsapp)<\/span><\/span><\/li><\/ul><h4>courriel<\/h4><ul><li><a href=\"mailto:ade.elevation@gmail.com\" target=\"_blank\" rel=\"noopener\">ade.elevation@gmail.com<\/a><\/li><\/ul><h4>Location de scooter \u00e9lectrique \u00e0 Majorque<\/h4><p>Nous pouvons livrer le scooter \u00e9lectrique \u00e0 l&rsquo;h\u00f4tel ou \u00e0 votre domicile sur toute l&rsquo;\u00eele de Majorque, Palmanova, Magaluf, Calvi\u00e0, El Arenal, Can Pastilla, Paguera, Santa Ponsa, Playas de Majorque, Cala Mayor, Bendinat, Illetas, Cala Millor, Cala Ratjada , Porto Cristo, Porto Colom&#8230; Rent Express Majorque est sans aucun doute la meilleure soci\u00e9t\u00e9 de location de scooters \u00e9lectriques.<\/p><h4>Boutiques<\/h4><ul><li><a href=\"https:\/\/www.google.es\/maps\/place\/Rent+express+Mallorca\/@39.5713353,2.6722012,15z\/data=!4m2!3m1!1s0x0:0x37d022e8bcdba205?sa=X&amp;ved=2ahUKEwi0_ZyqktiDAxUWTqQEHe-0CIcQ_BJ6BAhLEAA\" target=\"_blank\" rel=\"noopener\"><span class=\"jCAhz ChMk0b\"><span class=\"ryNqvb\">Calle 31 del desembre, 3, 07003 Palma\u00a0<\/span><\/span><\/a><\/li><li><a href=\"https:\/\/www.google.es\/maps\/place\/Rent+express+Mallorca\/@39.5713353,2.6722012,15z\/data=!4m2!3m1!1s0x0:0x37d022e8bcdba205?sa=X&amp;ved=2ahUKEwi0_ZyqktiDAxUWTqQEHe-0CIcQ_BJ6BAhLEAA\" target=\"_blank\" rel=\"noopener\"><span class=\"jCAhz ChMk0b\"><span class=\"ryNqvb\">Calle de Manacor, 123, 07007 Palma\u00a0<\/span><\/span><\/a><\/li><\/ul><h3>Horaire d&rsquo;ouvertures<\/h3><ul><li><span class=\"jCAhz ChMk0b\"><span class=\"ryNqvb\">Du lundi au vendredi,\u00a0 de 9h30 \u00e0 19h<\/span><\/span><\/li><li><span class=\"jCAhz ChMk0b\"><span class=\"ryNqvb\">Samedi 10h-19h<\/span><\/span><\/li><li><span class=\"jCAhz ChMk0b\"><span class=\"ryNqvb\">Dimanches de 10h \u00e0 13h (de mai \u00e0 novembre)<\/span><\/span><\/li><\/ul><h4>Toujours disponible<\/h4><p>Si le magasin est ferm\u00e9, nous vous assisterons par t\u00e9l\u00e9phone ou laisser un WhatsApp tous les jours de la semaine pour pouvoir r\u00e9server le scooter \u00e9lectrique en nous indiquant les informations necesaires ou par le formulaire de r\u00e9servation.<\/p><h4 class=\"elementor-heading-title elementor-size-default\">Scooter \u00e9lectrique senior<\/h4><p>Leader dans le service de location de scooters \u00e9lectriques \u00e0 Majorque depuis 1998, les scooters \u00e9lectriques pour seniors ou personnes \u00e0 mobilit\u00e9 r\u00e9duite sont similaires aux mod\u00e8les appel\u00e9s : Colibr\u00ed, Amigo24, Tenerife, Gogo, Librecar ou autres et sont \u00e9quip\u00e9s de batteries amovibles et tr\u00e8s facile \u00e0 d\u00e9monter, avec un chargeur et un panier \u00e1 l\u00b4avant est pr\u00e9vu.<\/p><h4>Location orthop\u00e9dique<\/h4><p>Nous proposons des <a href=\"https:\/\/rentexpressmallorca.com\/fr\/\">fauteuils roulants manuels, des fauteuils roulants \u00e9lectriques<\/a>, des lits m\u00e9dicalis\u00e9s \u00e9lectriques, des b\u00e9quilles, des d\u00e9ambulateurs, des chaises de douche et d&rsquo;autres produits pour la mobilit\u00e9 \u00e0 Majorque.<\/p>\t\t\t\t\t\t<\/div>\n\t\t\t\t<\/div>\n\t\t\t\t\t<\/div>\n\t\t\t\t<\/div>\n\t\t<div class=\"elementor-element elementor-element-2a8de50 e-flex e-con-boxed e-con e-parent\" data-id=\"2a8de50\" data-element_type=\"container\" data-settings=\"{&quot;content_width&quot;:&quot;boxed&quot;}\" data-core-v316-plus=\"true\">\n\t\t\t\t\t<div class=\"e-con-inner\">\n\t\t\t\t<div class=\"elementor-element elementor-element-c6db591 elementor-widget elementor-widget-image\" data-id=\"c6db591\" data-element_type=\"widget\" data-widget_type=\"image.default\">\n\t\t\t\t<div class=\"elementor-widget-container\">\n\t\t\t<style>\/*! elementor - v3.19.0 - 05-02-2024 *\/\n.elementor-widget-image{text-align:center}.elementor-widget-image a{display:inline-block}.elementor-widget-image a img[src$=\".svg\"]{width:48px}.elementor-widget-image img{vertical-align:middle;display:inline-block}<\/style>\t\t\t\t\t\t\t\t\t\t<img fetchpriority=\"high\" decoding=\"async\" width=\"600\" height=\"600\" src=\"https:\/\/rentexpressmallorca.com\/wp-content\/uploads\/2023\/10\/Mobility-scooter-in-Mallorca.jpg\" class=\"attachment-large size-large wp-image-19214\" alt=\"scooter \u00e9lectrique senior\" srcset=\"https:\/\/rentexpressmallorca.com\/wp-content\/uploads\/2023\/10\/Mobility-scooter-in-Mallorca.jpg 600w, https:\/\/rentexpressmallorca.com\/wp-content\/uploads\/2023\/10\/Mobility-scooter-in-Mallorca-300x300.jpg 300w, https:\/\/rentexpressmallorca.com\/wp-content\/uploads\/2023\/10\/Mobility-scooter-in-Mallorca-150x150.jpg 150w\" sizes=\"(max-width: 600px) 100vw, 600px\" \/>\t\t\t\t\t\t\t\t\t\t\t\t\t<\/div>\n\t\t\t\t<\/div>\n\t\t\t\t\t<\/div>\n\t\t\t\t<\/div>\n\t\t\t\t<\/div>\n\t\t","protected":false},"excerpt":{"rendered":"<p>Mod\u00e8le pliant pour le transporter facilement Scooter \u00e9lectrique senior pour personnes \u00e0 mobilit\u00e9 r\u00e9duite, un mod\u00e8le d\u00e9montable en moins de 2 minutes, id\u00e9al pour le transporter dans le coffre de votre voiture ou pour acc\u00e9der en ascenseur \u00e1 votre appartement. N&rsquo;h\u00e9sitez pas \u00e0 louer un scooter \u00e9lectrique senior d\u00e9montable, livraison sur tout Majorque. Scooter \u00e9lectrique [&hellip;]<\/p>\n","protected":false},"author":1,"featured_media":19214,"comment_status":"closed","ping_status":"open","sticky":false,"template":"","format":"standard","meta":{"site-sidebar-layout":"default","site-content-layout":"","ast-site-content-layout":"default","site-content-style":"default","site-sidebar-style":"default","ast-global-header-display":"","ast-banner-title-visibility":"","ast-main-header-display":"","ast-hfb-above-header-display":"","ast-hfb-below-header-display":"","ast-hfb-mobile-header-display":"","site-post-title":"","ast-breadcrumbs-content":"","ast-featured-img":"","footer-sml-layout":"","ast-disable-related-posts":"","theme-transparent-header-meta":"","adv-header-id-meta":"","stick-header-meta":"","header-above-stick-meta":"","header-main-stick-meta":"","header-below-stick-meta":"","astra-migrate-meta-layouts":"default","ast-page-background-enabled":"default","ast-page-background-meta":{"desktop":{"background-color":"var(--ast-global-color-4)","background-image":"","background-repeat":"repeat","background-position":"center center","background-size":"auto","background-attachment":"scroll","background-type":"","background-media":"","overlay-type":"","overlay-color":"","overlay-opacity":"","overlay-gradient":""},"tablet":{"background-color":"","background-image":"","background-repeat":"repeat","background-position":"center center","background-size":"auto","background-attachment":"scroll","background-type":"","background-media":"","overlay-type":"","overlay-color":"","overlay-opacity":"","overlay-gradient":""},"mobile":{"background-color":"","background-image":"","background-repeat":"repeat","background-position":"center center","background-size":"auto","background-attachment":"scroll","background-type":"","background-media":"","overlay-type":"","overlay-color":"","overlay-opacity":"","overlay-gradient":""}},"ast-content-background-meta":{"desktop":{"background-color":"var(--ast-global-color-5)","background-image":"","background-repeat":"repeat","background-position":"center center","background-size":"auto","background-attachment":"scroll","background-type":"","background-media":"","overlay-type":"","overlay-color":"","overlay-opacity":"","overlay-gradient":""},"tablet":{"background-color":"var(--ast-global-color-5)","background-image":"","background-repeat":"repeat","background-position":"center center","background-size":"auto","background-attachment":"scroll","background-type":"","background-media":"","overlay-type":"","overlay-color":"","overlay-opacity":"","overlay-gradient":""},"mobile":{"background-color":"var(--ast-global-color-5)","background-image":"","background-repeat":"repeat","background-position":"center center","background-size":"auto","background-attachment":"scroll","background-type":"","background-media":"","overlay-type":"","overlay-color":"","overlay-opacity":"","overlay-gradient":""}},"footnotes":""},"categories":[679],"tags":[1664,1667,1668,1666,1665],"class_list":["post-19249","post","type-post","status-publish","format-standard","has-post-thumbnail","hentry","category-scooter-senior-seniors-pmr","tag-location-de-scooters-electrique-pour-handicapes-a-majorque","tag-location-scooter-electrique-palma-de-mallorca","tag-location-scooter-electrique-pour-seniors-a-mallorca","tag-location-scooter-pmr-a-mallorque","tag-louer-un-scooter-electrique-senior"],"_links":{"self":[{"href":"https:\/\/rentexpressmallorca.com\/fr\/wp-json\/wp\/v2\/posts\/19249","targetHints":{"allow":["GET"]}}],"collection":[{"href":"https:\/\/rentexpressmallorca.com\/fr\/wp-json\/wp\/v2\/posts"}],"about":[{"href":"https:\/\/rentexpressmallorca.com\/fr\/wp-json\/wp\/v2\/types\/post"}],"author":[{"embeddable":true,"href":"https:\/\/rentexpressmallorca.com\/fr\/wp-json\/wp\/v2\/users\/1"}],"replies":[{"embeddable":true,"href":"https:\/\/rentexpressmallorca.com\/fr\/wp-json\/wp\/v2\/comments?post=19249"}],"version-history":[{"count":61,"href":"https:\/\/rentexpressmallorca.com\/fr\/wp-json\/wp\/v2\/posts\/19249\/revisions"}],"predecessor-version":[{"id":26809,"href":"https:\/\/rentexpressmallorca.com\/fr\/wp-json\/wp\/v2\/posts\/19249\/revisions\/26809"}],"wp:featuredmedia":[{"embeddable":true,"href":"https:\/\/rentexpressmallorca.com\/fr\/wp-json\/wp\/v2\/media\/19214"}],"wp:attachment":[{"href":"https:\/\/rentexpressmallorca.com\/fr\/wp-json\/wp\/v2\/media?parent=19249"}],"wp:term":[{"taxonomy":"category","embeddable":true,"href":"https:\/\/rentexpressmallorca.com\/fr\/wp-json\/wp\/v2\/categories?post=19249"},{"taxonomy":"post_tag","embeddable":true,"href":"https:\/\/rentexpressmallorca.com\/fr\/wp-json\/wp\/v2\/tags?post=19249"}],"curies":[{"name":"wp","href":"https:\/\/api.w.org\/{rel}","templated":true}]}}