{"id":19258,"date":"2020-01-21T09:21:48","date_gmt":"2020-01-21T08:21:48","guid":{"rendered":"https:\/\/rentexpressmallorca.com\/alquiler-silla-salvaescaleras-mallorca\/"},"modified":"2026-02-28T15:31:56","modified_gmt":"2026-02-28T14:31:56","slug":"location-monte-escalier","status":"publish","type":"post","link":"https:\/\/rentexpressmallorca.com\/fr\/location-monte-escalier\/","title":{"rendered":"Location monte escalier"},"content":{"rendered":"\t\t<div data-elementor-type=\"wp-post\" data-elementor-id=\"19258\" class=\"elementor elementor-19258 elementor-18067\" data-elementor-post-type=\"post\">\n\t\t\t\t<div class=\"elementor-element elementor-element-221e91c6 e-flex e-con-boxed e-con e-parent\" data-id=\"221e91c6\" data-element_type=\"container\" data-settings=\"{&quot;content_width&quot;:&quot;boxed&quot;}\" data-core-v316-plus=\"true\">\n\t\t\t\t\t<div class=\"e-con-inner\">\n\t\t\t\t<div class=\"elementor-element elementor-element-44ca35e1 elementor-widget elementor-widget-text-editor\" data-id=\"44ca35e1\" data-element_type=\"widget\" data-widget_type=\"text-editor.default\">\n\t\t\t\t<div class=\"elementor-widget-container\">\n\t\t\t<style>\/*! elementor - v3.19.0 - 05-02-2024 *\/\n.elementor-widget-text-editor.elementor-drop-cap-view-stacked .elementor-drop-cap{background-color:#69727d;color:#fff}.elementor-widget-text-editor.elementor-drop-cap-view-framed .elementor-drop-cap{color:#69727d;border:3px solid;background-color:transparent}.elementor-widget-text-editor:not(.elementor-drop-cap-view-default) .elementor-drop-cap{margin-top:8px}.elementor-widget-text-editor:not(.elementor-drop-cap-view-default) .elementor-drop-cap-letter{width:1em;height:1em}.elementor-widget-text-editor .elementor-drop-cap{float:left;text-align:center;line-height:1;font-size:50px}.elementor-widget-text-editor .elementor-drop-cap-letter{display:inline-block}<\/style>\t\t\t\t<h2>Sans installations<\/h2><p>La location d&rsquo;un monte escalier portable est la solution id\u00e9ale pour pouvoir monter et descendre les escaliers de votre maison, que ce soit de fa\u00e7on r\u00e9guli\u00e8re ou temporaire \u00e1 Palma de Mallorca. Nous proposons diff\u00e9rents services de location ou de vente de monte-escaliers, dont l&rsquo;assistance \u00e0 la mont\u00e9e et \u00e0 la descente de vos escaliers par notre propre technicien.<\/p><h4>Location monte escalier<\/h4><ul><li><span class=\"jCAhz ChMk0b\"><span class=\"ryNqvb\">1 Jour 59\u20ac<\/span><\/span><\/li><li><span class=\"jCAhz ChMk0b\"><span class=\"ryNqvb\">Week-end 110 \u20ac<\/span><\/span><\/li><li><span class=\"jCAhz ChMk0b\"><span class=\"ryNqvb\">1 semaine 220 \u20ac<\/span><\/span><\/li><li><span class=\"jCAhz ChMk0b\"><span class=\"ryNqvb\">15 jours 340 \u20ac<\/span><\/span><\/li><li><span class=\"jCAhz ChMk0b\"><span class=\"ryNqvb\">1 Mois 450 \u20ac<\/span><\/span>\u00a0<\/li><li>taxe non incluse<\/li><\/ul><h4>Assistance par nos techniciens<\/h4><ul><li><span style=\"font-size: 16px;\"><span class=\"jCAhz ChMk0b\"><span class=\"ryNqvb\">1 service mont\u00e9e\/descente \u00e0 Palma 79 \u20ac (service r\u00e9alis\u00e9 par nos techniciens)<\/span><\/span> <\/span><\/li><\/ul><h4>Contactez-nous<\/h4><ul><li>+34 697 402 352<\/li><li>utlisons wassap<\/li><\/ul><h4>Adresse<\/h4><ul><li><a href=\"https:\/\/www.google.es\/maps\/place\/Rent+Express+Mallorca+(plaza+de+espa%C3%B1a)\/@39.5779607,2.652169,15z\/data=!4m5!3m4!1s0x0:0x489fb8c2a75faff2!8m2!3d39.5779607!4d2.652169\" target=\"_blank\" rel=\"noopener\">Calle 31 de diciembre 3, 07007 Palma de Mallorca<\/a><\/li><\/ul><h4>Pourquoi louer un monte-escalier ?<\/h4><p><span class=\"jCAhz ChMk0b\"><span class=\"ryNqvb\">La location d&rsquo;un monte escalier est un moyen simple et sans effort de transporter une personne dans les escaliers en toute s\u00e9curit\u00e9. La personne qui actionne le monte-escalier pourra effectuer l&rsquo;op\u00e9ration avec une grande facilit\u00e9.<\/span><\/span> <span class=\"jCAhz ChMk0b\"><span class=\"ryNqvb\">L\u2019\u00e9quipement est d\u00e9montable, tr\u00e8s facile \u00e0 transporter dans un coffre de voiture et fonctionne avec des batteries rechargeables.<\/span><\/span><\/p><h4>Assistance\u00a0 \u00e0 domicile ?<\/h4><p><span class=\"jCAhz ChMk0b\"><span class=\"ryNqvb\">Nous proposons une assistance \u00e0 domicile sur Majorque pour les personnes qui pr\u00e9f\u00e8rent que ce soient nos techniciens qui puisse mont\u00e9 et descendre la personne <\/span><\/span><span class=\"jCAhz ChMk0b\"><span class=\"ryNqvb\">\u00e0 domicile.<\/span><\/span><\/p><h4>Location pour la mobilit\u00e9 r\u00e9duite<\/h4><p>Nous avons une grande vari\u00e9t\u00e9 <a href=\"https:\/\/rentexpressmallorca.com\/fr\/category\/location-orthopedique\/\">d&rsquo;articles orthop\u00e9diques<\/a> \u00e0 louer ou \u00e0 vendre tels que des fauteuils roulants, des l\u00e9ves personnes, des lits m\u00e9dicalis\u00e9s, visitez-nous dans notre section location d&rsquo;appareils orthop\u00e9diques.<\/p><h4>Location de voiture adapt\u00e9<\/h4><p>Service de location de voitures adapt\u00e9 avec rampre arri\u00e9re pour transporter une personne en fauteuil roulant vehicule 4+1, livraison et retour a\u00e9roport de Palma de Mallorca<\/p>\t\t\t\t\t\t<\/div>\n\t\t\t\t<\/div>\n\t\t\t\t\t<\/div>\n\t\t\t\t<\/div>\n\t\t<div class=\"elementor-element elementor-element-c2158a8 e-flex e-con-boxed e-con e-parent\" data-id=\"c2158a8\" data-element_type=\"container\" data-settings=\"{&quot;content_width&quot;:&quot;boxed&quot;}\" data-core-v316-plus=\"true\">\n\t\t\t\t\t<div class=\"e-con-inner\">\n\t\t\t\t<div class=\"elementor-element elementor-element-7bdbb0b elementor-widget elementor-widget-image\" data-id=\"7bdbb0b\" data-element_type=\"widget\" data-widget_type=\"image.default\">\n\t\t\t\t<div class=\"elementor-widget-container\">\n\t\t\t<style>\/*! elementor - v3.19.0 - 05-02-2024 *\/\n.elementor-widget-image{text-align:center}.elementor-widget-image a{display:inline-block}.elementor-widget-image a img[src$=\".svg\"]{width:48px}.elementor-widget-image img{vertical-align:middle;display:inline-block}<\/style>\t\t\t\t\t\t\t\t\t\t<img fetchpriority=\"high\" decoding=\"async\" width=\"768\" height=\"1024\" src=\"https:\/\/rentexpressmallorca.com\/wp-content\/uploads\/2021\/01\/alquiler-silla-salvaescaleras-Mallorca-768x1024.jpg\" class=\"attachment-large size-large wp-image-18827\" alt=\"location monte escalier\" srcset=\"https:\/\/rentexpressmallorca.com\/wp-content\/uploads\/2021\/01\/alquiler-silla-salvaescaleras-Mallorca-768x1024.jpg 768w, https:\/\/rentexpressmallorca.com\/wp-content\/uploads\/2021\/01\/alquiler-silla-salvaescaleras-Mallorca-225x300.jpg 225w, https:\/\/rentexpressmallorca.com\/wp-content\/uploads\/2021\/01\/alquiler-silla-salvaescaleras-Mallorca-1152x1536.jpg 1152w, https:\/\/rentexpressmallorca.com\/wp-content\/uploads\/2021\/01\/alquiler-silla-salvaescaleras-Mallorca.jpg 1536w\" sizes=\"(max-width: 768px) 100vw, 768px\" \/>\t\t\t\t\t\t\t\t\t\t\t\t\t<\/div>\n\t\t\t\t<\/div>\n\t\t\t\t\t<\/div>\n\t\t\t\t<\/div>\n\t\t\t\t<\/div>\n\t\t","protected":false},"excerpt":{"rendered":"<p>Sans installations La location d&rsquo;un monte escalier portable est la solution id\u00e9ale pour pouvoir monter et descendre les escaliers de votre maison, que ce soit de fa\u00e7on r\u00e9guli\u00e8re ou temporaire \u00e1 Palma de Mallorca. Nous proposons diff\u00e9rents services de location ou de vente de monte-escaliers, dont l&rsquo;assistance \u00e0 la mont\u00e9e et \u00e0 la descente de [&hellip;]<\/p>\n","protected":false},"author":1,"featured_media":18827,"comment_status":"closed","ping_status":"open","sticky":false,"template":"","format":"image","meta":{"site-sidebar-layout":"default","site-content-layout":"","ast-site-content-layout":"default","site-content-style":"default","site-sidebar-style":"default","ast-global-header-display":"","ast-banner-title-visibility":"","ast-main-header-display":"","ast-hfb-above-header-display":"","ast-hfb-below-header-display":"","ast-hfb-mobile-header-display":"","site-post-title":"","ast-breadcrumbs-content":"","ast-featured-img":"","footer-sml-layout":"","ast-disable-related-posts":"","theme-transparent-header-meta":"","adv-header-id-meta":"","stick-header-meta":"","header-above-stick-meta":"","header-main-stick-meta":"","header-below-stick-meta":"","astra-migrate-meta-layouts":"default","ast-page-background-enabled":"default","ast-page-background-meta":{"desktop":{"background-color":"var(--ast-global-color-4)","background-image":"","background-repeat":"repeat","background-position":"center center","background-size":"auto","background-attachment":"scroll","background-type":"","background-media":"","overlay-type":"","overlay-color":"","overlay-opacity":"","overlay-gradient":""},"tablet":{"background-color":"","background-image":"","background-repeat":"repeat","background-position":"center center","background-size":"auto","background-attachment":"scroll","background-type":"","background-media":"","overlay-type":"","overlay-color":"","overlay-opacity":"","overlay-gradient":""},"mobile":{"background-color":"","background-image":"","background-repeat":"repeat","background-position":"center center","background-size":"auto","background-attachment":"scroll","background-type":"","background-media":"","overlay-type":"","overlay-color":"","overlay-opacity":"","overlay-gradient":""}},"ast-content-background-meta":{"desktop":{"background-color":"var(--ast-global-color-5)","background-image":"","background-repeat":"repeat","background-position":"center center","background-size":"auto","background-attachment":"scroll","background-type":"","background-media":"","overlay-type":"","overlay-color":"","overlay-opacity":"","overlay-gradient":""},"tablet":{"background-color":"var(--ast-global-color-5)","background-image":"","background-repeat":"repeat","background-position":"center center","background-size":"auto","background-attachment":"scroll","background-type":"","background-media":"","overlay-type":"","overlay-color":"","overlay-opacity":"","overlay-gradient":""},"mobile":{"background-color":"var(--ast-global-color-5)","background-image":"","background-repeat":"repeat","background-position":"center center","background-size":"auto","background-attachment":"scroll","background-type":"","background-media":"","overlay-type":"","overlay-color":"","overlay-opacity":"","overlay-gradient":""}},"footnotes":""},"categories":[626,1515],"tags":[1464,1462,1463,580,718],"class_list":["post-19258","post","type-post","status-publish","format-image","has-post-thumbnail","hentry","category-alquiler-ortopedico","category-location-monte-escalier","tag-location-de-monte-escalier-pour-personnes-handicape","tag-location-monte-escalier-a-palma-de-majorque-utile-pour-desendre-et-montee-une-personne-a-mobilite-reduite-dans-les-escaliers-louer-un-monte-escalier-a-mallorca","tag-louer-un-monte-escalier-mallorca","tag-silla-salvaescaleras-en-alquiler","tag-sube-escaleras-electrico-fr","post_format-post-format-image"],"_links":{"self":[{"href":"https:\/\/rentexpressmallorca.com\/fr\/wp-json\/wp\/v2\/posts\/19258","targetHints":{"allow":["GET"]}}],"collection":[{"href":"https:\/\/rentexpressmallorca.com\/fr\/wp-json\/wp\/v2\/posts"}],"about":[{"href":"https:\/\/rentexpressmallorca.com\/fr\/wp-json\/wp\/v2\/types\/post"}],"author":[{"embeddable":true,"href":"https:\/\/rentexpressmallorca.com\/fr\/wp-json\/wp\/v2\/users\/1"}],"replies":[{"embeddable":true,"href":"https:\/\/rentexpressmallorca.com\/fr\/wp-json\/wp\/v2\/comments?post=19258"}],"version-history":[{"count":43,"href":"https:\/\/rentexpressmallorca.com\/fr\/wp-json\/wp\/v2\/posts\/19258\/revisions"}],"predecessor-version":[{"id":27078,"href":"https:\/\/rentexpressmallorca.com\/fr\/wp-json\/wp\/v2\/posts\/19258\/revisions\/27078"}],"wp:featuredmedia":[{"embeddable":true,"href":"https:\/\/rentexpressmallorca.com\/fr\/wp-json\/wp\/v2\/media\/18827"}],"wp:attachment":[{"href":"https:\/\/rentexpressmallorca.com\/fr\/wp-json\/wp\/v2\/media?parent=19258"}],"wp:term":[{"taxonomy":"category","embeddable":true,"href":"https:\/\/rentexpressmallorca.com\/fr\/wp-json\/wp\/v2\/categories?post=19258"},{"taxonomy":"post_tag","embeddable":true,"href":"https:\/\/rentexpressmallorca.com\/fr\/wp-json\/wp\/v2\/tags?post=19258"}],"curies":[{"name":"wp","href":"https:\/\/api.w.org\/{rel}","templated":true}]}}