{"id":19267,"date":"2020-03-25T19:09:39","date_gmt":"2020-03-25T18:09:39","guid":{"rendered":"https:\/\/rentexpressmallorca.com\/alquiler-bicicletas-estaticas-mallorca\/"},"modified":"2023-12-14T18:04:24","modified_gmt":"2023-12-14T17:04:24","slug":"velos-dexercice-a-louer-mallorca","status":"publish","type":"post","link":"https:\/\/rentexpressmallorca.com\/fr\/velos-dexercice-a-louer-mallorca\/","title":{"rendered":"V\u00e9los d&rsquo;exercice \u00e0 louer Mallorca"},"content":{"rendered":"\t\t<div data-elementor-type=\"wp-post\" data-elementor-id=\"19267\" class=\"elementor elementor-19267 elementor-18075\" data-elementor-post-type=\"post\">\n\t\t\t\t<div class=\"elementor-element elementor-element-17a8f303 e-flex e-con-boxed e-con e-parent\" data-id=\"17a8f303\" data-element_type=\"container\" data-settings=\"{&quot;content_width&quot;:&quot;boxed&quot;}\" data-core-v316-plus=\"true\">\n\t\t\t\t\t<div class=\"e-con-inner\">\n\t\t\t\t<div class=\"elementor-element elementor-element-3bec25ba elementor-widget elementor-widget-text-editor\" data-id=\"3bec25ba\" data-element_type=\"widget\" data-widget_type=\"text-editor.default\">\n\t\t\t\t<div class=\"elementor-widget-container\">\n\t\t\t<style>\/*! elementor - v3.19.0 - 05-02-2024 *\/\n.elementor-widget-text-editor.elementor-drop-cap-view-stacked .elementor-drop-cap{background-color:#69727d;color:#fff}.elementor-widget-text-editor.elementor-drop-cap-view-framed .elementor-drop-cap{color:#69727d;border:3px solid;background-color:transparent}.elementor-widget-text-editor:not(.elementor-drop-cap-view-default) .elementor-drop-cap{margin-top:8px}.elementor-widget-text-editor:not(.elementor-drop-cap-view-default) .elementor-drop-cap-letter{width:1em;height:1em}.elementor-widget-text-editor .elementor-drop-cap{float:left;text-align:center;line-height:1;font-size:50px}.elementor-widget-text-editor .elementor-drop-cap-letter{display:inline-block}<\/style>\t\t\t\t<h2>Location de v\u00e9los stationnaires Majorque<\/h2><p><span class=\"jCAhz ChMk0b\"><span class=\"ryNqvb\">Notre entreprise propose le service de location de v\u00e9los stationnaires \u00e0 Majorque.<\/span><\/span> <span class=\"jCAhz ChMk0b\"><span class=\"ryNqvb\">Vous pouvez \u00e9galement louer des tapis de course pour des particuliers, des entreprises, des \u00e9v\u00e9nements ou des \u00e9coles.<\/span><\/span> <span class=\"jCAhz ChMk0b\"><span class=\"ryNqvb\">Les v\u00e9los stationnaires sont tr\u00e8s compacts et ne prennent pas beaucoup de place.<\/span><\/span> <span class=\"jCAhz ChMk0b\"><span class=\"ryNqvb\">Louer un v\u00e9lo d&rsquo;appartement \u00e0 Palma de Majorque est utile, par exemple, pour se r\u00e9adapter, pendant les vacances ou si vous souhaitez simplement en essayer un avant de l&rsquo;acheter.<\/span><\/span><\/p><p><strong><span class=\"jCAhz ChMk0b\"><span class=\"ryNqvb\">Louez votre v\u00e9lo d&rsquo;appartement et nous le livrerons \u00e0 votre domicile.<\/span><\/span> <span class=\"jCAhz ChMk0b\"><span class=\"ryNqvb\">L&rsquo;exercice physique am\u00e9liorera votre sant\u00e9 et renforcera votre c\u0153ur.<\/span><\/span><\/strong><\/p><h2>Frais<\/h2><p><span class=\"jCAhz ChMk0b\"><span class=\"ryNqvb\">3 jours 20\u20ac<\/span><\/span><\/p><p><span class=\"jCAhz ChMk0b\"><span class=\"ryNqvb\">1 semaine 30 \u20ac<\/span><\/span><\/p><p><span class=\"jCAhz ChMk0b\"><span class=\"ryNqvb\">2 semaines 50 \u20ac<\/span><\/span><\/p><p><span class=\"jCAhz ChMk0b\"><span class=\"ryNqvb\">1 mois 90 \u20ac<\/span><\/span><\/p><p><span class=\"jCAhz ChMk0b\"><span class=\"ryNqvb\">D\u00e9p\u00f4t 50 \u20ac<\/span><\/span><\/p><h2>Contactez-nous<\/h2><p>+34 651723263<\/p><p>email: ade.elevation@gmail.com<\/p><h2>O\u00f9 sommes-nous<\/h2><p>Magasin Plaza de Espa\u00f1a :<\/p><p><a href=\"https:\/\/www.google.es\/maps\/place\/Carrer+del+31+de+Desembre,+3,+07003+Palma,+Illes+Balears\/@39.5779607,2.6499803,17z\/data=!3m1!4b1!4m5!3m4!1s0x129792565ece7653:0x3ed790f198c501f5!8m2!3d39.5779607!4d2.652169\" target=\"_blank\" rel=\"noopener\">Calle 31 de diciembre n\u00ba3, 07003 Palma de Majorque<\/a><\/p><p>Entrep\u00f4t de magasin\u00a0:<\/p><p><a href=\"https:\/\/www.google.es\/maps\/place\/Calle+de+Manacor,+123,+07007+Palma,+Islas+Baleares\/@39.5712349,2.6723,3a,75y,3.36h,83.04t\/data=!3m6!1e1!3m4!1sleQbuGLWCwEiMTZ9wrbAPA!2e0!7i16384!8i8192!4m5!3m4!1s0x129793a4ed85b9ad:0x53ff4afa7c1b3776!8m2!3d39.5713665!4d2.6722022\" target=\"_blank\" rel=\"noopener\">Calle Manacor n\u00ba123, 07007 Palma de Majorque<\/a><\/p><h2>Les avantages du v\u00e9lo stationnaire<\/h2><p>Cela leur permettra de r\u00e9aliser des exercices cardiovasculaires, et un entra\u00eenement r\u00e9gulier \u00e9loignera \u00e9galement les risques de crise cardiaque.<\/p><h2>Tu le savais?<\/h2><p>Un entra\u00eenement quotidien de 10 \u00e0 30 minutes am\u00e9liorera la circulation sanguine et renforcera votre c\u0153ur. Qu&rsquo;attendez-vous pour am\u00e9liorer votre sant\u00e9?<\/p><h2>Louer ou acheter un v\u00e9lo stationnaire<\/h2><p>Si vous souhaitez acheter un v\u00e9lo d&rsquo;appartement et l&rsquo;essayer d&rsquo;abord pour voir comment \u00e7a se passe, n&rsquo;h\u00e9sitez pas \u00e0 nous contacter.<\/p><h2>Les bienfaits pour la sant\u00e9 sont consid\u00e9rables<\/h2><p><span class=\"jCAhz ChMk0b\"><span class=\"ryNqvb\">Se remettre d&rsquo;une blessure, se r\u00e9\u00e9duquer, s&rsquo;entra\u00eener, sans oublier son efficacit\u00e9 pour perdre des calories, donc id\u00e9al comme alternative pour les accompagner dans leur vie quotidienne.<\/span><\/span> <span class=\"jCAhz ChMk0b\"><span class=\"ryNqvb\">Pour tout cela, les options pour acqu\u00e9rir un v\u00e9lo stationnaire, tant \u00e0 la location qu&rsquo;\u00e0 l&rsquo;achat, sont nombreuses et \u00e9tendues.<\/span><\/span><\/p><h2>Que faisons nous<\/h2><p>Notre entreprise propose la location d&rsquo;une grande vari\u00e9t\u00e9 d&rsquo;articles tels que des v\u00e9los stationnaires, des tapis roulants entre autres et \u00e0 des prix tr\u00e8s abordables avec service de livraison \u00e0 domicile.<\/p>\t\t\t\t\t\t<\/div>\n\t\t\t\t<\/div>\n\t\t\t\t\t<\/div>\n\t\t\t\t<\/div>\n\t\t\t\t<\/div>\n\t\t","protected":false},"excerpt":{"rendered":"<p>Location de v\u00e9los stationnaires Majorque Notre entreprise propose le service de location de v\u00e9los stationnaires \u00e0 Majorque. Vous pouvez \u00e9galement louer des tapis de course pour des particuliers, des entreprises, des \u00e9v\u00e9nements ou des \u00e9coles. Les v\u00e9los stationnaires sont tr\u00e8s compacts et ne prennent pas beaucoup de place. Louer un v\u00e9lo d&rsquo;appartement \u00e0 Palma de [&hellip;]<\/p>\n","protected":false},"author":1,"featured_media":18845,"comment_status":"closed","ping_status":"open","sticky":false,"template":"","format":"image","meta":{"site-sidebar-layout":"default","site-content-layout":"","ast-site-content-layout":"default","site-content-style":"default","site-sidebar-style":"default","ast-global-header-display":"","ast-banner-title-visibility":"","ast-main-header-display":"","ast-hfb-above-header-display":"","ast-hfb-below-header-display":"","ast-hfb-mobile-header-display":"","site-post-title":"","ast-breadcrumbs-content":"","ast-featured-img":"","footer-sml-layout":"","ast-disable-related-posts":"","theme-transparent-header-meta":"","adv-header-id-meta":"","stick-header-meta":"","header-above-stick-meta":"","header-main-stick-meta":"","header-below-stick-meta":"","astra-migrate-meta-layouts":"default","ast-page-background-enabled":"default","ast-page-background-meta":{"desktop":{"background-color":"var(--ast-global-color-4)","background-image":"","background-repeat":"repeat","background-position":"center center","background-size":"auto","background-attachment":"scroll","background-type":"","background-media":"","overlay-type":"","overlay-color":"","overlay-opacity":"","overlay-gradient":""},"tablet":{"background-color":"","background-image":"","background-repeat":"repeat","background-position":"center center","background-size":"auto","background-attachment":"scroll","background-type":"","background-media":"","overlay-type":"","overlay-color":"","overlay-opacity":"","overlay-gradient":""},"mobile":{"background-color":"","background-image":"","background-repeat":"repeat","background-position":"center center","background-size":"auto","background-attachment":"scroll","background-type":"","background-media":"","overlay-type":"","overlay-color":"","overlay-opacity":"","overlay-gradient":""}},"ast-content-background-meta":{"desktop":{"background-color":"var(--ast-global-color-5)","background-image":"","background-repeat":"repeat","background-position":"center center","background-size":"auto","background-attachment":"scroll","background-type":"","background-media":"","overlay-type":"","overlay-color":"","overlay-opacity":"","overlay-gradient":""},"tablet":{"background-color":"var(--ast-global-color-5)","background-image":"","background-repeat":"repeat","background-position":"center center","background-size":"auto","background-attachment":"scroll","background-type":"","background-media":"","overlay-type":"","overlay-color":"","overlay-opacity":"","overlay-gradient":""},"mobile":{"background-color":"var(--ast-global-color-5)","background-image":"","background-repeat":"repeat","background-position":"center center","background-size":"auto","background-attachment":"scroll","background-type":"","background-media":"","overlay-type":"","overlay-color":"","overlay-opacity":"","overlay-gradient":""}},"footnotes":""},"categories":[777],"tags":[778,779,780,781,782],"class_list":["post-19267","post","type-post","status-publish","format-image","has-post-thumbnail","hentry","category-location-de-velo","tag-alquilar-una-bicicleta-estatica-fr","tag-alquilar-una-bicicleta-para-casa-fr","tag-alquilar-una-bicicleta-para-casa-en-palma-fr","tag-alquiler-de-bicicleta-para-la-casa-fr","tag-bicicleta-estatica-en-alquiler-fr","post_format-post-format-image"],"_links":{"self":[{"href":"https:\/\/rentexpressmallorca.com\/fr\/wp-json\/wp\/v2\/posts\/19267","targetHints":{"allow":["GET"]}}],"collection":[{"href":"https:\/\/rentexpressmallorca.com\/fr\/wp-json\/wp\/v2\/posts"}],"about":[{"href":"https:\/\/rentexpressmallorca.com\/fr\/wp-json\/wp\/v2\/types\/post"}],"author":[{"embeddable":true,"href":"https:\/\/rentexpressmallorca.com\/fr\/wp-json\/wp\/v2\/users\/1"}],"replies":[{"embeddable":true,"href":"https:\/\/rentexpressmallorca.com\/fr\/wp-json\/wp\/v2\/comments?post=19267"}],"version-history":[{"count":14,"href":"https:\/\/rentexpressmallorca.com\/fr\/wp-json\/wp\/v2\/posts\/19267\/revisions"}],"predecessor-version":[{"id":22280,"href":"https:\/\/rentexpressmallorca.com\/fr\/wp-json\/wp\/v2\/posts\/19267\/revisions\/22280"}],"wp:featuredmedia":[{"embeddable":true,"href":"https:\/\/rentexpressmallorca.com\/fr\/wp-json\/wp\/v2\/media\/18845"}],"wp:attachment":[{"href":"https:\/\/rentexpressmallorca.com\/fr\/wp-json\/wp\/v2\/media?parent=19267"}],"wp:term":[{"taxonomy":"category","embeddable":true,"href":"https:\/\/rentexpressmallorca.com\/fr\/wp-json\/wp\/v2\/categories?post=19267"},{"taxonomy":"post_tag","embeddable":true,"href":"https:\/\/rentexpressmallorca.com\/fr\/wp-json\/wp\/v2\/tags?post=19267"}],"curies":[{"name":"wp","href":"https:\/\/api.w.org\/{rel}","templated":true}]}}