{"id":19270,"date":"2019-11-12T11:00:52","date_gmt":"2019-11-12T10:00:52","guid":{"rendered":"https:\/\/rentexpressmallorca.com\/consigna-de-maletas-palma-de-mallorca\/"},"modified":"2023-12-23T16:21:36","modified_gmt":"2023-12-23T15:21:36","slug":"consigne-a-bagages-palma-de-mallorca","status":"publish","type":"post","link":"https:\/\/rentexpressmallorca.com\/fr\/consigne-a-bagages-palma-de-mallorca\/","title":{"rendered":"Consigne \u00e1 bagages Palma de Mallorca"},"content":{"rendered":"\t\t<div data-elementor-type=\"wp-post\" data-elementor-id=\"19270\" class=\"elementor elementor-19270 elementor-18078\" data-elementor-post-type=\"post\">\n\t\t\t\t<div class=\"elementor-element elementor-element-70b64526 e-flex e-con-boxed e-con e-parent\" data-id=\"70b64526\" data-element_type=\"container\" data-settings=\"{&quot;content_width&quot;:&quot;boxed&quot;}\" data-core-v316-plus=\"true\">\n\t\t\t\t\t<div class=\"e-con-inner\">\n\t\t\t\t<div class=\"elementor-element elementor-element-2ac58b7 elementor-widget elementor-widget-text-editor\" data-id=\"2ac58b7\" data-element_type=\"widget\" data-widget_type=\"text-editor.default\">\n\t\t\t\t<div class=\"elementor-widget-container\">\n\t\t\t<style>\/*! elementor - v3.19.0 - 05-02-2024 *\/\n.elementor-widget-text-editor.elementor-drop-cap-view-stacked .elementor-drop-cap{background-color:#69727d;color:#fff}.elementor-widget-text-editor.elementor-drop-cap-view-framed .elementor-drop-cap{color:#69727d;border:3px solid;background-color:transparent}.elementor-widget-text-editor:not(.elementor-drop-cap-view-default) .elementor-drop-cap{margin-top:8px}.elementor-widget-text-editor:not(.elementor-drop-cap-view-default) .elementor-drop-cap-letter{width:1em;height:1em}.elementor-widget-text-editor .elementor-drop-cap{float:left;text-align:center;line-height:1;font-size:50px}.elementor-widget-text-editor .elementor-drop-cap-letter{display:inline-block}<\/style>\t\t\t\t<h2>D\u00e9posez vos bagages pour seulement 4 \u20ac<\/h2><p><span class=\"jCAhz ChMk0b\"><span class=\"ryNqvb\"><strong>Vous cherchez o\u00f9 poser votre valise \u00e0 Palma de Mallorca?<\/strong> En plein centre ville de Palma de Majorque, \u00e0 100m de la Plaza de Espa\u00f1a, vous trouverez notre consigne \u00e0 bagages \u00e0 Palma, une consigne \u00e0 bagages tr\u00e8s facile d&rsquo;acc\u00e8s, dans l&rsquo;une des rues les plus fr\u00e9quent\u00e9es de la capitale des \u00celes Bal\u00e9ares pour seulement 4 \u20ac\/ journ\u00e9e .<\/span><\/span>\u00a0<span class=\"jCAhz ChMk0b\"><span class=\"ryNqvb\">Au coeur de Palma de Majorque, \u00e0 100m de la Plaza de Espa\u00f1a, vous trouverez notre consigne \u00e0 bagages \u00e0 Palma, une consigne \u00e0 bagages tr\u00e8s facile d&rsquo;acc\u00e8s, dans l&rsquo;une des rues les plus fr\u00e9quent\u00e9es de la capitale des \u00celes Bal\u00e9ares pour seulement 4 \u20ac\/ journ\u00e9e (valise de toute taille).<\/span><\/span><\/p><h2>Boutique<\/h2><p><a href=\"https:\/\/www.google.es\/maps\/place\/Rent+Express+Mallorca+(plaza+de+espa%C3%B1a)\/@39.5779607,2.652169,15z\/data=!4m5!3m4!1s0x0:0x489fb8c2a75faff2!8m2!3d39.5779607!4d2.652169\" target=\"_blank\" rel=\"noopener\"><strong>Carrer 31 de desembre n\u00ba3, Palma de Majorque<\/strong><\/a><\/p><h2>Tarif<\/h2><p><span class=\"jCAhz ChMk0b\"><span class=\"ryNqvb\">4 \u20ac\/jour<\/span><\/span><span class=\"jCAhz ChMk0b\"><span class=\"ryNqvb\">.<\/span><\/span><\/p><h2>T\u00e9l\u00e9phone<\/h2><p>(+34) 651 72 32 63<\/p><h3><span class=\"jCAhz ChMk0b\"><span class=\"ryNqvb\">Consigne \u00e0 bagages \u00e0 l&rsquo;a\u00e9roport de Majorque<\/span><\/span><\/h3><p><span class=\"jCAhz ChMk0b\"><span class=\"ryNqvb\">O\u00f9 peut-on laisser les valises \u00e0 l&rsquo;a\u00e9roport de Majorque ?<\/span><\/span> <span class=\"jCAhz ChMk0b\"><span class=\"ryNqvb\">Malheureusement \u00e1 l\u00b4a\u00e9roport il n\u00e9xiste pas de consignes \u00e1 bagages, mais chez Rent Express Mallorca, nous pouvons garder votre valise \u00e0 partir d&rsquo;une heure, ou aussi longtemps que vous en avez besoin, \u00e0 partir de seulement 4 \u20ac par jour\/valise.<\/span><\/span> <span class=\"jCAhz ChMk0b\"><span class=\"ryNqvb\">Nous offrons la meilleure consigne \u00e0 bagages en <strong>plein centre ville de Palma<\/strong>.<\/span><\/span> <span class=\"jCAhz ChMk0b\"><span class=\"ryNqvb\">Nous sommes situ\u00e9s dans un point strat\u00e9gique pour arriver jusqu\u00b4\u00e1 nous depuis n\u2019importe quel coin de Majorque.<\/span><\/span><\/p><h3>O\u00f9 poser ma valise \u00e0 Palma de Majorque?<\/h3><p><span class=\"jCAhz ChMk0b\"><span class=\"ryNqvb\">Si vous vous demandez o\u00f9 puis-je poser mes valises \u00e0 Palma de Majorque ?<\/span><\/span> <span class=\"jCAhz ChMk0b\"><span class=\"ryNqvb\">Nous pouvons vous assurer qu&rsquo;il n&rsquo;y a pas de meilleur endroit que notre <strong>d\u00eapot de bagages<\/strong> pour stocker vos valises.<\/span><\/span><\/p><h3>O\u00f9 sommes nous<\/h3><p><span class=\"jCAhz ChMk0b\"><span class=\"ryNqvb\">Nous sommes au c\u0153ur de la capitale, \u00e0 quelques m\u00e8tres de la <strong>Plaza de Espa\u00f1a<\/strong> avec tous les transports en commun.<\/span><\/span> <span class=\"jCAhz ChMk0b\"><span class=\"ryNqvb\">Gare intermodale pour trains et bus, m\u00e9tro, taxis et <strong>ligne A1 direct vers l&rsquo;a\u00e9roport<\/strong>, dont le c\u00e9l\u00e8bre train en bois de Soller \u00e0 seulement 200 m.<\/span><\/span><\/p><h3>Louer un v\u00e9lo ou un scooter \u00e9lectrique \u00e0 Palma<\/h3><p><span class=\"jCAhz ChMk0b\"><span class=\"ryNqvb\">En plus de pouvoir stocker vos bagages, Rent Express Mallorca est leader en articles pour la mobilit\u00e9 \u00e9lectrique, <a href=\"https:\/\/rentexpressmallorca.com\/fr\/\"><strong>vous pouvez louer un scooter \u00e9lectrique, louer un v\u00e9lo \u00e0 des prix hyper \u00e9conomiques<\/strong><\/a>.<\/span><\/span> <span class=\"jCAhz ChMk0b\"><span class=\"ryNqvb\">Nous sommes situ\u00e9s au coeur de Palma de Majorque avec tous les transports en commun, bus, trains et pour le retour direct \u00e0 l&rsquo;a\u00e9roport nous avons \u00e9galement la ligne 1 \u00e0 quelques m\u00e8tres de notre magasin.<\/span><\/span><\/p><h3>Que puis-je visiter \u00e0 Palma de Majorque ?<\/h3><p>Si vous souhaitez laisser vos bagages dans une consigne et profiter de votre temps pour visiter Palma de Majorque, ne manquez pas sa cath\u00e9drale, la promenade du Born, tr\u00e8s c\u00e9l\u00e8bre pour ses boutiques, la Rambla, le centre historique de Palma et le quartier arabe. thermes.<\/p><h3>Combien de temps puis-je laisser ma valise?<\/h3><p><span class=\"jCAhz ChMk0b\"><span class=\"ryNqvb\">\u00c0 partir d&rsquo;une heure ou jusqu&rsquo;\u00e0 la dur\u00e9e dont vous avez besoin, si vous souhaitez prolonger, vous devrez nous contacter pour nous indiquer la dur\u00e9e et payer \u00e0 l&rsquo;avance en boutique.<\/span><\/span><\/p><h3>Puis-je laisser mes valises gard\u00e9es moins d\u20191 heure ?<\/h3><p>Si vous le pouvez, le tarif est \u00e9gal \u00e0 4\u20ac<\/p><h3>Quels sont les horaires du magasin?<\/h3><p><span class=\"jCAhz ChMk0b\"><span class=\"ryNqvb\">Nous ouvrons tous les jours de l&rsquo;ann\u00e9e, 365 jours<\/span><\/span><\/p><p><span class=\"jCAhz ChMk0b\"><span class=\"ryNqvb\">Du lundi au vendredi 9h30 19h00<\/span><\/span><\/p><p><span class=\"jCAhz ChMk0b\"><span class=\"ryNqvb\">Samedis 10h a 19h<\/span><\/span><\/p><p><span class=\"jCAhz ChMk0b\"><span class=\"ryNqvb\">Dimanches ouvert jusqu&rsquo;\u00e0 13h en \u00e9te.<\/span><\/span><\/p><h3>Mes bagages sont-ils en s\u00e9curit\u00e9?<\/h3><p><span class=\"jCAhz ChMk0b\"><span class=\"ryNqvb\">Oui, lorsque vous laissez votre (vos) valise(s) en garde \u00e0 vue, nous vous laissons un ticket avec votre nom et pr\u00e9nom.<\/span><\/span><\/p><p><span class=\"jCAhz ChMk0b\"><span class=\"ryNqvb\">Lorsque vous souhaitez r\u00e9cup\u00e9rer vos bagages en dehors du billet, vous devez pr\u00e9senter vos documents.<\/span><\/span><\/p><p><span class=\"jCAhz ChMk0b\"><span class=\"ryNqvb\">Nous disposons d&rsquo;un circuit de vid\u00e9osurveillance et d&rsquo;alarme 24h\/24.<\/span><\/span><\/p><h3><span class=\"jCAhz ChMk0b\"><span class=\"ryNqvb\">Dois-je r\u00e9server \u00e0 l&rsquo;avance ?<\/span><\/span><\/h3><p><span class=\"jCAhz ChMk0b\"><span class=\"ryNqvb\">Vous n&rsquo;avez pas besoin de r\u00e9server \u00e0 l&rsquo;avance, vous pouvez livrer \u00e0 tout moment pendant nos heures de bureau.<\/span><\/span><\/p><h3><span class=\"jCAhz ChMk0b\"><span class=\"ryNqvb\">Qu&rsquo;est-ce qui est interdit de stocker?<\/span><\/span><\/h3><p><span class=\"jCAhz ChMk0b\"><span class=\"ryNqvb\">Les animaux ou autres \u00eatres vivants, les objets vol\u00e9s, les drogues, les mati\u00e8res polluantes ou inflammables, les armes, les aliments mal emball\u00e9s et les meubles sont formellement interdits.<\/span><\/span><\/p><h3><span class=\"jCAhz ChMk0b\"><span class=\"ryNqvb\">Puis-je acc\u00e9der \u00e0 ma valise une fois la garde effectu\u00e9e?<\/span><\/span><\/h3><p><span class=\"jCAhz ChMk0b\"><span class=\"ryNqvb\">Si vous avez oubli\u00e9 quelque chose ou souhaitez ajouter quelque chose \u00e0 votre valise, vous pourrez y acc\u00e9der.<\/span><\/span> <span class=\"jCAhz ChMk0b\"><span class=\"ryNqvb\">\u00e0 condition de pr\u00e9senter la documentation et le ticket de contrat que vous recevrez au moment de la livraison.<\/span><\/span> <span class=\"jCAhz ChMk0b\"><span class=\"ryNqvb\">En aucun cas vous ne pourrez acc\u00e9der \u00e0 l&rsquo;entrep\u00f4t o\u00f9 se trouvent les autres valises, un de nos collaborateurs vous remettra vos valises et vous pourrez continuer.<\/span><\/span><\/p><h3><span class=\"jCAhz ChMk0b\"><span class=\"ryNqvb\">Puis-je prendre des photos?<\/span><\/span><\/h3><p><span class=\"jCAhz ChMk0b\"><span class=\"ryNqvb\">Non, il est formellement interdit de prendre des photos \u00e0 l&rsquo;int\u00e9rieur de nos locaux.<\/span><\/span><\/p>\t\t\t\t\t\t<\/div>\n\t\t\t\t<\/div>\n\t\t\t\t\t<\/div>\n\t\t\t\t<\/div>\n\t\t\t\t<\/div>\n\t\t","protected":false},"excerpt":{"rendered":"<p>D\u00e9posez vos bagages pour seulement 4 \u20ac Vous cherchez o\u00f9 poser votre valise \u00e0 Palma de Mallorca? En plein centre ville de Palma de Majorque, \u00e0 100m de la Plaza de Espa\u00f1a, vous trouverez notre consigne \u00e0 bagages \u00e0 Palma, une consigne \u00e0 bagages tr\u00e8s facile d&rsquo;acc\u00e8s, dans l&rsquo;une des rues les plus fr\u00e9quent\u00e9es de [&hellip;]<\/p>\n","protected":false},"author":1,"featured_media":18848,"comment_status":"closed","ping_status":"open","sticky":false,"template":"","format":"image","meta":{"site-sidebar-layout":"default","site-content-layout":"","ast-site-content-layout":"default","site-content-style":"default","site-sidebar-style":"default","ast-global-header-display":"","ast-banner-title-visibility":"","ast-main-header-display":"","ast-hfb-above-header-display":"","ast-hfb-below-header-display":"","ast-hfb-mobile-header-display":"","site-post-title":"","ast-breadcrumbs-content":"","ast-featured-img":"","footer-sml-layout":"","ast-disable-related-posts":"","theme-transparent-header-meta":"","adv-header-id-meta":"","stick-header-meta":"","header-above-stick-meta":"","header-main-stick-meta":"","header-below-stick-meta":"","astra-migrate-meta-layouts":"default","ast-page-background-enabled":"default","ast-page-background-meta":{"desktop":{"background-color":"var(--ast-global-color-4)","background-image":"","background-repeat":"repeat","background-position":"center center","background-size":"auto","background-attachment":"scroll","background-type":"","background-media":"","overlay-type":"","overlay-color":"","overlay-opacity":"","overlay-gradient":""},"tablet":{"background-color":"","background-image":"","background-repeat":"repeat","background-position":"center center","background-size":"auto","background-attachment":"scroll","background-type":"","background-media":"","overlay-type":"","overlay-color":"","overlay-opacity":"","overlay-gradient":""},"mobile":{"background-color":"","background-image":"","background-repeat":"repeat","background-position":"center center","background-size":"auto","background-attachment":"scroll","background-type":"","background-media":"","overlay-type":"","overlay-color":"","overlay-opacity":"","overlay-gradient":""}},"ast-content-background-meta":{"desktop":{"background-color":"var(--ast-global-color-5)","background-image":"","background-repeat":"repeat","background-position":"center center","background-size":"auto","background-attachment":"scroll","background-type":"","background-media":"","overlay-type":"","overlay-color":"","overlay-opacity":"","overlay-gradient":""},"tablet":{"background-color":"var(--ast-global-color-5)","background-image":"","background-repeat":"repeat","background-position":"center center","background-size":"auto","background-attachment":"scroll","background-type":"","background-media":"","overlay-type":"","overlay-color":"","overlay-opacity":"","overlay-gradient":""},"mobile":{"background-color":"var(--ast-global-color-5)","background-image":"","background-repeat":"repeat","background-position":"center center","background-size":"auto","background-attachment":"scroll","background-type":"","background-media":"","overlay-type":"","overlay-color":"","overlay-opacity":"","overlay-gradient":""}},"footnotes":""},"categories":[803],"tags":[1511,1509,1510,482,814,1512,815,485,816],"class_list":["post-19270","post","type-post","status-publish","format-image","has-post-thumbnail","hentry","category-consigne-a-bagages","tag-consigne-a-bagages-majorque-fr","tag-consigne-a-bagages-palma-de-mallorca","tag-consignes-a-valises-palma-de-mallorca","tag-dejar-las-maletas-en-palma","tag-deposito-de-maletas-fr","tag-depot-de-bagages-palma-de-majorque-fr","tag-donde-dejar-mis-maletas-en-palma-fr","tag-locker-palma-de-mallorca","tag-locker-palma-de-mallorca-fr","post_format-post-format-image"],"_links":{"self":[{"href":"https:\/\/rentexpressmallorca.com\/fr\/wp-json\/wp\/v2\/posts\/19270","targetHints":{"allow":["GET"]}}],"collection":[{"href":"https:\/\/rentexpressmallorca.com\/fr\/wp-json\/wp\/v2\/posts"}],"about":[{"href":"https:\/\/rentexpressmallorca.com\/fr\/wp-json\/wp\/v2\/types\/post"}],"author":[{"embeddable":true,"href":"https:\/\/rentexpressmallorca.com\/fr\/wp-json\/wp\/v2\/users\/1"}],"replies":[{"embeddable":true,"href":"https:\/\/rentexpressmallorca.com\/fr\/wp-json\/wp\/v2\/comments?post=19270"}],"version-history":[{"count":23,"href":"https:\/\/rentexpressmallorca.com\/fr\/wp-json\/wp\/v2\/posts\/19270\/revisions"}],"predecessor-version":[{"id":22281,"href":"https:\/\/rentexpressmallorca.com\/fr\/wp-json\/wp\/v2\/posts\/19270\/revisions\/22281"}],"wp:featuredmedia":[{"embeddable":true,"href":"https:\/\/rentexpressmallorca.com\/fr\/wp-json\/wp\/v2\/media\/18848"}],"wp:attachment":[{"href":"https:\/\/rentexpressmallorca.com\/fr\/wp-json\/wp\/v2\/media?parent=19270"}],"wp:term":[{"taxonomy":"category","embeddable":true,"href":"https:\/\/rentexpressmallorca.com\/fr\/wp-json\/wp\/v2\/categories?post=19270"},{"taxonomy":"post_tag","embeddable":true,"href":"https:\/\/rentexpressmallorca.com\/fr\/wp-json\/wp\/v2\/tags?post=19270"}],"curies":[{"name":"wp","href":"https:\/\/api.w.org\/{rel}","templated":true}]}}