{"id":19276,"date":"2019-03-10T11:24:47","date_gmt":"2019-03-10T10:24:47","guid":{"rendered":"https:\/\/rentexpressmallorca.com\/elevador-de-banera-electrico\/"},"modified":"2026-02-28T15:32:13","modified_gmt":"2026-02-28T14:32:13","slug":"elevateur-de-bain-electrique","status":"publish","type":"post","link":"https:\/\/rentexpressmallorca.com\/fr\/elevateur-de-bain-electrique\/","title":{"rendered":"El\u00e9vateur de bain \u00e9lectrique"},"content":{"rendered":"\t\t<div data-elementor-type=\"wp-post\" data-elementor-id=\"19276\" class=\"elementor elementor-19276 elementor-18090\" data-elementor-post-type=\"post\">\n\t\t\t\t<div class=\"elementor-element elementor-element-42c57b4c e-flex e-con-boxed e-con e-parent\" data-id=\"42c57b4c\" data-element_type=\"container\" data-settings=\"{&quot;content_width&quot;:&quot;boxed&quot;}\" data-core-v316-plus=\"true\">\n\t\t\t\t\t<div class=\"e-con-inner\">\n\t\t\t\t<div class=\"elementor-element elementor-element-3c809e16 elementor-widget elementor-widget-text-editor\" data-id=\"3c809e16\" data-element_type=\"widget\" data-widget_type=\"text-editor.default\">\n\t\t\t\t<div class=\"elementor-widget-container\">\n\t\t\t<style>\/*! elementor - v3.19.0 - 05-02-2024 *\/\n.elementor-widget-text-editor.elementor-drop-cap-view-stacked .elementor-drop-cap{background-color:#69727d;color:#fff}.elementor-widget-text-editor.elementor-drop-cap-view-framed .elementor-drop-cap{color:#69727d;border:3px solid;background-color:transparent}.elementor-widget-text-editor:not(.elementor-drop-cap-view-default) .elementor-drop-cap{margin-top:8px}.elementor-widget-text-editor:not(.elementor-drop-cap-view-default) .elementor-drop-cap-letter{width:1em;height:1em}.elementor-widget-text-editor .elementor-drop-cap{float:left;text-align:center;line-height:1;font-size:50px}.elementor-widget-text-editor .elementor-drop-cap-letter{display:inline-block}<\/style>\t\t\t\t<h2>Ascenseur de baignoire \u00e9lectrique<\/h2><p><span class=\"jCAhz ChMk0b\"><span class=\"ryNqvb\">L&rsquo;\u00e9l\u00e9vateur de baignoire \u00e9lectrique, de marque Aquatec avec une s\u00e9curit\u00e9 et un bien-\u00eatre optimaux pour l&rsquo;utilisateur, facilitera l&rsquo;entr\u00e9e et la sortie sans efforts.<\/span><\/span> <span class=\"jCAhz ChMk0b\"><span class=\"ryNqvb\">Louer ou acheter un \u00e9l\u00e9vateur de baignoire \u00e9lectrique est un moyen s\u00fbr et confortable de prendre un bain agr\u00e9able.<\/span><\/span> <span class=\"jCAhz ChMk0b\"><span class=\"ryNqvb\">Il s&rsquo;actionne avec une t\u00e9l\u00e9commande pour s&rsquo;immerger dans la baignoire.<\/span><\/span> <span class=\"jCAhz ChMk0b\"><span class=\"ryNqvb\">Le dossier est inclinable et actionn\u00e9 par une t\u00e9l\u00e9commande totalement ind\u00e9pendante et en totale s\u00e9curit\u00e9 pour l&rsquo;utilisateur.<\/span><\/span><\/p><h3><span class=\"jCAhz ChMk0b\"><span class=\"ryNqvb\">Tarifs de location de si\u00e8ge de baignoire \u00e9lectrique<\/span><\/span><\/h3><ul><li><span class=\"jCAhz ChMk0b\"><span class=\"ryNqvb\">Tarif pour <\/span><\/span><span class=\"jCAhz ChMk0b\"><span class=\"ryNqvb\">3 jours&#8230;&#8230;&#8230;.35\u20ac<\/span><\/span><\/li><li><span class=\"jCAhz ChMk0b\"><span class=\"ryNqvb\">Prix \u200b\u200bpour 1 semaine.. 70 \u20ac<\/span><\/span><\/li><li><span class=\"jCAhz ChMk0b\"><span class=\"ryNqvb\">2 Semaines&#8230;&#8230;&#8230;&#8230;&#8230;&#8230;120\u20ac<\/span><\/span><\/li><li><span class=\"jCAhz ChMk0b\"><span class=\"ryNqvb\">1 mois&#8230;&#8230;&#8230;&#8230;&#8230;&#8230;&#8230;&#8230;&#8230;&#8230;&#8230;210\u20ac<\/span><\/span><\/li><li><span class=\"jCAhz ChMk0b\"><span class=\"ryNqvb\">Caution&#8230;&#8230;&#8230;&#8230;&#8230;..50\u20ac<\/span><\/span><\/li><\/ul><h3>Contactez-nous<\/h3><ul><li>+34 697402352<\/li><li>email: ade.elevation@gmail.com<\/li><\/ul><h3>O\u00f9 sommes-nous<\/h3><ol><li><a href=\"https:\/\/www.google.es\/maps\/place\/Rent+Express+Mallorca+(plaza+de+espa%C3%B1a)\/@39.5779607,2.652169,15z\/data=!4m5!3m4!1s0x0:0x489fb8c2a75faff2!8m2!3d39.5779607!4d2.652169\" target=\"_blank\" rel=\"noopener\">Calle 31 de diciembre , 3 ,07003 Palma de Mallorca<\/a><\/li><li><a href=\"https:\/\/www.google.es\/maps\/place\/Rent+express+Mallorca\/@39.5713387,2.6721975,15z\/data=!4m5!3m4!1s0x0:0x37d022e8bcdba205!8m2!3d39.5713387!4d2.6721975\" target=\"_blank\" rel=\"noopener\">Calle Manacor, 123,07007, Palma de Mallorca<\/a><\/li><\/ol><h3>Location d&rsquo;ascenseur de baignoire \u00e9lectrique<\/h3><p><span class=\"jCAhz ChMk0b\"><span class=\"ryNqvb\">L&rsquo;\u00e9l\u00e9vateur de baignoire \u00e9lectrique ou si\u00e8ge de baignoire \u00e9lectrique \u00e0 Palma de Majorque, permet \u00e0 l&rsquo;utilisateur de se sentir \u00e0 l&rsquo;aise et en s\u00e9curit\u00e9 pour prendre un bain sans aide ext\u00e9rieure pour s&rsquo;immerger dans et hors de l&rsquo;eau en toute s\u00e9curit\u00e9.<\/span><\/span> <span class=\"jCAhz ChMk0b\"><span class=\"ryNqvb\">Il offre une autonomie avec un grand confort.<\/span><\/span><\/p><p><span class=\"jCAhz ChMk0b\"><span class=\"ryNqvb\">L&rsquo;\u00e9l\u00e9vateur \u00e9lectrique pour baignoire fonctionne avec une t\u00e9l\u00e9commande en appuyant sur le bouton et il s&rsquo;abaissera doucement. Une fois en bas, le dossier pourra \u00eatre inclin\u00e9 pour un repos bien m\u00e9rit\u00e9 et un bain confortable.<\/span><\/span><\/p><h3>Avantage<\/h3><p><span class=\"jCAhz ChMk0b\"><span class=\"ryNqvb\">Le si\u00e8ge de baignoire \u00e9lectrique est l\u00e9ger et facile \u00e0 transporter, il peut \u00eatre rang\u00e9 de mani\u00e8re \u00e0 pouvoir \u00eatre retir\u00e9 de la baignoire lorsqu&rsquo;il n&rsquo;est pas utilis\u00e9.<\/span><\/span> <span class=\"jCAhz ChMk0b\"><span class=\"ryNqvb\">En appuyant sur un bouton, l&rsquo;ascenseur monte doucement jusqu&rsquo;au bord de la baignoire pour en faciliter la sortie.<\/span><\/span> <span class=\"jCAhz ChMk0b\"><span class=\"ryNqvb\">S\u00e9curit\u00e9 absolue.<\/span><\/span><\/p><h3>Description<\/h3><p>Fonctionne avec des batteries au Lithium qui se rechargent en 3 heures<\/p><p>Poids du si\u00e8ge \u00e9lectrique : 11Kg.<\/p><p>Poids maximum de l&rsquo;utilisateur : 140 Kg. Louez un \u00e9l\u00e9vateur \u00e9lectrique pour baignoires<\/p><h3>Louer un \u00e9l\u00e9vateur \u00e9lectrique pour baignoires<\/h3><p><span class=\"jCAhz ChMk0b\"><span class=\"ryNqvb\">La location est la meilleure option pour plusieurs facteurs, si vous souhaitez acheter un rehausseur de baignoire et que vous voulez d&rsquo;abord savoir s&rsquo;il vous conviendra.<\/span><\/span> <span class=\"jCAhz ChMk0b\"><span class=\"ryNqvb\">Deuxi\u00e8me option, vous voyagez ou envisagez de voyager aux \u00eeles Bal\u00e9ares et avez besoin d&rsquo;acc\u00e9der \u00e0 la baignoire en raison d&rsquo;un obstacle.<\/span><\/span> <span class=\"jCAhz ChMk0b\"><span class=\"ryNqvb\">Louer un si\u00e8ge \u00e9lectrique sera la solution pour passer un agr\u00e9able s\u00e9jour \u00e0 Majorque.<\/span><\/span><\/p><h3>Qu&rsquo;on offre<\/h3><p>Notre entreprise est sp\u00e9cialis\u00e9e dans la location d&rsquo;appareils orthop\u00e9diques et nous louons une grande vari\u00e9t\u00e9 d&rsquo;articles tels que des lits articul\u00e9s, des fauteuils roulants, des scooters \u00e9lectriques et bien plus encore dans notre section mobilit\u00e9.<\/p>\t\t\t\t\t\t<\/div>\n\t\t\t\t<\/div>\n\t\t\t\t\t<\/div>\n\t\t\t\t<\/div>\n\t\t\t\t<\/div>\n\t\t","protected":false},"excerpt":{"rendered":"<p>Ascenseur de baignoire \u00e9lectrique L&rsquo;\u00e9l\u00e9vateur de baignoire \u00e9lectrique, de marque Aquatec avec une s\u00e9curit\u00e9 et un bien-\u00eatre optimaux pour l&rsquo;utilisateur, facilitera l&rsquo;entr\u00e9e et la sortie sans efforts. Louer ou acheter un \u00e9l\u00e9vateur de baignoire \u00e9lectrique est un moyen s\u00fbr et confortable de prendre un bain agr\u00e9able. Il s&rsquo;actionne avec une t\u00e9l\u00e9commande pour s&rsquo;immerger dans la [&hellip;]<\/p>\n","protected":false},"author":1,"featured_media":18878,"comment_status":"closed","ping_status":"open","sticky":false,"template":"","format":"image","meta":{"site-sidebar-layout":"default","site-content-layout":"","ast-site-content-layout":"default","site-content-style":"default","site-sidebar-style":"default","ast-global-header-display":"","ast-banner-title-visibility":"","ast-main-header-display":"","ast-hfb-above-header-display":"","ast-hfb-below-header-display":"","ast-hfb-mobile-header-display":"","site-post-title":"","ast-breadcrumbs-content":"","ast-featured-img":"","footer-sml-layout":"","ast-disable-related-posts":"","theme-transparent-header-meta":"","adv-header-id-meta":"","stick-header-meta":"","header-above-stick-meta":"","header-main-stick-meta":"","header-below-stick-meta":"","astra-migrate-meta-layouts":"default","ast-page-background-enabled":"default","ast-page-background-meta":{"desktop":{"background-color":"var(--ast-global-color-4)","background-image":"","background-repeat":"repeat","background-position":"center center","background-size":"auto","background-attachment":"scroll","background-type":"","background-media":"","overlay-type":"","overlay-color":"","overlay-opacity":"","overlay-gradient":""},"tablet":{"background-color":"","background-image":"","background-repeat":"repeat","background-position":"center center","background-size":"auto","background-attachment":"scroll","background-type":"","background-media":"","overlay-type":"","overlay-color":"","overlay-opacity":"","overlay-gradient":""},"mobile":{"background-color":"","background-image":"","background-repeat":"repeat","background-position":"center center","background-size":"auto","background-attachment":"scroll","background-type":"","background-media":"","overlay-type":"","overlay-color":"","overlay-opacity":"","overlay-gradient":""}},"ast-content-background-meta":{"desktop":{"background-color":"var(--ast-global-color-5)","background-image":"","background-repeat":"repeat","background-position":"center center","background-size":"auto","background-attachment":"scroll","background-type":"","background-media":"","overlay-type":"","overlay-color":"","overlay-opacity":"","overlay-gradient":""},"tablet":{"background-color":"var(--ast-global-color-5)","background-image":"","background-repeat":"repeat","background-position":"center center","background-size":"auto","background-attachment":"scroll","background-type":"","background-media":"","overlay-type":"","overlay-color":"","overlay-opacity":"","overlay-gradient":""},"mobile":{"background-color":"var(--ast-global-color-5)","background-image":"","background-repeat":"repeat","background-position":"center center","background-size":"auto","background-attachment":"scroll","background-type":"","background-media":"","overlay-type":"","overlay-color":"","overlay-opacity":"","overlay-gradient":""}},"footnotes":""},"categories":[703],"tags":[861,862,863,864,865,866],"class_list":["post-19276","post","type-post","status-publish","format-image","has-post-thumbnail","hentry","category-location-orthopedique","tag-alquilar-un-elevador-electrico-para-baneras-fr","tag-alquilar-una-silla-elevadora-electrica-para-banera-fr","tag-banera-elevador-electrico-fr","tag-elevador-electrico-de-banera-fr","tag-silla-electrica-elevadora-para-banera-fr","tag-silla-electrica-para-banera-fr","post_format-post-format-image"],"_links":{"self":[{"href":"https:\/\/rentexpressmallorca.com\/fr\/wp-json\/wp\/v2\/posts\/19276","targetHints":{"allow":["GET"]}}],"collection":[{"href":"https:\/\/rentexpressmallorca.com\/fr\/wp-json\/wp\/v2\/posts"}],"about":[{"href":"https:\/\/rentexpressmallorca.com\/fr\/wp-json\/wp\/v2\/types\/post"}],"author":[{"embeddable":true,"href":"https:\/\/rentexpressmallorca.com\/fr\/wp-json\/wp\/v2\/users\/1"}],"replies":[{"embeddable":true,"href":"https:\/\/rentexpressmallorca.com\/fr\/wp-json\/wp\/v2\/comments?post=19276"}],"version-history":[{"count":11,"href":"https:\/\/rentexpressmallorca.com\/fr\/wp-json\/wp\/v2\/posts\/19276\/revisions"}],"predecessor-version":[{"id":22283,"href":"https:\/\/rentexpressmallorca.com\/fr\/wp-json\/wp\/v2\/posts\/19276\/revisions\/22283"}],"wp:featuredmedia":[{"embeddable":true,"href":"https:\/\/rentexpressmallorca.com\/fr\/wp-json\/wp\/v2\/media\/18878"}],"wp:attachment":[{"href":"https:\/\/rentexpressmallorca.com\/fr\/wp-json\/wp\/v2\/media?parent=19276"}],"wp:term":[{"taxonomy":"category","embeddable":true,"href":"https:\/\/rentexpressmallorca.com\/fr\/wp-json\/wp\/v2\/categories?post=19276"},{"taxonomy":"post_tag","embeddable":true,"href":"https:\/\/rentexpressmallorca.com\/fr\/wp-json\/wp\/v2\/tags?post=19276"}],"curies":[{"name":"wp","href":"https:\/\/api.w.org\/{rel}","templated":true}]}}