{"id":19282,"date":"2018-07-03T16:19:43","date_gmt":"2018-07-03T14:19:43","guid":{"rendered":"https:\/\/rentexpressmallorca.com\/alquiler-de-coches-en-palma-de-mallorca\/"},"modified":"2023-12-23T17:36:53","modified_gmt":"2023-12-23T16:36:53","slug":"location-de-voiture-a-palma-de-majorque","status":"publish","type":"post","link":"https:\/\/rentexpressmallorca.com\/fr\/location-de-voiture-a-palma-de-majorque\/","title":{"rendered":"Location de voiture \u00e0 Palma de Majorque"},"content":{"rendered":"\t\t<div data-elementor-type=\"wp-post\" data-elementor-id=\"19282\" class=\"elementor elementor-19282 elementor-18094\" data-elementor-post-type=\"post\">\n\t\t\t\t<div class=\"elementor-element elementor-element-76148083 e-flex e-con-boxed e-con e-parent\" data-id=\"76148083\" data-element_type=\"container\" data-settings=\"{&quot;content_width&quot;:&quot;boxed&quot;}\" data-core-v316-plus=\"true\">\n\t\t\t\t\t<div class=\"e-con-inner\">\n\t\t\t\t<div class=\"elementor-element elementor-element-63bcdc0b elementor-widget elementor-widget-text-editor\" data-id=\"63bcdc0b\" data-element_type=\"widget\" data-widget_type=\"text-editor.default\">\n\t\t\t\t<div class=\"elementor-widget-container\">\n\t\t\t<style>\/*! elementor - v3.19.0 - 05-02-2024 *\/\n.elementor-widget-text-editor.elementor-drop-cap-view-stacked .elementor-drop-cap{background-color:#69727d;color:#fff}.elementor-widget-text-editor.elementor-drop-cap-view-framed .elementor-drop-cap{color:#69727d;border:3px solid;background-color:transparent}.elementor-widget-text-editor:not(.elementor-drop-cap-view-default) .elementor-drop-cap{margin-top:8px}.elementor-widget-text-editor:not(.elementor-drop-cap-view-default) .elementor-drop-cap-letter{width:1em;height:1em}.elementor-widget-text-editor .elementor-drop-cap{float:left;text-align:center;line-height:1;font-size:50px}.elementor-widget-text-editor .elementor-drop-cap-letter{display:inline-block}<\/style>\t\t\t\t<h2>Location de voiture \u00e0 Palma de Majorque<\/h2><p><span class=\"jCAhz ChMk0b\"><span class=\"ryNqvb\">Tarifs \u00e9conomiques livraison a\u00e9roport\u00a0 de Palma de Majorque au prix le plus abordable.<\/span><\/span> <span class=\"jCAhz ChMk0b\"><span class=\"ryNqvb\">Nous avons des mod\u00e8les de cat\u00e9gorie A : comme Citro\u00ebn C4, Nissan Micra, Peugeot 208&#8230;<\/span><\/span><\/p><p><span class=\"jCAhz ChMk0b\"><span class=\"ryNqvb\">Rent Express Majorque offre les meilleurs tarifs pour louer une voiture \u00e0 l&rsquo;a\u00e9roport.<\/span><\/span><\/p><h3>O\u00f9 sommes-nous<\/h3><ul><li><a href=\"https:\/\/www.google.es\/maps\/place\/Calle+de+Manacor,+123,+07007+Palma,+Islas+Baleares\/@39.5713665,2.6700135,17z\/data=!3m1!4b1!4m5!3m4!1s0x129793a4ed85b9ad:0x53ff4afa7c1b3776!8m2!3d39.5713665!4d2.6722022\" target=\"_blank\" rel=\"noopener\">Calle Manacor 123,07007 Palma de Majorque<\/a><\/li><li><a href=\"https:\/\/www.google.es\/maps\/place\/Rent+Express+Mallorca+(plaza+de+espa%C3%B1a)\/@39.5779607,2.652169,15z\/data=!4m5!3m4!1s0x0:0x489fb8c2a75faff2!8m2!3d39.5779607!4d2.652169\" target=\"_blank\" rel=\"noopener\">Carrer del 31 de desembre,3, 07003 Palma de Mallorca<\/a><\/li><li>A\u00e9roport avec r\u00e9servations \u00e0 l&rsquo;avance<\/li><\/ul><h2>T\u00e9l\u00e9phone<\/h2><ul><li>(+34) 697402352<\/li><li>(+34) 651723263<\/li><\/ul><h4>e-mail<\/h4><ul><li><a href=\"mailto:ade.elevation@gmail.com\">ade.elevation@gmail.com<\/a><\/li><\/ul><h2>Location de voiture \u00e0 Palma de Majorque<\/h2><ul><li><span class=\"jCAhz ChMk0b\"><span class=\"ryNqvb\">Service de navette gratuit depuis l&rsquo;a\u00e9roport.<\/span><\/span><\/li><li><span class=\"jCAhz ChMk0b\"><span class=\"ryNqvb\">Livraison \u00e0 l&rsquo;a\u00e9roport\u00a0<\/span><\/span><\/li><li><span class=\"jCAhz ChMk0b\"><span class=\"ryNqvb\">Assistance routi\u00e8re 24h\/24.<\/span><\/span><\/li><li><span class=\"jCAhz ChMk0b\"><span class=\"ryNqvb\">La garantie compl\u00e9mentaire Confort Plus sans franchise ni r\u00e9tention de carte pour seulement 5 \u20ac\/jour couvre les dommages aux vitres et r\u00e9troviseurs, les pneus.<\/span><\/span><\/li><li><span class=\"jCAhz ChMk0b\"><span class=\"ryNqvb\">Assurance tous risques sans franchise (voir conditions ci-dessous).<\/span><\/span><\/li><li><span class=\"jCAhz ChMk0b\"><span class=\"ryNqvb\">Kilom\u00e9trage illimit\u00e9.<\/span><\/span><\/li><li><span class=\"jCAhz ChMk0b\"><span class=\"ryNqvb\">L&rsquo;essence n&rsquo;est pas factur\u00e9e lors du retour au m\u00eame niveau.<\/span><\/span><\/li><li><span class=\"jCAhz ChMk0b\"><span class=\"ryNqvb\">\u00c2ge du conducteur entre 25 et 75 ans.<\/span><\/span><\/li><li><span class=\"jCAhz ChMk0b\"><span class=\"ryNqvb\">Les conducteurs entre 21 et 24 ans, tous deux inclus, doivent ajouter le suppl\u00e9ment jeune conducteur (5,90 \u20ac\/jour)<\/span><\/span><\/li><\/ul><h3>Caract\u00e9ristiques suppl\u00e9mentaires<\/h3><ul><li><span class=\"jCAhz ChMk0b\"><span class=\"ryNqvb\">La garantie compl\u00e9mentaire Confort Plus sans franchise ni r\u00e9tention de carte pour seulement 5 \u20ac\/jour couvre les dommages aux vitres et r\u00e9troviseurs, les pneus.<\/span><\/span><\/li><li><span class=\"jCAhz ChMk0b\"><span class=\"ryNqvb\">Tous les prix incluent les taxes (TVA 21%)<\/span><\/span><\/li><li><span class=\"jCAhz ChMk0b\"><span class=\"ryNqvb\">Ne comprend pas le si\u00e8ge auto pour enfant, le GPS, ces \u00e9l\u00e9ments peuvent \u00eatre lou\u00e9s en extra.<\/span><\/span><\/li><\/ul><h3>Basse saison (1\/11 &#8211; 31\/05)<\/h3><table style=\"height: 279px;\" width=\"528\"><tbody><tr><td width=\"335\"><strong>\u00a0 \u00a0 \u00a0 \u00a0 \u00a0 \u00a0 Dur\u00e9e<\/strong><\/td><td width=\"335\"><strong>\u00a0 \u00a0 \u00a0 \u00a0 \u00a0 \u00a0 \u00a0 \u00a0 \u00a0 \u00a0Prix<\/strong><\/td><\/tr><tr><td width=\"335\">\u00a0 \u00a0 \u00a0 \u00a0 \u00a0 \u00a0 \u00a0 \u00a0 \u00a0 \u00a01 jour<\/td><td width=\"335\">\u00a0 \u00a0 pour consulter<\/td><\/tr><tr><td width=\"335\">\u00a0\u00a0\u00a0\u00a0\u00a0\u00a0\u00a0\u00a0\u00a0\u00a0\u00a0\u00a0\u00a0\u00a0\u00a0 \u00a0\u00a0\u00a02 jours<\/td><td width=\"335\">\u00a0 \u00a0 pour consulter<\/td><\/tr><tr><td width=\"335\">\u00a0\u00a0\u00a0\u00a0\u00a0\u00a0\u00a0\u00a0\u00a0\u00a0\u00a0\u00a0\u00a0\u00a0\u00a0\u00a0 \u00a0\u00a03 dias<\/td><td width=\"335\">\u00a0 \u00a0 pour consulter<\/td><\/tr><tr><td width=\"335\">\u00a0\u00a0\u00a0\u00a0\u00a0\u00a0\u00a0\u00a0\u00a0\u00a0\u00a0 \u00a0\u00a0\u00a0\u00a0\u00a0\u00a0\u00a04 dias<\/td><td width=\"335\">\u00a0 \u00a0 pour consulter<\/td><\/tr><tr><td width=\"335\">\u00a0\u00a0\u00a0\u00a0\u00a0\u00a0\u00a0\u00a0\u00a0\u00a0\u00a0\u00a0\u00a0\u00a0 \u00a0\u00a0\u00a0\u00a05 dias<\/td><td width=\"335\">\u00a0 \u00a0 pour consulter<\/td><\/tr><tr><td width=\"335\">\u00a0\u00a0\u00a0\u00a0\u00a0\u00a0\u00a0\u00a0\u00a0\u00a0\u00a0\u00a0\u00a0\u00a0\u00a0 \u00a0\u00a0\u00a06 dias<\/td><td width=\"335\">\u00a0 \u00a0 pour consulter<\/td><\/tr><tr><td width=\"335\">\u00a0\u00a0\u00a0\u00a0\u00a0\u00a0\u00a0\u00a0\u00a0\u00a0\u00a0\u00a0\u00a0\u00a0 \u00a0\u00a0\u00a0\u00a07 dias<\/td><td width=\"335\">\u00a0 \u00a0 pour consulter<\/td><\/tr><tr><td width=\"335\">\u00a0 \u00a0 \u00a0 \u00a0 \u00a0 \u00a0 \u00a0 \u00a0 \u00a0 \u00a08 dias<\/td><td width=\"335\">\u00a0 \u00a0 pour consulter<\/td><\/tr><\/tbody><\/table><h3>Temporada alta ( 1\/06 &#8211; 31\/10 )<\/h3><table style=\"height: 279px;\" width=\"528\"><tbody><tr><td width=\"335\"><strong>\u00a0 \u00a0 \u00a0 \u00a0 \u00a0 \u00a0 Dur\u00e9e<\/strong><\/td><td width=\"335\"><strong>\u00a0 \u00a0 \u00a0 \u00a0 \u00a0 \u00a0 \u00a0 \u00a0 \u00a0 \u00a0Prix<\/strong><\/td><\/tr><tr><td width=\"335\">\u00a0\u00a0\u00a0\u00a0\u00a0\u00a0\u00a0\u00a0\u00a0\u00a0\u00a0\u00a0\u00a0\u00a0\u00a0\u00a0 \u00a0\u00a01 d\u00eda<\/td><td width=\"335\">\u00a0 \u00a0 \u00a0 \u00a0 \u00a0 \u00a0\u00a0pour consulter<\/td><\/tr><tr><td width=\"335\">\u00a0\u00a0\u00a0\u00a0\u00a0\u00a0\u00a0\u00a0\u00a0\u00a0\u00a0\u00a0\u00a0\u00a0\u00a0 \u00a0\u00a0\u00a02 dias<\/td><td width=\"335\">\u00a0 \u00a0 \u00a0 \u00a0\u00a0 \u00a0 \u00a0pour consulter<\/td><\/tr><tr><td width=\"335\">\u00a0\u00a0\u00a0\u00a0\u00a0\u00a0\u00a0\u00a0\u00a0\u00a0\u00a0\u00a0\u00a0\u00a0\u00a0\u00a0 \u00a0\u00a03 dias<\/td><td width=\"335\">\u00a0 \u00a0 \u00a0 \u00a0 \u00a0 \u00a0 pour consulter<\/td><\/tr><tr><td width=\"335\">\u00a0\u00a0\u00a0\u00a0\u00a0\u00a0\u00a0\u00a0\u00a0\u00a0\u00a0 \u00a0\u00a0\u00a0\u00a0\u00a0\u00a0\u00a04 dias<\/td><td width=\"335\">\u00a0 \u00a0 \u00a0 \u00a0 \u00a0 \u00a0 pour consulter<\/td><\/tr><tr><td width=\"335\">\u00a0\u00a0\u00a0\u00a0\u00a0\u00a0\u00a0\u00a0\u00a0\u00a0\u00a0\u00a0\u00a0\u00a0 \u00a0\u00a0\u00a0\u00a05 dias<\/td><td width=\"335\">\u00a0 \u00a0 \u00a0 \u00a0 \u00a0 \u00a0 pour consulter<\/td><\/tr><tr><td width=\"335\">\u00a0\u00a0\u00a0\u00a0\u00a0\u00a0\u00a0\u00a0\u00a0\u00a0\u00a0\u00a0\u00a0\u00a0\u00a0 \u00a0\u00a0\u00a06 dias<\/td><td width=\"335\">\u00a0 \u00a0 \u00a0 \u00a0 \u00a0 \u00a0 pour consulter<\/td><\/tr><tr><td width=\"335\">\u00a0\u00a0\u00a0\u00a0\u00a0\u00a0\u00a0\u00a0\u00a0\u00a0\u00a0\u00a0\u00a0\u00a0 \u00a0\u00a0\u00a0\u00a07 dias<\/td><td width=\"335\">\u00a0 \u00a0 \u00a0 \u00a0 \u00a0 \u00a0 pour consulter<\/td><\/tr><tr><td width=\"335\">\u00a0\u00a0\u00a0\u00a0\u00a0\u00a0\u00a0\u00a0\u00a0\u00a0\u00a0\u00a0\u00a0\u00a0\u00a0\u00a0 \u00a0\u00a08 dias<\/td><td width=\"335\">\u00a0 \u00a0 \u00a0 \u00a0 \u00a0 \u00a0 pour consulter<\/td><\/tr><\/tbody><\/table><h3>L&rsquo;assurance confort extra \u00ab\u00a0plus\u00a0\u00bb 5\u20ac\/jour comprend :<\/h3><ul><li><span class=\"jCAhz ChMk0b\"><span class=\"ryNqvb\">Livraison et retour du v\u00e9hicule \u00e0 l&rsquo;a\u00e9roport<\/span><\/span><\/li><li><span class=\"jCAhz ChMk0b\"><span class=\"ryNqvb\">Deuxi\u00e8me conducteur, 25 ans<\/span><\/span><\/li><li><span class=\"jCAhz ChMk0b\"><span class=\"ryNqvb\">Dommages aux miroirs ou aux fen\u00eatres<\/span><\/span><\/li><li><span class=\"jCAhz ChMk0b\"><span class=\"ryNqvb\">Dommages aux roues, pneus ou jantes<\/span><\/span><\/li><li><span class=\"jCAhz ChMk0b\"><span class=\"ryNqvb\">Pas de d\u00e9p\u00f4t<\/span><\/span><\/li><li><span class=\"jCAhz ChMk0b\"><span class=\"ryNqvb\">Sans franchise<\/span><\/span><\/li><li><span class=\"jCAhz ChMk0b\"><span class=\"ryNqvb\">Assistance routi\u00e8re 24h\/24<\/span><\/span><\/li><li><span class=\"jCAhz ChMk0b\"><span class=\"ryNqvb\">Kilom\u00e9trage illimit\u00e9<\/span><\/span><\/li><li><span class=\"jCAhz ChMk0b\"><span class=\"ryNqvb\">Essence au m\u00eame niveau<\/span><\/span><\/li><li><span class=\"jCAhz ChMk0b\"><span class=\"ryNqvb\">Ne couvre pas les erreurs de ravitaillement ou les cl\u00e9s cass\u00e9es\/perdues.<\/span><\/span><\/li><\/ul><p><span class=\"jCAhz ChMk0b\"><span class=\"ryNqvb\">En cas de crevaison, le client doit remplacer le pneu par celui de secours ; s&rsquo;il demande de l&rsquo;aide pour cela, il sera factur\u00e9 au kilom\u00e9trage.<\/span><\/span><\/p><p><span class=\"jCAhz ChMk0b\"><span class=\"ryNqvb\">Si vous restituez le v\u00e9hicule avec un \u00e9tat de salet\u00e9 extr\u00eame, des frais suppl\u00e9mentaires de 25 \u20ac vous seront factur\u00e9s pour le nettoyage.<\/span><\/span><\/p><h4>Assurance location de voiture<\/h4><p>Chez Rent Express Mallorca, nous vous proposons deux polices d&rsquo;assurance, une de base et une autre plus compl\u00e8te avec lesquelles vous pourrez parcourir l&rsquo;\u00eele en toute s\u00e9curit\u00e9.<\/p><h4>Assurance confort incluse dans la location :<\/h4><ul><li><span class=\"jCAhz ChMk0b\"><span class=\"ryNqvb\">Transport des clients depuis l&rsquo;a\u00e9roport.<\/span><\/span><\/li><li><span class=\"jCAhz ChMk0b\"><span class=\"ryNqvb\">Assistance routi\u00e8re 24h\/24.<\/span><\/span><\/li><li><span class=\"jCAhz ChMk0b\"><span class=\"ryNqvb\">kilom\u00e9trage illimit\u00e9.<\/span><\/span><\/li><li><span class=\"jCAhz ChMk0b\"><span class=\"ryNqvb\">Livraison \u00e0 l&rsquo;a\u00e9roport si l&rsquo;heure d&rsquo;arriv\u00e9e est en dehors de nos horaires <\/span><\/span><\/li><li><span class=\"jCAhz ChMk0b\"><span class=\"ryNqvb\">D&rsquo;ouverture de 19h00 \u00e0 23h00 samedi et dimanche inclus.<\/span><\/span><\/li><li><span class=\"jCAhz ChMk0b\"><span class=\"ryNqvb\">N&rsquo;inclut pas les dommages aux r\u00e9troviseurs, aux vitres, aux roues, aux pneus, aux jantes, aux erreurs de ravitaillement en carburant, aux cl\u00e9s cass\u00e9es ou perdues.<\/span><\/span><\/li><li><span class=\"jCAhz ChMk0b\"><span class=\"ryNqvb\">Caution 300 \u20ac<\/span><\/span><\/li><li><span class=\"jCAhz ChMk0b\"><span class=\"ryNqvb\">Franchise 350 \u20ac<\/span><\/span><\/li><\/ul><h4>\u00c9quipements suppl\u00e9mentaires pour votre location de voiture \u00e0 Majorque<\/h4><p><span class=\"jCAhz ChMk0b\"><span class=\"ryNqvb\">Il convient de souligner la location de si\u00e8ges auto pour enfants \u00e0 un tarif imbattable.<\/span><\/span> <span class=\"jCAhz ChMk0b\"><span class=\"ryNqvb\">Vous pouvez louer le si\u00e8ge sans avoir \u00e0 louer la voiture avec nous.<\/span><\/span><\/p><p><span class=\"jCAhz ChMk0b\"><span class=\"ryNqvb\">Location de scooters pour enfants, poussettes pour b\u00e9b\u00e9s et enfants, porte-b\u00e9b\u00e9s, berceaux de voyage, baignoirs.<\/span><\/span><\/p><p><span class=\"jCAhz ChMk0b\"><span class=\"ryNqvb\">Vous pouvez \u00e9galement louer des scooters \u00e9lectriques, louer une moto 125cc, des scooters \u00e9lectriques pour personnes \u00e0 mobilit\u00e9 r\u00e9duite, des fauteuils roulants et des aides sanitaires.<\/span><\/span><\/p><p><span class=\"jCAhz ChMk0b\"><span class=\"ryNqvb\">Nous proposons \u00e9galement la location de climatisation pour votre maison de location, pour plus de produits, visitez notre site Web.<\/span><\/span><\/p><h3>Conditions de location de voiture \u00e0 Majorque<\/h3><p><span class=\"jCAhz ChMk0b\"><span class=\"ryNqvb\">L&rsquo;utilisateur doit:<\/span><\/span><\/p><ul><li><span class=\"jCAhz ChMk0b\"><span class=\"ryNqvb\">Avoir 23 ans et 3 ans de permis.<\/span><\/span><\/li><li><span class=\"jCAhz ChMk0b\"><span class=\"ryNqvb\">Pr\u00e9sentez votre permis de conduire valide, votre passeport, votre pi\u00e8ce d&rsquo;identit\u00e9.<\/span><\/span><\/li><li><span class=\"jCAhz ChMk0b\"><span class=\"ryNqvb\">Carte bancaire<\/span><\/span><\/li><li><span class=\"jCAhz ChMk0b\"><span class=\"ryNqvb\">P\u00e9riode de location de voiture<\/span><\/span><\/li><\/ul><p><span class=\"jCAhz ChMk0b\"><span class=\"ryNqvb\">Les jours de location sont calcul\u00e9s par p\u00e9riodes de 24 heures \u00e0 compter de l&rsquo;heure exacte o\u00f9 le Locataire a livr\u00e9 le V\u00e9hicule lou\u00e9 et jusqu&rsquo;\u00e0 ce que le V\u00e9hicule soit restitu\u00e9 \u00e0 l&rsquo;adresse de notre si\u00e8ge social \u00e0 : Calle Manacor 123, 07007 Palma de Majorque ou \u00e0 l&rsquo;a\u00e9roport si le un service a\u00e9roportuaire a \u00e9t\u00e9 souscrit, o\u00f9 le locataire doit nous envoyer par WhatsApp ou SMS justifiant l&rsquo;heure de retour \u00e0 l&rsquo;a\u00e9roport, le num\u00e9ro d&rsquo;\u00e9tage et d&rsquo;espace.<\/span><\/span><\/p><p><span class=\"jCAhz ChMk0b\"><span class=\"ryNqvb\">Location Express Majorque (Ade Elevation slu).<\/span><\/span> <span class=\"jCAhz ChMk0b\"><span class=\"ryNqvb\">Accorde un d\u00e9lai de courtoisie de 60 minutes, soit 1 heure, \u00e0 compter de la date et de l&rsquo;heure de prise en charge, d&rsquo;enregistrement et de restitution (check-out) du V\u00e9hicule \u00e9crites et sign\u00e9es par les deux parties dans le Contrat de Location.<\/span><\/span><\/p><p><span class=\"jCAhz ChMk0b\"><span class=\"ryNqvb\">La soci\u00e9t\u00e9 Ade Elevation SLU se r\u00e9serve d\u00e9sormais le droit de modifier les tarifs, les v\u00e9hicules de location se font par cat\u00e9gories et non par marques ou mod\u00e8les.<\/span><\/span> <span class=\"jCAhz ChMk0b\"><span class=\"ryNqvb\">les images sont<\/span><\/span><\/p><h4>Conditions<\/h4><p><span class=\"jCAhz ChMk0b\"><span class=\"ryNqvb\">En cas de non-respect du d\u00e9lai pr\u00e9c\u00e9dent, le Loueur aura le droit de percevoir le montant de la location depuis la fin du contrat jusqu&rsquo;\u00e0 la restitution du V\u00e9hicule, selon le Tarif G\u00e9n\u00e9ral en vigueur, le kilom\u00e9trage, les dommages et une p\u00e9nalit\u00e9 pour le co\u00fbt \u00e9conomique. les dommages caus\u00e9s s&rsquo;\u00e9l\u00e8veront \u00e0 35 \u20ac par retard, en ajoutant ce montant chaque jour et les extras si contract\u00e9s, \u00e0 partir de la date \u00e0 laquelle l&rsquo;enregistrement aurait d\u00fb \u00eatre effectu\u00e9 jusqu&rsquo;au retour ou \u00e0 la r\u00e9cup\u00e9ration et \u00e0 la pr\u00e9paration du v\u00e9hicule de d\u00e9part.<\/span><\/span><\/p><p><span class=\"jCAhz ChMk0b\"><span class=\"ryNqvb\">Les traductions de nos conditions dans d&rsquo;autres langues sont informatives et n&rsquo;ont aucun caract\u00e8re juridique.<\/span><\/span> <span class=\"jCAhz ChMk0b\"><span class=\"ryNqvb\">Seules les conditions en espagnol ont une validit\u00e9 l\u00e9gale.<\/span><\/span> <span class=\"jCAhz ChMk0b\"><span class=\"ryNqvb\">Les images publi\u00e9es sont purement illustratives, le client ne peut exiger un mod\u00e8le de v\u00e9hicule sp\u00e9cifique mais plut\u00f4t la cat\u00e9gorie propos\u00e9e par notre soci\u00e9t\u00e9 sans en pr\u00e9ciser la marque et le mod\u00e8le<\/span><\/span><\/p><h4>Important<\/h4><p><span class=\"jCAhz ChMk0b\"><span class=\"ryNqvb\">Si vous abandonnez le V\u00e9hicule, en plus de ce qui est mentionn\u00e9, 100\u00a0\u20ac de frais de r\u00e9cup\u00e9ration du v\u00e9hicule vous seront factur\u00e9s plus tous les frais et co\u00fbts li\u00e9s \u00e0 la r\u00e9cup\u00e9ration du v\u00e9hicule.<\/span><\/span><\/p><p><span class=\"jCAhz ChMk0b\"><span class=\"ryNqvb\">Aucune des assurances ou garanties compl\u00e9mentaires ne couvre les erreurs de ravitaillement ou le fait de laisser conduire une autre personne qui n&rsquo;est pas stipul\u00e9e dans le contrat de location comme second conducteur.<\/span><\/span> <span class=\"jCAhz ChMk0b\"><span class=\"ryNqvb\">Le bris ou la perte des cl\u00e9s n&rsquo;est inclus dans aucune de nos assurances.<\/span><\/span><\/p><h4><strong>Retour et livraison de la voiture<\/strong><\/h4><p><span class=\"jCAhz ChMk0b\"><span class=\"ryNqvb\">La restitution ou la livraison de la voiture en dehors des heures d&rsquo;ouverture entra\u00eene un suppl\u00e9ment.<\/span><\/span><\/p><p><span class=\"jCAhz ChMk0b\"><span class=\"ryNqvb\">Tous les retraits et retours sont gratuits entre 8h et 22h.<\/span><\/span> <span class=\"jCAhz ChMk0b\"><span class=\"ryNqvb\">En dehors de ces horaires, les suppl\u00e9ments suivants s&rsquo;appliqueront :<\/span><\/span><\/p><ul><li><span class=\"jCAhz ChMk0b\"><span class=\"ryNqvb\">Livraison anticip\u00e9e (06h-7h59) : 30 \u20ac<\/span><\/span><\/li><li><span class=\"jCAhz ChMk0b\"><span class=\"ryNqvb\">Livraisons de nuit (22h00 &#8211; 22h59) : 30 \u20ac<\/span><\/span><\/li><li><span class=\"jCAhz ChMk0b\"><span class=\"ryNqvb\">Livraison t\u00f4t le matin (23h &#8211; 5h59) : 50 \u20ac<\/span><\/span><\/li><li><span class=\"jCAhz ChMk0b\"><span class=\"ryNqvb\">Nuit\u00e9e\/retour anticip\u00e9 (22h &#8211; 8h) : 50 \u20ac<\/span><\/span><\/li><\/ul><p><span class=\"jCAhz ChMk0b\"><span class=\"ryNqvb\">Si le v\u00e9hicule est restitu\u00e9 avant la date de fin du contrat, aucun montant ne sera rembours\u00e9.<\/span><\/span><\/p><h4>R\u00e9servez votre voiture de location avec Rent Express Majorque<\/h4><p>Vous pouvez nous contacter via formulaire, par t\u00e9l\u00e9phone, nous utilisons le service WhatsApp pour toute information n\u00e9cessaire \u00e0 notre service de location de voiture \u00e0 Majorque.<\/p><p>Documents n\u00e9cessaires : permis de conduire, Dni ou Nie, carte bancaire de cr\u00e9dit ou de d\u00e9bit.<\/p><h4>location de voiture \u00e0 Majorque<\/h4><p><span class=\"jCAhz ChMk0b\"><span class=\"ryNqvb\">Cela n\u2019a jamais \u00e9t\u00e9 aussi simple et \u00e9conomique.<\/span><\/span> <span class=\"jCAhz ChMk0b\"><span class=\"ryNqvb\">Par rapport aux compagnies low-cost, chez Rent Express Mallorca nous avons un tarif clair.<\/span><\/span><\/p><p><span class=\"jCAhz ChMk0b\"><span class=\"ryNqvb\">En plus de la location de voitures, nous proposons de nombreux autres articles.<\/span><\/span> <span class=\"jCAhz ChMk0b\"><span class=\"ryNqvb\"><a href=\"https:\/\/rentexpressmallorca.com\/category\/articulos-para-ninos-y-bebes\/\">location de poussettes pour enfants, location de chaises hautes<\/a>.<\/span><\/span> <span class=\"jCAhz ChMk0b\"><span class=\"ryNqvb\">Location de motos 125cc ou 49cc.<\/span><\/span> <span class=\"jCAhz ChMk0b\"><span class=\"ryNqvb\">Rent Express Mallorca est donc votre r\u00e9f\u00e9rence si vous d\u00e9cidez de voyager sur la merveilleuse \u00eele de Majorque.<\/span><\/span> <span class=\"jCAhz ChMk0b\"><span class=\"ryNqvb\">Notre entreprise est ouverte toute l&rsquo;ann\u00e9e, y compris le dimanche pendant les mois d&rsquo;\u00e9t\u00e9.<\/span><\/span><\/p><p><span class=\"jCAhz ChMk0b\"><span class=\"ryNqvb\">Pour tout renseignement n&rsquo;h\u00e9sitez pas \u00e0 nous contacter.<\/span><\/span><\/p>\t\t\t\t\t\t<\/div>\n\t\t\t\t<\/div>\n\t\t\t\t<div class=\"elementor-element elementor-element-efddf5b elementor-widget elementor-widget-image\" data-id=\"efddf5b\" data-element_type=\"widget\" data-widget_type=\"image.default\">\n\t\t\t\t<div class=\"elementor-widget-container\">\n\t\t\t<style>\/*! elementor - v3.19.0 - 05-02-2024 *\/\n.elementor-widget-image{text-align:center}.elementor-widget-image a{display:inline-block}.elementor-widget-image a img[src$=\".svg\"]{width:48px}.elementor-widget-image img{vertical-align:middle;display:inline-block}<\/style>\t\t\t\t\t\t\t\t\t\t<img fetchpriority=\"high\" decoding=\"async\" width=\"994\" height=\"559\" src=\"https:\/\/rentexpressmallorca.com\/wp-content\/uploads\/2018\/07\/autovermietung-Mallorca-flughafen.jpg\" class=\"attachment-large size-large wp-image-18881\" alt=\"Location de voiture \u00e0 Palma de Majorque\" srcset=\"https:\/\/rentexpressmallorca.com\/wp-content\/uploads\/2018\/07\/autovermietung-Mallorca-flughafen.jpg 994w, https:\/\/rentexpressmallorca.com\/wp-content\/uploads\/2018\/07\/autovermietung-Mallorca-flughafen-300x169.jpg 300w, https:\/\/rentexpressmallorca.com\/wp-content\/uploads\/2018\/07\/autovermietung-Mallorca-flughafen-768x432.jpg 768w\" sizes=\"(max-width: 994px) 100vw, 994px\" \/>\t\t\t\t\t\t\t\t\t\t\t\t\t<\/div>\n\t\t\t\t<\/div>\n\t\t\t\t\t<\/div>\n\t\t\t\t<\/div>\n\t\t\t\t<\/div>\n\t\t","protected":false},"excerpt":{"rendered":"<p>Location de voiture \u00e0 Palma de Majorque Tarifs \u00e9conomiques livraison a\u00e9roport\u00a0 de Palma de Majorque au prix le plus abordable. Nous avons des mod\u00e8les de cat\u00e9gorie A : comme Citro\u00ebn C4, Nissan Micra, Peugeot 208&#8230; Rent Express Majorque offre les meilleurs tarifs pour louer une voiture \u00e0 l&rsquo;a\u00e9roport. O\u00f9 sommes-nous Calle Manacor 123,07007 Palma de [&hellip;]<\/p>\n","protected":false},"author":1,"featured_media":18884,"comment_status":"closed","ping_status":"open","sticky":false,"template":"","format":"image","meta":{"site-sidebar-layout":"default","site-content-layout":"","ast-site-content-layout":"default","site-content-style":"default","site-sidebar-style":"default","ast-global-header-display":"","ast-banner-title-visibility":"","ast-main-header-display":"","ast-hfb-above-header-display":"","ast-hfb-below-header-display":"","ast-hfb-mobile-header-display":"","site-post-title":"","ast-breadcrumbs-content":"","ast-featured-img":"","footer-sml-layout":"","ast-disable-related-posts":"","theme-transparent-header-meta":"","adv-header-id-meta":"","stick-header-meta":"","header-above-stick-meta":"","header-main-stick-meta":"","header-below-stick-meta":"","astra-migrate-meta-layouts":"default","ast-page-background-enabled":"default","ast-page-background-meta":{"desktop":{"background-color":"var(--ast-global-color-4)","background-image":"","background-repeat":"repeat","background-position":"center center","background-size":"auto","background-attachment":"scroll","background-type":"","background-media":"","overlay-type":"","overlay-color":"","overlay-opacity":"","overlay-gradient":""},"tablet":{"background-color":"","background-image":"","background-repeat":"repeat","background-position":"center center","background-size":"auto","background-attachment":"scroll","background-type":"","background-media":"","overlay-type":"","overlay-color":"","overlay-opacity":"","overlay-gradient":""},"mobile":{"background-color":"","background-image":"","background-repeat":"repeat","background-position":"center center","background-size":"auto","background-attachment":"scroll","background-type":"","background-media":"","overlay-type":"","overlay-color":"","overlay-opacity":"","overlay-gradient":""}},"ast-content-background-meta":{"desktop":{"background-color":"var(--ast-global-color-5)","background-image":"","background-repeat":"repeat","background-position":"center center","background-size":"auto","background-attachment":"scroll","background-type":"","background-media":"","overlay-type":"","overlay-color":"","overlay-opacity":"","overlay-gradient":""},"tablet":{"background-color":"var(--ast-global-color-5)","background-image":"","background-repeat":"repeat","background-position":"center center","background-size":"auto","background-attachment":"scroll","background-type":"","background-media":"","overlay-type":"","overlay-color":"","overlay-opacity":"","overlay-gradient":""},"mobile":{"background-color":"var(--ast-global-color-5)","background-image":"","background-repeat":"repeat","background-position":"center center","background-size":"auto","background-attachment":"scroll","background-type":"","background-media":"","overlay-type":"","overlay-color":"","overlay-opacity":"","overlay-gradient":""}},"footnotes":""},"categories":[920],"tags":[931,932,1516,1518,1517,364,933,934,366,935,367,936],"class_list":["post-19282","post","type-post","status-publish","format-image","has-post-thumbnail","hentry","category-location-de-voitures","tag-lloguer-de-cotxes-aeroport-de-mallorca-fr","tag-lloguer-de-coxes-en-mallorca-fr","tag-location-de-voitures-aeroport-de-palma-de-majorque","tag-location-voitures-aeroport-majorque-fr","tag-louer-un-voiture-aeroport-de-palma-de-mallorca","tag-rent-a-car","tag-rent-a-car-fr","tag-rent-a-car-mallorca-fr","tag-rentar-un-coche-en-mallorca","tag-rentar-un-coche-en-mallorca-fr","tag-sin-deposito","tag-sin-deposito-fr","post_format-post-format-image"],"_links":{"self":[{"href":"https:\/\/rentexpressmallorca.com\/fr\/wp-json\/wp\/v2\/posts\/19282","targetHints":{"allow":["GET"]}}],"collection":[{"href":"https:\/\/rentexpressmallorca.com\/fr\/wp-json\/wp\/v2\/posts"}],"about":[{"href":"https:\/\/rentexpressmallorca.com\/fr\/wp-json\/wp\/v2\/types\/post"}],"author":[{"embeddable":true,"href":"https:\/\/rentexpressmallorca.com\/fr\/wp-json\/wp\/v2\/users\/1"}],"replies":[{"embeddable":true,"href":"https:\/\/rentexpressmallorca.com\/fr\/wp-json\/wp\/v2\/comments?post=19282"}],"version-history":[{"count":36,"href":"https:\/\/rentexpressmallorca.com\/fr\/wp-json\/wp\/v2\/posts\/19282\/revisions"}],"predecessor-version":[{"id":24897,"href":"https:\/\/rentexpressmallorca.com\/fr\/wp-json\/wp\/v2\/posts\/19282\/revisions\/24897"}],"wp:featuredmedia":[{"embeddable":true,"href":"https:\/\/rentexpressmallorca.com\/fr\/wp-json\/wp\/v2\/media\/18884"}],"wp:attachment":[{"href":"https:\/\/rentexpressmallorca.com\/fr\/wp-json\/wp\/v2\/media?parent=19282"}],"wp:term":[{"taxonomy":"category","embeddable":true,"href":"https:\/\/rentexpressmallorca.com\/fr\/wp-json\/wp\/v2\/categories?post=19282"},{"taxonomy":"post_tag","embeddable":true,"href":"https:\/\/rentexpressmallorca.com\/fr\/wp-json\/wp\/v2\/tags?post=19282"}],"curies":[{"name":"wp","href":"https:\/\/api.w.org\/{rel}","templated":true}]}}