{"id":19291,"date":"2018-01-29T11:52:53","date_gmt":"2018-01-29T10:52:53","guid":{"rendered":"https:\/\/rentexpressmallorca.com\/alquiler-sillas-de-playa-mallorca\/"},"modified":"2023-12-14T18:21:11","modified_gmt":"2023-12-14T17:21:11","slug":"location-de-chaise-de-plage-majorque","status":"publish","type":"post","link":"https:\/\/rentexpressmallorca.com\/fr\/location-de-chaise-de-plage-majorque\/","title":{"rendered":"Location de chaise de plage Majorque"},"content":{"rendered":"\t\t<div data-elementor-type=\"wp-post\" data-elementor-id=\"19291\" class=\"elementor elementor-19291 elementor-18105\" data-elementor-post-type=\"post\">\n\t\t\t\t<div class=\"elementor-element elementor-element-39be0f20 e-flex e-con-boxed e-con e-parent\" data-id=\"39be0f20\" data-element_type=\"container\" data-settings=\"{&quot;content_width&quot;:&quot;boxed&quot;}\" data-core-v316-plus=\"true\">\n\t\t\t\t\t<div class=\"e-con-inner\">\n\t\t\t\t<div class=\"elementor-element elementor-element-1d3750fb elementor-widget elementor-widget-text-editor\" data-id=\"1d3750fb\" data-element_type=\"widget\" data-widget_type=\"text-editor.default\">\n\t\t\t\t<div class=\"elementor-widget-container\">\n\t\t\t<style>\/*! elementor - v3.19.0 - 05-02-2024 *\/\n.elementor-widget-text-editor.elementor-drop-cap-view-stacked .elementor-drop-cap{background-color:#69727d;color:#fff}.elementor-widget-text-editor.elementor-drop-cap-view-framed .elementor-drop-cap{color:#69727d;border:3px solid;background-color:transparent}.elementor-widget-text-editor:not(.elementor-drop-cap-view-default) .elementor-drop-cap{margin-top:8px}.elementor-widget-text-editor:not(.elementor-drop-cap-view-default) .elementor-drop-cap-letter{width:1em;height:1em}.elementor-widget-text-editor .elementor-drop-cap{float:left;text-align:center;line-height:1;font-size:50px}.elementor-widget-text-editor .elementor-drop-cap-letter{display:inline-block}<\/style>\t\t\t\t<p><span class=\"jCAhz ChMk0b\"><span class=\"ryNqvb\">Location de chaise de plage Majorque.<\/span><\/span><\/p><p><span class=\"jCAhz ChMk0b\"><span class=\"ryNqvb\">Le service de location d&rsquo;une chaise de plage \u00e0 Majorque ou d&rsquo;un r\u00e9frig\u00e9rateur portable est possible avec Rent Express Mallorca.<\/span><\/span> <span class=\"jCAhz ChMk0b\"><span class=\"ryNqvb\">\u00c0 des prix tr\u00e8s abordables, vous ne d\u00e9penserez donc pas d&rsquo;argent pour acheter un parasol, des chaises de plage ou un r\u00e9frig\u00e9rateur portable si vous devez ensuite le laisser \u00e0 l&rsquo;h\u00f4tel ou \u00e0 l&rsquo;appartement de vacances.<\/span><\/span> <span class=\"jCAhz ChMk0b\"><span class=\"ryNqvb\">La meilleure solution est de louer ce dont vous avez besoin \u00e0 un prix sans concurrence.Nos chaises de plage sont pliables, l\u00e9g\u00e8res, en aluminium et inclinables.<\/span><\/span> <span class=\"jCAhz ChMk0b\"><span class=\"ryNqvb\">Nous proposons \u00e9galement des glaci\u00e8res de plage et des parasols \u00e0 louer.<\/span><\/span> <span class=\"jCAhz ChMk0b\"><span class=\"ryNqvb\">Un nouveau service d&rsquo;articles pour les activit\u00e9s aquatiques comme le kayak, le paddle surf ou l&rsquo;immersion moteur.<\/span><\/span><\/p><h3>Prix \u200b\u200bde location<\/h3><p><span class=\"jCAhz ChMk0b\"><span class=\"ryNqvb\">1 semaine 15 \u20ac<\/span><\/span><\/p><p><span class=\"jCAhz ChMk0b\"><span class=\"ryNqvb\">D\u00e9p\u00f4t 50 \u20ac<\/span><\/span><\/p><h3>O\u00f9 sommes-nous<\/h3><p><strong>Magasin-entrep\u00f4t pr\u00e8s de l&rsquo;a\u00e9roport<\/strong><\/p><p><a href=\"https:\/\/www.google.com\/maps\/place\/Rent+Express+Mallorca\/@39.5713665,2.6700135,17z\/data=!4m13!1m7!3m6!1s0x129793a4ed85b9ad:0x53ff4afa7c1b3776!2sCalle+de+Manacor,+123,+07007+Palma,+Islas+Baleares!3b1!8m2!3d39.5713665!4d2.6722022!3m4!1s0x12978dee82376af7:0x37d022e8bcdba205!8m2!3d39.5713475!4d2.6722439\" target=\"_blank\" rel=\"noopener\">Calle de manacor 123, 07007 Palma de Mallorca<\/a><\/p><p><strong>Magasin du centre de Palma<\/strong><\/p><p><a href=\"https:\/\/www.google.com\/maps\/place\/Carrer+del+31+de+Desembre,+3,+07003+Palma,+Illes+Balears\/@39.5779607,2.6499803,17z\/data=!3m1!4b1!4m5!3m4!1s0x129792565ece7653:0x3ed790f198c501f5!8m2!3d39.5779607!4d2.652169\" target=\"_blank\" rel=\"noopener\">Calle 31 de diciembre, 3, 07003 Palma de Mallorca<\/a><\/p><p>Vous pouvez r\u00e9server votre mat\u00e9riel depuis notre formulaire de contact ou en appelant le 697402352 via SMS ou WhatsApp.<\/p><h2>Louez une chaise de plage \u00e0 Majorque, une glaci\u00e8re portable ou un parasol<\/h2><p>De la m\u00eame mani\u00e8re que nous louons tout ce qui est utile pour votre maison \u00e0 Majorque, nous avons des ventilateurs, des climatiseurs, des t\u00e9l\u00e9viseurs, des fers \u00e0 repasser, des r\u00e9frig\u00e9rateurs de plage ou des r\u00e9frig\u00e9rateurs pour votre maison \u00e0 louer \u00e0 des prix imbattables et bien d&rsquo;autres articles qui peuvent \u00eatre tr\u00e8s utiles pendant votre s\u00e9jour \u00e0 Majorque. Majorque.<\/p><p><span class=\"jCAhz ChMk0b\"><span class=\"ryNqvb\">Nous louons des voitures avec service a\u00e9roportuaire.<\/span><\/span> <span class=\"jCAhz ChMk0b\"><span class=\"ryNqvb\">Motos 125cc.<\/span><\/span><\/p><p><span class=\"jCAhz ChMk0b\"><span class=\"ryNqvb\">Articles orthop\u00e9diques pour personnes \u00e2g\u00e9es ou \u00e0 mobilit\u00e9 r\u00e9duite comme des scooters \u00e9lectriques, des fauteuils roulants manuels ou \u00e9lectriques, des fauteuils roulants sp\u00e9ciaux pour la plage parmi de nombreux autres articles disponibles.<\/span><\/span> <span class=\"jCAhz ChMk0b\"><span class=\"ryNqvb\">Pour nous contacter, c&rsquo;est tr\u00e8s simple, vous pouvez nous envoyer un SMS ou WhatsApp au num\u00e9ro de t\u00e9l\u00e9phone de notre service client 697402352 ou un email : ade.elevation@gmail.com<\/span><\/span><\/p>\t\t\t\t\t\t<\/div>\n\t\t\t\t<\/div>\n\t\t\t\t\t<\/div>\n\t\t\t\t<\/div>\n\t\t\t\t<\/div>\n\t\t","protected":false},"excerpt":{"rendered":"<p>Location de chaise de plage Majorque. Le service de location d&rsquo;une chaise de plage \u00e0 Majorque ou d&rsquo;un r\u00e9frig\u00e9rateur portable est possible avec Rent Express Mallorca. \u00c0 des prix tr\u00e8s abordables, vous ne d\u00e9penserez donc pas d&rsquo;argent pour acheter un parasol, des chaises de plage ou un r\u00e9frig\u00e9rateur portable si vous devez ensuite le laisser [&hellip;]<\/p>\n","protected":false},"author":1,"featured_media":18908,"comment_status":"closed","ping_status":"open","sticky":false,"template":"","format":"image","meta":{"site-sidebar-layout":"default","site-content-layout":"","ast-site-content-layout":"default","site-content-style":"default","site-sidebar-style":"default","ast-global-header-display":"","ast-banner-title-visibility":"","ast-main-header-display":"","ast-hfb-above-header-display":"","ast-hfb-below-header-display":"","ast-hfb-mobile-header-display":"","site-post-title":"","ast-breadcrumbs-content":"","ast-featured-img":"","footer-sml-layout":"","ast-disable-related-posts":"","theme-transparent-header-meta":"","adv-header-id-meta":"","stick-header-meta":"","header-above-stick-meta":"","header-main-stick-meta":"","header-below-stick-meta":"","astra-migrate-meta-layouts":"default","ast-page-background-enabled":"default","ast-page-background-meta":{"desktop":{"background-color":"var(--ast-global-color-4)","background-image":"","background-repeat":"repeat","background-position":"center center","background-size":"auto","background-attachment":"scroll","background-type":"","background-media":"","overlay-type":"","overlay-color":"","overlay-opacity":"","overlay-gradient":""},"tablet":{"background-color":"","background-image":"","background-repeat":"repeat","background-position":"center center","background-size":"auto","background-attachment":"scroll","background-type":"","background-media":"","overlay-type":"","overlay-color":"","overlay-opacity":"","overlay-gradient":""},"mobile":{"background-color":"","background-image":"","background-repeat":"repeat","background-position":"center center","background-size":"auto","background-attachment":"scroll","background-type":"","background-media":"","overlay-type":"","overlay-color":"","overlay-opacity":"","overlay-gradient":""}},"ast-content-background-meta":{"desktop":{"background-color":"var(--ast-global-color-5)","background-image":"","background-repeat":"repeat","background-position":"center center","background-size":"auto","background-attachment":"scroll","background-type":"","background-media":"","overlay-type":"","overlay-color":"","overlay-opacity":"","overlay-gradient":""},"tablet":{"background-color":"var(--ast-global-color-5)","background-image":"","background-repeat":"repeat","background-position":"center center","background-size":"auto","background-attachment":"scroll","background-type":"","background-media":"","overlay-type":"","overlay-color":"","overlay-opacity":"","overlay-gradient":""},"mobile":{"background-color":"var(--ast-global-color-5)","background-image":"","background-repeat":"repeat","background-position":"center center","background-size":"auto","background-attachment":"scroll","background-type":"","background-media":"","overlay-type":"","overlay-color":"","overlay-opacity":"","overlay-gradient":""}},"footnotes":""},"categories":[1013],"tags":[1014,1015,1016,1017],"class_list":["post-19291","post","type-post","status-publish","format-image","has-post-thumbnail","hentry","category-accessoires-de-plage","tag-alquilar-una-nevera-de-playa-en-mallorca-fr","tag-alquilar-una-silla-de-playa-en-mallorca-fr","tag-nevera-de-playa-en-alquiler-fr","tag-sillas-de-playa-en-alquiler-en-palma-de-mallorca-fr","post_format-post-format-image"],"_links":{"self":[{"href":"https:\/\/rentexpressmallorca.com\/fr\/wp-json\/wp\/v2\/posts\/19291","targetHints":{"allow":["GET"]}}],"collection":[{"href":"https:\/\/rentexpressmallorca.com\/fr\/wp-json\/wp\/v2\/posts"}],"about":[{"href":"https:\/\/rentexpressmallorca.com\/fr\/wp-json\/wp\/v2\/types\/post"}],"author":[{"embeddable":true,"href":"https:\/\/rentexpressmallorca.com\/fr\/wp-json\/wp\/v2\/users\/1"}],"replies":[{"embeddable":true,"href":"https:\/\/rentexpressmallorca.com\/fr\/wp-json\/wp\/v2\/comments?post=19291"}],"version-history":[{"count":5,"href":"https:\/\/rentexpressmallorca.com\/fr\/wp-json\/wp\/v2\/posts\/19291\/revisions"}],"predecessor-version":[{"id":22300,"href":"https:\/\/rentexpressmallorca.com\/fr\/wp-json\/wp\/v2\/posts\/19291\/revisions\/22300"}],"wp:featuredmedia":[{"embeddable":true,"href":"https:\/\/rentexpressmallorca.com\/fr\/wp-json\/wp\/v2\/media\/18908"}],"wp:attachment":[{"href":"https:\/\/rentexpressmallorca.com\/fr\/wp-json\/wp\/v2\/media?parent=19291"}],"wp:term":[{"taxonomy":"category","embeddable":true,"href":"https:\/\/rentexpressmallorca.com\/fr\/wp-json\/wp\/v2\/categories?post=19291"},{"taxonomy":"post_tag","embeddable":true,"href":"https:\/\/rentexpressmallorca.com\/fr\/wp-json\/wp\/v2\/tags?post=19291"}],"curies":[{"name":"wp","href":"https:\/\/api.w.org\/{rel}","templated":true}]}}