{"id":19294,"date":"2016-03-15T10:20:59","date_gmt":"2016-03-15T09:20:59","guid":{"rendered":"https:\/\/rentexpressmallorca.com\/alquiler-scooter-electrico-en-mallorca\/"},"modified":"2026-03-12T17:58:44","modified_gmt":"2026-03-12T16:58:44","slug":"location-de-scooter-electrique-a-majorque","status":"publish","type":"post","link":"https:\/\/rentexpressmallorca.com\/fr\/location-de-scooter-electrique-a-majorque\/","title":{"rendered":"Location de scooter \u00e9lectrique \u00e0 Majorque"},"content":{"rendered":"\t\t<div data-elementor-type=\"wp-post\" data-elementor-id=\"19294\" class=\"elementor elementor-19294 elementor-18109\" data-elementor-post-type=\"post\">\n\t\t\t\t<div class=\"elementor-element elementor-element-3d0d1b3c e-flex e-con-boxed e-con e-parent\" data-id=\"3d0d1b3c\" data-element_type=\"container\" data-settings=\"{&quot;content_width&quot;:&quot;boxed&quot;}\" data-core-v316-plus=\"true\">\n\t\t\t\t\t<div class=\"e-con-inner\">\n\t\t\t\t<div class=\"elementor-element elementor-element-793bf8d0 elementor-widget elementor-widget-text-editor\" data-id=\"793bf8d0\" data-element_type=\"widget\" data-widget_type=\"text-editor.default\">\n\t\t\t\t<div class=\"elementor-widget-container\">\n\t\t\t<style>\/*! elementor - v3.19.0 - 05-02-2024 *\/\n.elementor-widget-text-editor.elementor-drop-cap-view-stacked .elementor-drop-cap{background-color:#69727d;color:#fff}.elementor-widget-text-editor.elementor-drop-cap-view-framed .elementor-drop-cap{color:#69727d;border:3px solid;background-color:transparent}.elementor-widget-text-editor:not(.elementor-drop-cap-view-default) .elementor-drop-cap{margin-top:8px}.elementor-widget-text-editor:not(.elementor-drop-cap-view-default) .elementor-drop-cap-letter{width:1em;height:1em}.elementor-widget-text-editor .elementor-drop-cap{float:left;text-align:center;line-height:1;font-size:50px}.elementor-widget-text-editor .elementor-drop-cap-letter{display:inline-block}<\/style>\t\t\t\t<p><span class=\"jCAhz ChMk0b\"><span class=\"ryNqvb\">Location de scooters \u00e9lectriques \u00e0 Majorque, grands mod\u00e8les ou petits mod\u00e8les d\u00e9tachables, avec une autonomie qui permet de parcourir de nombreux kilom\u00e8tres, id\u00e9al pour les personnes \u00e0 mobilit\u00e9 r\u00e9duite pour rendre vos vacances les plus agr\u00e9ables possibles.<\/span><\/span> <strong><span class=\"jCAhz ChMk0b\"><span class=\"ryNqvb\">Service avec livraison \u00e0 domicile ou h\u00f4tels \u00e0 Majorque.<\/span><\/span><\/strong><\/p><h3>Petit scooter \u00e9lectrique<\/h3><ul><li><span class=\"jCAhz ChMk0b\"><span class=\"ryNqvb\">1 semaine : 65 \u20ac<\/span><\/span><\/li><li><span class=\"jCAhz ChMk0b\"><span class=\"ryNqvb\">2 semaines : 120 \u20ac<\/span><\/span><\/li><li><span class=\"jCAhz ChMk0b\"><span class=\"ryNqvb\">1 mois : 200 \u20ac<\/span><\/span><\/li><li><span class=\"jCAhz ChMk0b\"><span class=\"ryNqvb\">Amovible pour le transport en voiture<\/span><\/span><\/li><li><span class=\"jCAhz ChMk0b\"><span class=\"ryNqvb\">Roues anti crevaison<\/span><\/span><\/li><li><span class=\"jCAhz ChMk0b\"><span class=\"ryNqvb\">Transport\u00e9 dans un coffre<\/span><\/span><\/li><\/ul><h3>\u00a0<\/h3><h3><a href=\"https:\/\/rentexpressmallorca.com\/wp-content\/uploads\/2016\/03\/Scooter-electrico-para-discapacitados.jpg\"><img decoding=\"async\" class=\"alignnone wp-image-14927\" src=\"https:\/\/rentexpressmallorca.com\/wp-content\/uploads\/2016\/03\/Scooter-electrico-para-discapacitados-300x300.jpg\" alt=\"alquiler scooter electrico en mallorca\" width=\"138\" height=\"138\" \/><\/a><\/h3><h3>grand scooter \u00e9lectrique<\/h3><ul><li><span class=\"jCAhz ChMk0b\"><span class=\"ryNqvb\">1 semaine : 75 \u20ac<\/span><\/span><\/li><li><span class=\"jCAhz ChMk0b\"><span class=\"ryNqvb\">2 semaines : 140 \u20ac<\/span><\/span><\/li><li><span class=\"jCAhz ChMk0b\"><span class=\"ryNqvb\">1 mois : 220 \u20ac<\/span><\/span><\/li><li><span class=\"jCAhz ChMk0b\"><span class=\"ryNqvb\">Grande autonomie 25\/30kms<\/span><\/span><\/li><li><span class=\"jCAhz ChMk0b\"><span class=\"ryNqvb\">Confortable<\/span><\/span><\/li><li><span class=\"jCAhz ChMk0b\"><span class=\"ryNqvb\">Lumi\u00e8res<\/span><\/span><\/li><\/ul><p><a href=\"https:\/\/rentexpressmallorca.com\/wp-content\/uploads\/2016\/03\/alquiler-scooter-electrico-en-Mallorca.jpg\"><img decoding=\"async\" class=\"alignnone wp-image-14924\" src=\"https:\/\/rentexpressmallorca.com\/wp-content\/uploads\/2016\/03\/alquiler-scooter-electrico-en-Mallorca-300x300.jpg\" alt=\"alquiler scooter electrico en Mallorca\" width=\"218\" height=\"218\" \/><\/a><\/p><h3>Contactez-nous<\/h3><ul><li>(+34)697 40 23 52<\/li><li>Nous utilisons WhatsApp<\/li><\/ul><h3>Email<\/h3><ul><li><a href=\"mailto:ade.elevation@gmail.com\"> ade.elevation@gmail.com<\/a><\/li><\/ul><h3>O\u00f9 sommes-nous<\/h3><ul><li><strong>Palma centre:<\/strong><\/li><li><a href=\"https:\/\/www.google.es\/maps\/place\/Carrer+del+31+de+Desembre,+3,+07003+Palma,+Illes+Balears\/@39.5779607,2.6499803,17z\/data=!3m1!4b1!4m5!3m4!1s0x129792565ece7653:0x3ed790f198c501f5!8m2!3d39.5779607!4d2.652169\" target=\"_blank\" rel=\"noopener\"> Calle 31 de diciembre, 3 , 07007 Palma de Mallorca<\/a><\/li><li><strong>Magasin pr\u00e8s de l&rsquo;a\u00e9roport:<\/strong><\/li><li><a href=\"https:\/\/www.google.es\/maps\/place\/Calle+de+Manacor,+123,+07007+Palma,+Islas+Baleares\/@39.5713665,2.6700135,17z\/data=!3m1!4b1!4m5!3m4!1s0x129793a4ed85b9ad:0x53ff4afa7c1b3776!8m2!3d39.5713665!4d2.6722022\" target=\"_blank\" rel=\"noopener\"> Calle Manacor 123, 07007 Palma de Mallorca<\/a><\/li><\/ul><h3>Livraison \u00e0 domicile\/h\u00f4tel<\/h3><p><span class=\"jCAhz ChMk0b\"><span class=\"ryNqvb\">Nous proposons un service de livraison \u00e0 votre domicile, h\u00f4tel \u00e0 Majorque.<\/span><\/span> <span class=\"jCAhz ChMk0b\"><span class=\"ryNqvb\">Notre entreprise est leader et pionni\u00e8re avec un parc de location de scooters \u00e9lectriques, nous nous positionnons comme leader en services et en tarifs.<\/span><\/span><\/p><h3>Louer un scooter \u00e9lectrique \u00e0 Majorque<\/h3><p><span class=\"jCAhz ChMk0b\"><span class=\"ryNqvb\">Nos scooters \u00e9lectriques grand mod\u00e8le conformes \u00e0 la r\u00e9glementation europ\u00e9enne sont \u00e9quip\u00e9s de feux, d&rsquo;\u00e9lectrofreins, tr\u00e8s maniables et d&rsquo;une grande autonomie qui leur permettront de se d\u00e9placer dans les lieux de Majorque sans aucune barri\u00e8re.<\/span><\/span> <span class=\"jCAhz ChMk0b\"><span class=\"ryNqvb\">poids maximum de 125 kg.<\/span><\/span><\/p><p><span class=\"jCAhz ChMk0b\"><span class=\"ryNqvb\">Vous pourrez vous sentir libre, un scooter de qualit\u00e9 avec une grande autonomie qui pendant le voyage \u00e0 vitesse constante et avec vue sur la mer M\u00e9diterran\u00e9e ne vous laissera pas indiff\u00e9rent.<\/span><\/span><\/p><h3>Pourquoi louer un scooter \u00e9lectrique ?<\/h3><p><span class=\"jCAhz ChMk0b\"><span class=\"ryNqvb\">Nos mod\u00e8les gros volume ont une grande autonomie, certains mod\u00e8les allant jusqu&rsquo;\u00e0 35 km.<\/span><\/span> <span class=\"jCAhz ChMk0b\"><span class=\"ryNqvb\">Nous louons plusieurs mod\u00e8les diff\u00e9rents de trottinettes \u00e9lectriques, dont des trottinettes \u00e9lectriques d\u00e9tachables \u00e0 transporter dans le coffre d&rsquo;une voiture.<\/span><\/span> <span class=\"jCAhz ChMk0b\"><span class=\"ryNqvb\">Nous disposons d\u2019une grande vari\u00e9t\u00e9 d\u2019articles li\u00e9s \u00e0 la mobilit\u00e9 \u00e0 louer ou \u00e0 vendre.<\/span><\/span> <span class=\"jCAhz ChMk0b\"><span class=\"ryNqvb\">Nous livrons \u00e0 domicile ou dans des h\u00f4tels \u00e0 Majorque.<\/span><\/span><\/p><h3>Visitez le centre de Palma<\/h3><p>Avec le scooter \u00e9lectrique, vous pourrez parfaitement visiter la capitale Palma de Majorque et circuler librement sans barri\u00e8res dans le centre historique plein de vieilles rues, de magasins et d&rsquo;ateliers.<\/p><h3>Location de fauteuils roulants et d&rsquo;aides au bain<\/h3><p>Nous disposons \u00e9galement de chaises de salle de bain \u00e0 louer, de fauteuils roulants manuels ou \u00e9lectriques, de lits articul\u00e9s \u00e9lectriques et d&rsquo;une grande vari\u00e9t\u00e9 d&rsquo;articles orthop\u00e9diques, pour que vos vacances \u00e0 Majorque soient l&rsquo;un de vos meilleurs souvenirs.<\/p><h3>Que faisons nous?<\/h3><p><span class=\"jCAhz ChMk0b\"><span class=\"ryNqvb\">Nous louons et vendons \u00e9galement tous les articles de mobilit\u00e9 tels que des d\u00e9ambulateurs, des locations de d\u00e9ambulateurs, des fauteuils roulants pour enfants ou adultes et bien d&rsquo;autres articles li\u00e9s \u00e0 la location orthop\u00e9dique.<\/span><\/span> <span class=\"jCAhz ChMk0b\"><span class=\"ryNqvb\">N&rsquo;h\u00e9sitez donc pas \u00e0 nous contacter.<\/span><\/span><\/p><h3>Location de scooter \u00e9lectrique \u00e0 Majorque<\/h3><p>Remplissez notre formulaire avec votre nom et pr\u00e9nom sans oublier votre num\u00e9ro de t\u00e9l\u00e9phone afin que nous puissions vous contacter. Si vous s\u00e9journez dans un h\u00f4tel, vous pouvez demander la livraison.<\/p>\t\t\t\t\t\t<\/div>\n\t\t\t\t<\/div>\n\t\t\t\t\t<\/div>\n\t\t\t\t<\/div>\n\t\t\t\t<\/div>\n\t\t","protected":false},"excerpt":{"rendered":"<p>Location de scooters \u00e9lectriques \u00e0 Majorque, grands mod\u00e8les ou petits mod\u00e8les d\u00e9tachables, avec une autonomie qui permet de parcourir de nombreux kilom\u00e8tres, id\u00e9al pour les personnes \u00e0 mobilit\u00e9 r\u00e9duite pour rendre vos vacances les plus agr\u00e9ables possibles. Service avec livraison \u00e0 domicile ou h\u00f4tels \u00e0 Majorque. Petit scooter \u00e9lectrique 1 semaine : 65 \u20ac 2 [&hellip;]<\/p>\n","protected":false},"author":1,"featured_media":37483,"comment_status":"closed","ping_status":"open","sticky":true,"template":"","format":"image","meta":{"site-sidebar-layout":"default","site-content-layout":"","ast-site-content-layout":"default","site-content-style":"default","site-sidebar-style":"default","ast-global-header-display":"","ast-banner-title-visibility":"","ast-main-header-display":"","ast-hfb-above-header-display":"","ast-hfb-below-header-display":"","ast-hfb-mobile-header-display":"","site-post-title":"","ast-breadcrumbs-content":"","ast-featured-img":"","footer-sml-layout":"","ast-disable-related-posts":"","theme-transparent-header-meta":"","adv-header-id-meta":"","stick-header-meta":"","header-above-stick-meta":"","header-main-stick-meta":"","header-below-stick-meta":"","astra-migrate-meta-layouts":"default","ast-page-background-enabled":"default","ast-page-background-meta":{"desktop":{"background-color":"var(--ast-global-color-4)","background-image":"","background-repeat":"repeat","background-position":"center center","background-size":"auto","background-attachment":"scroll","background-type":"","background-media":"","overlay-type":"","overlay-color":"","overlay-opacity":"","overlay-gradient":""},"tablet":{"background-color":"","background-image":"","background-repeat":"repeat","background-position":"center center","background-size":"auto","background-attachment":"scroll","background-type":"","background-media":"","overlay-type":"","overlay-color":"","overlay-opacity":"","overlay-gradient":""},"mobile":{"background-color":"","background-image":"","background-repeat":"repeat","background-position":"center center","background-size":"auto","background-attachment":"scroll","background-type":"","background-media":"","overlay-type":"","overlay-color":"","overlay-opacity":"","overlay-gradient":""}},"ast-content-background-meta":{"desktop":{"background-color":"var(--ast-global-color-5)","background-image":"","background-repeat":"repeat","background-position":"center center","background-size":"auto","background-attachment":"scroll","background-type":"","background-media":"","overlay-type":"","overlay-color":"","overlay-opacity":"","overlay-gradient":""},"tablet":{"background-color":"var(--ast-global-color-5)","background-image":"","background-repeat":"repeat","background-position":"center center","background-size":"auto","background-attachment":"scroll","background-type":"","background-media":"","overlay-type":"","overlay-color":"","overlay-opacity":"","overlay-gradient":""},"mobile":{"background-color":"var(--ast-global-color-5)","background-image":"","background-repeat":"repeat","background-position":"center center","background-size":"auto","background-attachment":"scroll","background-type":"","background-media":"","overlay-type":"","overlay-color":"","overlay-opacity":"","overlay-gradient":""}},"footnotes":""},"categories":[629],"tags":[1032,1033,1034,1035,1036,1037,1038,1039,1040],"class_list":["post-19294","post","type-post","status-publish","format-image","has-post-thumbnail","hentry","category-scooter-para-mayores","tag-alquilar-un-scooter-electrico-en-mallorca-fr","tag-alquiler-de-scooter-elctrico-para-mayores-en-palma-de-mallorca-fr","tag-alquiler-de-scooter-electrico-en-mallorca-fr","tag-alquiler-de-scooter-electrico-en-palma-fr","tag-alquiler-de-scooter-electrico-para-discapacitados-fr","tag-amigo-24-en-mallorca-fr","tag-ortopedia-en-palma-fr","tag-ortopedia-en-palma-de-mallorca-fr","tag-scooter-electrico-en-mallorca-fr","post_format-post-format-image"],"_links":{"self":[{"href":"https:\/\/rentexpressmallorca.com\/fr\/wp-json\/wp\/v2\/posts\/19294","targetHints":{"allow":["GET"]}}],"collection":[{"href":"https:\/\/rentexpressmallorca.com\/fr\/wp-json\/wp\/v2\/posts"}],"about":[{"href":"https:\/\/rentexpressmallorca.com\/fr\/wp-json\/wp\/v2\/types\/post"}],"author":[{"embeddable":true,"href":"https:\/\/rentexpressmallorca.com\/fr\/wp-json\/wp\/v2\/users\/1"}],"replies":[{"embeddable":true,"href":"https:\/\/rentexpressmallorca.com\/fr\/wp-json\/wp\/v2\/comments?post=19294"}],"version-history":[{"count":17,"href":"https:\/\/rentexpressmallorca.com\/fr\/wp-json\/wp\/v2\/posts\/19294\/revisions"}],"predecessor-version":[{"id":37634,"href":"https:\/\/rentexpressmallorca.com\/fr\/wp-json\/wp\/v2\/posts\/19294\/revisions\/37634"}],"wp:featuredmedia":[{"embeddable":true,"href":"https:\/\/rentexpressmallorca.com\/fr\/wp-json\/wp\/v2\/media\/37483"}],"wp:attachment":[{"href":"https:\/\/rentexpressmallorca.com\/fr\/wp-json\/wp\/v2\/media?parent=19294"}],"wp:term":[{"taxonomy":"category","embeddable":true,"href":"https:\/\/rentexpressmallorca.com\/fr\/wp-json\/wp\/v2\/categories?post=19294"},{"taxonomy":"post_tag","embeddable":true,"href":"https:\/\/rentexpressmallorca.com\/fr\/wp-json\/wp\/v2\/tags?post=19294"}],"curies":[{"name":"wp","href":"https:\/\/api.w.org\/{rel}","templated":true}]}}