{"id":19297,"date":"2016-03-01T19:23:03","date_gmt":"2016-03-01T18:23:03","guid":{"rendered":"https:\/\/rentexpressmallorca.com\/alquiler-de-silla-de-ruedas-electrica\/"},"modified":"2023-12-14T18:29:41","modified_gmt":"2023-12-14T17:29:41","slug":"location-de-fauteuil-roulant-electrique","status":"publish","type":"post","link":"https:\/\/rentexpressmallorca.com\/fr\/location-de-fauteuil-roulant-electrique\/","title":{"rendered":"Location de fauteuil roulant \u00e9lectrique"},"content":{"rendered":"\t\t<div data-elementor-type=\"wp-post\" data-elementor-id=\"19297\" class=\"elementor elementor-19297 elementor-18115\" data-elementor-post-type=\"post\">\n\t\t\t\t<div class=\"elementor-element elementor-element-573c3838 e-flex e-con-boxed e-con e-parent\" data-id=\"573c3838\" data-element_type=\"container\" data-settings=\"{&quot;content_width&quot;:&quot;boxed&quot;}\" data-core-v316-plus=\"true\">\n\t\t\t\t\t<div class=\"e-con-inner\">\n\t\t\t\t<div class=\"elementor-element elementor-element-78db84f5 elementor-widget elementor-widget-text-editor\" data-id=\"78db84f5\" data-element_type=\"widget\" data-widget_type=\"text-editor.default\">\n\t\t\t\t<div class=\"elementor-widget-container\">\n\t\t\t<style>\/*! elementor - v3.19.0 - 05-02-2024 *\/\n.elementor-widget-text-editor.elementor-drop-cap-view-stacked .elementor-drop-cap{background-color:#69727d;color:#fff}.elementor-widget-text-editor.elementor-drop-cap-view-framed .elementor-drop-cap{color:#69727d;border:3px solid;background-color:transparent}.elementor-widget-text-editor:not(.elementor-drop-cap-view-default) .elementor-drop-cap{margin-top:8px}.elementor-widget-text-editor:not(.elementor-drop-cap-view-default) .elementor-drop-cap-letter{width:1em;height:1em}.elementor-widget-text-editor .elementor-drop-cap{float:left;text-align:center;line-height:1;font-size:50px}.elementor-widget-text-editor .elementor-drop-cap-letter{display:inline-block}<\/style>\t\t\t\t<h2>Elektrorollstuhlverleih auf Mallorca<\/h2><p><span class=\"jCAhz ChMk0b\"><span class=\"ryNqvb\">Mieten Sie einen Elektrorollstuhl auf Mallorca.<\/span><\/span> <span class=\"jCAhz ChMk0b\"><span class=\"ryNqvb\">Unser Unternehmen ist auf die Vermietung orthop\u00e4discher Elektrorollst\u00fchle auf Mallorca spezialisiert.<\/span><\/span> <span class=\"jCAhz ChMk0b\"><span class=\"ryNqvb\">Wir bieten auch die Vermietung und den Verkauf von manuellen Rollst\u00fchlen, Kinderrollst\u00fchlen, Gelenkkrankenbetten, Gehhilfen, Gehhilfen und Kr\u00fccken an.<\/span><\/span> <span class=\"jCAhz ChMk0b\"><span class=\"ryNqvb\">Menschen mit eingeschr\u00e4nkter Mobilit\u00e4t k\u00f6nnen sich an uns wenden, um die L\u00f6sung f\u00fcr einen angenehmen Aufenthalt auf Mallorca zu finden, sei es vor\u00fcbergehend oder langfristig.<\/span><\/span><\/p><ul><li><span class=\"jCAhz ChMk0b\"><span class=\"ryNqvb\">1 Woche: 85 \u20ac<\/span><\/span><\/li><li><span class=\"jCAhz ChMk0b\"><span class=\"ryNqvb\">2 Wochen: 150 \u20ac<\/span><\/span><\/li><li><span class=\"jCAhz ChMk0b\"><span class=\"ryNqvb\">1 Monat: 200 \u20ac<\/span><\/span><\/li><\/ul><h3>Wo wir sind<\/h3><ul><li>In der N\u00e4he des Flughafens lagern<\/li><li><a href=\"https:\/\/www.google.com\/maps\/place\/Rent+Express+Mallorca\/@39.5713665,2.6700135,17z\/data=!4m13!1m7!3m6!1s0x129793a4ed85b9ad:0x53ff4afa7c1b3776!2sCalle+de+Manacor,+123,+07007+Palma,+Islas+Baleares!3b1!8m2!3d39.5713665!4d2.6722022!3m4!1s0x12978dee82376af7:0x37d022e8bcdba205!8m2!3d39.5713475!4d2.6722439\" target=\"_blank\" rel=\"noopener\">Calle de Manacor, 123. 07007 Palma de Mallorca<\/a><\/li><li>Laden im Zentrum von Palma<\/li><li><a href=\"https:\/\/www.google.com\/maps\/place\/Carrer+del+31+de+Desembre,+3,+07003+Palma,+Illes+Balears\/@39.5779607,2.6499803,17z\/data=!3m1!4b1!4m5!3m4!1s0x129792565ece7653:0x3ed790f198c501f5!8m2!3d39.5779607!4d2.652169\" target=\"_blank\" rel=\"noopener\">Calle 31 de diciembre, 3, 07003 Palma de Mallorca<\/a><\/li><\/ul><h3>Kontakt<\/h3><ul><li>email : ade.elevation@gmail.com<\/li><li>Telefon +34 697402352 (wassap)<\/li><li>Telefon +34 651723263<\/li><\/ul><h3>Sehen Sie sich unseren Katalog an<\/h3><ul><li><a href=\"https:\/\/rentexpressmallorca.com\/ortopedia\/\">Orthop\u00e4die-Verleih auf Mallorca, Lieferung nach Hause (rentexpressmallorca.com)<\/a><\/li><\/ul><h3>Elektrorollstuhlverleih auf Mallorca<\/h3><p><span class=\"jCAhz ChMk0b\"><span class=\"ryNqvb\">Unsere Modelle verf\u00fcgen \u00fcber einen Joystick, mit dem sie den Elektrorollstuhl problemlos bedienen k\u00f6nnen. Ihre Vielseitigkeit, ihr Komfort und ihre Autonomie machen unsere Rollst\u00fchle zu einem Verb\u00fcndeten f\u00fcr Ihre Mobilit\u00e4t w\u00e4hrend Ihres Aufenthalts auf Mallorca.<\/span><\/span> <span class=\"jCAhz ChMk0b\"><span class=\"ryNqvb\">Ab sofort ist das zusammenklappbare Modell des Elektrorollstuhls f\u00fcr den Transport im Kofferraum eines Autos erh\u00e4ltlich.<\/span><\/span> <span class=\"jCAhz ChMk0b\"><span class=\"ryNqvb\">Wenn Sie einen Urlaub auf der wundersch\u00f6nen Insel Mallorca verbringen und einen elektrischen Stuhl mieten m\u00fcssen, bietet Ihnen unser Unternehmen den orthop\u00e4dischen Mietservice mit Lieferung zu Ihnen nach Hause oder ins Hotel auf ganz Mallorca an.<\/span><\/span><\/p><h3>Was wir vermieten<\/h3><p><span class=\"jCAhz ChMk0b\"><span class=\"ryNqvb\">Wir k\u00f6nnen Ihnen verschiedene Artikel wie ein Gelenkbett, einen Elektroroller, einen Rollstuhl und vieles mehr zur Verf\u00fcgung stellen.<\/span><\/span><\/p><p><span class=\"jCAhz ChMk0b\"><span class=\"ryNqvb\">Wir haben verschiedene Modelle von Elektrorollern, von kleinen abnehmbaren bis hin zu gro\u00dfen Modellen.<\/span><\/span> <span class=\"jCAhz ChMk0b\"><span class=\"ryNqvb\">Wir k\u00f6nnen auch den schmalsten Rollstuhl mieten, den es in Europa gibt, mit einer Breite von 50 cm, der den Durchgang durch die kleinsten T\u00fcren wie Badezimmer erm\u00f6glicht. Zur Miete stehen verschiedene Gr\u00f6\u00dfen von Rollst\u00fchlen bis zur Gr\u00f6\u00dfe XXL zur Verf\u00fcgung.<\/span><\/span><\/p><p><span class=\"jCAhz ChMk0b\"><span class=\"ryNqvb\">Unser Unternehmen ist das ganze Jahr \u00fcber ge\u00f6ffnet, auch am Wochenende. Z\u00f6gern Sie nicht, den besten Verleihservice f\u00fcr Elektrorollst\u00fchle auf ganz Mallorca zu beauftragen.<\/span><\/span><\/p><p><span class=\"jCAhz ChMk0b\"><span class=\"ryNqvb\">Wir bieten Lieferungen nach Hause und ins Hotel an.<\/span><\/span><\/p>\t\t\t\t\t\t<\/div>\n\t\t\t\t<\/div>\n\t\t\t\t\t<\/div>\n\t\t\t\t<\/div>\n\t\t\t\t<\/div>\n\t\t","protected":false},"excerpt":{"rendered":"<p>Elektrorollstuhlverleih auf Mallorca Mieten Sie einen Elektrorollstuhl auf Mallorca. Unser Unternehmen ist auf die Vermietung orthop\u00e4discher Elektrorollst\u00fchle auf Mallorca spezialisiert. Wir bieten auch die Vermietung und den Verkauf von manuellen Rollst\u00fchlen, Kinderrollst\u00fchlen, Gelenkkrankenbetten, Gehhilfen, Gehhilfen und Kr\u00fccken an. Menschen mit eingeschr\u00e4nkter Mobilit\u00e4t k\u00f6nnen sich an uns wenden, um die L\u00f6sung f\u00fcr einen angenehmen Aufenthalt auf [&hellip;]<\/p>\n","protected":false},"author":1,"featured_media":23974,"comment_status":"closed","ping_status":"open","sticky":false,"template":"","format":"image","meta":{"site-sidebar-layout":"default","site-content-layout":"","ast-site-content-layout":"default","site-content-style":"default","site-sidebar-style":"default","ast-global-header-display":"","ast-banner-title-visibility":"","ast-main-header-display":"","ast-hfb-above-header-display":"","ast-hfb-below-header-display":"","ast-hfb-mobile-header-display":"","site-post-title":"","ast-breadcrumbs-content":"","ast-featured-img":"","footer-sml-layout":"","ast-disable-related-posts":"","theme-transparent-header-meta":"","adv-header-id-meta":"","stick-header-meta":"","header-above-stick-meta":"","header-main-stick-meta":"","header-below-stick-meta":"","astra-migrate-meta-layouts":"default","ast-page-background-enabled":"default","ast-page-background-meta":{"desktop":{"background-color":"var(--ast-global-color-4)","background-image":"","background-repeat":"repeat","background-position":"center center","background-size":"auto","background-attachment":"scroll","background-type":"","background-media":"","overlay-type":"","overlay-color":"","overlay-opacity":"","overlay-gradient":""},"tablet":{"background-color":"","background-image":"","background-repeat":"repeat","background-position":"center center","background-size":"auto","background-attachment":"scroll","background-type":"","background-media":"","overlay-type":"","overlay-color":"","overlay-opacity":"","overlay-gradient":""},"mobile":{"background-color":"","background-image":"","background-repeat":"repeat","background-position":"center center","background-size":"auto","background-attachment":"scroll","background-type":"","background-media":"","overlay-type":"","overlay-color":"","overlay-opacity":"","overlay-gradient":""}},"ast-content-background-meta":{"desktop":{"background-color":"var(--ast-global-color-5)","background-image":"","background-repeat":"repeat","background-position":"center center","background-size":"auto","background-attachment":"scroll","background-type":"","background-media":"","overlay-type":"","overlay-color":"","overlay-opacity":"","overlay-gradient":""},"tablet":{"background-color":"var(--ast-global-color-5)","background-image":"","background-repeat":"repeat","background-position":"center center","background-size":"auto","background-attachment":"scroll","background-type":"","background-media":"","overlay-type":"","overlay-color":"","overlay-opacity":"","overlay-gradient":""},"mobile":{"background-color":"var(--ast-global-color-5)","background-image":"","background-repeat":"repeat","background-position":"center center","background-size":"auto","background-attachment":"scroll","background-type":"","background-media":"","overlay-type":"","overlay-color":"","overlay-opacity":"","overlay-gradient":""}},"footnotes":""},"categories":[703],"tags":[1057,1058,1059,1060,1061,1062,1063],"class_list":["post-19297","post","type-post","status-publish","format-image","has-post-thumbnail","hentry","category-location-orthopedique","tag-alquilar-de-silla-de-ruedas-electrica-en-mallorca-fr","tag-alquilar-una-silla-de-ruedas-electrica-en-palma-de-mallorca-fr","tag-alquiler-de-sillas-de-ruedas-electrica-fr","tag-silla-de-ruedas-electrica-en-mallorca-fr","tag-silla-de-ruedas-electrica-para-alquilar-fr","tag-silla-de-ruedas-palma-fr","tag-sillas-de-ruedas-fr","post_format-post-format-image"],"_links":{"self":[{"href":"https:\/\/rentexpressmallorca.com\/fr\/wp-json\/wp\/v2\/posts\/19297","targetHints":{"allow":["GET"]}}],"collection":[{"href":"https:\/\/rentexpressmallorca.com\/fr\/wp-json\/wp\/v2\/posts"}],"about":[{"href":"https:\/\/rentexpressmallorca.com\/fr\/wp-json\/wp\/v2\/types\/post"}],"author":[{"embeddable":true,"href":"https:\/\/rentexpressmallorca.com\/fr\/wp-json\/wp\/v2\/users\/1"}],"replies":[{"embeddable":true,"href":"https:\/\/rentexpressmallorca.com\/fr\/wp-json\/wp\/v2\/comments?post=19297"}],"version-history":[{"count":11,"href":"https:\/\/rentexpressmallorca.com\/fr\/wp-json\/wp\/v2\/posts\/19297\/revisions"}],"predecessor-version":[{"id":22302,"href":"https:\/\/rentexpressmallorca.com\/fr\/wp-json\/wp\/v2\/posts\/19297\/revisions\/22302"}],"wp:featuredmedia":[{"embeddable":true,"href":"https:\/\/rentexpressmallorca.com\/fr\/wp-json\/wp\/v2\/media\/23974"}],"wp:attachment":[{"href":"https:\/\/rentexpressmallorca.com\/fr\/wp-json\/wp\/v2\/media?parent=19297"}],"wp:term":[{"taxonomy":"category","embeddable":true,"href":"https:\/\/rentexpressmallorca.com\/fr\/wp-json\/wp\/v2\/categories?post=19297"},{"taxonomy":"post_tag","embeddable":true,"href":"https:\/\/rentexpressmallorca.com\/fr\/wp-json\/wp\/v2\/tags?post=19297"}],"curies":[{"name":"wp","href":"https:\/\/api.w.org\/{rel}","templated":true}]}}