{"id":19300,"date":"2023-12-02T10:00:04","date_gmt":"2023-12-02T09:00:04","guid":{"rendered":"https:\/\/rentexpressmallorca.com\/alquilar-una-silla-de-ruedas\/"},"modified":"2025-10-27T19:39:43","modified_gmt":"2025-10-27T18:39:43","slug":"louer-un-fauteuil-roulant","status":"publish","type":"post","link":"https:\/\/rentexpressmallorca.com\/fr\/louer-un-fauteuil-roulant\/","title":{"rendered":"Louer un fauteuil roulant"},"content":{"rendered":"\t\t<div data-elementor-type=\"wp-post\" data-elementor-id=\"19300\" class=\"elementor elementor-19300 elementor-18117\" data-elementor-post-type=\"post\">\n\t\t\t\t<div class=\"elementor-element elementor-element-2fb40f7e e-flex e-con-boxed e-con e-parent\" data-id=\"2fb40f7e\" data-element_type=\"container\" data-settings=\"{&quot;content_width&quot;:&quot;boxed&quot;}\" data-core-v316-plus=\"true\">\n\t\t\t\t\t<div class=\"e-con-inner\">\n\t\t\t\t<div class=\"elementor-element elementor-element-1552c12 elementor-widget elementor-widget-text-editor\" data-id=\"1552c12\" data-element_type=\"widget\" data-widget_type=\"text-editor.default\">\n\t\t\t\t<div class=\"elementor-widget-container\">\n\t\t\t<style>\/*! elementor - v3.19.0 - 05-02-2024 *\/\n.elementor-widget-text-editor.elementor-drop-cap-view-stacked .elementor-drop-cap{background-color:#69727d;color:#fff}.elementor-widget-text-editor.elementor-drop-cap-view-framed .elementor-drop-cap{color:#69727d;border:3px solid;background-color:transparent}.elementor-widget-text-editor:not(.elementor-drop-cap-view-default) .elementor-drop-cap{margin-top:8px}.elementor-widget-text-editor:not(.elementor-drop-cap-view-default) .elementor-drop-cap-letter{width:1em;height:1em}.elementor-widget-text-editor .elementor-drop-cap{float:left;text-align:center;line-height:1;font-size:50px}.elementor-widget-text-editor .elementor-drop-cap-letter{display:inline-block}<\/style>\t\t\t\t<h2>Plusieurs mod\u00e9les disponible<\/h2>\n<p><span class=\"jCAhz ChMk0b\"><span class=\"ryNqvb\">Louer un fauteuil roulant \u00e0 Majorque plusieurs mod\u00e9les sont disponibles suivant votre besoin et nous offrons un s<\/span><\/span><span class=\"jCAhz ChMk0b\"><span class=\"ryNqvb\">ervice de livraison \u00e1 votre domicile ou \u00e1 votre h\u00f4tel.<\/span><\/span><\/p>\n<h4>Louer un fauteuil roulant<\/h4>\n<ul>\n<li>1 semaine: 35 \u20ac<\/li>\n<li>1 mois 100\u20ac<\/li>\n<\/ul>\n<h4>Caution<\/h4>\n<ul>\n<li>Caution obligatoire de 100\u20ac en esp\u00e8ces ou par empreinte bancaire<\/li>\n<\/ul>\n<h4>Livraison h\u00f4tels gratuit<\/h4>\n<p>Livraison \u00e1 votre h\u00f4tel gratuit pour un montant de commande minimum de 35\u20ac. Si votre zone d\u2019h\u00e9bergement n\u2019appara\u00eet pas dans la liste gratuite, merci de cliquer sur&nbsp;<a href=\"https:\/\/rentexpressmallorca.com\/fr\/livraison-aeroport-hotel\/\"><strong>\u00ab&nbsp;Livraisons&nbsp;\u00bb<\/strong><\/a>&nbsp;depuis la page Home.<\/p>\n<h4>Lieu de livraison h\u00f4tels<\/h4>\n<ul>\n<li>Palma de Mallorca<\/li>\n<li>Can Pastilla, El arenal<\/li>\n<li>Cala mayor, Bendinat, Portals nous<\/li>\n<li>Palmanova, Santa Ponsa, Calvia<\/li>\n<\/ul>\n<h4>Stores<\/h4>\n<ul>\n<li><a href=\"https:\/\/www.google.es\/maps\/place\/Carrer+del+31+de+Desembre,+3,+07003+Palma,+Illes+Balears\/@39.5780528,2.6523927,3a,75y,254.05h,90t\/data=!3m6!1e1!3m4!1sXW7zTUJ1mOG0OxhsLatsxQ!2e0!7i16384!8i8192!4m5!3m4!1s0x129792565ece7653:0x3ed790f198c501f5!8m2!3d39.5779607!4d2.652169\" target=\"_blank\" rel=\"noopener\">Calle 31 de diciembre,3, 07003 Palma de Mallorca<\/a><\/li>\n<li><a href=\"https:\/\/www.google.es\/maps\/place\/Rent+express+Mallorca\/@39.5713353,2.6722012,15z\/data=!4m2!3m1!1s0x0:0x37d022e8bcdba205?sa=X&amp;ved=2ahUKEwij742649qDAxX_AfsDHVf4BV8Q_BJ6BAhJEAA\" target=\"_blank\" rel=\"noopener\">Calle de Manacor, 123, 07007 Palma<\/a><\/li>\n<\/ul>\n<h4>Contact<\/h4>\n<ul>\n<li>(+34)697 402 352<\/li>\n<li>(+34) 651 723 263&nbsp;<\/li>\n<li>Utilisons WhatsApp<\/li>\n<\/ul>\n<h4><strong>Email<\/strong>:&nbsp;<\/h4>\n<ul>\n<li><a href=\"mailto:ade.elevation@gmail.com\"> ade.elevation@gmail.com<\/a><\/li>\n<\/ul>\n<h4>Plusieurs mod\u00e9les de fauteuils roulants<\/h4>\n<p><span class=\"jCAhz ChMk0b\"><span class=\"ryNqvb\">Nous avons \u00e0 votre disposition plusieurs mod\u00e8les de fauteuils roulants en location ou en vente enti\u00e8rement pliables et l\u00e9gers.<\/span><\/span> <span class=\"jCAhz ChMk0b\"><span class=\"ryNqvb\">Nous avons des fauteuils roulants pour adultes ou enfants avec de grandes roues, nous avons \u00e9galement plusieurs mod\u00e8les comme le fauteuil roulant \u00e0 petites roues et d&rsquo;autres comme le fauteuil roulant avec le syst\u00e8me de jambes droites pour \u00e9viter de plier le genou.<\/span><\/span> <span class=\"jCAhz ChMk0b\"><span class=\"ryNqvb\">Tous sont disponibles dans nos magasins \u00e0 Palma de Majorque.<\/span><\/span><\/p>\n<h4>Location orthop\u00e9diques<\/h4>\n<p>notre soci\u00e9t\u00e9 est sp\u00e9cialis\u00e9 dans <a href=\"https:\/\/rentexpressmallorca.com\/fr\/category\/location-orthopedique\/\">la vente et la location d\u00b4articles pour les personnes \u00e1 mobilit\u00e9 r\u00e9duite<\/a> et nous avons \u00e1 votre disposition une grande selection de scooters \u00e9lectriques, fauteuils roulants \u00e9lectrique, lits m\u00e9dicalis\u00e9s, d\u00e9ambulateurs, l\u00e8ve -personnes avec harnais.<\/p>\n<h3>Horaires<\/h3>\n<ul>\n<li><span class=\"jCAhz ChMk0b\"><span class=\"ryNqvb\">Du lundi au samedi de 9h30 \u00e0 19h<\/span><\/span><\/li>\n<li><span class=\"jCAhz ChMk0b\"><span class=\"ryNqvb\">Dimanche de 10h \u00e0 13h<\/span><\/span><\/li>\n<\/ul>\n<h3>Louer un fauteuil roulant \u00e0 Palma de Majorque<\/h3>\n<p>Rent Express Majorque propose la meilleure location de fauteuils roulants \u00e0 Majorque avec un service de livraison \u00e1 domicile, h\u00f4tels et r\u00e9sidences.<\/p>\n<h3>Diff\u00e9rentes tailles et mod\u00e9les de fauteuils roulants<\/h3>\n<p>Nous avons des mod\u00e8les \u00e0 partir de la taille d&rsquo;assise 40cm, 43cm, 45cm, y compris la taille XL et le fauteuil roulant super \u00e9troit pour pouvoir passer entre les passages de portes r\u00e9duites d&rsquo;une largeur de 50 cm.<\/p>\n<h4>Options sur le fauteuil roulant<\/h4>\n<p><span class=\"jCAhz ChMk0b\"><span class=\"ryNqvb\">Le prix annonc\u00e9 correspond au mod\u00e8le de fauteuil roulant manuel classique sans extras, comme les repose-pieds qui sur\u00e9l\u00e8vent la jambe pour ce mod\u00e8le, contactez-nous.<\/span><\/span><\/p>\n<h4>Location de fauteuils roulant<\/h4>\n<p><span class=\"jCAhz ChMk0b\"><span class=\"ryNqvb\">Louez un fauteuil roulant \u00e0 Palma de Majorque avec l&rsquo;entreprise la mieux not\u00e9e en termes de prix et de services,<\/span><\/span> s<span class=\"jCAhz ChMk0b\"><span class=\"ryNqvb\">i la dur\u00e9e de location est sup\u00e9rieure ou \u00e9gale \u00e0 2 semaines, nous pouvons livrer gratuitement \u00e0 Palma de Majorque, Magaluf, Palmanova, Calvia, Can Pastilla, El Arenal, Llucmajor, Cala Mayor, Bendinat, Portal Nous, Paguera, Santa Ponsa et beaucoup plus de sites.<\/span><\/span> <span class=\"jCAhz ChMk0b\"><span class=\"ryNqvb\">Si votre emplacement n&rsquo;appara\u00eet pas, demandez-nous.<\/span><\/span><\/p>\n<h3>Location orthop\u00e9dique<\/h3>\n<p><span class=\"jCAhz ChMk0b\"><span class=\"ryNqvb\">Louez un fauteuil roulant \u00e0 Majorque avec notre principale soci\u00e9t\u00e9 de location d&rsquo;appareils orthop\u00e9diques.<\/span><\/span> <span class=\"jCAhz ChMk0b\"><span class=\"ryNqvb\">Nous proposons d\u00e9sormais \u00e0 la location le fauteuil roulant le plus \u00e9troit d&rsquo;Europe, avec une largeur de seulement 51 cm, id\u00e9al pour les passages \u00e9troits comme les salles de bains.<\/span><\/span><\/p>\n<h3>Livraison \u00e0 domicile<\/h3>\n<p><span class=\"jCAhz ChMk0b\"><span class=\"ryNqvb\">Service gratuit offert en louant un fauteuil roulant pour un minimum de 2 semaines \u00e0 Palma et ses environs.<\/span><\/span> <span class=\"jCAhz ChMk0b\"><span class=\"ryNqvb\">Tous les fauteuils roulants sont pliables et tr\u00e8s faciles \u00e0 transporter, les repose-pieds sont retir\u00e9s, leur taille beaucoup plus compacte est id\u00e9ale pour le transport dans le coffre d&rsquo;une voiture.<\/span><\/span> <span class=\"jCAhz ChMk0b\"><span class=\"ryNqvb\">Tous les fauteuils roulants sont \u00e9quip\u00e9s de freins manuels sur chaque roue.<\/span><\/span> <span class=\"jCAhz ChMk0b\"><span class=\"ryNqvb\">Les repose-pieds se replient ou se retirent tout comme le fauteuil roulant, ce qui facilite le transport en voiture ou le stockage gr\u00e2ce \u00e0 sa petite taille.<\/span><\/span><\/p>\n<p><span class=\"jCAhz ChMk0b\"><span class=\"ryNqvb\">D\u00e9sormais, avec notre entreprise, ce ne sera plus un obstacle pour sortir de la maison, se promener dans les rues, profiter d&rsquo;une bonne promenade.<\/span><\/span><\/p>\n<h3>Avantages de la location d&rsquo;un fauteuil roulant<\/h3>\n<p><span class=\"jCAhz ChMk0b\"><span class=\"ryNqvb\">Nous proposons un service de haute qualit\u00e9, une vari\u00e9t\u00e9 de tailles de fauteuils roulants \u00e0 la location, du mod\u00e8le Xl tr\u00e8s \u00e9troit au tr\u00e8s grand.<\/span><\/span> <span class=\"jCAhz ChMk0b\"><span class=\"ryNqvb\">Nous sommes sp\u00e9cialis\u00e9s dans la location d&rsquo;appareils orthop\u00e9diques depuis 2010. Nous disposons d&rsquo;une gamme vari\u00e9e d&rsquo;articles orthop\u00e9diques pour votre bien-\u00eatre, votre commodit\u00e9 et votre confort.<\/span><\/span><\/p>\n<h3>Fauteuils roulants \u00e0 Palma<\/h3>\n<p><span class=\"jCAhz ChMk0b\"><span class=\"ryNqvb\">Nous louons divers articles orthop\u00e9diques pour les personnes \u00e1 mobilit\u00e9 r\u00e9duite tels que des lits m\u00e9dicalis\u00e9s avec livraison dans toute Majorque, des fauteuils roulants \u00e9lectriques, des d\u00e9ambulateurs, des scooters electriques pour personnes \u00e0 mobilit\u00e9 r\u00e9duite, la location de b\u00e9quilles, fauteuils roulants pour enfants.<\/span><\/span> &nbsp;<\/p>\n<h4>Important<\/h4>\n<p><span class=\"jCAhz ChMk0b\"><span class=\"ryNqvb\">Pour toute location il faudra fournir votre carte d\u00b4identit\u00e9 ou passeport et une caution est obligatoire. <\/span><\/span><span class=\"jCAhz ChMk0b\"><span class=\"ryNqvb\">Le service de livraison aux h\u00f4tels et domicile est un service dont la location doit \u00eatre payer au pr\u00e9alable.<\/span><\/span><\/p>\n<h3><br><\/h3>\t\t\t\t\t\t<\/div>\n\t\t\t\t<\/div>\n\t\t\t\t\t<\/div>\n\t\t\t\t<\/div>\n\t\t<div class=\"elementor-element elementor-element-80de35a e-flex e-con-boxed e-con e-parent\" data-id=\"80de35a\" data-element_type=\"container\" data-settings=\"{&quot;content_width&quot;:&quot;boxed&quot;}\" data-core-v316-plus=\"true\">\n\t\t\t\t\t<div class=\"e-con-inner\">\n\t\t<div class=\"elementor-element elementor-element-1bbbba8 e-con-full e-flex e-con e-child\" data-id=\"1bbbba8\" data-element_type=\"container\" data-settings=\"{&quot;content_width&quot;:&quot;full&quot;}\">\n\t\t\t\t<div class=\"elementor-element elementor-element-b9a2740 elementor-widget elementor-widget-image\" data-id=\"b9a2740\" data-element_type=\"widget\" data-widget_type=\"image.default\">\n\t\t\t\t<div class=\"elementor-widget-container\">\n\t\t\t<style>\/*! elementor - v3.19.0 - 05-02-2024 *\/\n.elementor-widget-image{text-align:center}.elementor-widget-image a{display:inline-block}.elementor-widget-image a img[src$=\".svg\"]{width:48px}.elementor-widget-image img{vertical-align:middle;display:inline-block}<\/style>\t\t\t\t\t\t\t\t\t\t<img fetchpriority=\"high\" decoding=\"async\" width=\"450\" height=\"600\" src=\"https:\/\/rentexpressmallorca.com\/wp-content\/uploads\/2023\/12\/PC-21.jpg\" class=\"attachment-large size-large wp-image-23875\" alt=\"louer un fauteuil roulant\" srcset=\"https:\/\/rentexpressmallorca.com\/wp-content\/uploads\/2023\/12\/PC-21.jpg 450w, https:\/\/rentexpressmallorca.com\/wp-content\/uploads\/2023\/12\/PC-21-225x300.jpg 225w\" sizes=\"(max-width: 450px) 100vw, 450px\" \/>\t\t\t\t\t\t\t\t\t\t\t\t\t<\/div>\n\t\t\t\t<\/div>\n\t\t\t\t<\/div>\n\t\t<div class=\"elementor-element elementor-element-bc48944 e-con-full e-flex e-con e-child\" data-id=\"bc48944\" data-element_type=\"container\" data-settings=\"{&quot;content_width&quot;:&quot;full&quot;}\">\n\t\t\t\t<div class=\"elementor-element elementor-element-26181b5 elementor-widget elementor-widget-image\" data-id=\"26181b5\" data-element_type=\"widget\" data-widget_type=\"image.default\">\n\t\t\t\t<div class=\"elementor-widget-container\">\n\t\t\t\t\t\t\t\t\t\t\t\t\t<img decoding=\"async\" width=\"300\" height=\"300\" src=\"https:\/\/rentexpressmallorca.com\/wp-content\/uploads\/2023\/12\/foto-11.jpg\" class=\"attachment-large size-large wp-image-23928\" alt=\"louer un fauteuil roulant\" srcset=\"https:\/\/rentexpressmallorca.com\/wp-content\/uploads\/2023\/12\/foto-11.jpg 300w, https:\/\/rentexpressmallorca.com\/wp-content\/uploads\/2023\/12\/foto-11-150x150.jpg 150w\" sizes=\"(max-width: 300px) 100vw, 300px\" \/>\t\t\t\t\t\t\t\t\t\t\t\t\t<\/div>\n\t\t\t\t<\/div>\n\t\t\t\t<\/div>\n\t\t\t\t\t<\/div>\n\t\t\t\t<\/div>\n\t\t\t\t<\/div>\n\t\t","protected":false},"excerpt":{"rendered":"<p>Plusieurs mod\u00e9les disponible Louer un fauteuil roulant \u00e0 Majorque plusieurs mod\u00e9les sont disponibles suivant votre besoin et nous offrons un service de livraison \u00e1 votre domicile ou \u00e1 votre h\u00f4tel. Louer un fauteuil roulant 1 semaine: 35 \u20ac 1 mois 100\u20ac Caution Caution obligatoire de 100\u20ac en esp\u00e8ces ou par empreinte bancaire Livraison h\u00f4tels gratuit [&hellip;]<\/p>\n","protected":false},"author":1,"featured_media":33260,"comment_status":"closed","ping_status":"open","sticky":false,"template":"","format":"image","meta":{"site-sidebar-layout":"default","site-content-layout":"","ast-site-content-layout":"default","site-content-style":"default","site-sidebar-style":"default","ast-global-header-display":"","ast-banner-title-visibility":"","ast-main-header-display":"","ast-hfb-above-header-display":"","ast-hfb-below-header-display":"","ast-hfb-mobile-header-display":"","site-post-title":"","ast-breadcrumbs-content":"","ast-featured-img":"","footer-sml-layout":"","ast-disable-related-posts":"","theme-transparent-header-meta":"","adv-header-id-meta":"","stick-header-meta":"","header-above-stick-meta":"","header-main-stick-meta":"","header-below-stick-meta":"","astra-migrate-meta-layouts":"default","ast-page-background-enabled":"default","ast-page-background-meta":{"desktop":{"background-color":"var(--ast-global-color-4)","background-image":"","background-repeat":"repeat","background-position":"center center","background-size":"auto","background-attachment":"scroll","background-type":"","background-media":"","overlay-type":"","overlay-color":"","overlay-opacity":"","overlay-gradient":""},"tablet":{"background-color":"","background-image":"","background-repeat":"repeat","background-position":"center center","background-size":"auto","background-attachment":"scroll","background-type":"","background-media":"","overlay-type":"","overlay-color":"","overlay-opacity":"","overlay-gradient":""},"mobile":{"background-color":"","background-image":"","background-repeat":"repeat","background-position":"center center","background-size":"auto","background-attachment":"scroll","background-type":"","background-media":"","overlay-type":"","overlay-color":"","overlay-opacity":"","overlay-gradient":""}},"ast-content-background-meta":{"desktop":{"background-color":"var(--ast-global-color-5)","background-image":"","background-repeat":"repeat","background-position":"center center","background-size":"auto","background-attachment":"scroll","background-type":"","background-media":"","overlay-type":"","overlay-color":"","overlay-opacity":"","overlay-gradient":""},"tablet":{"background-color":"var(--ast-global-color-5)","background-image":"","background-repeat":"repeat","background-position":"center center","background-size":"auto","background-attachment":"scroll","background-type":"","background-media":"","overlay-type":"","overlay-color":"","overlay-opacity":"","overlay-gradient":""},"mobile":{"background-color":"var(--ast-global-color-5)","background-image":"","background-repeat":"repeat","background-position":"center center","background-size":"auto","background-attachment":"scroll","background-type":"","background-media":"","overlay-type":"","overlay-color":"","overlay-opacity":"","overlay-gradient":""}},"footnotes":""},"categories":[703],"tags":[251,1082,1083,1084,1085,1724,1722,1726,1725,1723,1086,257,1062],"class_list":["post-19300","post","type-post","status-publish","format-image","has-post-thumbnail","hentry","category-location-orthopedique","tag-alquilar-una-silla-de-ruedas-en-palma-de-mallorca","tag-alquilar-una-silla-de-ruedas-en-palmanova-fr","tag-alquiler-de-silla-de-ruedas-en-mallorca-fr","tag-alquiler-de-sillas-de-ruedas-en-palma-de-mallorca-fr","tag-donde-alquilar-una-silla-de-ruedas-en-palma-fr","tag-location-de-chaises-roulante","tag-location-de-fauteuil-roulant","tag-location-fauteuil-roulant-palma-de-mallorca","tag-louer-fauteuil-roulant-majorque","tag-louer-un-fauteuil-roulant","tag-silla-de-ruedas-en-alquiler-fr","tag-silla-de-ruedas-palma","tag-silla-de-ruedas-palma-fr","post_format-post-format-image"],"_links":{"self":[{"href":"https:\/\/rentexpressmallorca.com\/fr\/wp-json\/wp\/v2\/posts\/19300","targetHints":{"allow":["GET"]}}],"collection":[{"href":"https:\/\/rentexpressmallorca.com\/fr\/wp-json\/wp\/v2\/posts"}],"about":[{"href":"https:\/\/rentexpressmallorca.com\/fr\/wp-json\/wp\/v2\/types\/post"}],"author":[{"embeddable":true,"href":"https:\/\/rentexpressmallorca.com\/fr\/wp-json\/wp\/v2\/users\/1"}],"replies":[{"embeddable":true,"href":"https:\/\/rentexpressmallorca.com\/fr\/wp-json\/wp\/v2\/comments?post=19300"}],"version-history":[{"count":54,"href":"https:\/\/rentexpressmallorca.com\/fr\/wp-json\/wp\/v2\/posts\/19300\/revisions"}],"predecessor-version":[{"id":28090,"href":"https:\/\/rentexpressmallorca.com\/fr\/wp-json\/wp\/v2\/posts\/19300\/revisions\/28090"}],"wp:featuredmedia":[{"embeddable":true,"href":"https:\/\/rentexpressmallorca.com\/fr\/wp-json\/wp\/v2\/media\/33260"}],"wp:attachment":[{"href":"https:\/\/rentexpressmallorca.com\/fr\/wp-json\/wp\/v2\/media?parent=19300"}],"wp:term":[{"taxonomy":"category","embeddable":true,"href":"https:\/\/rentexpressmallorca.com\/fr\/wp-json\/wp\/v2\/categories?post=19300"},{"taxonomy":"post_tag","embeddable":true,"href":"https:\/\/rentexpressmallorca.com\/fr\/wp-json\/wp\/v2\/tags?post=19300"}],"curies":[{"name":"wp","href":"https:\/\/api.w.org\/{rel}","templated":true}]}}