{"id":19303,"date":"2015-12-28T12:50:27","date_gmt":"2015-12-28T11:50:27","guid":{"rendered":"https:\/\/rentexpressmallorca.com\/camas-articuladas\/"},"modified":"2026-02-28T15:33:15","modified_gmt":"2026-02-28T14:33:15","slug":"lits-articules","status":"publish","type":"post","link":"https:\/\/rentexpressmallorca.com\/fr\/lits-articules\/","title":{"rendered":"Location de lits m\u00e9dicalis\u00e9"},"content":{"rendered":"\t\t<div data-elementor-type=\"wp-post\" data-elementor-id=\"19303\" class=\"elementor elementor-19303 elementor-18123\" data-elementor-post-type=\"post\">\n\t\t\t\t<div class=\"elementor-element elementor-element-5b282c01 e-flex e-con-boxed e-con e-parent\" data-id=\"5b282c01\" data-element_type=\"container\" data-settings=\"{&quot;content_width&quot;:&quot;boxed&quot;}\" data-core-v316-plus=\"true\">\n\t\t\t\t\t<div class=\"e-con-inner\">\n\t\t\t\t<div class=\"elementor-element elementor-element-27b28540 elementor-widget elementor-widget-text-editor\" data-id=\"27b28540\" data-element_type=\"widget\" data-widget_type=\"text-editor.default\">\n\t\t\t\t<div class=\"elementor-widget-container\">\n\t\t\t<style>\/*! elementor - v3.19.0 - 05-02-2024 *\/\n.elementor-widget-text-editor.elementor-drop-cap-view-stacked .elementor-drop-cap{background-color:#69727d;color:#fff}.elementor-widget-text-editor.elementor-drop-cap-view-framed .elementor-drop-cap{color:#69727d;border:3px solid;background-color:transparent}.elementor-widget-text-editor:not(.elementor-drop-cap-view-default) .elementor-drop-cap{margin-top:8px}.elementor-widget-text-editor:not(.elementor-drop-cap-view-default) .elementor-drop-cap-letter{width:1em;height:1em}.elementor-widget-text-editor .elementor-drop-cap{float:left;text-align:center;line-height:1;font-size:50px}.elementor-widget-text-editor .elementor-drop-cap-letter{display:inline-block}<\/style>\t\t\t\t<h2>Lits d&rsquo;h\u00f4pitaux \u00e0 domicile<\/h2><p><span class=\"jCAhz ChMk0b\"><span class=\"ryNqvb\">Lits r\u00e9glables \u00e0 Majorque, en location ou \u00e0 vendre nos lits r\u00e9glables sont de grande qualit\u00e9 et tr\u00e8s agr\u00e9ables \u00e0 regarder, tous \u00e9quip\u00e9s d&rsquo;une \u00e9l\u00e9vation verticale tr\u00e8s douce pour plus de s\u00e9curit\u00e9.<\/span><\/span> <span class=\"jCAhz ChMk0b\"><span class=\"ryNqvb\">Louer un lit articul\u00e9 pour le confort de l&rsquo;utilisateur, c&rsquo;est investir dans votre bien-\u00eatre.Tous les lits hospitaliers articul\u00e9s sont \u00e9quip\u00e9s de barres de s\u00e9curit\u00e9 lat\u00e9rales et d&rsquo;un matelas avec housse de protection.<\/span><\/span> <span class=\"jCAhz ChMk0b\"><span class=\"ryNqvb\">Nous avons une grande vari\u00e9t\u00e9 d&rsquo;accessoires \u00e0 louer ou \u00e0 vendre, tels que des concentrateurs d&rsquo;oxyg\u00e8ne, des \u00e9l\u00e9vateurs pour personnes, des perches \u00e0 perfusion, des tables r\u00e9glables, des aspirateurs \u00e0 s\u00e9cr\u00e9tions, parmi de nombreux autres articles disponibles pour le bien-\u00eatre des personnes qui ont besoin de soins particuliers \u00e0 domicile.<\/span><\/span><\/p><h2>Lits articul\u00e9s<\/h2><ul><li><span class=\"jCAhz ChMk0b\"><span class=\"ryNqvb\">Lit articul\u00e9 \u00e0 barreaux et matelas inclus : 150,00 \u20ac\/mois.<\/span><\/span><\/li><li>\u00a0<span class=\"jCAhz ChMk0b\"><span class=\"ryNqvb\">Livraison avec montage et installation \u00e0 domicile : 40,00 \u20ac\/mois \u00e0 Palma<\/span><\/span><\/li><li><span class=\"jCAhz ChMk0b\"><span class=\"ryNqvb\">Consultation autre destination<\/span><\/span><\/li><li><span class=\"jCAhz ChMk0b\"><span class=\"ryNqvb\">Matelas gonflable anti-escarres (en option) : 35 \u20ac\/mois<\/span><\/span><\/li><\/ul><p><span class=\"jCAhz ChMk0b\"><span class=\"ryNqvb\">Les tarifs pour les livraisons en dehors de Palma doivent \u00eatre consult\u00e9s.<\/span><\/span><\/p><h3>Contacter<\/h3><ul><li><span class=\"jCAhz ChMk0b\"><span class=\"ryNqvb\">T\u00e9l\u00e9phone 1\u00a0: +34 651723263<\/span><\/span><\/li><li><span class=\"jCAhz ChMk0b\"><span class=\"ryNqvb\">T\u00e9l\u00e9phone 2\u00a0: +34 697402352<\/span><\/span><\/li><li>Email: ade.elevation@gmail.com<\/li><\/ul><p>Nous utilisons WhatsApp pour votre commodit\u00e9.<\/p><h3>O\u00f9 nous trouver<\/h3><ul><li>Magasin-entrep\u00f4t : <a href=\"https:\/\/www.google.es\/maps\/place\/Calle+de+Manacor,+123,+07007+Palma,+Islas+Baleares\/@39.5712352,2.6721965,3a,75y,3.36h,83.04t\/data=!3m6!1e1!3m4!1sugDj59W77_qzBtACR_NCmA!2e0!7i16384!8i8192!4m5!3m4!1s0x129793a4ed85b9ad:0x53ff4afa7c1b3776!8m2!3d39.5713665!4d2.6722022\" target=\"_blank\" rel=\"noopener\">Calle Manacor, 123, 07007 Palma de Mallorca<\/a><\/li><li>Centre commercial: <a href=\"https:\/\/www.google.es\/maps\/place\/Carrer+del+31+de+Desembre,+3,+07003+Palma,+Illes+Balears\/@39.5779607,2.6499803,17z\/data=!3m1!4b1!4m5!3m4!1s0x129792565ece7653:0x3ed790f198c501f5!8m2!3d39.5779607!4d2.652169\" target=\"_blank\" rel=\"noopener\">Calle 31 de diciembre, 3, 07003 Palma de Mallorca<\/a><\/li><\/ul><h3>Des horaires<\/h3><ul><li><span class=\"jCAhz ChMk0b\"><span class=\"ryNqvb\">Du lundi au vendredi : 09h30 &#8211; 19h<\/span><\/span><\/li><li><span class=\"jCAhz ChMk0b\"><span class=\"ryNqvb\">Samedi : 10h30 &#8211; 13h00<\/span><\/span><\/li><li><span class=\"jCAhz ChMk0b\"><span class=\"ryNqvb\">Dimanche : 10h30 &#8211; 13h00 (mois d&rsquo;\u00e9t\u00e9 uniquement)<\/span><\/span><\/li><\/ul><h3>Informations compl\u00e9mentaires pour la location d&rsquo;un lit r\u00e9glable<\/h3><ul><li><span class=\"jCAhz ChMk0b\"><span class=\"ryNqvb\">Les mesures sont standards.<\/span><\/span><\/li><li><span class=\"jCAhz ChMk0b\"><span class=\"ryNqvb\">Le matelas est livr\u00e9 avec une housse incluse.<\/span><\/span><\/li><li><span class=\"jCAhz ChMk0b\"><span class=\"ryNqvb\">Le dossier peut \u00eatre relev\u00e9 avec une grande inclinaison qui peut \u00eatre r\u00e9gl\u00e9e depuis la commande en fonction de la n\u00e9cessit\u00e9 de s&rsquo;asseoir dans une meilleure position.<\/span><\/span><\/li><li><span class=\"jCAhz ChMk0b\"><span class=\"ryNqvb\">La partie jambe est sur\u00e9lev\u00e9e pour permettre une meilleure circulation sanguine<\/span><\/span> <span class=\"jCAhz ChMk0b\"><span class=\"ryNqvb\">Nous avons un service de livraison \u00e0 domicile dans toute Majorque.<\/span><\/span><\/li><\/ul><p><span class=\"jCAhz ChMk0b\"><span class=\"ryNqvb\">Vous pouvez enti\u00e8rement faire confiance \u00e0 Rent Express Mallorca pour louer ou acheter.<\/span><\/span><\/p><h3>Location et vente de lits articul\u00e9s<\/h3><p>Notre entreprise propose le service de location, ainsi que la vente, d&rsquo;articles orthop\u00e9diques tels que des aides au bain, des chaises de baignoire, des si\u00e8ges de douche, avec un service de mobilit\u00e9 comme des fauteuils roulants de toutes tailles, des d\u00e9ambulateurs et des d\u00e9ambulateurs aussi bien en vente qu&rsquo;en location, il peut \u00eatre lou\u00e9. pour une p\u00e9riode courte ou longue, c&rsquo;est pourquoi Rent Express Mallorca est l&rsquo;entreprise la plus appr\u00e9ci\u00e9e de toute l&rsquo;\u00eele.<\/p><h3>Louer avec Rent Express Majorque<\/h3><p><span class=\"jCAhz ChMk0b\"><span class=\"ryNqvb\">Nous offrons un v\u00e9ritable service de proximit\u00e9 et des mat\u00e9riaux de haute qualit\u00e9 \u00e0 des prix tr\u00e8s abordables.<\/span><\/span> <span class=\"jCAhz ChMk0b\"><span class=\"ryNqvb\">Parmi tant d&rsquo;articles, des fauteuils roulants \u00e9lectriques indispensables \u00e0 un moment donn\u00e9, en plus de produits aussi vari\u00e9s que des b\u00e9quilles, des ascenseurs pour personnes \u00e0 mobilit\u00e9 r\u00e9duite.<\/span><\/span> <span class=\"jCAhz ChMk0b\"><span class=\"ryNqvb\">Ainsi, gr\u00e2ce au travail consacr\u00e9 aux personnes \u00e0 mobilit\u00e9 r\u00e9duite pendant des ann\u00e9es, cela nous a permis de d\u00e9velopper un service de haute qualit\u00e9.<\/span><\/span> <span class=\"jCAhz ChMk0b\"><span class=\"ryNqvb\">N&rsquo;h\u00e9sitez pas \u00e0 visiter notre rubrique mobilit\u00e9.<\/span><\/span><\/p><p><span class=\"jCAhz ChMk0b\"><span class=\"ryNqvb\">Nous proposons \u00e9galement des locations avec option d&rsquo;achat, notre service de location couvre donc tout besoin pour une dur\u00e9e courte ou ind\u00e9termin\u00e9e.<\/span><\/span><\/p>\t\t\t\t\t\t<\/div>\n\t\t\t\t<\/div>\n\t\t\t\t\t<\/div>\n\t\t\t\t<\/div>\n\t\t\t\t<\/div>\n\t\t","protected":false},"excerpt":{"rendered":"<p>Lits d&rsquo;h\u00f4pitaux \u00e0 domicile Lits r\u00e9glables \u00e0 Majorque, en location ou \u00e0 vendre nos lits r\u00e9glables sont de grande qualit\u00e9 et tr\u00e8s agr\u00e9ables \u00e0 regarder, tous \u00e9quip\u00e9s d&rsquo;une \u00e9l\u00e9vation verticale tr\u00e8s douce pour plus de s\u00e9curit\u00e9. Louer un lit articul\u00e9 pour le confort de l&rsquo;utilisateur, c&rsquo;est investir dans votre bien-\u00eatre.Tous les lits hospitaliers articul\u00e9s sont [&hellip;]<\/p>\n","protected":false},"author":1,"featured_media":29965,"comment_status":"closed","ping_status":"open","sticky":false,"template":"","format":"standard","meta":{"site-sidebar-layout":"default","site-content-layout":"","ast-site-content-layout":"default","site-content-style":"default","site-sidebar-style":"default","ast-global-header-display":"","ast-banner-title-visibility":"","ast-main-header-display":"","ast-hfb-above-header-display":"","ast-hfb-below-header-display":"","ast-hfb-mobile-header-display":"","site-post-title":"","ast-breadcrumbs-content":"","ast-featured-img":"","footer-sml-layout":"","ast-disable-related-posts":"","theme-transparent-header-meta":"","adv-header-id-meta":"","stick-header-meta":"","header-above-stick-meta":"","header-main-stick-meta":"","header-below-stick-meta":"","astra-migrate-meta-layouts":"default","ast-page-background-enabled":"default","ast-page-background-meta":{"desktop":{"background-color":"var(--ast-global-color-4)","background-image":"","background-repeat":"repeat","background-position":"center center","background-size":"auto","background-attachment":"scroll","background-type":"","background-media":"","overlay-type":"","overlay-color":"","overlay-opacity":"","overlay-gradient":""},"tablet":{"background-color":"","background-image":"","background-repeat":"repeat","background-position":"center center","background-size":"auto","background-attachment":"scroll","background-type":"","background-media":"","overlay-type":"","overlay-color":"","overlay-opacity":"","overlay-gradient":""},"mobile":{"background-color":"","background-image":"","background-repeat":"repeat","background-position":"center center","background-size":"auto","background-attachment":"scroll","background-type":"","background-media":"","overlay-type":"","overlay-color":"","overlay-opacity":"","overlay-gradient":""}},"ast-content-background-meta":{"desktop":{"background-color":"var(--ast-global-color-5)","background-image":"","background-repeat":"repeat","background-position":"center center","background-size":"auto","background-attachment":"scroll","background-type":"","background-media":"","overlay-type":"","overlay-color":"","overlay-opacity":"","overlay-gradient":""},"tablet":{"background-color":"var(--ast-global-color-5)","background-image":"","background-repeat":"repeat","background-position":"center center","background-size":"auto","background-attachment":"scroll","background-type":"","background-media":"","overlay-type":"","overlay-color":"","overlay-opacity":"","overlay-gradient":""},"mobile":{"background-color":"var(--ast-global-color-5)","background-image":"","background-repeat":"repeat","background-position":"center center","background-size":"auto","background-attachment":"scroll","background-type":"","background-media":"","overlay-type":"","overlay-color":"","overlay-opacity":"","overlay-gradient":""}},"footnotes":""},"categories":[703],"tags":[1102,1103,1104,1105,1106,1107,1108],"class_list":["post-19303","post","type-post","status-publish","format-standard","has-post-thumbnail","hentry","category-location-orthopedique","tag-alquilar-una-cama-articulada-fr","tag-alquilar-una-cama-de-hospital-fr","tag-alquilar-una-cama-hospitalaria-fr","tag-alquilar-una-cama-para-enfermos-fr","tag-alquiler-de-cama-hospitalaria-fr","tag-alquiler-de-camas-articulada-fr","tag-cama-de-hospital-a-domicilio-fr"],"_links":{"self":[{"href":"https:\/\/rentexpressmallorca.com\/fr\/wp-json\/wp\/v2\/posts\/19303","targetHints":{"allow":["GET"]}}],"collection":[{"href":"https:\/\/rentexpressmallorca.com\/fr\/wp-json\/wp\/v2\/posts"}],"about":[{"href":"https:\/\/rentexpressmallorca.com\/fr\/wp-json\/wp\/v2\/types\/post"}],"author":[{"embeddable":true,"href":"https:\/\/rentexpressmallorca.com\/fr\/wp-json\/wp\/v2\/users\/1"}],"replies":[{"embeddable":true,"href":"https:\/\/rentexpressmallorca.com\/fr\/wp-json\/wp\/v2\/comments?post=19303"}],"version-history":[{"count":21,"href":"https:\/\/rentexpressmallorca.com\/fr\/wp-json\/wp\/v2\/posts\/19303\/revisions"}],"predecessor-version":[{"id":28242,"href":"https:\/\/rentexpressmallorca.com\/fr\/wp-json\/wp\/v2\/posts\/19303\/revisions\/28242"}],"wp:featuredmedia":[{"embeddable":true,"href":"https:\/\/rentexpressmallorca.com\/fr\/wp-json\/wp\/v2\/media\/29965"}],"wp:attachment":[{"href":"https:\/\/rentexpressmallorca.com\/fr\/wp-json\/wp\/v2\/media?parent=19303"}],"wp:term":[{"taxonomy":"category","embeddable":true,"href":"https:\/\/rentexpressmallorca.com\/fr\/wp-json\/wp\/v2\/categories?post=19303"},{"taxonomy":"post_tag","embeddable":true,"href":"https:\/\/rentexpressmallorca.com\/fr\/wp-json\/wp\/v2\/tags?post=19303"}],"curies":[{"name":"wp","href":"https:\/\/api.w.org\/{rel}","templated":true}]}}