{"id":19315,"date":"2023-12-18T19:41:39","date_gmt":"2023-12-18T18:41:39","guid":{"rendered":"https:\/\/rentexpressmallorca.com\/alquilar-carrito-bebe-con-capazo\/"},"modified":"2026-03-11T12:19:15","modified_gmt":"2026-03-11T11:19:15","slug":"landau-pour-bebe","status":"publish","type":"post","link":"https:\/\/rentexpressmallorca.com\/fr\/landau-pour-bebe\/","title":{"rendered":"Location landau b\u00e9b\u00e9 \u00e0 Majorque"},"content":{"rendered":"\t\t<div data-elementor-type=\"wp-post\" data-elementor-id=\"19315\" class=\"elementor elementor-19315 elementor-18136\" data-elementor-post-type=\"post\">\n\t\t\t\t<div class=\"elementor-element elementor-element-616dc703 e-flex e-con-boxed e-con e-parent\" data-id=\"616dc703\" data-element_type=\"container\" data-settings=\"{&quot;content_width&quot;:&quot;boxed&quot;}\" data-core-v316-plus=\"true\">\n\t\t\t\t\t<div class=\"e-con-inner\">\n\t\t\t\t<div class=\"elementor-element elementor-element-14fa9b7 elementor-widget elementor-widget-text-editor\" data-id=\"14fa9b7\" data-element_type=\"widget\" data-widget_type=\"text-editor.default\">\n\t\t\t\t<div class=\"elementor-widget-container\">\n\t\t\t<style>\/*! elementor - v3.19.0 - 05-02-2024 *\/\n.elementor-widget-text-editor.elementor-drop-cap-view-stacked .elementor-drop-cap{background-color:#69727d;color:#fff}.elementor-widget-text-editor.elementor-drop-cap-view-framed .elementor-drop-cap{color:#69727d;border:3px solid;background-color:transparent}.elementor-widget-text-editor:not(.elementor-drop-cap-view-default) .elementor-drop-cap{margin-top:8px}.elementor-widget-text-editor:not(.elementor-drop-cap-view-default) .elementor-drop-cap-letter{width:1em;height:1em}.elementor-widget-text-editor .elementor-drop-cap{float:left;text-align:center;line-height:1;font-size:50px}.elementor-widget-text-editor .elementor-drop-cap-letter{display:inline-block}<\/style>\t\t\t\t<p data-start=\"293\" data-end=\"537\">Louez un landau b\u00e9b\u00e9 \u00e0 Majorque et r\u00e9cup\u00e9rez-le directement \u00e0 l\u2019a\u00e9roport de Palma ou en ville. C\u2019est une solution id\u00e9ale pour les familles voyageant avec un nouveau-n\u00e9 et souhaitant disposer d\u2019un couchage confortable et adapt\u00e9 d\u00e8s leur arriv\u00e9e.<\/p><p data-start=\"539\" data-end=\"777\">Pliant et confortable, le landau est parfait pour les promenades et les d\u00e9placements pendant votre s\u00e9jour sur l\u2019\u00eele. Louer un landau \u00e0 Majorque vous permet d\u2019\u00e9viter de transporter votre propre \u00e9quipement en avion et de voyager plus l\u00e9ger.<\/p><p data-start=\"779\" data-end=\"878\">Tous nos landaus sont nettoy\u00e9s, d\u00e9sinfect\u00e9s et pr\u00eats \u00e0 \u00eatre utilis\u00e9s imm\u00e9diatement \u00e0 votre arriv\u00e9e.<\/p>\t\t\t\t\t\t<\/div>\n\t\t\t\t<\/div>\n\t\t\t\t<div class=\"elementor-element elementor-element-6cd061d elementor-widget elementor-widget-heading\" data-id=\"6cd061d\" data-element_type=\"widget\" data-widget_type=\"heading.default\">\n\t\t\t\t<div class=\"elementor-widget-container\">\n\t\t\t<style>\/*! elementor - v3.19.0 - 05-02-2024 *\/\n.elementor-heading-title{padding:0;margin:0;line-height:1}.elementor-widget-heading .elementor-heading-title[class*=elementor-size-]>a{color:inherit;font-size:inherit;line-height:inherit}.elementor-widget-heading .elementor-heading-title.elementor-size-small{font-size:15px}.elementor-widget-heading .elementor-heading-title.elementor-size-medium{font-size:19px}.elementor-widget-heading .elementor-heading-title.elementor-size-large{font-size:29px}.elementor-widget-heading .elementor-heading-title.elementor-size-xl{font-size:39px}.elementor-widget-heading .elementor-heading-title.elementor-size-xxl{font-size:59px}<\/style><h2 class=\"elementor-heading-title elementor-size-default\">Tarifs de location<\/h2>\t\t<\/div>\n\t\t\t\t<\/div>\n\t\t\t\t<div class=\"elementor-element elementor-element-6101253 elementor-widget elementor-widget-text-editor\" data-id=\"6101253\" data-element_type=\"widget\" data-widget_type=\"text-editor.default\">\n\t\t\t\t<div class=\"elementor-widget-container\">\n\t\t\t\t\t\t\t<p data-start=\"908\" data-end=\"985\">1 semaine : 45 \u20ac<br data-start=\"924\" data-end=\"927\" \/>Caution : 50 \u20ac<br data-start=\"941\" data-end=\"944\" \/>Service a\u00e9roport (remise &amp; retour) : 10 \u20ac<\/p><p data-start=\"987\" data-end=\"1114\">La majorit\u00e9 des familles choisissent le retrait \u00e0 l\u2019a\u00e9roport afin que le mat\u00e9riel soit pr\u00eat imm\u00e9diatement apr\u00e8s l\u2019atterrissage.<\/p>\t\t\t\t\t\t<\/div>\n\t\t\t\t<\/div>\n\t\t\t\t<div class=\"elementor-element elementor-element-874c63e elementor-widget elementor-widget-heading\" data-id=\"874c63e\" data-element_type=\"widget\" data-widget_type=\"heading.default\">\n\t\t\t\t<div class=\"elementor-widget-container\">\n\t\t\t<h2 class=\"elementor-heading-title elementor-size-default\">Options de caution<\/h2>\t\t<\/div>\n\t\t\t\t<\/div>\n\t\t\t\t<div class=\"elementor-element elementor-element-26146f5 elementor-widget elementor-widget-text-editor\" data-id=\"26146f5\" data-element_type=\"widget\" data-widget_type=\"text-editor.default\">\n\t\t\t\t<div class=\"elementor-widget-container\">\n\t\t\t\t\t\t\t<p data-start=\"1144\" data-end=\"1193\">La caution peut \u00eatre effectu\u00e9e de deux mani\u00e8res :<\/p><p data-start=\"1195\" data-end=\"1404\">\u2022 Empreinte bancaire par carte (CB) \u2013 montant bloqu\u00e9 temporairement et lib\u00e9r\u00e9 automatiquement par le syst\u00e8me bancaire.<br data-start=\"1341\" data-end=\"1344\" \/>\u2022 D\u00e9p\u00f4t en esp\u00e8ces \u2013 restitu\u00e9 lors de la remise du mat\u00e9riel.<\/p>\t\t\t\t\t\t<\/div>\n\t\t\t\t<\/div>\n\t\t\t\t<div class=\"elementor-element elementor-element-7352035 elementor-widget elementor-widget-heading\" data-id=\"7352035\" data-element_type=\"widget\" data-widget_type=\"heading.default\">\n\t\t\t\t<div class=\"elementor-widget-container\">\n\t\t\t<h2 class=\"elementor-heading-title elementor-size-default\">Important<\/h2>\t\t<\/div>\n\t\t\t\t<\/div>\n\t\t\t\t<div class=\"elementor-element elementor-element-6c9b496 elementor-widget elementor-widget-text-editor\" data-id=\"6c9b496\" data-element_type=\"widget\" data-widget_type=\"text-editor.default\">\n\t\t\t\t<div class=\"elementor-widget-container\">\n\t\t\t\t\t\t\t<p data-start=\"1425\" data-end=\"1525\">Les landaus ne peuvent pas \u00eatre utilis\u00e9s comme si\u00e8ges auto.<br data-start=\"1484\" data-end=\"1487\" \/>Les si\u00e8ges auto sont lou\u00e9s s\u00e9par\u00e9ment.<\/p><p data-start=\"1527\" data-end=\"1617\">Nous recommandons de r\u00e9server \u00e0 l\u2019avance, surtout pendant les p\u00e9riodes de forte affluence.<\/p>\t\t\t\t\t\t<\/div>\n\t\t\t\t<\/div>\n\t\t\t\t<div class=\"elementor-element elementor-element-8d1f2c7 elementor-widget elementor-widget-heading\" data-id=\"8d1f2c7\" data-element_type=\"widget\" data-widget_type=\"heading.default\">\n\t\t\t\t<div class=\"elementor-widget-container\">\n\t\t\t<h2 class=\"elementor-heading-title elementor-size-default\">Comparez les mod\u00e8les disponibles<\/h2>\t\t<\/div>\n\t\t\t\t<\/div>\n\t\t\t\t<div class=\"elementor-element elementor-element-99fcf87 elementor-widget elementor-widget-text-editor\" data-id=\"99fcf87\" data-element_type=\"widget\" data-widget_type=\"text-editor.default\">\n\t\t\t\t<div class=\"elementor-widget-container\">\n\t\t\t\t\t\t\t<p data-start=\"1661\" data-end=\"1769\">D\u00e9couvrez tous nos \u00e9quipements b\u00e9b\u00e9 disponibles sur notre page<br data-start=\"1723\" data-end=\"1726\" \/><a href=\"https:\/\/rentexpressmallorca.com\/fr\/category\/articles-pour-enfants-et-bebes\/\"><strong data-start=\"1729\" data-end=\"1769\">\u00c9quipement b\u00e9b\u00e9 et enfant \u00e0 Majorque<\/strong><\/a><\/p><p data-start=\"1771\" data-end=\"1884\">Nous proposons \u00e9galement poussettes, lits parapluie, si\u00e8ges auto et autres articles essentiels pour votre s\u00e9jour.<\/p>\t\t\t\t\t\t<\/div>\n\t\t\t\t<\/div>\n\t\t\t\t<div class=\"elementor-element elementor-element-23a9ea0 elementor-widget elementor-widget-heading\" data-id=\"23a9ea0\" data-element_type=\"widget\" data-widget_type=\"heading.default\">\n\t\t\t\t<div class=\"elementor-widget-container\">\n\t\t\t<h2 class=\"elementor-heading-title elementor-size-default\">Retrait \u00e0 l\u2019a\u00e9roport de Palma<\/h2>\t\t<\/div>\n\t\t\t\t<\/div>\n\t\t\t\t<div class=\"elementor-element elementor-element-55bf1bf elementor-widget elementor-widget-text-editor\" data-id=\"55bf1bf\" data-element_type=\"widget\" data-widget_type=\"text-editor.default\">\n\t\t\t\t<div class=\"elementor-widget-container\">\n\t\t\t\t\t\t\t<p data-start=\"2190\" data-end=\"2303\">La remise et le retour sont disponibles directement \u00e0 l\u2019a\u00e9roport de Palma pendant les horaires d\u2019ouverture.<\/p><p data-start=\"2305\" data-end=\"2515\">Apr\u00e8s avoir r\u00e9cup\u00e9r\u00e9 vos bagages, dirigez-vous vers le parking public situ\u00e9 en face du terminal.<br data-start=\"2401\" data-end=\"2404\" \/>Au rez-de-chauss\u00e9e, pr\u00e8s de la zone des voitures de location, se trouve le Bar Oasis, notre point de rencontre.<\/p><p data-start=\"2517\" data-end=\"2615\">Merci de nous appeler apr\u00e8s la r\u00e9cup\u00e9ration des bagages et environ 15 minutes avant votre arriv\u00e9e.<\/p><p data-start=\"2617\" data-end=\"2714\">En dehors des horaires d\u2019ouverture, la remise s\u2019effectue dans notre magasin proche de l\u2019a\u00e9roport.<\/p>\t\t\t\t\t\t<\/div>\n\t\t\t\t<\/div>\n\t\t\t\t<div class=\"elementor-element elementor-element-6001e07 elementor-widget elementor-widget-heading\" data-id=\"6001e07\" data-element_type=\"widget\" data-widget_type=\"heading.default\">\n\t\t\t\t<div class=\"elementor-widget-container\">\n\t\t\t<h2 class=\"elementor-heading-title elementor-size-default\">Point de rencontre a\u00e9roport Palma Majorque<\/h2>\t\t<\/div>\n\t\t\t\t<\/div>\n\t\t\t\t<div class=\"elementor-element elementor-element-30c19a5 elementor-widget elementor-widget-image\" data-id=\"30c19a5\" data-element_type=\"widget\" data-widget_type=\"image.default\">\n\t\t\t\t<div class=\"elementor-widget-container\">\n\t\t\t<style>\/*! elementor - v3.19.0 - 05-02-2024 *\/\n.elementor-widget-image{text-align:center}.elementor-widget-image a{display:inline-block}.elementor-widget-image a img[src$=\".svg\"]{width:48px}.elementor-widget-image img{vertical-align:middle;display:inline-block}<\/style>\t\t\t\t\t\t\t\t\t\t<img fetchpriority=\"high\" decoding=\"async\" width=\"300\" height=\"219\" src=\"https:\/\/rentexpressmallorca.com\/wp-content\/uploads\/2023\/12\/location-siege-auto-aeroport-Palma-Majorque-300x219.jpeg\" class=\"attachment-medium size-medium wp-image-35336\" alt=\"point de rencontre aeroport de palma\" srcset=\"https:\/\/rentexpressmallorca.com\/wp-content\/uploads\/2023\/12\/location-siege-auto-aeroport-Palma-Majorque-300x219.jpeg 300w, https:\/\/rentexpressmallorca.com\/wp-content\/uploads\/2023\/12\/location-siege-auto-aeroport-Palma-Majorque-768x560.jpeg 768w, https:\/\/rentexpressmallorca.com\/wp-content\/uploads\/2023\/12\/location-siege-auto-aeroport-Palma-Majorque.jpeg 1024w\" sizes=\"(max-width: 300px) 100vw, 300px\" \/>\t\t\t\t\t\t\t\t\t\t\t\t\t<\/div>\n\t\t\t\t<\/div>\n\t\t\t\t<div class=\"elementor-element elementor-element-a89166e elementor-widget elementor-widget-image\" data-id=\"a89166e\" data-element_type=\"widget\" data-widget_type=\"image.default\">\n\t\t\t\t<div class=\"elementor-widget-container\">\n\t\t\t\t\t\t\t\t\t\t\t\t\t<img decoding=\"async\" width=\"300\" height=\"300\" src=\"https:\/\/rentexpressmallorca.com\/wp-content\/uploads\/2023\/12\/Bebecar_Ip_Op_Evolution_Combination_Pram_in_Ink_Black_1KxEDETnpa0-300x300.jpg\" class=\"attachment-medium size-medium wp-image-26524\" alt=\"landau pour b\u00e9b\u00e9 location a\u00e9roport Palma\" srcset=\"https:\/\/rentexpressmallorca.com\/wp-content\/uploads\/2023\/12\/Bebecar_Ip_Op_Evolution_Combination_Pram_in_Ink_Black_1KxEDETnpa0-300x300.jpg 300w, https:\/\/rentexpressmallorca.com\/wp-content\/uploads\/2023\/12\/Bebecar_Ip_Op_Evolution_Combination_Pram_in_Ink_Black_1KxEDETnpa0-1024x1024.jpg 1024w, https:\/\/rentexpressmallorca.com\/wp-content\/uploads\/2023\/12\/Bebecar_Ip_Op_Evolution_Combination_Pram_in_Ink_Black_1KxEDETnpa0-150x150.jpg 150w, https:\/\/rentexpressmallorca.com\/wp-content\/uploads\/2023\/12\/Bebecar_Ip_Op_Evolution_Combination_Pram_in_Ink_Black_1KxEDETnpa0-768x768.jpg 768w, https:\/\/rentexpressmallorca.com\/wp-content\/uploads\/2023\/12\/Bebecar_Ip_Op_Evolution_Combination_Pram_in_Ink_Black_1KxEDETnpa0.jpg 1500w\" sizes=\"(max-width: 300px) 100vw, 300px\" \/>\t\t\t\t\t\t\t\t\t\t\t\t\t<\/div>\n\t\t\t\t<\/div>\n\t\t\t\t<div class=\"elementor-element elementor-element-c119563 elementor-widget elementor-widget-heading\" data-id=\"c119563\" data-element_type=\"widget\" data-widget_type=\"heading.default\">\n\t\t\t\t<div class=\"elementor-widget-container\">\n\t\t\t<h2 class=\"elementor-heading-title elementor-size-default\">Questions Fr\u00e9quentes<\/h2>\t\t<\/div>\n\t\t\t\t<\/div>\n\t\t\t\t<div class=\"elementor-element elementor-element-5fc0870 elementor-widget elementor-widget-accordion\" data-id=\"5fc0870\" data-element_type=\"widget\" data-widget_type=\"accordion.default\">\n\t\t\t\t<div class=\"elementor-widget-container\">\n\t\t\t<style>\/*! elementor - v3.19.0 - 05-02-2024 *\/\n.elementor-accordion{text-align:left}.elementor-accordion .elementor-accordion-item{border:1px solid #d5d8dc}.elementor-accordion .elementor-accordion-item+.elementor-accordion-item{border-top:none}.elementor-accordion .elementor-tab-title{margin:0;padding:15px 20px;font-weight:700;line-height:1;cursor:pointer;outline:none}.elementor-accordion .elementor-tab-title .elementor-accordion-icon{display:inline-block;width:1.5em}.elementor-accordion .elementor-tab-title .elementor-accordion-icon svg{width:1em;height:1em}.elementor-accordion .elementor-tab-title .elementor-accordion-icon.elementor-accordion-icon-right{float:right;text-align:right}.elementor-accordion .elementor-tab-title .elementor-accordion-icon.elementor-accordion-icon-left{float:left;text-align:left}.elementor-accordion .elementor-tab-title .elementor-accordion-icon .elementor-accordion-icon-closed{display:block}.elementor-accordion .elementor-tab-title .elementor-accordion-icon .elementor-accordion-icon-opened,.elementor-accordion .elementor-tab-title.elementor-active .elementor-accordion-icon-closed{display:none}.elementor-accordion .elementor-tab-title.elementor-active .elementor-accordion-icon-opened{display:block}.elementor-accordion .elementor-tab-content{display:none;padding:15px 20px;border-top:1px solid #d5d8dc}@media (max-width:767px){.elementor-accordion .elementor-tab-title{padding:12px 15px}.elementor-accordion .elementor-tab-title .elementor-accordion-icon{width:1.2em}.elementor-accordion .elementor-tab-content{padding:7px 15px}}.e-con-inner>.elementor-widget-accordion,.e-con>.elementor-widget-accordion{width:var(--container-widget-width);--flex-grow:var(--container-widget-flex-grow)}<\/style>\t\t<div class=\"elementor-accordion\">\n\t\t\t\t\t\t\t<div class=\"elementor-accordion-item\">\n\t\t\t\t\t<div id=\"elementor-tab-title-1001\" class=\"elementor-tab-title\" data-tab=\"1\" role=\"button\" aria-controls=\"elementor-tab-content-1001\" aria-expanded=\"false\">\n\t\t\t\t\t\t\t\t\t\t\t\t\t<span class=\"elementor-accordion-icon elementor-accordion-icon-left\" aria-hidden=\"true\">\n\t\t\t\t\t\t\t\t\t\t\t\t\t\t\t<span class=\"elementor-accordion-icon-closed\"><i class=\"fas fa-plus\"><\/i><\/span>\n\t\t\t\t\t\t\t\t<span class=\"elementor-accordion-icon-opened\"><i class=\"fas fa-minus\"><\/i><\/span>\n\t\t\t\t\t\t\t\t\t\t\t\t\t\t<\/span>\n\t\t\t\t\t\t\t\t\t\t\t\t<a class=\"elementor-accordion-title\" tabindex=\"0\">O\u00f9 puis-je r\u00e9cup\u00e9rer le landau ?<\/a>\n\t\t\t\t\t<\/div>\n\t\t\t\t\t<div id=\"elementor-tab-content-1001\" class=\"elementor-tab-content elementor-clearfix\" data-tab=\"1\" role=\"region\" aria-labelledby=\"elementor-tab-title-1001\"><p>La remise est possible \u00e0 l\u2019a\u00e9roport de Palma ou dans notre boutique \u00e0 Palma.<\/p><\/div>\n\t\t\t\t<\/div>\n\t\t\t\t\t\t\t<div class=\"elementor-accordion-item\">\n\t\t\t\t\t<div id=\"elementor-tab-title-1002\" class=\"elementor-tab-title\" data-tab=\"2\" role=\"button\" aria-controls=\"elementor-tab-content-1002\" aria-expanded=\"false\">\n\t\t\t\t\t\t\t\t\t\t\t\t\t<span class=\"elementor-accordion-icon elementor-accordion-icon-left\" aria-hidden=\"true\">\n\t\t\t\t\t\t\t\t\t\t\t\t\t\t\t<span class=\"elementor-accordion-icon-closed\"><i class=\"fas fa-plus\"><\/i><\/span>\n\t\t\t\t\t\t\t\t<span class=\"elementor-accordion-icon-opened\"><i class=\"fas fa-minus\"><\/i><\/span>\n\t\t\t\t\t\t\t\t\t\t\t\t\t\t<\/span>\n\t\t\t\t\t\t\t\t\t\t\t\t<a class=\"elementor-accordion-title\" tabindex=\"0\">Le landau est-il nettoy\u00e9 avant chaque location ?<\/a>\n\t\t\t\t\t<\/div>\n\t\t\t\t\t<div id=\"elementor-tab-content-1002\" class=\"elementor-tab-content elementor-clearfix\" data-tab=\"2\" role=\"region\" aria-labelledby=\"elementor-tab-title-1002\"><p>Oui, tous nos articles sont d\u00e9sinfect\u00e9s avant chaque remise.<\/p><\/div>\n\t\t\t\t<\/div>\n\t\t\t\t\t\t\t<div class=\"elementor-accordion-item\">\n\t\t\t\t\t<div id=\"elementor-tab-title-1003\" class=\"elementor-tab-title\" data-tab=\"3\" role=\"button\" aria-controls=\"elementor-tab-content-1003\" aria-expanded=\"false\">\n\t\t\t\t\t\t\t\t\t\t\t\t\t<span class=\"elementor-accordion-icon elementor-accordion-icon-left\" aria-hidden=\"true\">\n\t\t\t\t\t\t\t\t\t\t\t\t\t\t\t<span class=\"elementor-accordion-icon-closed\"><i class=\"fas fa-plus\"><\/i><\/span>\n\t\t\t\t\t\t\t\t<span class=\"elementor-accordion-icon-opened\"><i class=\"fas fa-minus\"><\/i><\/span>\n\t\t\t\t\t\t\t\t\t\t\t\t\t\t<\/span>\n\t\t\t\t\t\t\t\t\t\t\t\t<a class=\"elementor-accordion-title\" tabindex=\"0\">Y a-t-il une caution ?<\/a>\n\t\t\t\t\t<\/div>\n\t\t\t\t\t<div id=\"elementor-tab-content-1003\" class=\"elementor-tab-content elementor-clearfix\" data-tab=\"3\" role=\"region\" aria-labelledby=\"elementor-tab-title-1003\"><p>Oui, une caution de 50 \u20ac est demand\u00e9e.<\/p><\/div>\n\t\t\t\t<\/div>\n\t\t\t\t\t\t\t<div class=\"elementor-accordion-item\">\n\t\t\t\t\t<div id=\"elementor-tab-title-1004\" class=\"elementor-tab-title\" data-tab=\"4\" role=\"button\" aria-controls=\"elementor-tab-content-1004\" aria-expanded=\"false\">\n\t\t\t\t\t\t\t\t\t\t\t\t\t<span class=\"elementor-accordion-icon elementor-accordion-icon-left\" aria-hidden=\"true\">\n\t\t\t\t\t\t\t\t\t\t\t\t\t\t\t<span class=\"elementor-accordion-icon-closed\"><i class=\"fas fa-plus\"><\/i><\/span>\n\t\t\t\t\t\t\t\t<span class=\"elementor-accordion-icon-opened\"><i class=\"fas fa-minus\"><\/i><\/span>\n\t\t\t\t\t\t\t\t\t\t\t\t\t\t<\/span>\n\t\t\t\t\t\t\t\t\t\t\t\t<a class=\"elementor-accordion-title\" tabindex=\"0\">Le landau peut-il \u00eatre utilis\u00e9 comme si\u00e8ge auto ?<\/a>\n\t\t\t\t\t<\/div>\n\t\t\t\t\t<div id=\"elementor-tab-content-1004\" class=\"elementor-tab-content elementor-clearfix\" data-tab=\"4\" role=\"region\" aria-labelledby=\"elementor-tab-title-1004\"><p>Non, les si\u00e8ges auto sont lou\u00e9s s\u00e9par\u00e9ment.<\/p><\/div>\n\t\t\t\t<\/div>\n\t\t\t\t\t\t\t<div class=\"elementor-accordion-item\">\n\t\t\t\t\t<div id=\"elementor-tab-title-1005\" class=\"elementor-tab-title\" data-tab=\"5\" role=\"button\" aria-controls=\"elementor-tab-content-1005\" aria-expanded=\"false\">\n\t\t\t\t\t\t\t\t\t\t\t\t\t<span class=\"elementor-accordion-icon elementor-accordion-icon-left\" aria-hidden=\"true\">\n\t\t\t\t\t\t\t\t\t\t\t\t\t\t\t<span class=\"elementor-accordion-icon-closed\"><i class=\"fas fa-plus\"><\/i><\/span>\n\t\t\t\t\t\t\t\t<span class=\"elementor-accordion-icon-opened\"><i class=\"fas fa-minus\"><\/i><\/span>\n\t\t\t\t\t\t\t\t\t\t\t\t\t\t<\/span>\n\t\t\t\t\t\t\t\t\t\t\t\t<a class=\"elementor-accordion-title\" tabindex=\"0\">Dois-je r\u00e9server \u00e0 l\u2019avance ?<\/a>\n\t\t\t\t\t<\/div>\n\t\t\t\t\t<div id=\"elementor-tab-content-1005\" class=\"elementor-tab-content elementor-clearfix\" data-tab=\"5\" role=\"region\" aria-labelledby=\"elementor-tab-title-1005\"><p>Oui, surtout en haute saison.<\/p><\/div>\n\t\t\t\t<\/div>\n\t\t\t\t\t\t\t\t<\/div>\n\t\t\t\t<\/div>\n\t\t\t\t<\/div>\n\t\t\t\t<div class=\"elementor-element elementor-element-3430280 elementor-widget elementor-widget-heading\" data-id=\"3430280\" data-element_type=\"widget\" data-widget_type=\"heading.default\">\n\t\t\t\t<div class=\"elementor-widget-container\">\n\t\t\t<h2 class=\"elementor-heading-title elementor-size-default\">R\u00e9servation<\/h2>\t\t<\/div>\n\t\t\t\t<\/div>\n\t\t\t\t<div class=\"elementor-element elementor-element-35aed5f elementor-widget elementor-widget-text-editor\" data-id=\"35aed5f\" data-element_type=\"widget\" data-widget_type=\"text-editor.default\">\n\t\t\t\t<div class=\"elementor-widget-container\">\n\t\t\t\t\t\t\t<p data-start=\"3278\" data-end=\"3389\">Vous pouvez r\u00e9server votre landau b\u00e9b\u00e9 \u00e0 l\u2019avance afin de garantir sa disponibilit\u00e9 \u00e0 votre arriv\u00e9e \u00e0 Majorque.<\/p><p data-start=\"3391\" data-end=\"3458\">WhatsApp \u2013 Formulaire de contact \u2013 r\u00e9servation en quelques minutes.<\/p><p data-start=\"3460\" data-end=\"3556\">Notre \u00e9quipe confirme rapidement la disponibilit\u00e9 ainsi que les d\u00e9tails du point de rendez-vous.<\/p>\t\t\t\t\t\t<\/div>\n\t\t\t\t<\/div>\n\t\t\t\t\t<\/div>\n\t\t\t\t<\/div>\n\t\t\t\t<\/div>\n\t\t","protected":false},"excerpt":{"rendered":"<p>Louez un landau b\u00e9b\u00e9 \u00e0 Majorque et r\u00e9cup\u00e9rez-le directement \u00e0 l\u2019a\u00e9roport de Palma ou en ville. C\u2019est une solution id\u00e9ale pour les familles voyageant avec un nouveau-n\u00e9 et souhaitant disposer d\u2019un couchage confortable et adapt\u00e9 d\u00e8s leur arriv\u00e9e. Pliant et confortable, le landau est parfait pour les promenades et les d\u00e9placements pendant votre s\u00e9jour sur [&hellip;]<\/p>\n","protected":false},"author":1,"featured_media":18977,"comment_status":"closed","ping_status":"open","sticky":false,"template":"","format":"image","meta":{"site-sidebar-layout":"default","site-content-layout":"","ast-site-content-layout":"default","site-content-style":"default","site-sidebar-style":"default","ast-global-header-display":"","ast-banner-title-visibility":"","ast-main-header-display":"","ast-hfb-above-header-display":"","ast-hfb-below-header-display":"","ast-hfb-mobile-header-display":"","site-post-title":"","ast-breadcrumbs-content":"","ast-featured-img":"","footer-sml-layout":"","ast-disable-related-posts":"","theme-transparent-header-meta":"","adv-header-id-meta":"","stick-header-meta":"","header-above-stick-meta":"","header-main-stick-meta":"","header-below-stick-meta":"","astra-migrate-meta-layouts":"default","ast-page-background-enabled":"default","ast-page-background-meta":{"desktop":{"background-color":"var(--ast-global-color-4)","background-image":"","background-repeat":"repeat","background-position":"center center","background-size":"auto","background-attachment":"scroll","background-type":"","background-media":"","overlay-type":"","overlay-color":"","overlay-opacity":"","overlay-gradient":""},"tablet":{"background-color":"","background-image":"","background-repeat":"repeat","background-position":"center center","background-size":"auto","background-attachment":"scroll","background-type":"","background-media":"","overlay-type":"","overlay-color":"","overlay-opacity":"","overlay-gradient":""},"mobile":{"background-color":"","background-image":"","background-repeat":"repeat","background-position":"center center","background-size":"auto","background-attachment":"scroll","background-type":"","background-media":"","overlay-type":"","overlay-color":"","overlay-opacity":"","overlay-gradient":""}},"ast-content-background-meta":{"desktop":{"background-color":"var(--ast-global-color-5)","background-image":"","background-repeat":"repeat","background-position":"center center","background-size":"auto","background-attachment":"scroll","background-type":"","background-media":"","overlay-type":"","overlay-color":"","overlay-opacity":"","overlay-gradient":""},"tablet":{"background-color":"var(--ast-global-color-5)","background-image":"","background-repeat":"repeat","background-position":"center center","background-size":"auto","background-attachment":"scroll","background-type":"","background-media":"","overlay-type":"","overlay-color":"","overlay-opacity":"","overlay-gradient":""},"mobile":{"background-color":"var(--ast-global-color-5)","background-image":"","background-repeat":"repeat","background-position":"center center","background-size":"auto","background-attachment":"scroll","background-type":"","background-media":"","overlay-type":"","overlay-color":"","overlay-opacity":"","overlay-gradient":""}},"footnotes":""},"categories":[638,1151],"tags":[1171,1172,1173,199,1174,1713,1715,1714],"class_list":["post-19315","post","type-post","status-publish","format-image","has-post-thumbnail","hentry","category-articulos-para-ninos-y-bebes","category-articles-pour-enfants-et-bebes","tag-alquilar-un-carrito-bebe-en-palma-de-mallorca-fr","tag-alquilar-un-carrito-para-bebe-con-capazo-fr","tag-alquiler-de-carrito-con-capazo-para-bebes-fr","tag-alquiler-de-carrito-para-recien-nacidos","tag-alquiler-de-carrito-para-recien-nacidos-fr","tag-landau-por-bebe-en-location","tag-loction-landau-majorque","tag-louer-un-landau-bebe-palma-de-mallorca","post_format-post-format-image"],"_links":{"self":[{"href":"https:\/\/rentexpressmallorca.com\/fr\/wp-json\/wp\/v2\/posts\/19315","targetHints":{"allow":["GET"]}}],"collection":[{"href":"https:\/\/rentexpressmallorca.com\/fr\/wp-json\/wp\/v2\/posts"}],"about":[{"href":"https:\/\/rentexpressmallorca.com\/fr\/wp-json\/wp\/v2\/types\/post"}],"author":[{"embeddable":true,"href":"https:\/\/rentexpressmallorca.com\/fr\/wp-json\/wp\/v2\/users\/1"}],"replies":[{"embeddable":true,"href":"https:\/\/rentexpressmallorca.com\/fr\/wp-json\/wp\/v2\/comments?post=19315"}],"version-history":[{"count":74,"href":"https:\/\/rentexpressmallorca.com\/fr\/wp-json\/wp\/v2\/posts\/19315\/revisions"}],"predecessor-version":[{"id":37164,"href":"https:\/\/rentexpressmallorca.com\/fr\/wp-json\/wp\/v2\/posts\/19315\/revisions\/37164"}],"wp:featuredmedia":[{"embeddable":true,"href":"https:\/\/rentexpressmallorca.com\/fr\/wp-json\/wp\/v2\/media\/18977"}],"wp:attachment":[{"href":"https:\/\/rentexpressmallorca.com\/fr\/wp-json\/wp\/v2\/media?parent=19315"}],"wp:term":[{"taxonomy":"category","embeddable":true,"href":"https:\/\/rentexpressmallorca.com\/fr\/wp-json\/wp\/v2\/categories?post=19315"},{"taxonomy":"post_tag","embeddable":true,"href":"https:\/\/rentexpressmallorca.com\/fr\/wp-json\/wp\/v2\/tags?post=19315"}],"curies":[{"name":"wp","href":"https:\/\/api.w.org\/{rel}","templated":true}]}}