{"id":19321,"date":"2018-03-01T21:32:18","date_gmt":"2018-03-01T20:32:18","guid":{"rendered":"https:\/\/rentexpressmallorca.com\/alquiler-de-hervidor-de-agua-en-palma-de-mallorca\/"},"modified":"2026-01-27T16:37:08","modified_gmt":"2026-01-27T15:37:08","slug":"location-de-bouilloires-a-palma-de-majorque","status":"publish","type":"post","link":"https:\/\/rentexpressmallorca.com\/fr\/location-de-bouilloires-a-palma-de-majorque\/","title":{"rendered":"Location mini bar"},"content":{"rendered":"\t\t<div data-elementor-type=\"wp-post\" data-elementor-id=\"19321\" class=\"elementor elementor-19321 elementor-18143\" data-elementor-post-type=\"post\">\n\t\t\t\t<div class=\"elementor-element elementor-element-66f88c62 e-flex e-con-boxed e-con e-parent\" data-id=\"66f88c62\" data-element_type=\"container\" data-e-type=\"container\">\n\t\t\t\t\t<div class=\"e-con-inner\">\n\t\t\t\t<div class=\"elementor-element elementor-element-13485a14 elementor-widget elementor-widget-text-editor\" data-id=\"13485a14\" data-element_type=\"widget\" data-e-type=\"widget\" data-widget_type=\"text-editor.default\">\n\t\t\t\t<div class=\"elementor-widget-container\">\n\t\t\t\t\t\t\t\t\t<p><span class=\"jCAhz ChMk0b\"><span class=\"ryNqvb\">Ne vous privez pas de vos infusions, caf\u00e9s, th\u00e9s&#8230; vos vacances \u00e0 Palma de Majorque doivent \u00eatre parmi les meilleures.<\/span><\/span><\/p><p><strong><span class=\"jCAhz ChMk0b\"><span class=\"ryNqvb\">Tarifs \u00e0 Palma de Majorque pour 1 semaine de location:<\/span><\/span><\/strong><\/p><ul><li><span class=\"jCAhz ChMk0b\"><span class=\"ryNqvb\">1 Semaine \u2013 15 \u20ac<\/span><\/span><\/li><li><span class=\"jCAhz ChMk0b\"><span class=\"ryNqvb\">Caution \u2013 50 \u20ac<\/span><\/span><\/li><\/ul>\t\t\t\t\t\t\t\t<\/div>\n\t\t\t\t<\/div>\n\t\t\t\t\t<\/div>\n\t\t\t\t<\/div>\n\t\t\t\t<\/div>\n\t\t","protected":false},"excerpt":{"rendered":"<p>Ne vous privez pas de vos infusions, caf\u00e9s, th\u00e9s&#8230; vos vacances \u00e0 Palma de Majorque doivent \u00eatre parmi les meilleures. Tarifs \u00e0 Palma de Majorque pour 1 semaine de location: 1 Semaine \u2013 15 \u20ac Caution \u2013 50 \u20ac<\/p>\n","protected":false},"author":1,"featured_media":19025,"comment_status":"closed","ping_status":"open","sticky":false,"template":"","format":"image","meta":{"site-sidebar-layout":"default","site-content-layout":"","ast-site-content-layout":"default","site-content-style":"default","site-sidebar-style":"default","ast-global-header-display":"","ast-banner-title-visibility":"","ast-main-header-display":"","ast-hfb-above-header-display":"","ast-hfb-below-header-display":"","ast-hfb-mobile-header-display":"","site-post-title":"","ast-breadcrumbs-content":"","ast-featured-img":"","footer-sml-layout":"","ast-disable-related-posts":"","theme-transparent-header-meta":"","adv-header-id-meta":"","stick-header-meta":"","header-above-stick-meta":"","header-main-stick-meta":"","header-below-stick-meta":"","astra-migrate-meta-layouts":"default","ast-page-background-enabled":"default","ast-page-background-meta":{"desktop":{"background-color":"var(--ast-global-color-4)","background-image":"","background-repeat":"repeat","background-position":"center center","background-size":"auto","background-attachment":"scroll","background-type":"","background-media":"","overlay-type":"","overlay-color":"","overlay-opacity":"","overlay-gradient":""},"tablet":{"background-color":"","background-image":"","background-repeat":"repeat","background-position":"center center","background-size":"auto","background-attachment":"scroll","background-type":"","background-media":"","overlay-type":"","overlay-color":"","overlay-opacity":"","overlay-gradient":""},"mobile":{"background-color":"","background-image":"","background-repeat":"repeat","background-position":"center center","background-size":"auto","background-attachment":"scroll","background-type":"","background-media":"","overlay-type":"","overlay-color":"","overlay-opacity":"","overlay-gradient":""}},"ast-content-background-meta":{"desktop":{"background-color":"var(--ast-global-color-5)","background-image":"","background-repeat":"repeat","background-position":"center center","background-size":"auto","background-attachment":"scroll","background-type":"","background-media":"","overlay-type":"","overlay-color":"","overlay-opacity":"","overlay-gradient":""},"tablet":{"background-color":"var(--ast-global-color-5)","background-image":"","background-repeat":"repeat","background-position":"center center","background-size":"auto","background-attachment":"scroll","background-type":"","background-media":"","overlay-type":"","overlay-color":"","overlay-opacity":"","overlay-gradient":""},"mobile":{"background-color":"var(--ast-global-color-5)","background-image":"","background-repeat":"repeat","background-position":"center center","background-size":"auto","background-attachment":"scroll","background-type":"","background-media":"","overlay-type":"","overlay-color":"","overlay-opacity":"","overlay-gradient":""}},"footnotes":""},"categories":[1180],"tags":[],"class_list":["post-19321","post","type-post","status-publish","format-image","has-post-thumbnail","hentry","category-articles-electromenager","post_format-post-format-image"],"_links":{"self":[{"href":"https:\/\/rentexpressmallorca.com\/fr\/wp-json\/wp\/v2\/posts\/19321","targetHints":{"allow":["GET"]}}],"collection":[{"href":"https:\/\/rentexpressmallorca.com\/fr\/wp-json\/wp\/v2\/posts"}],"about":[{"href":"https:\/\/rentexpressmallorca.com\/fr\/wp-json\/wp\/v2\/types\/post"}],"author":[{"embeddable":true,"href":"https:\/\/rentexpressmallorca.com\/fr\/wp-json\/wp\/v2\/users\/1"}],"replies":[{"embeddable":true,"href":"https:\/\/rentexpressmallorca.com\/fr\/wp-json\/wp\/v2\/comments?post=19321"}],"version-history":[{"count":9,"href":"https:\/\/rentexpressmallorca.com\/fr\/wp-json\/wp\/v2\/posts\/19321\/revisions"}],"predecessor-version":[{"id":28239,"href":"https:\/\/rentexpressmallorca.com\/fr\/wp-json\/wp\/v2\/posts\/19321\/revisions\/28239"}],"wp:featuredmedia":[{"embeddable":true,"href":"https:\/\/rentexpressmallorca.com\/fr\/wp-json\/wp\/v2\/media\/19025"}],"wp:attachment":[{"href":"https:\/\/rentexpressmallorca.com\/fr\/wp-json\/wp\/v2\/media?parent=19321"}],"wp:term":[{"taxonomy":"category","embeddable":true,"href":"https:\/\/rentexpressmallorca.com\/fr\/wp-json\/wp\/v2\/categories?post=19321"},{"taxonomy":"post_tag","embeddable":true,"href":"https:\/\/rentexpressmallorca.com\/fr\/wp-json\/wp\/v2\/tags?post=19321"}],"curies":[{"name":"wp","href":"https:\/\/api.w.org\/{rel}","templated":true}]}}