{"id":19345,"date":"2015-03-01T21:22:08","date_gmt":"2015-03-01T20:22:08","guid":{"rendered":"https:\/\/rentexpressmallorca.com\/secador-pelo-en-alquiler-mallorca\/"},"modified":"2026-01-27T16:41:07","modified_gmt":"2026-01-27T15:41:07","slug":"louer-un-seche-cheveux-a-majorque","status":"publish","type":"post","link":"https:\/\/rentexpressmallorca.com\/fr\/louer-un-seche-cheveux-a-majorque\/","title":{"rendered":"Location s\u00e9che cheveux Majorque"},"content":{"rendered":"\t\t<div data-elementor-type=\"wp-post\" data-elementor-id=\"19345\" class=\"elementor elementor-19345 elementor-18172\" data-elementor-post-type=\"post\">\n\t\t\t\t<div class=\"elementor-element elementor-element-3b078bfa e-flex e-con-boxed e-con e-parent\" data-id=\"3b078bfa\" data-element_type=\"container\" data-settings=\"{&quot;content_width&quot;:&quot;boxed&quot;}\" data-core-v316-plus=\"true\">\n\t\t\t\t\t<div class=\"e-con-inner\">\n\t\t\t\t<div class=\"elementor-element elementor-element-19075e4d elementor-widget elementor-widget-text-editor\" data-id=\"19075e4d\" data-element_type=\"widget\" data-widget_type=\"text-editor.default\">\n\t\t\t\t<div class=\"elementor-widget-container\">\n\t\t\t<style>\/*! elementor - v3.19.0 - 05-02-2024 *\/\n.elementor-widget-text-editor.elementor-drop-cap-view-stacked .elementor-drop-cap{background-color:#69727d;color:#fff}.elementor-widget-text-editor.elementor-drop-cap-view-framed .elementor-drop-cap{color:#69727d;border:3px solid;background-color:transparent}.elementor-widget-text-editor:not(.elementor-drop-cap-view-default) .elementor-drop-cap{margin-top:8px}.elementor-widget-text-editor:not(.elementor-drop-cap-view-default) .elementor-drop-cap-letter{width:1em;height:1em}.elementor-widget-text-editor .elementor-drop-cap{float:left;text-align:center;line-height:1;font-size:50px}.elementor-widget-text-editor .elementor-drop-cap-letter{display:inline-block}<\/style>\t\t\t\t<p><strong>S\u00e8che-cheveux \u00e0 louer Majorque<\/strong><\/p><p>Nos s\u00e9choirs sont livr\u00e9s complets avec accessoires, apr\u00e8s la mer et la douche, une touche finale vous rendra la plus belle !<\/p><h2><strong>\u00bfVous cherchez un s\u00e8che-cheveux \u00e0 louer \u00e0 Majorque ?<\/strong><\/h2><p>Prix \u200b\u200bpour louer un s\u00e8che-cheveux \u00e0 Majorque. Pour 1 semaine de location :<\/p><p>1 semaine\u2013 10\u20ac<br \/>\u00a0 d\u00e9p\u00f4t\u00a0 \u00a0\u2013\u00a0 50\u20ac<\/p><h2>Contactez-nous<\/h2><ul><li>t\u00e9l\u00e9phone: +34 697402352 whatsapp<\/li><li>t\u00e9l\u00e9phone: +34 651723263<\/li><li>e-mail: ade.elevation@gmail.com<\/li><\/ul><h3>Magasin pr\u00e8s de l&rsquo;a\u00e9roport<\/h3><ul><li><a href=\"https:\/\/www.google.es\/maps\/place\/Rent+express+Mallorca\/@39.5713387,2.6721975,15z\/data=!4m5!3m4!1s0x0:0x37d022e8bcdba205!8m2!3d39.5713387!4d2.6721975\" target=\"_blank\" rel=\"noopener\">Calle Manacor 123, 07007 Palma de Mallorca<\/a><\/li><\/ul><h3>Magasin Plaza de Espa\u00f1a<\/h3><ul><li><a href=\"https:\/\/www.google.es\/maps\/place\/Rent+Express+Mallorca+(plaza+de+espa%C3%B1a)\/@39.5779607,2.652169,15z\/data=!4m5!3m4!1s0x0:0x489fb8c2a75faff2!8m2!3d39.5779607!4d2.652169\" target=\"_blank\" rel=\"noopener\">Calle 31 de diciembre ,3, 07003 Palma de Mallorca<\/a><\/li><\/ul>\t\t\t\t\t\t<\/div>\n\t\t\t\t<\/div>\n\t\t\t\t\t<\/div>\n\t\t\t\t<\/div>\n\t\t\t\t<\/div>\n\t\t","protected":false},"excerpt":{"rendered":"<p>S\u00e8che-cheveux \u00e0 louer Majorque Nos s\u00e9choirs sont livr\u00e9s complets avec accessoires, apr\u00e8s la mer et la douche, une touche finale vous rendra la plus belle ! \u00bfVous cherchez un s\u00e8che-cheveux \u00e0 louer \u00e0 Majorque ? Prix \u200b\u200bpour louer un s\u00e8che-cheveux \u00e0 Majorque. Pour 1 semaine de location : 1 semaine\u2013 10\u20ac d\u00e9p\u00f4t\u00a0 \u00a0\u2013\u00a0 50\u20ac Contactez-nous [&hellip;]<\/p>\n","protected":false},"author":1,"featured_media":19058,"comment_status":"closed","ping_status":"closed","sticky":false,"template":"","format":"image","meta":{"site-sidebar-layout":"default","site-content-layout":"","ast-site-content-layout":"default","site-content-style":"default","site-sidebar-style":"default","ast-global-header-display":"","ast-banner-title-visibility":"","ast-main-header-display":"","ast-hfb-above-header-display":"","ast-hfb-below-header-display":"","ast-hfb-mobile-header-display":"","site-post-title":"","ast-breadcrumbs-content":"","ast-featured-img":"","footer-sml-layout":"","ast-disable-related-posts":"","theme-transparent-header-meta":"","adv-header-id-meta":"","stick-header-meta":"","header-above-stick-meta":"","header-main-stick-meta":"","header-below-stick-meta":"","astra-migrate-meta-layouts":"default","ast-page-background-enabled":"default","ast-page-background-meta":{"desktop":{"background-color":"var(--ast-global-color-4)","background-image":"","background-repeat":"repeat","background-position":"center center","background-size":"auto","background-attachment":"scroll","background-type":"","background-media":"","overlay-type":"","overlay-color":"","overlay-opacity":"","overlay-gradient":""},"tablet":{"background-color":"","background-image":"","background-repeat":"repeat","background-position":"center center","background-size":"auto","background-attachment":"scroll","background-type":"","background-media":"","overlay-type":"","overlay-color":"","overlay-opacity":"","overlay-gradient":""},"mobile":{"background-color":"","background-image":"","background-repeat":"repeat","background-position":"center center","background-size":"auto","background-attachment":"scroll","background-type":"","background-media":"","overlay-type":"","overlay-color":"","overlay-opacity":"","overlay-gradient":""}},"ast-content-background-meta":{"desktop":{"background-color":"var(--ast-global-color-5)","background-image":"","background-repeat":"repeat","background-position":"center center","background-size":"auto","background-attachment":"scroll","background-type":"","background-media":"","overlay-type":"","overlay-color":"","overlay-opacity":"","overlay-gradient":""},"tablet":{"background-color":"var(--ast-global-color-5)","background-image":"","background-repeat":"repeat","background-position":"center center","background-size":"auto","background-attachment":"scroll","background-type":"","background-media":"","overlay-type":"","overlay-color":"","overlay-opacity":"","overlay-gradient":""},"mobile":{"background-color":"var(--ast-global-color-5)","background-image":"","background-repeat":"repeat","background-position":"center center","background-size":"auto","background-attachment":"scroll","background-type":"","background-media":"","overlay-type":"","overlay-color":"","overlay-opacity":"","overlay-gradient":""}},"footnotes":""},"categories":[1180],"tags":[],"class_list":["post-19345","post","type-post","status-publish","format-image","has-post-thumbnail","hentry","category-articles-electromenager","post_format-post-format-image"],"_links":{"self":[{"href":"https:\/\/rentexpressmallorca.com\/fr\/wp-json\/wp\/v2\/posts\/19345","targetHints":{"allow":["GET"]}}],"collection":[{"href":"https:\/\/rentexpressmallorca.com\/fr\/wp-json\/wp\/v2\/posts"}],"about":[{"href":"https:\/\/rentexpressmallorca.com\/fr\/wp-json\/wp\/v2\/types\/post"}],"author":[{"embeddable":true,"href":"https:\/\/rentexpressmallorca.com\/fr\/wp-json\/wp\/v2\/users\/1"}],"replies":[{"embeddable":true,"href":"https:\/\/rentexpressmallorca.com\/fr\/wp-json\/wp\/v2\/comments?post=19345"}],"version-history":[{"count":6,"href":"https:\/\/rentexpressmallorca.com\/fr\/wp-json\/wp\/v2\/posts\/19345\/revisions"}],"predecessor-version":[{"id":28244,"href":"https:\/\/rentexpressmallorca.com\/fr\/wp-json\/wp\/v2\/posts\/19345\/revisions\/28244"}],"wp:featuredmedia":[{"embeddable":true,"href":"https:\/\/rentexpressmallorca.com\/fr\/wp-json\/wp\/v2\/media\/19058"}],"wp:attachment":[{"href":"https:\/\/rentexpressmallorca.com\/fr\/wp-json\/wp\/v2\/media?parent=19345"}],"wp:term":[{"taxonomy":"category","embeddable":true,"href":"https:\/\/rentexpressmallorca.com\/fr\/wp-json\/wp\/v2\/categories?post=19345"},{"taxonomy":"post_tag","embeddable":true,"href":"https:\/\/rentexpressmallorca.com\/fr\/wp-json\/wp\/v2\/tags?post=19345"}],"curies":[{"name":"wp","href":"https:\/\/api.w.org\/{rel}","templated":true}]}}