{"id":19351,"date":"2023-12-01T12:49:00","date_gmt":"2023-12-01T11:49:00","guid":{"rendered":"https:\/\/rentexpressmallorca.com\/alquilar-mochila-trekking-bebe-mallorca\/"},"modified":"2026-03-02T12:33:07","modified_gmt":"2026-03-02T11:33:07","slug":"location-porte-bebe","status":"publish","type":"post","link":"https:\/\/rentexpressmallorca.com\/fr\/location-porte-bebe\/","title":{"rendered":"Location porte b\u00e9b\u00e9"},"content":{"rendered":"\t\t<div data-elementor-type=\"wp-post\" data-elementor-id=\"19351\" class=\"elementor elementor-19351 elementor-18180\" data-elementor-post-type=\"post\">\n\t\t\t\t<div class=\"elementor-element elementor-element-64f3c2e9 e-flex e-con-boxed e-con e-parent\" data-id=\"64f3c2e9\" data-element_type=\"container\" data-settings=\"{&quot;content_width&quot;:&quot;boxed&quot;}\" data-core-v316-plus=\"true\">\n\t\t\t\t\t<div class=\"e-con-inner\">\n\t\t\t\t<div class=\"elementor-element elementor-element-461c2b1 elementor-widget elementor-widget-text-editor\" data-id=\"461c2b1\" data-element_type=\"widget\" data-widget_type=\"text-editor.default\">\n\t\t\t\t<div class=\"elementor-widget-container\">\n\t\t\t<style>\/*! elementor - v3.19.0 - 05-02-2024 *\/\n.elementor-widget-text-editor.elementor-drop-cap-view-stacked .elementor-drop-cap{background-color:#69727d;color:#fff}.elementor-widget-text-editor.elementor-drop-cap-view-framed .elementor-drop-cap{color:#69727d;border:3px solid;background-color:transparent}.elementor-widget-text-editor:not(.elementor-drop-cap-view-default) .elementor-drop-cap{margin-top:8px}.elementor-widget-text-editor:not(.elementor-drop-cap-view-default) .elementor-drop-cap-letter{width:1em;height:1em}.elementor-widget-text-editor .elementor-drop-cap{float:left;text-align:center;line-height:1;font-size:50px}.elementor-widget-text-editor .elementor-drop-cap-letter{display:inline-block}<\/style>\t\t\t\t<p data-start=\"239\" data-end=\"495\">Louez un porte-b\u00e9b\u00e9 \u00e0 Majorque et r\u00e9cup\u00e9rez-le directement \u00e0 l\u2019a\u00e9roport de Palma ou en ville. Id\u00e9al pour les excursions, randonn\u00e9es et promenades en famille, le porte-b\u00e9b\u00e9 permet de transporter votre enfant confortablement tout en gardant les mains libres.<\/p><p data-start=\"497\" data-end=\"730\">Con\u00e7u pour les longs trajets, il dispose de bretelles et d\u2019une ceinture matelass\u00e9es, d\u2019un dossier r\u00e9glable en hauteur et de coussins lat\u00e9raux pour assurer le confort de l\u2019enfant. Une capuche int\u00e9gr\u00e9e prot\u00e8ge du soleil ou de la pluie.<\/p><p data-start=\"732\" data-end=\"835\">Tous nos porte-b\u00e9b\u00e9s sont nettoy\u00e9s, d\u00e9sinfect\u00e9s et pr\u00eats \u00e0 \u00eatre utilis\u00e9s imm\u00e9diatement \u00e0 votre arriv\u00e9e.<\/p>\t\t\t\t\t\t<\/div>\n\t\t\t\t<\/div>\n\t\t\t\t<div class=\"elementor-element elementor-element-be28627 elementor-widget elementor-widget-heading\" data-id=\"be28627\" data-element_type=\"widget\" data-widget_type=\"heading.default\">\n\t\t\t\t<div class=\"elementor-widget-container\">\n\t\t\t<style>\/*! elementor - v3.19.0 - 05-02-2024 *\/\n.elementor-heading-title{padding:0;margin:0;line-height:1}.elementor-widget-heading .elementor-heading-title[class*=elementor-size-]>a{color:inherit;font-size:inherit;line-height:inherit}.elementor-widget-heading .elementor-heading-title.elementor-size-small{font-size:15px}.elementor-widget-heading .elementor-heading-title.elementor-size-medium{font-size:19px}.elementor-widget-heading .elementor-heading-title.elementor-size-large{font-size:29px}.elementor-widget-heading .elementor-heading-title.elementor-size-xl{font-size:39px}.elementor-widget-heading .elementor-heading-title.elementor-size-xxl{font-size:59px}<\/style><h2 class=\"elementor-heading-title elementor-size-default\">Tarifs de location<\/h2>\t\t<\/div>\n\t\t\t\t<\/div>\n\t\t\t\t<div class=\"elementor-element elementor-element-d4519e4 elementor-widget elementor-widget-text-editor\" data-id=\"d4519e4\" data-element_type=\"widget\" data-widget_type=\"text-editor.default\">\n\t\t\t\t<div class=\"elementor-widget-container\">\n\t\t\t\t\t\t\t<p data-start=\"865\" data-end=\"942\">1 semaine : 30 \u20ac<br data-start=\"881\" data-end=\"884\" \/>Caution : 50 \u20ac<br data-start=\"898\" data-end=\"901\" \/>Service a\u00e9roport (remise &amp; retour) : 10 \u20ac<\/p><p data-start=\"944\" data-end=\"1071\">La majorit\u00e9 des familles choisissent le retrait \u00e0 l\u2019a\u00e9roport afin que le mat\u00e9riel soit pr\u00eat imm\u00e9diatement apr\u00e8s l\u2019atterrissage.<\/p>\t\t\t\t\t\t<\/div>\n\t\t\t\t<\/div>\n\t\t\t\t<div class=\"elementor-element elementor-element-600e7bf elementor-widget elementor-widget-heading\" data-id=\"600e7bf\" data-element_type=\"widget\" data-widget_type=\"heading.default\">\n\t\t\t\t<div class=\"elementor-widget-container\">\n\t\t\t<h2 class=\"elementor-heading-title elementor-size-default\">Options de caution<\/h2>\t\t<\/div>\n\t\t\t\t<\/div>\n\t\t\t\t<div class=\"elementor-element elementor-element-eed20dc elementor-widget elementor-widget-text-editor\" data-id=\"eed20dc\" data-element_type=\"widget\" data-widget_type=\"text-editor.default\">\n\t\t\t\t<div class=\"elementor-widget-container\">\n\t\t\t\t\t\t\t<p data-start=\"1101\" data-end=\"1150\">La caution peut \u00eatre effectu\u00e9e de deux mani\u00e8res :<\/p><p data-start=\"1152\" data-end=\"1361\">\u2022 Empreinte bancaire par carte (CB) \u2013 montant bloqu\u00e9 temporairement et lib\u00e9r\u00e9 automatiquement par le syst\u00e8me bancaire.<br data-start=\"1298\" data-end=\"1301\" \/>\u2022 D\u00e9p\u00f4t en esp\u00e8ces \u2013 restitu\u00e9 lors de la remise du mat\u00e9riel.<\/p>\t\t\t\t\t\t<\/div>\n\t\t\t\t<\/div>\n\t\t\t\t<div class=\"elementor-element elementor-element-4766c69 elementor-widget elementor-widget-heading\" data-id=\"4766c69\" data-element_type=\"widget\" data-widget_type=\"heading.default\">\n\t\t\t\t<div class=\"elementor-widget-container\">\n\t\t\t<h2 class=\"elementor-heading-title elementor-size-default\">Important<\/h2>\t\t<\/div>\n\t\t\t\t<\/div>\n\t\t\t\t<div class=\"elementor-element elementor-element-cc2e365 elementor-widget elementor-widget-text-editor\" data-id=\"cc2e365\" data-element_type=\"widget\" data-widget_type=\"text-editor.default\">\n\t\t\t\t<div class=\"elementor-widget-container\">\n\t\t\t\t\t\t\t<p data-start=\"1382\" data-end=\"1464\">Nous recommandons de r\u00e9server \u00e0 l\u2019avance, notamment en p\u00e9riode de forte affluence.<\/p><p data-start=\"1466\" data-end=\"1519\">Le mat\u00e9riel doit \u00eatre restitu\u00e9 propre et en bon \u00e9tat.<\/p>\t\t\t\t\t\t<\/div>\n\t\t\t\t<\/div>\n\t\t\t\t<div class=\"elementor-element elementor-element-2e3a26b elementor-widget elementor-widget-heading\" data-id=\"2e3a26b\" data-element_type=\"widget\" data-widget_type=\"heading.default\">\n\t\t\t\t<div class=\"elementor-widget-container\">\n\t\t\t<h2 class=\"elementor-heading-title elementor-size-default\">Comparez les mod\u00e8les disponibles<\/h2>\t\t<\/div>\n\t\t\t\t<\/div>\n\t\t\t\t<div class=\"elementor-element elementor-element-674beb8 elementor-widget elementor-widget-text-editor\" data-id=\"674beb8\" data-element_type=\"widget\" data-widget_type=\"text-editor.default\">\n\t\t\t\t<div class=\"elementor-widget-container\">\n\t\t\t\t\t\t\t<p data-start=\"1563\" data-end=\"1671\">D\u00e9couvrez tous nos \u00e9quipements b\u00e9b\u00e9 disponibles sur notre page<br data-start=\"1625\" data-end=\"1628\" \/><a href=\"https:\/\/rentexpressmallorca.com\/fr\/category\/articles-pour-enfants-et-bebes\/\"><strong data-start=\"1631\" data-end=\"1671\">\u00c9quipement b\u00e9b\u00e9 et enfant \u00e0 Majorque<\/strong><\/a><\/p><p data-start=\"1673\" data-end=\"1778\">Nous proposons \u00e9galement poussettes, landaus, lits parapluie et si\u00e8ges auto pour simplifier votre s\u00e9jour.<\/p>\t\t\t\t\t\t<\/div>\n\t\t\t\t<\/div>\n\t\t\t\t<div class=\"elementor-element elementor-element-427e771 elementor-widget elementor-widget-image\" data-id=\"427e771\" data-element_type=\"widget\" data-widget_type=\"image.default\">\n\t\t\t\t<div class=\"elementor-widget-container\">\n\t\t\t<style>\/*! elementor - v3.19.0 - 05-02-2024 *\/\n.elementor-widget-image{text-align:center}.elementor-widget-image a{display:inline-block}.elementor-widget-image a img[src$=\".svg\"]{width:48px}.elementor-widget-image img{vertical-align:middle;display:inline-block}<\/style>\t\t\t\t\t\t\t\t\t\t<img fetchpriority=\"high\" decoding=\"async\" width=\"300\" height=\"202\" src=\"https:\/\/rentexpressmallorca.com\/wp-content\/uploads\/2019\/03\/fotonoticia_20150323090423-15031239739_9999-300x202.jpg\" class=\"attachment-medium size-medium wp-image-23693\" alt=\"location porte b\u00e9b\u00e9\" srcset=\"https:\/\/rentexpressmallorca.com\/wp-content\/uploads\/2019\/03\/fotonoticia_20150323090423-15031239739_9999-300x202.jpg 300w, https:\/\/rentexpressmallorca.com\/wp-content\/uploads\/2019\/03\/fotonoticia_20150323090423-15031239739_9999.jpg 671w\" sizes=\"(max-width: 300px) 100vw, 300px\" \/>\t\t\t\t\t\t\t\t\t\t\t\t\t<\/div>\n\t\t\t\t<\/div>\n\t\t\t\t<div class=\"elementor-element elementor-element-59eab6c elementor-widget elementor-widget-heading\" data-id=\"59eab6c\" data-element_type=\"widget\" data-widget_type=\"heading.default\">\n\t\t\t\t<div class=\"elementor-widget-container\">\n\t\t\t<h2 class=\"elementor-heading-title elementor-size-default\">Retrait \u00e0 l\u2019a\u00e9roport de Palma<\/h2>\t\t<\/div>\n\t\t\t\t<\/div>\n\t\t\t\t<div class=\"elementor-element elementor-element-3382bc3 elementor-widget elementor-widget-text-editor\" data-id=\"3382bc3\" data-element_type=\"widget\" data-widget_type=\"text-editor.default\">\n\t\t\t\t<div class=\"elementor-widget-container\">\n\t\t\t\t\t\t\t<p data-start=\"2037\" data-end=\"2117\">La remise et le retour sont disponibles directement \u00e0 l\u2019a\u00e9roport de Palma (PMI).<\/p><p data-start=\"2119\" data-end=\"2329\">Apr\u00e8s avoir r\u00e9cup\u00e9r\u00e9 vos bagages, dirigez-vous vers le parking public situ\u00e9 en face du terminal.<br data-start=\"2215\" data-end=\"2218\" \/>Au rez-de-chauss\u00e9e, pr\u00e8s de la zone des voitures de location, se trouve le Bar Oasis, notre point de rencontre.<\/p><p data-start=\"2331\" data-end=\"2429\">Merci de nous appeler apr\u00e8s la r\u00e9cup\u00e9ration des bagages et environ 15 minutes avant votre arriv\u00e9e.<\/p><p data-start=\"2431\" data-end=\"2528\">Nos \u00e9quipements peuvent \u00e9galement \u00eatre r\u00e9cup\u00e9r\u00e9s dans notre boutique \u00e0 Palma si vous le pr\u00e9f\u00e9rez.<\/p>\t\t\t\t\t\t<\/div>\n\t\t\t\t<\/div>\n\t\t\t\t<div class=\"elementor-element elementor-element-53761d3 elementor-widget elementor-widget-heading\" data-id=\"53761d3\" data-element_type=\"widget\" data-widget_type=\"heading.default\">\n\t\t\t\t<div class=\"elementor-widget-container\">\n\t\t\t<h2 class=\"elementor-heading-title elementor-size-default\">point de rencontre a\u00e9roport Palma de Majorque<\/h2>\t\t<\/div>\n\t\t\t\t<\/div>\n\t\t\t\t<div class=\"elementor-element elementor-element-3989d05 elementor-widget elementor-widget-image\" data-id=\"3989d05\" data-element_type=\"widget\" data-widget_type=\"image.default\">\n\t\t\t\t<div class=\"elementor-widget-container\">\n\t\t\t\t\t\t\t\t\t\t\t\t\t<img decoding=\"async\" width=\"300\" height=\"219\" src=\"https:\/\/rentexpressmallorca.com\/wp-content\/uploads\/2023\/12\/location-siege-auto-aeroport-Palma-Majorque-300x219.jpeg\" class=\"attachment-medium size-medium wp-image-35336\" alt=\"point de rencontre aeroport de palma\" srcset=\"https:\/\/rentexpressmallorca.com\/wp-content\/uploads\/2023\/12\/location-siege-auto-aeroport-Palma-Majorque-300x219.jpeg 300w, https:\/\/rentexpressmallorca.com\/wp-content\/uploads\/2023\/12\/location-siege-auto-aeroport-Palma-Majorque-768x560.jpeg 768w, https:\/\/rentexpressmallorca.com\/wp-content\/uploads\/2023\/12\/location-siege-auto-aeroport-Palma-Majorque.jpeg 1024w\" sizes=\"(max-width: 300px) 100vw, 300px\" \/>\t\t\t\t\t\t\t\t\t\t\t\t\t<\/div>\n\t\t\t\t<\/div>\n\t\t\t\t\t<\/div>\n\t\t\t\t<\/div>\n\t\t<div class=\"elementor-element elementor-element-a0c6fb4 e-flex e-con-boxed e-con e-parent\" data-id=\"a0c6fb4\" data-element_type=\"container\" data-settings=\"{&quot;content_width&quot;:&quot;boxed&quot;}\" data-core-v316-plus=\"true\">\n\t\t\t\t\t<div class=\"e-con-inner\">\n\t\t\t\t<div class=\"elementor-element elementor-element-623d953 elementor-widget elementor-widget-heading\" data-id=\"623d953\" data-element_type=\"widget\" data-widget_type=\"heading.default\">\n\t\t\t\t<div class=\"elementor-widget-container\">\n\t\t\t<h2 class=\"elementor-heading-title elementor-size-default\">Questions Fr\u00e9quentes<\/h2>\t\t<\/div>\n\t\t\t\t<\/div>\n\t\t\t\t<div class=\"elementor-element elementor-element-4875f41 elementor-widget elementor-widget-accordion\" data-id=\"4875f41\" data-element_type=\"widget\" data-widget_type=\"accordion.default\">\n\t\t\t\t<div class=\"elementor-widget-container\">\n\t\t\t<style>\/*! elementor - v3.19.0 - 05-02-2024 *\/\n.elementor-accordion{text-align:left}.elementor-accordion .elementor-accordion-item{border:1px solid #d5d8dc}.elementor-accordion .elementor-accordion-item+.elementor-accordion-item{border-top:none}.elementor-accordion .elementor-tab-title{margin:0;padding:15px 20px;font-weight:700;line-height:1;cursor:pointer;outline:none}.elementor-accordion .elementor-tab-title .elementor-accordion-icon{display:inline-block;width:1.5em}.elementor-accordion .elementor-tab-title .elementor-accordion-icon svg{width:1em;height:1em}.elementor-accordion .elementor-tab-title .elementor-accordion-icon.elementor-accordion-icon-right{float:right;text-align:right}.elementor-accordion .elementor-tab-title .elementor-accordion-icon.elementor-accordion-icon-left{float:left;text-align:left}.elementor-accordion .elementor-tab-title .elementor-accordion-icon .elementor-accordion-icon-closed{display:block}.elementor-accordion .elementor-tab-title .elementor-accordion-icon .elementor-accordion-icon-opened,.elementor-accordion .elementor-tab-title.elementor-active .elementor-accordion-icon-closed{display:none}.elementor-accordion .elementor-tab-title.elementor-active .elementor-accordion-icon-opened{display:block}.elementor-accordion .elementor-tab-content{display:none;padding:15px 20px;border-top:1px solid #d5d8dc}@media (max-width:767px){.elementor-accordion .elementor-tab-title{padding:12px 15px}.elementor-accordion .elementor-tab-title .elementor-accordion-icon{width:1.2em}.elementor-accordion .elementor-tab-content{padding:7px 15px}}.e-con-inner>.elementor-widget-accordion,.e-con>.elementor-widget-accordion{width:var(--container-widget-width);--flex-grow:var(--container-widget-flex-grow)}<\/style>\t\t<div class=\"elementor-accordion\">\n\t\t\t\t\t\t\t<div class=\"elementor-accordion-item\">\n\t\t\t\t\t<div id=\"elementor-tab-title-7591\" class=\"elementor-tab-title\" data-tab=\"1\" role=\"button\" aria-controls=\"elementor-tab-content-7591\" aria-expanded=\"false\">\n\t\t\t\t\t\t\t\t\t\t\t\t\t<span class=\"elementor-accordion-icon elementor-accordion-icon-left\" aria-hidden=\"true\">\n\t\t\t\t\t\t\t\t\t\t\t\t\t\t\t<span class=\"elementor-accordion-icon-closed\"><i class=\"fas fa-plus\"><\/i><\/span>\n\t\t\t\t\t\t\t\t<span class=\"elementor-accordion-icon-opened\"><i class=\"fas fa-minus\"><\/i><\/span>\n\t\t\t\t\t\t\t\t\t\t\t\t\t\t<\/span>\n\t\t\t\t\t\t\t\t\t\t\t\t<a class=\"elementor-accordion-title\" tabindex=\"0\">O\u00f9 puis-je r\u00e9cup\u00e9rer le porte-b\u00e9b\u00e9 ?<\/a>\n\t\t\t\t\t<\/div>\n\t\t\t\t\t<div id=\"elementor-tab-content-7591\" class=\"elementor-tab-content elementor-clearfix\" data-tab=\"1\" role=\"region\" aria-labelledby=\"elementor-tab-title-7591\"><p>La remise est possible \u00e0 l\u2019a\u00e9roport de Palma ou dans notre boutique \u00e0 Palma.<\/p><\/div>\n\t\t\t\t<\/div>\n\t\t\t\t\t\t\t<div class=\"elementor-accordion-item\">\n\t\t\t\t\t<div id=\"elementor-tab-title-7592\" class=\"elementor-tab-title\" data-tab=\"2\" role=\"button\" aria-controls=\"elementor-tab-content-7592\" aria-expanded=\"false\">\n\t\t\t\t\t\t\t\t\t\t\t\t\t<span class=\"elementor-accordion-icon elementor-accordion-icon-left\" aria-hidden=\"true\">\n\t\t\t\t\t\t\t\t\t\t\t\t\t\t\t<span class=\"elementor-accordion-icon-closed\"><i class=\"fas fa-plus\"><\/i><\/span>\n\t\t\t\t\t\t\t\t<span class=\"elementor-accordion-icon-opened\"><i class=\"fas fa-minus\"><\/i><\/span>\n\t\t\t\t\t\t\t\t\t\t\t\t\t\t<\/span>\n\t\t\t\t\t\t\t\t\t\t\t\t<a class=\"elementor-accordion-title\" tabindex=\"0\">Le porte-b\u00e9b\u00e9 est-il adapt\u00e9 aux randonn\u00e9es ?<\/a>\n\t\t\t\t\t<\/div>\n\t\t\t\t\t<div id=\"elementor-tab-content-7592\" class=\"elementor-tab-content elementor-clearfix\" data-tab=\"2\" role=\"region\" aria-labelledby=\"elementor-tab-title-7592\"><p>Oui, il est con\u00e7u pour offrir confort et stabilit\u00e9 lors des excursions et longues promenades.<\/p><\/div>\n\t\t\t\t<\/div>\n\t\t\t\t\t\t\t<div class=\"elementor-accordion-item\">\n\t\t\t\t\t<div id=\"elementor-tab-title-7593\" class=\"elementor-tab-title\" data-tab=\"3\" role=\"button\" aria-controls=\"elementor-tab-content-7593\" aria-expanded=\"false\">\n\t\t\t\t\t\t\t\t\t\t\t\t\t<span class=\"elementor-accordion-icon elementor-accordion-icon-left\" aria-hidden=\"true\">\n\t\t\t\t\t\t\t\t\t\t\t\t\t\t\t<span class=\"elementor-accordion-icon-closed\"><i class=\"fas fa-plus\"><\/i><\/span>\n\t\t\t\t\t\t\t\t<span class=\"elementor-accordion-icon-opened\"><i class=\"fas fa-minus\"><\/i><\/span>\n\t\t\t\t\t\t\t\t\t\t\t\t\t\t<\/span>\n\t\t\t\t\t\t\t\t\t\t\t\t<a class=\"elementor-accordion-title\" tabindex=\"0\">.Y a-t-il une caution ?<\/a>\n\t\t\t\t\t<\/div>\n\t\t\t\t\t<div id=\"elementor-tab-content-7593\" class=\"elementor-tab-content elementor-clearfix\" data-tab=\"3\" role=\"region\" aria-labelledby=\"elementor-tab-title-7593\"><p>Oui, une caution de 50 \u20ac est demand\u00e9e.<\/p><\/div>\n\t\t\t\t<\/div>\n\t\t\t\t\t\t\t<div class=\"elementor-accordion-item\">\n\t\t\t\t\t<div id=\"elementor-tab-title-7594\" class=\"elementor-tab-title\" data-tab=\"4\" role=\"button\" aria-controls=\"elementor-tab-content-7594\" aria-expanded=\"false\">\n\t\t\t\t\t\t\t\t\t\t\t\t\t<span class=\"elementor-accordion-icon elementor-accordion-icon-left\" aria-hidden=\"true\">\n\t\t\t\t\t\t\t\t\t\t\t\t\t\t\t<span class=\"elementor-accordion-icon-closed\"><i class=\"fas fa-plus\"><\/i><\/span>\n\t\t\t\t\t\t\t\t<span class=\"elementor-accordion-icon-opened\"><i class=\"fas fa-minus\"><\/i><\/span>\n\t\t\t\t\t\t\t\t\t\t\t\t\t\t<\/span>\n\t\t\t\t\t\t\t\t\t\t\t\t<a class=\"elementor-accordion-title\" tabindex=\"0\">Dois-je r\u00e9server \u00e0 l\u2019avance ?<\/a>\n\t\t\t\t\t<\/div>\n\t\t\t\t\t<div id=\"elementor-tab-content-7594\" class=\"elementor-tab-content elementor-clearfix\" data-tab=\"4\" role=\"region\" aria-labelledby=\"elementor-tab-title-7594\"><p>Oui, surtout en haute saison.<\/p><\/div>\n\t\t\t\t<\/div>\n\t\t\t\t\t\t\t\t<\/div>\n\t\t\t\t<\/div>\n\t\t\t\t<\/div>\n\t\t\t\t<div class=\"elementor-element elementor-element-9943cb3 elementor-widget elementor-widget-heading\" data-id=\"9943cb3\" data-element_type=\"widget\" data-widget_type=\"heading.default\">\n\t\t\t\t<div class=\"elementor-widget-container\">\n\t\t\t<h2 class=\"elementor-heading-title elementor-size-default\">R\u00e9servation<\/h2>\t\t<\/div>\n\t\t\t\t<\/div>\n\t\t\t\t<div class=\"elementor-element elementor-element-aac1a08 elementor-widget elementor-widget-text-editor\" data-id=\"aac1a08\" data-element_type=\"widget\" data-widget_type=\"text-editor.default\">\n\t\t\t\t<div class=\"elementor-widget-container\">\n\t\t\t\t\t\t\t<p data-start=\"3028\" data-end=\"3138\">Vous pouvez r\u00e9server votre porte-b\u00e9b\u00e9 \u00e0 l\u2019avance afin de garantir sa disponibilit\u00e9 \u00e0 votre arriv\u00e9e \u00e0 Majorque.<\/p><p data-start=\"3140\" data-end=\"3207\">WhatsApp \u2013 Formulaire de contact \u2013 r\u00e9servation en quelques minutes.<\/p><p data-start=\"3209\" data-end=\"3305\">Notre \u00e9quipe confirme rapidement la disponibilit\u00e9 ainsi que les d\u00e9tails du point de rendez-vous.<\/p>\t\t\t\t\t\t<\/div>\n\t\t\t\t<\/div>\n\t\t\t\t\t<\/div>\n\t\t\t\t<\/div>\n\t\t\t\t<\/div>\n\t\t","protected":false},"excerpt":{"rendered":"<p>Louez un porte-b\u00e9b\u00e9 \u00e0 Majorque et r\u00e9cup\u00e9rez-le directement \u00e0 l\u2019a\u00e9roport de Palma ou en ville. Id\u00e9al pour les excursions, randonn\u00e9es et promenades en famille, le porte-b\u00e9b\u00e9 permet de transporter votre enfant confortablement tout en gardant les mains libres. Con\u00e7u pour les longs trajets, il dispose de bretelles et d\u2019une ceinture matelass\u00e9es, d\u2019un dossier r\u00e9glable en [&hellip;]<\/p>\n","protected":false},"author":1,"featured_media":35916,"comment_status":"closed","ping_status":"open","sticky":false,"template":"","format":"image","meta":{"site-sidebar-layout":"default","site-content-layout":"","ast-site-content-layout":"default","site-content-style":"default","site-sidebar-style":"default","ast-global-header-display":"","ast-banner-title-visibility":"","ast-main-header-display":"","ast-hfb-above-header-display":"","ast-hfb-below-header-display":"","ast-hfb-mobile-header-display":"","site-post-title":"","ast-breadcrumbs-content":"","ast-featured-img":"","footer-sml-layout":"","ast-disable-related-posts":"","theme-transparent-header-meta":"","adv-header-id-meta":"","stick-header-meta":"","header-above-stick-meta":"","header-main-stick-meta":"","header-below-stick-meta":"","astra-migrate-meta-layouts":"default","ast-page-background-enabled":"default","ast-page-background-meta":{"desktop":{"background-color":"var(--ast-global-color-4)","background-image":"","background-repeat":"repeat","background-position":"center center","background-size":"auto","background-attachment":"scroll","background-type":"","background-media":"","overlay-type":"","overlay-color":"","overlay-opacity":"","overlay-gradient":""},"tablet":{"background-color":"","background-image":"","background-repeat":"repeat","background-position":"center center","background-size":"auto","background-attachment":"scroll","background-type":"","background-media":"","overlay-type":"","overlay-color":"","overlay-opacity":"","overlay-gradient":""},"mobile":{"background-color":"","background-image":"","background-repeat":"repeat","background-position":"center center","background-size":"auto","background-attachment":"scroll","background-type":"","background-media":"","overlay-type":"","overlay-color":"","overlay-opacity":"","overlay-gradient":""}},"ast-content-background-meta":{"desktop":{"background-color":"var(--ast-global-color-5)","background-image":"","background-repeat":"repeat","background-position":"center center","background-size":"auto","background-attachment":"scroll","background-type":"","background-media":"","overlay-type":"","overlay-color":"","overlay-opacity":"","overlay-gradient":""},"tablet":{"background-color":"var(--ast-global-color-5)","background-image":"","background-repeat":"repeat","background-position":"center center","background-size":"auto","background-attachment":"scroll","background-type":"","background-media":"","overlay-type":"","overlay-color":"","overlay-opacity":"","overlay-gradient":""},"mobile":{"background-color":"var(--ast-global-color-5)","background-image":"","background-repeat":"repeat","background-position":"center center","background-size":"auto","background-attachment":"scroll","background-type":"","background-media":"","overlay-type":"","overlay-color":"","overlay-opacity":"","overlay-gradient":""}},"footnotes":""},"categories":[1151],"tags":[1695,1696],"class_list":["post-19351","post","type-post","status-publish","format-image","has-post-thumbnail","hentry","category-articles-pour-enfants-et-bebes","tag-location-porte-bebe-pour-excursion-a-majorque","tag-location-porte-bebes-pour-randonnes-palma-de-mallorca","post_format-post-format-image"],"_links":{"self":[{"href":"https:\/\/rentexpressmallorca.com\/fr\/wp-json\/wp\/v2\/posts\/19351","targetHints":{"allow":["GET"]}}],"collection":[{"href":"https:\/\/rentexpressmallorca.com\/fr\/wp-json\/wp\/v2\/posts"}],"about":[{"href":"https:\/\/rentexpressmallorca.com\/fr\/wp-json\/wp\/v2\/types\/post"}],"author":[{"embeddable":true,"href":"https:\/\/rentexpressmallorca.com\/fr\/wp-json\/wp\/v2\/users\/1"}],"replies":[{"embeddable":true,"href":"https:\/\/rentexpressmallorca.com\/fr\/wp-json\/wp\/v2\/comments?post=19351"}],"version-history":[{"count":74,"href":"https:\/\/rentexpressmallorca.com\/fr\/wp-json\/wp\/v2\/posts\/19351\/revisions"}],"predecessor-version":[{"id":35952,"href":"https:\/\/rentexpressmallorca.com\/fr\/wp-json\/wp\/v2\/posts\/19351\/revisions\/35952"}],"wp:featuredmedia":[{"embeddable":true,"href":"https:\/\/rentexpressmallorca.com\/fr\/wp-json\/wp\/v2\/media\/35916"}],"wp:attachment":[{"href":"https:\/\/rentexpressmallorca.com\/fr\/wp-json\/wp\/v2\/media?parent=19351"}],"wp:term":[{"taxonomy":"category","embeddable":true,"href":"https:\/\/rentexpressmallorca.com\/fr\/wp-json\/wp\/v2\/categories?post=19351"},{"taxonomy":"post_tag","embeddable":true,"href":"https:\/\/rentexpressmallorca.com\/fr\/wp-json\/wp\/v2\/tags?post=19351"}],"curies":[{"name":"wp","href":"https:\/\/api.w.org\/{rel}","templated":true}]}}