{"id":19354,"date":"2023-12-19T08:38:19","date_gmt":"2023-12-19T07:38:19","guid":{"rendered":"https:\/\/rentexpressmallorca.com\/alquilar-silla-de-paseo-gemelar\/"},"modified":"2026-02-28T15:34:39","modified_gmt":"2026-02-28T14:34:39","slug":"location-poussette-jumeaux","status":"publish","type":"post","link":"https:\/\/rentexpressmallorca.com\/fr\/location-poussette-jumeaux\/","title":{"rendered":"location poussette jumeaux \u00e1 majorque"},"content":{"rendered":"\t\t<div data-elementor-type=\"wp-post\" data-elementor-id=\"19354\" class=\"elementor elementor-19354 elementor-18184\" data-elementor-post-type=\"post\">\n\t\t\t\t<div class=\"elementor-element elementor-element-188f3ba3 e-flex e-con-boxed e-con e-parent\" data-id=\"188f3ba3\" data-element_type=\"container\" data-settings=\"{&quot;content_width&quot;:&quot;boxed&quot;}\" data-core-v316-plus=\"true\">\n\t\t\t\t\t<div class=\"e-con-inner\">\n\t\t\t\t<div class=\"elementor-element elementor-element-a5af1e2 elementor-widget elementor-widget-text-editor\" data-id=\"a5af1e2\" data-element_type=\"widget\" data-widget_type=\"text-editor.default\">\n\t\t\t\t<div class=\"elementor-widget-container\">\n\t\t\t<style>\/*! elementor - v3.19.0 - 05-02-2024 *\/\n.elementor-widget-text-editor.elementor-drop-cap-view-stacked .elementor-drop-cap{background-color:#69727d;color:#fff}.elementor-widget-text-editor.elementor-drop-cap-view-framed .elementor-drop-cap{color:#69727d;border:3px solid;background-color:transparent}.elementor-widget-text-editor:not(.elementor-drop-cap-view-default) .elementor-drop-cap{margin-top:8px}.elementor-widget-text-editor:not(.elementor-drop-cap-view-default) .elementor-drop-cap-letter{width:1em;height:1em}.elementor-widget-text-editor .elementor-drop-cap{float:left;text-align:center;line-height:1;font-size:50px}.elementor-widget-text-editor .elementor-drop-cap-letter{display:inline-block}<\/style>\t\t\t\t<p data-start=\"242\" data-end=\"479\">Louez une poussette jumeaux \u00e0 Majorque et r\u00e9cup\u00e9rez-la directement \u00e0 l\u2019a\u00e9roport de Palma ou en ville. Cette poussette double est id\u00e9ale pour les jumeaux ou pour deux enfants souhaitant se promener ensemble pendant votre s\u00e9jour sur l\u2019\u00eele.<\/p><p data-start=\"481\" data-end=\"682\">Pratique, confortable et facile \u00e0 plier, elle convient parfaitement aux vacances en famille. Les si\u00e8ges sont inclinables pour permettre aux enfants de se reposer confortablement pendant les promenades.<\/p><p data-start=\"684\" data-end=\"789\">Toutes nos poussettes sont nettoy\u00e9es, v\u00e9rifi\u00e9es et pr\u00eates \u00e0 \u00eatre utilis\u00e9es imm\u00e9diatement \u00e0 votre arriv\u00e9e.<\/p>\t\t\t\t\t\t<\/div>\n\t\t\t\t<\/div>\n\t\t\t\t<div class=\"elementor-element elementor-element-b5ab3d1 elementor-widget elementor-widget-heading\" data-id=\"b5ab3d1\" data-element_type=\"widget\" data-widget_type=\"heading.default\">\n\t\t\t\t<div class=\"elementor-widget-container\">\n\t\t\t<style>\/*! elementor - v3.19.0 - 05-02-2024 *\/\n.elementor-heading-title{padding:0;margin:0;line-height:1}.elementor-widget-heading .elementor-heading-title[class*=elementor-size-]>a{color:inherit;font-size:inherit;line-height:inherit}.elementor-widget-heading .elementor-heading-title.elementor-size-small{font-size:15px}.elementor-widget-heading .elementor-heading-title.elementor-size-medium{font-size:19px}.elementor-widget-heading .elementor-heading-title.elementor-size-large{font-size:29px}.elementor-widget-heading .elementor-heading-title.elementor-size-xl{font-size:39px}.elementor-widget-heading .elementor-heading-title.elementor-size-xxl{font-size:59px}<\/style><h2 class=\"elementor-heading-title elementor-size-default\">Tarifs de location<\/h2>\t\t<\/div>\n\t\t\t\t<\/div>\n\t\t\t\t<div class=\"elementor-element elementor-element-f31e0e4 elementor-widget elementor-widget-text-editor\" data-id=\"f31e0e4\" data-element_type=\"widget\" data-widget_type=\"text-editor.default\">\n\t\t\t\t<div class=\"elementor-widget-container\">\n\t\t\t\t\t\t\t<p data-start=\"819\" data-end=\"913\">3 jours : 30 \u20ac<br data-start=\"833\" data-end=\"836\" \/>1 semaine : 45 \u20ac<br data-start=\"852\" data-end=\"855\" \/>Caution : 50 \u20ac<br data-start=\"869\" data-end=\"872\" \/>Service a\u00e9roport (remise &amp; retour) : 10 \u20ac<\/p><p data-start=\"915\" data-end=\"1000\">Ce mod\u00e8le est particuli\u00e8rement appr\u00e9ci\u00e9 par les familles voyageant avec deux enfants.<\/p><p data-start=\"1002\" data-end=\"1131\">La majorit\u00e9 des familles choisissent le retrait \u00e0 l\u2019a\u00e9roport afin que la poussette soit pr\u00eate imm\u00e9diatement apr\u00e8s l\u2019atterrissage.<\/p>\t\t\t\t\t\t<\/div>\n\t\t\t\t<\/div>\n\t\t\t\t<div class=\"elementor-element elementor-element-0dd768b elementor-widget elementor-widget-heading\" data-id=\"0dd768b\" data-element_type=\"widget\" data-widget_type=\"heading.default\">\n\t\t\t\t<div class=\"elementor-widget-container\">\n\t\t\t<h2 class=\"elementor-heading-title elementor-size-default\">Options de caution<\/h2>\t\t<\/div>\n\t\t\t\t<\/div>\n\t\t\t\t<div class=\"elementor-element elementor-element-1dd226d elementor-widget elementor-widget-text-editor\" data-id=\"1dd226d\" data-element_type=\"widget\" data-widget_type=\"text-editor.default\">\n\t\t\t\t<div class=\"elementor-widget-container\">\n\t\t\t\t\t\t\t<p data-start=\"1161\" data-end=\"1210\">La caution peut \u00eatre effectu\u00e9e de deux mani\u00e8res :<\/p><p data-start=\"1212\" data-end=\"1421\">\u2022 Empreinte bancaire par carte (CB) \u2013 montant bloqu\u00e9 temporairement et lib\u00e9r\u00e9 automatiquement par le syst\u00e8me bancaire.<br data-start=\"1358\" data-end=\"1361\" \/>\u2022 D\u00e9p\u00f4t en esp\u00e8ces \u2013 restitu\u00e9 lors de la remise du mat\u00e9riel.<\/p>\t\t\t\t\t\t<\/div>\n\t\t\t\t<\/div>\n\t\t\t\t<div class=\"elementor-element elementor-element-3728434 elementor-widget elementor-widget-heading\" data-id=\"3728434\" data-element_type=\"widget\" data-widget_type=\"heading.default\">\n\t\t\t\t<div class=\"elementor-widget-container\">\n\t\t\t<h2 class=\"elementor-heading-title elementor-size-default\">Important<\/h2>\t\t<\/div>\n\t\t\t\t<\/div>\n\t\t\t\t<div class=\"elementor-element elementor-element-abb13f8 elementor-widget elementor-widget-text-editor\" data-id=\"abb13f8\" data-element_type=\"widget\" data-widget_type=\"text-editor.default\">\n\t\t\t\t<div class=\"elementor-widget-container\">\n\t\t\t\t\t\t\t<p data-start=\"1442\" data-end=\"1561\">Pour des raisons d\u2019organisation et de disponibilit\u00e9, nous recommandons de r\u00e9server \u00e0 l\u2019avance, surtout en haute saison.<\/p><p data-start=\"1563\" data-end=\"1651\">Le client est responsable de l\u2019utilisation du mat\u00e9riel et doit le restituer en bon \u00e9tat.<\/p>\t\t\t\t\t\t<\/div>\n\t\t\t\t<\/div>\n\t\t\t\t\t<\/div>\n\t\t\t\t<\/div>\n\t\t<div class=\"elementor-element elementor-element-fbfa939 e-flex e-con-boxed e-con e-parent\" data-id=\"fbfa939\" data-element_type=\"container\" data-settings=\"{&quot;content_width&quot;:&quot;boxed&quot;}\" data-core-v316-plus=\"true\">\n\t\t\t\t\t<div class=\"e-con-inner\">\n\t\t\t\t<div class=\"elementor-element elementor-element-ac19e34 elementor-widget elementor-widget-image\" data-id=\"ac19e34\" data-element_type=\"widget\" data-widget_type=\"image.default\">\n\t\t\t\t<div class=\"elementor-widget-container\">\n\t\t\t<style>\/*! elementor - v3.19.0 - 05-02-2024 *\/\n.elementor-widget-image{text-align:center}.elementor-widget-image a{display:inline-block}.elementor-widget-image a img[src$=\".svg\"]{width:48px}.elementor-widget-image img{vertical-align:middle;display:inline-block}<\/style>\t\t\t\t\t\t\t\t\t\t<img fetchpriority=\"high\" decoding=\"async\" width=\"300\" height=\"235\" src=\"https:\/\/rentexpressmallorca.com\/wp-content\/uploads\/2023\/12\/carrito-para-gemelos-2-300x235.jpg\" class=\"attachment-medium size-medium wp-image-23727\" alt=\"poussette pour jumeaux en location \u00e1 Majorque\" srcset=\"https:\/\/rentexpressmallorca.com\/wp-content\/uploads\/2023\/12\/carrito-para-gemelos-2-300x235.jpg 300w, https:\/\/rentexpressmallorca.com\/wp-content\/uploads\/2023\/12\/carrito-para-gemelos-2.jpg 630w\" sizes=\"(max-width: 300px) 100vw, 300px\" \/>\t\t\t\t\t\t\t\t\t\t\t\t\t<\/div>\n\t\t\t\t<\/div>\n\t\t\t\t<div class=\"elementor-element elementor-element-150ee15 elementor-widget elementor-widget-heading\" data-id=\"150ee15\" data-element_type=\"widget\" data-widget_type=\"heading.default\">\n\t\t\t\t<div class=\"elementor-widget-container\">\n\t\t\t<h2 class=\"elementor-heading-title elementor-size-default\">Comparez les mod\u00e8les disponibles<\/h2>\t\t<\/div>\n\t\t\t\t<\/div>\n\t\t\t\t<div class=\"elementor-element elementor-element-1d6d67a elementor-widget elementor-widget-text-editor\" data-id=\"1d6d67a\" data-element_type=\"widget\" data-widget_type=\"text-editor.default\">\n\t\t\t\t<div class=\"elementor-widget-container\">\n\t\t\t\t\t\t\t<p data-start=\"1695\" data-end=\"1798\">D\u00e9couvrez tous les \u00e9quipements disponibles sur notre page<br data-start=\"1752\" data-end=\"1755\" \/><a href=\"https:\/\/rentexpressmallorca.com\/fr\/category\/articles-pour-enfants-et-bebes\/\"><strong data-start=\"1758\" data-end=\"1798\">\u00c9quipement b\u00e9b\u00e9 et enfant \u00e0 Majorque<\/strong><\/a><\/p><p data-start=\"1800\" data-end=\"1899\">Si vous voyagez avec un seul enfant, vous pouvez \u00e9galement consulter notre poussette b\u00e9b\u00e9 standard.<\/p>\t\t\t\t\t\t<\/div>\n\t\t\t\t<\/div>\n\t\t\t\t<div class=\"elementor-element elementor-element-324b70c elementor-widget elementor-widget-heading\" data-id=\"324b70c\" data-element_type=\"widget\" data-widget_type=\"heading.default\">\n\t\t\t\t<div class=\"elementor-widget-container\">\n\t\t\t<h2 class=\"elementor-heading-title elementor-size-default\">Nettoyage & retour<\/h2>\t\t<\/div>\n\t\t\t\t<\/div>\n\t\t\t\t<div class=\"elementor-element elementor-element-d2924e0 elementor-widget elementor-widget-text-editor\" data-id=\"d2924e0\" data-element_type=\"widget\" data-widget_type=\"text-editor.default\">\n\t\t\t\t<div class=\"elementor-widget-container\">\n\t\t\t\t\t\t\t<p data-start=\"1929\" data-end=\"2000\">Toutes nos poussettes sont nettoy\u00e9es et contr\u00f4l\u00e9es avant chaque remise.<\/p><p data-start=\"2002\" data-end=\"2122\">Merci de restituer le mat\u00e9riel propre et en bon \u00e9tat afin qu\u2019il puisse \u00eatre pr\u00e9par\u00e9 rapidement pour la famille suivante.<\/p>\t\t\t\t\t\t<\/div>\n\t\t\t\t<\/div>\n\t\t\t\t<div class=\"elementor-element elementor-element-65b0107 elementor-widget elementor-widget-heading\" data-id=\"65b0107\" data-element_type=\"widget\" data-widget_type=\"heading.default\">\n\t\t\t\t<div class=\"elementor-widget-container\">\n\t\t\t<h2 class=\"elementor-heading-title elementor-size-default\">Retrait \u00e0 l\u2019a\u00e9roport de Palma<\/h2>\t\t<\/div>\n\t\t\t\t<\/div>\n\t\t\t\t<div class=\"elementor-element elementor-element-8167bad elementor-widget elementor-widget-text-editor\" data-id=\"8167bad\" data-element_type=\"widget\" data-widget_type=\"text-editor.default\">\n\t\t\t\t<div class=\"elementor-widget-container\">\n\t\t\t\t\t\t\t<p data-start=\"2169\" data-end=\"2349\">La remise et le retour de nos \u00e9quipements sont disponibles directement \u00e0 l\u2019a\u00e9roport de Palma (PMI), ce qui vous permet de continuer votre trajet imm\u00e9diatement apr\u00e8s l\u2019atterrissage.<\/p><p data-start=\"2351\" data-end=\"2585\">Apr\u00e8s avoir r\u00e9cup\u00e9r\u00e9 vos bagages et quitt\u00e9 le terminal, dirigez-vous vers le parking public situ\u00e9 en face.<br data-start=\"2457\" data-end=\"2460\" \/>Au rez-de-chauss\u00e9e, pr\u00e8s de la zone des voitures de location, se trouve le Bar Oasis, qui constitue notre point de rencontre.<\/p><p data-start=\"2587\" data-end=\"2709\">Merci de nous appeler apr\u00e8s la r\u00e9cup\u00e9ration des bagages et environ 15 minutes avant votre arriv\u00e9e au point de rendez-vous.<\/p><p data-start=\"2711\" data-end=\"2808\">Nos \u00e9quipements peuvent \u00e9galement \u00eatre r\u00e9cup\u00e9r\u00e9s dans notre boutique \u00e0 Palma si vous le pr\u00e9f\u00e9rez.<\/p>\t\t\t\t\t\t<\/div>\n\t\t\t\t<\/div>\n\t\t\t\t<div class=\"elementor-element elementor-element-c79977c elementor-widget elementor-widget-heading\" data-id=\"c79977c\" data-element_type=\"widget\" data-widget_type=\"heading.default\">\n\t\t\t\t<div class=\"elementor-widget-container\">\n\t\t\t<h2 class=\"elementor-heading-title elementor-size-default\">Point de rencontre a\u00e9roport Palma de Majorque<\/h2>\t\t<\/div>\n\t\t\t\t<\/div>\n\t\t\t\t<div class=\"elementor-element elementor-element-ce1523f elementor-widget elementor-widget-image\" data-id=\"ce1523f\" data-element_type=\"widget\" data-widget_type=\"image.default\">\n\t\t\t\t<div class=\"elementor-widget-container\">\n\t\t\t\t\t\t\t\t\t\t\t\t\t<img decoding=\"async\" width=\"300\" height=\"219\" src=\"https:\/\/rentexpressmallorca.com\/wp-content\/uploads\/2023\/12\/rent-express-mallorca-meeting-point-300x219.jpeg\" class=\"attachment-medium size-medium wp-image-28560\" alt=\"point de rencontre a\u00e9roport Palma Majorque\" srcset=\"https:\/\/rentexpressmallorca.com\/wp-content\/uploads\/2023\/12\/rent-express-mallorca-meeting-point-300x219.jpeg 300w, https:\/\/rentexpressmallorca.com\/wp-content\/uploads\/2023\/12\/rent-express-mallorca-meeting-point-768x560.jpeg 768w, https:\/\/rentexpressmallorca.com\/wp-content\/uploads\/2023\/12\/rent-express-mallorca-meeting-point.jpeg 1024w\" sizes=\"(max-width: 300px) 100vw, 300px\" \/>\t\t\t\t\t\t\t\t\t\t\t\t\t<\/div>\n\t\t\t\t<\/div>\n\t\t\t\t<div class=\"elementor-element elementor-element-c7c28b7 elementor-widget elementor-widget-heading\" data-id=\"c7c28b7\" data-element_type=\"widget\" data-widget_type=\"heading.default\">\n\t\t\t\t<div class=\"elementor-widget-container\">\n\t\t\t<h2 class=\"elementor-heading-title elementor-size-default\">Questions Fr\u00e9quentes<\/h2>\t\t<\/div>\n\t\t\t\t<\/div>\n\t\t\t\t<div class=\"elementor-element elementor-element-0bed8f9 elementor-widget elementor-widget-accordion\" data-id=\"0bed8f9\" data-element_type=\"widget\" data-widget_type=\"accordion.default\">\n\t\t\t\t<div class=\"elementor-widget-container\">\n\t\t\t<style>\/*! elementor - v3.19.0 - 05-02-2024 *\/\n.elementor-accordion{text-align:left}.elementor-accordion .elementor-accordion-item{border:1px solid #d5d8dc}.elementor-accordion .elementor-accordion-item+.elementor-accordion-item{border-top:none}.elementor-accordion .elementor-tab-title{margin:0;padding:15px 20px;font-weight:700;line-height:1;cursor:pointer;outline:none}.elementor-accordion .elementor-tab-title .elementor-accordion-icon{display:inline-block;width:1.5em}.elementor-accordion .elementor-tab-title .elementor-accordion-icon svg{width:1em;height:1em}.elementor-accordion .elementor-tab-title .elementor-accordion-icon.elementor-accordion-icon-right{float:right;text-align:right}.elementor-accordion .elementor-tab-title .elementor-accordion-icon.elementor-accordion-icon-left{float:left;text-align:left}.elementor-accordion .elementor-tab-title .elementor-accordion-icon .elementor-accordion-icon-closed{display:block}.elementor-accordion .elementor-tab-title .elementor-accordion-icon .elementor-accordion-icon-opened,.elementor-accordion .elementor-tab-title.elementor-active .elementor-accordion-icon-closed{display:none}.elementor-accordion .elementor-tab-title.elementor-active .elementor-accordion-icon-opened{display:block}.elementor-accordion .elementor-tab-content{display:none;padding:15px 20px;border-top:1px solid #d5d8dc}@media (max-width:767px){.elementor-accordion .elementor-tab-title{padding:12px 15px}.elementor-accordion .elementor-tab-title .elementor-accordion-icon{width:1.2em}.elementor-accordion .elementor-tab-content{padding:7px 15px}}.e-con-inner>.elementor-widget-accordion,.e-con>.elementor-widget-accordion{width:var(--container-widget-width);--flex-grow:var(--container-widget-flex-grow)}<\/style>\t\t<div class=\"elementor-accordion\">\n\t\t\t\t\t\t\t<div class=\"elementor-accordion-item\">\n\t\t\t\t\t<div id=\"elementor-tab-title-1251\" class=\"elementor-tab-title\" data-tab=\"1\" role=\"button\" aria-controls=\"elementor-tab-content-1251\" aria-expanded=\"false\">\n\t\t\t\t\t\t\t\t\t\t\t\t\t<span class=\"elementor-accordion-icon elementor-accordion-icon-left\" aria-hidden=\"true\">\n\t\t\t\t\t\t\t\t\t\t\t\t\t\t\t<span class=\"elementor-accordion-icon-closed\"><i class=\"fas fa-plus\"><\/i><\/span>\n\t\t\t\t\t\t\t\t<span class=\"elementor-accordion-icon-opened\"><i class=\"fas fa-minus\"><\/i><\/span>\n\t\t\t\t\t\t\t\t\t\t\t\t\t\t<\/span>\n\t\t\t\t\t\t\t\t\t\t\t\t<a class=\"elementor-accordion-title\" tabindex=\"0\">O\u00f9 puis-je r\u00e9cup\u00e9rer la poussette jumeaux ?<\/a>\n\t\t\t\t\t<\/div>\n\t\t\t\t\t<div id=\"elementor-tab-content-1251\" class=\"elementor-tab-content elementor-clearfix\" data-tab=\"1\" role=\"region\" aria-labelledby=\"elementor-tab-title-1251\"><p>La remise est possible directement \u00e0 l\u2019a\u00e9roport de Palma ou dans notre boutique \u00e0 Palma.<\/p><\/div>\n\t\t\t\t<\/div>\n\t\t\t\t\t\t\t<div class=\"elementor-accordion-item\">\n\t\t\t\t\t<div id=\"elementor-tab-title-1252\" class=\"elementor-tab-title\" data-tab=\"2\" role=\"button\" aria-controls=\"elementor-tab-content-1252\" aria-expanded=\"false\">\n\t\t\t\t\t\t\t\t\t\t\t\t\t<span class=\"elementor-accordion-icon elementor-accordion-icon-left\" aria-hidden=\"true\">\n\t\t\t\t\t\t\t\t\t\t\t\t\t\t\t<span class=\"elementor-accordion-icon-closed\"><i class=\"fas fa-plus\"><\/i><\/span>\n\t\t\t\t\t\t\t\t<span class=\"elementor-accordion-icon-opened\"><i class=\"fas fa-minus\"><\/i><\/span>\n\t\t\t\t\t\t\t\t\t\t\t\t\t\t<\/span>\n\t\t\t\t\t\t\t\t\t\t\t\t<a class=\"elementor-accordion-title\" tabindex=\"0\">La poussette est-elle adapt\u00e9e aux promenades longues ?<\/a>\n\t\t\t\t\t<\/div>\n\t\t\t\t\t<div id=\"elementor-tab-content-1252\" class=\"elementor-tab-content elementor-clearfix\" data-tab=\"2\" role=\"region\" aria-labelledby=\"elementor-tab-title-1252\"><p>Oui, elle dispose de si\u00e8ges inclinables et d\u2019un bon syst\u00e8me de roues pour un confort optimal.<\/p><\/div>\n\t\t\t\t<\/div>\n\t\t\t\t\t\t\t<div class=\"elementor-accordion-item\">\n\t\t\t\t\t<div id=\"elementor-tab-title-1253\" class=\"elementor-tab-title\" data-tab=\"3\" role=\"button\" aria-controls=\"elementor-tab-content-1253\" aria-expanded=\"false\">\n\t\t\t\t\t\t\t\t\t\t\t\t\t<span class=\"elementor-accordion-icon elementor-accordion-icon-left\" aria-hidden=\"true\">\n\t\t\t\t\t\t\t\t\t\t\t\t\t\t\t<span class=\"elementor-accordion-icon-closed\"><i class=\"fas fa-plus\"><\/i><\/span>\n\t\t\t\t\t\t\t\t<span class=\"elementor-accordion-icon-opened\"><i class=\"fas fa-minus\"><\/i><\/span>\n\t\t\t\t\t\t\t\t\t\t\t\t\t\t<\/span>\n\t\t\t\t\t\t\t\t\t\t\t\t<a class=\"elementor-accordion-title\" tabindex=\"0\">T\u00edtulo del acorde\u00f3n<\/a>\n\t\t\t\t\t<\/div>\n\t\t\t\t\t<div id=\"elementor-tab-content-1253\" class=\"elementor-tab-content elementor-clearfix\" data-tab=\"3\" role=\"region\" aria-labelledby=\"elementor-tab-title-1253\"><p>Contenido del acorde\u00f3n<\/p><\/div>\n\t\t\t\t<\/div>\n\t\t\t\t\t\t\t<div class=\"elementor-accordion-item\">\n\t\t\t\t\t<div id=\"elementor-tab-title-1254\" class=\"elementor-tab-title\" data-tab=\"4\" role=\"button\" aria-controls=\"elementor-tab-content-1254\" aria-expanded=\"false\">\n\t\t\t\t\t\t\t\t\t\t\t\t\t<span class=\"elementor-accordion-icon elementor-accordion-icon-left\" aria-hidden=\"true\">\n\t\t\t\t\t\t\t\t\t\t\t\t\t\t\t<span class=\"elementor-accordion-icon-closed\"><i class=\"fas fa-plus\"><\/i><\/span>\n\t\t\t\t\t\t\t\t<span class=\"elementor-accordion-icon-opened\"><i class=\"fas fa-minus\"><\/i><\/span>\n\t\t\t\t\t\t\t\t\t\t\t\t\t\t<\/span>\n\t\t\t\t\t\t\t\t\t\t\t\t<a class=\"elementor-accordion-title\" tabindex=\"0\">Y a-t-il une caution ?<\/a>\n\t\t\t\t\t<\/div>\n\t\t\t\t\t<div id=\"elementor-tab-content-1254\" class=\"elementor-tab-content elementor-clearfix\" data-tab=\"4\" role=\"region\" aria-labelledby=\"elementor-tab-title-1254\"><p>Oui, une caution de 50 \u20ac est demand\u00e9e.<\/p><\/div>\n\t\t\t\t<\/div>\n\t\t\t\t\t\t\t<div class=\"elementor-accordion-item\">\n\t\t\t\t\t<div id=\"elementor-tab-title-1255\" class=\"elementor-tab-title\" data-tab=\"5\" role=\"button\" aria-controls=\"elementor-tab-content-1255\" aria-expanded=\"false\">\n\t\t\t\t\t\t\t\t\t\t\t\t\t<span class=\"elementor-accordion-icon elementor-accordion-icon-left\" aria-hidden=\"true\">\n\t\t\t\t\t\t\t\t\t\t\t\t\t\t\t<span class=\"elementor-accordion-icon-closed\"><i class=\"fas fa-plus\"><\/i><\/span>\n\t\t\t\t\t\t\t\t<span class=\"elementor-accordion-icon-opened\"><i class=\"fas fa-minus\"><\/i><\/span>\n\t\t\t\t\t\t\t\t\t\t\t\t\t\t<\/span>\n\t\t\t\t\t\t\t\t\t\t\t\t<a class=\"elementor-accordion-title\" tabindex=\"0\">Dois-je r\u00e9server \u00e0 l\u2019avance ?<\/a>\n\t\t\t\t\t<\/div>\n\t\t\t\t\t<div id=\"elementor-tab-content-1255\" class=\"elementor-tab-content elementor-clearfix\" data-tab=\"5\" role=\"region\" aria-labelledby=\"elementor-tab-title-1255\"><p>Nous recommandons de r\u00e9server \u00e0 l\u2019avance, notamment en p\u00e9riode de forte affluence.<\/p><\/div>\n\t\t\t\t<\/div>\n\t\t\t\t\t\t\t\t<\/div>\n\t\t\t\t<\/div>\n\t\t\t\t<\/div>\n\t\t\t\t<div class=\"elementor-element elementor-element-c9d42e2 elementor-widget elementor-widget-heading\" data-id=\"c9d42e2\" data-element_type=\"widget\" data-widget_type=\"heading.default\">\n\t\t\t\t<div class=\"elementor-widget-container\">\n\t\t\t<h2 class=\"elementor-heading-title elementor-size-default\">R\u00e9servation<\/h2>\t\t<\/div>\n\t\t\t\t<\/div>\n\t\t\t\t<div class=\"elementor-element elementor-element-d6f0ad7 elementor-widget elementor-widget-text-editor\" data-id=\"d6f0ad7\" data-element_type=\"widget\" data-widget_type=\"text-editor.default\">\n\t\t\t\t<div class=\"elementor-widget-container\">\n\t\t\t\t\t\t\t<p data-start=\"3390\" data-end=\"3507\">Vous pouvez r\u00e9server votre poussette jumeaux \u00e0 l\u2019avance afin de garantir sa disponibilit\u00e9 \u00e0 votre arriv\u00e9e \u00e0 Majorque.<\/p><p data-start=\"3509\" data-end=\"3576\">WhatsApp \u2013 Formulaire de contact \u2013 r\u00e9servation en quelques minutes.<\/p><p data-start=\"3578\" data-end=\"3674\">Notre \u00e9quipe confirme rapidement la disponibilit\u00e9 ainsi que les d\u00e9tails du point de rendez-vous.<\/p>\t\t\t\t\t\t<\/div>\n\t\t\t\t<\/div>\n\t\t\t\t\t<\/div>\n\t\t\t\t<\/div>\n\t\t\t\t<\/div>\n\t\t","protected":false},"excerpt":{"rendered":"<p>Louez une poussette jumeaux \u00e0 Majorque et r\u00e9cup\u00e9rez-la directement \u00e0 l\u2019a\u00e9roport de Palma ou en ville. Cette poussette double est id\u00e9ale pour les jumeaux ou pour deux enfants souhaitant se promener ensemble pendant votre s\u00e9jour sur l\u2019\u00eele. Pratique, confortable et facile \u00e0 plier, elle convient parfaitement aux vacances en famille. Les si\u00e8ges sont inclinables pour [&hellip;]<\/p>\n","protected":false},"author":1,"featured_media":23727,"comment_status":"closed","ping_status":"open","sticky":false,"template":"","format":"image","meta":{"site-sidebar-layout":"default","site-content-layout":"","ast-site-content-layout":"default","site-content-style":"default","site-sidebar-style":"default","ast-global-header-display":"","ast-banner-title-visibility":"","ast-main-header-display":"","ast-hfb-above-header-display":"","ast-hfb-below-header-display":"","ast-hfb-mobile-header-display":"","site-post-title":"","ast-breadcrumbs-content":"","ast-featured-img":"","footer-sml-layout":"","ast-disable-related-posts":"","theme-transparent-header-meta":"","adv-header-id-meta":"","stick-header-meta":"","header-above-stick-meta":"","header-main-stick-meta":"","header-below-stick-meta":"","astra-migrate-meta-layouts":"default","ast-page-background-enabled":"default","ast-page-background-meta":{"desktop":{"background-color":"var(--ast-global-color-4)","background-image":"","background-repeat":"repeat","background-position":"center center","background-size":"auto","background-attachment":"scroll","background-type":"","background-media":"","overlay-type":"","overlay-color":"","overlay-opacity":"","overlay-gradient":""},"tablet":{"background-color":"","background-image":"","background-repeat":"repeat","background-position":"center center","background-size":"auto","background-attachment":"scroll","background-type":"","background-media":"","overlay-type":"","overlay-color":"","overlay-opacity":"","overlay-gradient":""},"mobile":{"background-color":"","background-image":"","background-repeat":"repeat","background-position":"center center","background-size":"auto","background-attachment":"scroll","background-type":"","background-media":"","overlay-type":"","overlay-color":"","overlay-opacity":"","overlay-gradient":""}},"ast-content-background-meta":{"desktop":{"background-color":"var(--ast-global-color-5)","background-image":"","background-repeat":"repeat","background-position":"center center","background-size":"auto","background-attachment":"scroll","background-type":"","background-media":"","overlay-type":"","overlay-color":"","overlay-opacity":"","overlay-gradient":""},"tablet":{"background-color":"var(--ast-global-color-5)","background-image":"","background-repeat":"repeat","background-position":"center center","background-size":"auto","background-attachment":"scroll","background-type":"","background-media":"","overlay-type":"","overlay-color":"","overlay-opacity":"","overlay-gradient":""},"mobile":{"background-color":"var(--ast-global-color-5)","background-image":"","background-repeat":"repeat","background-position":"center center","background-size":"auto","background-attachment":"scroll","background-type":"","background-media":"","overlay-type":"","overlay-color":"","overlay-opacity":"","overlay-gradient":""}},"footnotes":""},"categories":[1151],"tags":[50,1251,51,1252,1253,1712,1727,1711],"class_list":["post-19354","post","type-post","status-publish","format-image","has-post-thumbnail","hentry","category-articles-pour-enfants-et-bebes","tag-alquilar-un-carrito-para-gemelos-en-mallorca","tag-alquilar-un-carrito-para-gemelos-en-mallorca-fr","tag-alquiler-de-carrito-gemelar-en-mallorca","tag-alquiler-de-carrito-gemelar-en-mallorca-fr","tag-carrito-gemelar-fr","tag-location-poussette-jumeaux-palma-de-mallorca","tag-louer-une-possette-pour-jumeaux-a-majorque","tag-poussette-pour-jumeaux-en-location-majorque","post_format-post-format-image"],"_links":{"self":[{"href":"https:\/\/rentexpressmallorca.com\/fr\/wp-json\/wp\/v2\/posts\/19354","targetHints":{"allow":["GET"]}}],"collection":[{"href":"https:\/\/rentexpressmallorca.com\/fr\/wp-json\/wp\/v2\/posts"}],"about":[{"href":"https:\/\/rentexpressmallorca.com\/fr\/wp-json\/wp\/v2\/types\/post"}],"author":[{"embeddable":true,"href":"https:\/\/rentexpressmallorca.com\/fr\/wp-json\/wp\/v2\/users\/1"}],"replies":[{"embeddable":true,"href":"https:\/\/rentexpressmallorca.com\/fr\/wp-json\/wp\/v2\/comments?post=19354"}],"version-history":[{"count":52,"href":"https:\/\/rentexpressmallorca.com\/fr\/wp-json\/wp\/v2\/posts\/19354\/revisions"}],"predecessor-version":[{"id":35831,"href":"https:\/\/rentexpressmallorca.com\/fr\/wp-json\/wp\/v2\/posts\/19354\/revisions\/35831"}],"wp:featuredmedia":[{"embeddable":true,"href":"https:\/\/rentexpressmallorca.com\/fr\/wp-json\/wp\/v2\/media\/23727"}],"wp:attachment":[{"href":"https:\/\/rentexpressmallorca.com\/fr\/wp-json\/wp\/v2\/media?parent=19354"}],"wp:term":[{"taxonomy":"category","embeddable":true,"href":"https:\/\/rentexpressmallorca.com\/fr\/wp-json\/wp\/v2\/categories?post=19354"},{"taxonomy":"post_tag","embeddable":true,"href":"https:\/\/rentexpressmallorca.com\/fr\/wp-json\/wp\/v2\/tags?post=19354"}],"curies":[{"name":"wp","href":"https:\/\/api.w.org\/{rel}","templated":true}]}}