{"id":19369,"date":"2015-03-01T19:50:42","date_gmt":"2015-03-01T18:50:42","guid":{"rendered":"https:\/\/rentexpressmallorca.com\/alquiler-de-tacata-bebe-en-palma-de-mallorca\/"},"modified":"2026-03-02T16:08:01","modified_gmt":"2026-03-02T15:08:01","slug":"location-a-trotteur-a-majorque","status":"publish","type":"post","link":"https:\/\/rentexpressmallorca.com\/fr\/location-a-trotteur-a-majorque\/","title":{"rendered":"Location trotteur b\u00e9b\u00e9 \u00e1 Majorque"},"content":{"rendered":"\t\t<div data-elementor-type=\"wp-post\" data-elementor-id=\"19369\" class=\"elementor elementor-19369 elementor-18201\" data-elementor-post-type=\"post\">\n\t\t\t\t<div class=\"elementor-element elementor-element-ffda80e e-flex e-con-boxed e-con e-parent\" data-id=\"ffda80e\" data-element_type=\"container\" data-settings=\"{&quot;content_width&quot;:&quot;boxed&quot;}\" data-core-v316-plus=\"true\">\n\t\t\t\t\t<div class=\"e-con-inner\">\n\t\t\t\t<div class=\"elementor-element elementor-element-72129d8 elementor-widget elementor-widget-text-editor\" data-id=\"72129d8\" data-element_type=\"widget\" data-widget_type=\"text-editor.default\">\n\t\t\t\t<div class=\"elementor-widget-container\">\n\t\t\t<style>\/*! elementor - v3.19.0 - 05-02-2024 *\/\n.elementor-widget-text-editor.elementor-drop-cap-view-stacked .elementor-drop-cap{background-color:#69727d;color:#fff}.elementor-widget-text-editor.elementor-drop-cap-view-framed .elementor-drop-cap{color:#69727d;border:3px solid;background-color:transparent}.elementor-widget-text-editor:not(.elementor-drop-cap-view-default) .elementor-drop-cap{margin-top:8px}.elementor-widget-text-editor:not(.elementor-drop-cap-view-default) .elementor-drop-cap-letter{width:1em;height:1em}.elementor-widget-text-editor .elementor-drop-cap{float:left;text-align:center;line-height:1;font-size:50px}.elementor-widget-text-editor .elementor-drop-cap-letter{display:inline-block}<\/style>\t\t\t\t<p data-start=\"163\" data-end=\"420\">Louez un trotteur pour b\u00e9b\u00e9 \u00e0 Majorque et r\u00e9cup\u00e9rez-le directement \u00e0 l\u2019a\u00e9roport de Palma ou dans notre boutique \u00e0 Palma. Id\u00e9al pour les jeunes enfants qui commencent \u00e0 se d\u00e9placer, le trotteur permet \u00e0 b\u00e9b\u00e9 d\u2019explorer en toute s\u00e9curit\u00e9 pendant votre s\u00e9jour.<\/p><p data-start=\"422\" data-end=\"593\">Stable et facile \u00e0 utiliser, il est adapt\u00e9 aux int\u00e9rieurs d\u2019appartements et maisons de vacances. Il offre confort et libert\u00e9 de mouvement sous la surveillance des parents.<\/p><p data-start=\"595\" data-end=\"696\">Tous nos trotteurs sont nettoy\u00e9s, d\u00e9sinfect\u00e9s et pr\u00eats \u00e0 \u00eatre utilis\u00e9s imm\u00e9diatement \u00e0 votre arriv\u00e9e.<\/p>\t\t\t\t\t\t<\/div>\n\t\t\t\t<\/div>\n\t\t\t\t<div class=\"elementor-element elementor-element-8c20d49 elementor-widget elementor-widget-heading\" data-id=\"8c20d49\" data-element_type=\"widget\" data-widget_type=\"heading.default\">\n\t\t\t\t<div class=\"elementor-widget-container\">\n\t\t\t<style>\/*! elementor - v3.19.0 - 05-02-2024 *\/\n.elementor-heading-title{padding:0;margin:0;line-height:1}.elementor-widget-heading .elementor-heading-title[class*=elementor-size-]>a{color:inherit;font-size:inherit;line-height:inherit}.elementor-widget-heading .elementor-heading-title.elementor-size-small{font-size:15px}.elementor-widget-heading .elementor-heading-title.elementor-size-medium{font-size:19px}.elementor-widget-heading .elementor-heading-title.elementor-size-large{font-size:29px}.elementor-widget-heading .elementor-heading-title.elementor-size-xl{font-size:39px}.elementor-widget-heading .elementor-heading-title.elementor-size-xxl{font-size:59px}<\/style><h2 class=\"elementor-heading-title elementor-size-default\">Tarifs de location<\/h2>\t\t<\/div>\n\t\t\t\t<\/div>\n\t\t\t\t<div class=\"elementor-element elementor-element-3a604a1 elementor-widget elementor-widget-text-editor\" data-id=\"3a604a1\" data-element_type=\"widget\" data-widget_type=\"text-editor.default\">\n\t\t\t\t<div class=\"elementor-widget-container\">\n\t\t\t\t\t\t\t<p data-start=\"726\" data-end=\"820\">3 jours : 10 \u20ac<br data-start=\"740\" data-end=\"743\" \/>1 semaine : 25 \u20ac<br data-start=\"759\" data-end=\"762\" \/>Caution : 50 \u20ac<br data-start=\"776\" data-end=\"779\" \/>Service a\u00e9roport (remise &amp; retour) : 10 \u20ac<\/p><p data-start=\"822\" data-end=\"949\">La majorit\u00e9 des familles choisissent le retrait \u00e0 l\u2019a\u00e9roport afin que le mat\u00e9riel soit pr\u00eat imm\u00e9diatement apr\u00e8s l\u2019atterrissage.<\/p>\t\t\t\t\t\t<\/div>\n\t\t\t\t<\/div>\n\t\t\t\t<div class=\"elementor-element elementor-element-5ca791f elementor-widget elementor-widget-heading\" data-id=\"5ca791f\" data-element_type=\"widget\" data-widget_type=\"heading.default\">\n\t\t\t\t<div class=\"elementor-widget-container\">\n\t\t\t<h2 class=\"elementor-heading-title elementor-size-default\">Options de caution<\/h2>\t\t<\/div>\n\t\t\t\t<\/div>\n\t\t\t\t<div class=\"elementor-element elementor-element-e0d0102 elementor-widget elementor-widget-text-editor\" data-id=\"e0d0102\" data-element_type=\"widget\" data-widget_type=\"text-editor.default\">\n\t\t\t\t<div class=\"elementor-widget-container\">\n\t\t\t\t\t\t\t<p data-start=\"979\" data-end=\"1028\">La caution peut \u00eatre effectu\u00e9e de deux mani\u00e8res :<\/p><p data-start=\"1030\" data-end=\"1239\">\u2022 Empreinte bancaire par carte (CB) \u2013 montant bloqu\u00e9 temporairement et lib\u00e9r\u00e9 automatiquement par le syst\u00e8me bancaire.<br data-start=\"1176\" data-end=\"1179\" \/>\u2022 D\u00e9p\u00f4t en esp\u00e8ces \u2013 restitu\u00e9 lors de la remise du mat\u00e9riel.<\/p>\t\t\t\t\t\t<\/div>\n\t\t\t\t<\/div>\n\t\t\t\t<div class=\"elementor-element elementor-element-5d1a509 elementor-widget elementor-widget-heading\" data-id=\"5d1a509\" data-element_type=\"widget\" data-widget_type=\"heading.default\">\n\t\t\t\t<div class=\"elementor-widget-container\">\n\t\t\t<h2 class=\"elementor-heading-title elementor-size-default\">Important<\/h2>\t\t<\/div>\n\t\t\t\t<\/div>\n\t\t\t\t<div class=\"elementor-element elementor-element-d9f6e24 elementor-widget elementor-widget-text-editor\" data-id=\"d9f6e24\" data-element_type=\"widget\" data-widget_type=\"text-editor.default\">\n\t\t\t\t<div class=\"elementor-widget-container\">\n\t\t\t\t\t\t\t<p data-start=\"1260\" data-end=\"1333\">Le trotteur doit \u00eatre utilis\u00e9 sous la surveillance constante d\u2019un adulte.<\/p><p data-start=\"1335\" data-end=\"1388\">Le mat\u00e9riel doit \u00eatre restitu\u00e9 propre et en bon \u00e9tat<\/p>\t\t\t\t\t\t<\/div>\n\t\t\t\t<\/div>\n\t\t\t\t<div class=\"elementor-element elementor-element-29016c1 elementor-widget elementor-widget-heading\" data-id=\"29016c1\" data-element_type=\"widget\" data-widget_type=\"heading.default\">\n\t\t\t\t<div class=\"elementor-widget-container\">\n\t\t\t<h2 class=\"elementor-heading-title elementor-size-default\">Comparez les mod\u00e8les disponibles<\/h2>\t\t<\/div>\n\t\t\t\t<\/div>\n\t\t\t\t<div class=\"elementor-element elementor-element-9c0bdb9 elementor-widget elementor-widget-text-editor\" data-id=\"9c0bdb9\" data-element_type=\"widget\" data-widget_type=\"text-editor.default\">\n\t\t\t\t<div class=\"elementor-widget-container\">\n\t\t\t\t\t\t\t<p data-start=\"1432\" data-end=\"1530\">D\u00e9couvrez tous nos \u00e9quipements b\u00e9b\u00e9 disponibles sur notre page<br data-start=\"1494\" data-end=\"1497\" \/><a href=\"https:\/\/rentexpressmallorca.com\/fr\/category\/articles-pour-enfants-et-bebes\/.\">location \u00e9quipement b\u00e9b\u00e9 Majorque<\/a><\/p><p data-start=\"1532\" data-end=\"1661\">Nous proposons \u00e9galement poussettes, landaus, lits parapluie, porte-b\u00e9b\u00e9s et si\u00e8ges auto pour simplifier votre s\u00e9jour en famille.<\/p>\t\t\t\t\t\t<\/div>\n\t\t\t\t<\/div>\n\t\t\t\t<div class=\"elementor-element elementor-element-ed5c278 elementor-widget elementor-widget-heading\" data-id=\"ed5c278\" data-element_type=\"widget\" data-widget_type=\"heading.default\">\n\t\t\t\t<div class=\"elementor-widget-container\">\n\t\t\t<h2 class=\"elementor-heading-title elementor-size-default\">Nettoyage & retour<\/h2>\t\t<\/div>\n\t\t\t\t<\/div>\n\t\t\t\t<div class=\"elementor-element elementor-element-b1d312c elementor-widget elementor-widget-text-editor\" data-id=\"b1d312c\" data-element_type=\"widget\" data-widget_type=\"text-editor.default\">\n\t\t\t\t<div class=\"elementor-widget-container\">\n\t\t\t\t\t\t\t<p data-start=\"1691\" data-end=\"1772\">Tous nos articles sont soigneusement nettoy\u00e9s et contr\u00f4l\u00e9s avant chaque location.<\/p><p data-start=\"1774\" data-end=\"1873\">Merci de restituer le mat\u00e9riel en bon \u00e9tat afin qu\u2019il puisse \u00eatre pr\u00e9par\u00e9 pour la famille suivante.<\/p>\t\t\t\t\t\t<\/div>\n\t\t\t\t<\/div>\n\t\t\t\t<div class=\"elementor-element elementor-element-1a0a516 elementor-widget elementor-widget-heading\" data-id=\"1a0a516\" data-element_type=\"widget\" data-widget_type=\"heading.default\">\n\t\t\t\t<div class=\"elementor-widget-container\">\n\t\t\t<h2 class=\"elementor-heading-title elementor-size-default\">Retrait \u00e0 l\u2019a\u00e9roport de Palma<\/h2>\t\t<\/div>\n\t\t\t\t<\/div>\n\t\t\t\t<div class=\"elementor-element elementor-element-4447999 elementor-widget elementor-widget-text-editor\" data-id=\"4447999\" data-element_type=\"widget\" data-widget_type=\"text-editor.default\">\n\t\t\t\t<div class=\"elementor-widget-container\">\n\t\t\t\t\t\t\t<p data-start=\"1914\" data-end=\"1988\">La remise et le retour sont disponibles directement \u00e0 l\u2019a\u00e9roport de Palma.<\/p><p data-start=\"1990\" data-end=\"2200\">Apr\u00e8s avoir r\u00e9cup\u00e9r\u00e9 vos bagages, dirigez-vous vers le parking public situ\u00e9 en face du terminal.<br data-start=\"2086\" data-end=\"2089\" \/>Au rez-de-chauss\u00e9e, pr\u00e8s de la zone des voitures de location, se trouve le Bar Oasis, notre point de rencontre.<\/p><p data-start=\"2202\" data-end=\"2302\">Merci de nous appeler apr\u00e8s la r\u00e9cup\u00e9ration des bagages puis environ 15 minutes avant votre arriv\u00e9e.<\/p><p data-start=\"2304\" data-end=\"2401\">Nos \u00e9quipements peuvent \u00e9galement \u00eatre r\u00e9cup\u00e9r\u00e9s dans notre boutique \u00e0 Palma si vous le pr\u00e9f\u00e9rez.<\/p>\t\t\t\t\t\t<\/div>\n\t\t\t\t<\/div>\n\t\t\t\t<div class=\"elementor-element elementor-element-a379c24 elementor-widget elementor-widget-image\" data-id=\"a379c24\" data-element_type=\"widget\" data-widget_type=\"image.default\">\n\t\t\t\t<div class=\"elementor-widget-container\">\n\t\t\t<style>\/*! elementor - v3.19.0 - 05-02-2024 *\/\n.elementor-widget-image{text-align:center}.elementor-widget-image a{display:inline-block}.elementor-widget-image a img[src$=\".svg\"]{width:48px}.elementor-widget-image img{vertical-align:middle;display:inline-block}<\/style>\t\t\t\t\t\t\t\t\t\t<img fetchpriority=\"high\" decoding=\"async\" width=\"300\" height=\"219\" src=\"https:\/\/rentexpressmallorca.com\/wp-content\/uploads\/2023\/12\/location-siege-auto-aeroport-Palma-Majorque-300x219.jpeg\" class=\"attachment-medium size-medium wp-image-35336\" alt=\"point de rencontre aeroport de palma\" srcset=\"https:\/\/rentexpressmallorca.com\/wp-content\/uploads\/2023\/12\/location-siege-auto-aeroport-Palma-Majorque-300x219.jpeg 300w, https:\/\/rentexpressmallorca.com\/wp-content\/uploads\/2023\/12\/location-siege-auto-aeroport-Palma-Majorque-768x560.jpeg 768w, https:\/\/rentexpressmallorca.com\/wp-content\/uploads\/2023\/12\/location-siege-auto-aeroport-Palma-Majorque.jpeg 1024w\" sizes=\"(max-width: 300px) 100vw, 300px\" \/>\t\t\t\t\t\t\t\t\t\t\t\t\t<\/div>\n\t\t\t\t<\/div>\n\t\t\t\t<div class=\"elementor-element elementor-element-07ab321 elementor-widget elementor-widget-accordion\" data-id=\"07ab321\" data-element_type=\"widget\" data-widget_type=\"accordion.default\">\n\t\t\t\t<div class=\"elementor-widget-container\">\n\t\t\t<style>\/*! elementor - v3.19.0 - 05-02-2024 *\/\n.elementor-accordion{text-align:left}.elementor-accordion .elementor-accordion-item{border:1px solid #d5d8dc}.elementor-accordion .elementor-accordion-item+.elementor-accordion-item{border-top:none}.elementor-accordion .elementor-tab-title{margin:0;padding:15px 20px;font-weight:700;line-height:1;cursor:pointer;outline:none}.elementor-accordion .elementor-tab-title .elementor-accordion-icon{display:inline-block;width:1.5em}.elementor-accordion .elementor-tab-title .elementor-accordion-icon svg{width:1em;height:1em}.elementor-accordion .elementor-tab-title .elementor-accordion-icon.elementor-accordion-icon-right{float:right;text-align:right}.elementor-accordion .elementor-tab-title .elementor-accordion-icon.elementor-accordion-icon-left{float:left;text-align:left}.elementor-accordion .elementor-tab-title .elementor-accordion-icon .elementor-accordion-icon-closed{display:block}.elementor-accordion .elementor-tab-title .elementor-accordion-icon .elementor-accordion-icon-opened,.elementor-accordion .elementor-tab-title.elementor-active .elementor-accordion-icon-closed{display:none}.elementor-accordion .elementor-tab-title.elementor-active .elementor-accordion-icon-opened{display:block}.elementor-accordion .elementor-tab-content{display:none;padding:15px 20px;border-top:1px solid #d5d8dc}@media (max-width:767px){.elementor-accordion .elementor-tab-title{padding:12px 15px}.elementor-accordion .elementor-tab-title .elementor-accordion-icon{width:1.2em}.elementor-accordion .elementor-tab-content{padding:7px 15px}}.e-con-inner>.elementor-widget-accordion,.e-con>.elementor-widget-accordion{width:var(--container-widget-width);--flex-grow:var(--container-widget-flex-grow)}<\/style>\t\t<div class=\"elementor-accordion\">\n\t\t\t\t\t\t\t<div class=\"elementor-accordion-item\">\n\t\t\t\t\t<div id=\"elementor-tab-title-8041\" class=\"elementor-tab-title\" data-tab=\"1\" role=\"button\" aria-controls=\"elementor-tab-content-8041\" aria-expanded=\"false\">\n\t\t\t\t\t\t\t\t\t\t\t\t\t<span class=\"elementor-accordion-icon elementor-accordion-icon-left\" aria-hidden=\"true\">\n\t\t\t\t\t\t\t\t\t\t\t\t\t\t\t<span class=\"elementor-accordion-icon-closed\"><i class=\"fas fa-plus\"><\/i><\/span>\n\t\t\t\t\t\t\t\t<span class=\"elementor-accordion-icon-opened\"><i class=\"fas fa-minus\"><\/i><\/span>\n\t\t\t\t\t\t\t\t\t\t\t\t\t\t<\/span>\n\t\t\t\t\t\t\t\t\t\t\t\t<a class=\"elementor-accordion-title\" tabindex=\"0\">O\u00f9 puis-je r\u00e9cup\u00e9rer le trotteur pour b\u00e9b\u00e9 ?<\/a>\n\t\t\t\t\t<\/div>\n\t\t\t\t\t<div id=\"elementor-tab-content-8041\" class=\"elementor-tab-content elementor-clearfix\" data-tab=\"1\" role=\"region\" aria-labelledby=\"elementor-tab-title-8041\"><p>Le trotteur peut \u00eatre r\u00e9cup\u00e9r\u00e9 directement \u00e0 l\u2019a\u00e9roport de Palma ou dans notre boutique \u00e0 Palma. Cela vous permet de disposer du mat\u00e9riel d\u00e8s votre arriv\u00e9e \u00e0 Majorque.<\/p><\/div>\n\t\t\t\t<\/div>\n\t\t\t\t\t\t\t<div class=\"elementor-accordion-item\">\n\t\t\t\t\t<div id=\"elementor-tab-title-8042\" class=\"elementor-tab-title\" data-tab=\"2\" role=\"button\" aria-controls=\"elementor-tab-content-8042\" aria-expanded=\"false\">\n\t\t\t\t\t\t\t\t\t\t\t\t\t<span class=\"elementor-accordion-icon elementor-accordion-icon-left\" aria-hidden=\"true\">\n\t\t\t\t\t\t\t\t\t\t\t\t\t\t\t<span class=\"elementor-accordion-icon-closed\"><i class=\"fas fa-plus\"><\/i><\/span>\n\t\t\t\t\t\t\t\t<span class=\"elementor-accordion-icon-opened\"><i class=\"fas fa-minus\"><\/i><\/span>\n\t\t\t\t\t\t\t\t\t\t\t\t\t\t<\/span>\n\t\t\t\t\t\t\t\t\t\t\t\t<a class=\"elementor-accordion-title\" tabindex=\"0\">Le trotteur est-il nettoy\u00e9 avant chaque location ?<\/a>\n\t\t\t\t\t<\/div>\n\t\t\t\t\t<div id=\"elementor-tab-content-8042\" class=\"elementor-tab-content elementor-clearfix\" data-tab=\"2\" role=\"region\" aria-labelledby=\"elementor-tab-title-8042\"><p data-start=\"427\" data-end=\"581\">Oui, tous nos articles sont soigneusement nettoy\u00e9s, d\u00e9sinfect\u00e9s et contr\u00f4l\u00e9s avant chaque remise.<\/p><p data-start=\"583\" data-end=\"671\">\u00a0<\/p><\/div>\n\t\t\t\t<\/div>\n\t\t\t\t\t\t\t<div class=\"elementor-accordion-item\">\n\t\t\t\t\t<div id=\"elementor-tab-title-8043\" class=\"elementor-tab-title\" data-tab=\"3\" role=\"button\" aria-controls=\"elementor-tab-content-8043\" aria-expanded=\"false\">\n\t\t\t\t\t\t\t\t\t\t\t\t\t<span class=\"elementor-accordion-icon elementor-accordion-icon-left\" aria-hidden=\"true\">\n\t\t\t\t\t\t\t\t\t\t\t\t\t\t\t<span class=\"elementor-accordion-icon-closed\"><i class=\"fas fa-plus\"><\/i><\/span>\n\t\t\t\t\t\t\t\t<span class=\"elementor-accordion-icon-opened\"><i class=\"fas fa-minus\"><\/i><\/span>\n\t\t\t\t\t\t\t\t\t\t\t\t\t\t<\/span>\n\t\t\t\t\t\t\t\t\t\t\t\t<a class=\"elementor-accordion-title\" tabindex=\"0\">Y a-t-il une caution ?<\/a>\n\t\t\t\t\t<\/div>\n\t\t\t\t\t<div id=\"elementor-tab-content-8043\" class=\"elementor-tab-content elementor-clearfix\" data-tab=\"3\" role=\"region\" aria-labelledby=\"elementor-tab-title-8043\"><p>Oui, une caution de 50 \u20ac est demand\u00e9e pour chaque location.<\/p><\/div>\n\t\t\t\t<\/div>\n\t\t\t\t\t\t\t<div class=\"elementor-accordion-item\">\n\t\t\t\t\t<div id=\"elementor-tab-title-8044\" class=\"elementor-tab-title\" data-tab=\"4\" role=\"button\" aria-controls=\"elementor-tab-content-8044\" aria-expanded=\"false\">\n\t\t\t\t\t\t\t\t\t\t\t\t\t<span class=\"elementor-accordion-icon elementor-accordion-icon-left\" aria-hidden=\"true\">\n\t\t\t\t\t\t\t\t\t\t\t\t\t\t\t<span class=\"elementor-accordion-icon-closed\"><i class=\"fas fa-plus\"><\/i><\/span>\n\t\t\t\t\t\t\t\t<span class=\"elementor-accordion-icon-opened\"><i class=\"fas fa-minus\"><\/i><\/span>\n\t\t\t\t\t\t\t\t\t\t\t\t\t\t<\/span>\n\t\t\t\t\t\t\t\t\t\t\t\t<a class=\"elementor-accordion-title\" tabindex=\"0\">Dois-je r\u00e9server \u00e0 l\u2019avance ?<\/a>\n\t\t\t\t\t<\/div>\n\t\t\t\t\t<div id=\"elementor-tab-content-8044\" class=\"elementor-tab-content elementor-clearfix\" data-tab=\"4\" role=\"region\" aria-labelledby=\"elementor-tab-title-8044\"><p>Oui, nous recommandons de r\u00e9server \u00e0 l\u2019avance, surtout pendant les p\u00e9riodes de forte affluence \u00e0 Majorque.<\/p><\/div>\n\t\t\t\t<\/div>\n\t\t\t\t\t\t\t<div class=\"elementor-accordion-item\">\n\t\t\t\t\t<div id=\"elementor-tab-title-8045\" class=\"elementor-tab-title\" data-tab=\"5\" role=\"button\" aria-controls=\"elementor-tab-content-8045\" aria-expanded=\"false\">\n\t\t\t\t\t\t\t\t\t\t\t\t\t<span class=\"elementor-accordion-icon elementor-accordion-icon-left\" aria-hidden=\"true\">\n\t\t\t\t\t\t\t\t\t\t\t\t\t\t\t<span class=\"elementor-accordion-icon-closed\"><i class=\"fas fa-plus\"><\/i><\/span>\n\t\t\t\t\t\t\t\t<span class=\"elementor-accordion-icon-opened\"><i class=\"fas fa-minus\"><\/i><\/span>\n\t\t\t\t\t\t\t\t\t\t\t\t\t\t<\/span>\n\t\t\t\t\t\t\t\t\t\t\t\t<a class=\"elementor-accordion-title\" tabindex=\"0\">Le trotteur peut-il \u00eatre livr\u00e9 \u00e0 l\u2019a\u00e9roport ?<\/a>\n\t\t\t\t\t<\/div>\n\t\t\t\t\t<div id=\"elementor-tab-content-8045\" class=\"elementor-tab-content elementor-clearfix\" data-tab=\"5\" role=\"region\" aria-labelledby=\"elementor-tab-title-8045\"><p>Oui, la remise et le retour sont possibles \u00e0 l\u2019a\u00e9roport de Palma avec un service de 10 \u20ac.<\/p><\/div>\n\t\t\t\t<\/div>\n\t\t\t\t\t\t\t\t<\/div>\n\t\t\t\t<\/div>\n\t\t\t\t<\/div>\n\t\t\t\t<div class=\"elementor-element elementor-element-94ffa55 elementor-widget elementor-widget-heading\" data-id=\"94ffa55\" data-element_type=\"widget\" data-widget_type=\"heading.default\">\n\t\t\t\t<div class=\"elementor-widget-container\">\n\t\t\t<h2 class=\"elementor-heading-title elementor-size-default\">R\u00e9servation<\/h2>\t\t<\/div>\n\t\t\t\t<\/div>\n\t\t\t\t<div class=\"elementor-element elementor-element-cd27870 elementor-widget elementor-widget-text-editor\" data-id=\"cd27870\" data-element_type=\"widget\" data-widget_type=\"text-editor.default\">\n\t\t\t\t<div class=\"elementor-widget-container\">\n\t\t\t\t\t\t\t<p data-start=\"177\" data-end=\"287\">Vous pouvez r\u00e9server votre si\u00e8ge auto \u00e0 l\u2019avance afin de garantir sa disponibilit\u00e9 \u00e0 votre arriv\u00e9e \u00e0 Majorque.<\/p><p data-start=\"289\" data-end=\"374\">WhatsApp \u2013Formulaire de contact \u2013 r\u00e9servation en quelques minutes<\/p><p data-start=\"376\" data-end=\"572\">Notre \u00e9quipe confirme rapidement la disponibilit\u00e9 ainsi que les d\u00e9tails du point de rendez-vous.<br data-start=\"472\" data-end=\"475\" \/>Nous recommandons de r\u00e9server \u00e0 l\u2019avance, en particulier pendant les p\u00e9riodes de forte affluence.<\/p>\t\t\t\t\t\t<\/div>\n\t\t\t\t<\/div>\n\t\t\t\t\t<\/div>\n\t\t\t\t<\/div>\n\t\t\t\t<\/div>\n\t\t","protected":false},"excerpt":{"rendered":"<p>Louez un trotteur pour b\u00e9b\u00e9 \u00e0 Majorque et r\u00e9cup\u00e9rez-le directement \u00e0 l\u2019a\u00e9roport de Palma ou dans notre boutique \u00e0 Palma. Id\u00e9al pour les jeunes enfants qui commencent \u00e0 se d\u00e9placer, le trotteur permet \u00e0 b\u00e9b\u00e9 d\u2019explorer en toute s\u00e9curit\u00e9 pendant votre s\u00e9jour. Stable et facile \u00e0 utiliser, il est adapt\u00e9 aux int\u00e9rieurs d\u2019appartements et maisons [&hellip;]<\/p>\n","protected":false},"author":1,"featured_media":19118,"comment_status":"closed","ping_status":"open","sticky":false,"template":"","format":"image","meta":{"site-sidebar-layout":"default","site-content-layout":"","ast-site-content-layout":"default","site-content-style":"default","site-sidebar-style":"default","ast-global-header-display":"","ast-banner-title-visibility":"","ast-main-header-display":"","ast-hfb-above-header-display":"","ast-hfb-below-header-display":"","ast-hfb-mobile-header-display":"","site-post-title":"","ast-breadcrumbs-content":"","ast-featured-img":"","footer-sml-layout":"","ast-disable-related-posts":"","theme-transparent-header-meta":"","adv-header-id-meta":"","stick-header-meta":"","header-above-stick-meta":"","header-main-stick-meta":"","header-below-stick-meta":"","astra-migrate-meta-layouts":"default","ast-page-background-enabled":"default","ast-page-background-meta":{"desktop":{"background-color":"var(--ast-global-color-4)","background-image":"","background-repeat":"repeat","background-position":"center center","background-size":"auto","background-attachment":"scroll","background-type":"","background-media":"","overlay-type":"","overlay-color":"","overlay-opacity":"","overlay-gradient":""},"tablet":{"background-color":"","background-image":"","background-repeat":"repeat","background-position":"center center","background-size":"auto","background-attachment":"scroll","background-type":"","background-media":"","overlay-type":"","overlay-color":"","overlay-opacity":"","overlay-gradient":""},"mobile":{"background-color":"","background-image":"","background-repeat":"repeat","background-position":"center center","background-size":"auto","background-attachment":"scroll","background-type":"","background-media":"","overlay-type":"","overlay-color":"","overlay-opacity":"","overlay-gradient":""}},"ast-content-background-meta":{"desktop":{"background-color":"var(--ast-global-color-5)","background-image":"","background-repeat":"repeat","background-position":"center center","background-size":"auto","background-attachment":"scroll","background-type":"","background-media":"","overlay-type":"","overlay-color":"","overlay-opacity":"","overlay-gradient":""},"tablet":{"background-color":"var(--ast-global-color-5)","background-image":"","background-repeat":"repeat","background-position":"center center","background-size":"auto","background-attachment":"scroll","background-type":"","background-media":"","overlay-type":"","overlay-color":"","overlay-opacity":"","overlay-gradient":""},"mobile":{"background-color":"var(--ast-global-color-5)","background-image":"","background-repeat":"repeat","background-position":"center center","background-size":"auto","background-attachment":"scroll","background-type":"","background-media":"","overlay-type":"","overlay-color":"","overlay-opacity":"","overlay-gradient":""}},"footnotes":""},"categories":[638,1151],"tags":[],"class_list":["post-19369","post","type-post","status-publish","format-image","has-post-thumbnail","hentry","category-articulos-para-ninos-y-bebes","category-articles-pour-enfants-et-bebes","post_format-post-format-image"],"_links":{"self":[{"href":"https:\/\/rentexpressmallorca.com\/fr\/wp-json\/wp\/v2\/posts\/19369","targetHints":{"allow":["GET"]}}],"collection":[{"href":"https:\/\/rentexpressmallorca.com\/fr\/wp-json\/wp\/v2\/posts"}],"about":[{"href":"https:\/\/rentexpressmallorca.com\/fr\/wp-json\/wp\/v2\/types\/post"}],"author":[{"embeddable":true,"href":"https:\/\/rentexpressmallorca.com\/fr\/wp-json\/wp\/v2\/users\/1"}],"replies":[{"embeddable":true,"href":"https:\/\/rentexpressmallorca.com\/fr\/wp-json\/wp\/v2\/comments?post=19369"}],"version-history":[{"count":33,"href":"https:\/\/rentexpressmallorca.com\/fr\/wp-json\/wp\/v2\/posts\/19369\/revisions"}],"predecessor-version":[{"id":36015,"href":"https:\/\/rentexpressmallorca.com\/fr\/wp-json\/wp\/v2\/posts\/19369\/revisions\/36015"}],"wp:featuredmedia":[{"embeddable":true,"href":"https:\/\/rentexpressmallorca.com\/fr\/wp-json\/wp\/v2\/media\/19118"}],"wp:attachment":[{"href":"https:\/\/rentexpressmallorca.com\/fr\/wp-json\/wp\/v2\/media?parent=19369"}],"wp:term":[{"taxonomy":"category","embeddable":true,"href":"https:\/\/rentexpressmallorca.com\/fr\/wp-json\/wp\/v2\/categories?post=19369"},{"taxonomy":"post_tag","embeddable":true,"href":"https:\/\/rentexpressmallorca.com\/fr\/wp-json\/wp\/v2\/tags?post=19369"}],"curies":[{"name":"wp","href":"https:\/\/api.w.org\/{rel}","templated":true}]}}