{"id":19378,"date":"2015-03-01T19:33:01","date_gmt":"2015-03-01T18:33:01","guid":{"rendered":"https:\/\/rentexpressmallorca.com\/silla-para-baneras\/"},"modified":"2026-01-27T16:46:28","modified_gmt":"2026-01-27T15:46:28","slug":"location-a-chaises-bain-pivotante","status":"publish","type":"post","link":"https:\/\/rentexpressmallorca.com\/fr\/location-a-chaises-bain-pivotante\/","title":{"rendered":"Location chaise de bains Majorque"},"content":{"rendered":"\t\t<div data-elementor-type=\"wp-post\" data-elementor-id=\"19378\" class=\"elementor elementor-19378 elementor-18222\" data-elementor-post-type=\"post\">\n\t\t\t\t<div class=\"elementor-element elementor-element-21f59a42 e-flex e-con-boxed e-con e-parent\" data-id=\"21f59a42\" data-element_type=\"container\" data-settings=\"{&quot;content_width&quot;:&quot;boxed&quot;}\" data-core-v316-plus=\"true\">\n\t\t\t\t\t<div class=\"e-con-inner\">\n\t\t\t\t<div class=\"elementor-element elementor-element-1cca4f35 elementor-widget elementor-widget-text-editor\" data-id=\"1cca4f35\" data-element_type=\"widget\" data-widget_type=\"text-editor.default\">\n\t\t\t\t<div class=\"elementor-widget-container\">\n\t\t\t<style>\/*! elementor - v3.19.0 - 05-02-2024 *\/\n.elementor-widget-text-editor.elementor-drop-cap-view-stacked .elementor-drop-cap{background-color:#69727d;color:#fff}.elementor-widget-text-editor.elementor-drop-cap-view-framed .elementor-drop-cap{color:#69727d;border:3px solid;background-color:transparent}.elementor-widget-text-editor:not(.elementor-drop-cap-view-default) .elementor-drop-cap{margin-top:8px}.elementor-widget-text-editor:not(.elementor-drop-cap-view-default) .elementor-drop-cap-letter{width:1em;height:1em}.elementor-widget-text-editor .elementor-drop-cap{float:left;text-align:center;line-height:1;font-size:50px}.elementor-widget-text-editor .elementor-drop-cap-letter{display:inline-block}<\/style>\t\t\t\t<p><strong style=\"font-family: Poppins; font-size: 2.1em; letter-spacing: 0px;\">Chaise de baignoire <\/strong><\/p><p>Chaise pour baignoire r\u00e9alis\u00e9e avec un syst\u00e8me rotatif pour faciliter l&rsquo;entr\u00e9e et la sortie pendant le bain, tr\u00e8s facile \u00e0 installer. Tant \u00e0 la location qu&rsquo;\u00e0 la vente de chaises pivotantes pour baignoires. Ils facilitent l&rsquo;entr\u00e9e et la sortie dans la baignoire tr\u00e8s facilement pour les personnes \u00e0 mobilit\u00e9 r\u00e9duite.<\/p><h3><strong> Tarifs de location<\/strong><\/h3><ul><li>1 semaine &#8230;.25 \u20ac<\/li><li>2 semaines..40 \u20ac<\/li><li>1 mois &#8230;&#8230;&#8230;.75 \u20ac<\/li><li>D\u00e9p\u00f4t &#8230;&#8230;&#8230;.50 \u20ac<\/li><\/ul><h3>O\u00f9 sommes-nous<\/h3><p><a href=\"https:\/\/www.google.es\/maps\/place\/Rent+Express+Mallorca+(plaza+de+espa%C3%B1a)\/@39.5779607,2.652169,15z\/data=!4m5!3m4!1s0x0:0x489fb8c2a75faff2!8m2!3d39.5779607!4d2.652169\" target=\"_blank\" rel=\"noopener\">Carrer 31 del desembre 3, 07003 Palma de Mallorca<\/a><\/p><h3>Contacter<\/h3><ul><li>t\u00e9l\u00e9phone: +34 697402352 whatsapp<\/li><li>e-mail: ade-elevation@gmail.com<\/li><\/ul><h3>Caract\u00e9ristiques<\/h3><ul><li>Pieds avec embouts antid\u00e9rapants.<\/li><li>Cadre en aluminium l\u00e9ger.<\/li><li>La chaise pivote \u00e0 360\u00ba et dispose de 4 positions de verrouillage.<\/li><li>Grande stabilit\u00e9.<\/li><li>Accoudoir amovible.<\/li><li>Dimensions : 70,5 x 51,6 x 53 cm.<\/li><li>Poids maximum : 109 kg.<\/li><\/ul><h3>Avantage<\/h3><p>L&rsquo;assise et le dossier sont dot\u00e9s de trous de drainage, garantissant ainsi que l&rsquo;eau ne reste pas stagnante et reste toujours propre.<\/p><h3>Des horaires<\/h3><p>Du lundi au vendredi de 9h30 \u00e0 19h<\/p><p>Le samedi de 10h \u00e0 13h<\/p><h3>\u00bfQue faisons nous?<\/h3><p>Nous proposons divers produits orthop\u00e9diques tels que des fauteuils roulants, des scooters \u00e9lectriques, des fauteuils roulants \u00e9lectriques, des d\u00e9ambulateurs, des lits articul\u00e9s et d&rsquo;autres produits aussi bien en vente de premi\u00e8re ou d&rsquo;occasion qu&rsquo;en location avec livraison \u00e0 domicile.<\/p>\t\t\t\t\t\t<\/div>\n\t\t\t\t<\/div>\n\t\t\t\t\t<\/div>\n\t\t\t\t<\/div>\n\t\t\t\t<\/div>\n\t\t","protected":false},"excerpt":{"rendered":"<p>Chaise de baignoire Chaise pour baignoire r\u00e9alis\u00e9e avec un syst\u00e8me rotatif pour faciliter l&rsquo;entr\u00e9e et la sortie pendant le bain, tr\u00e8s facile \u00e0 installer. Tant \u00e0 la location qu&rsquo;\u00e0 la vente de chaises pivotantes pour baignoires. Ils facilitent l&rsquo;entr\u00e9e et la sortie dans la baignoire tr\u00e8s facilement pour les personnes \u00e0 mobilit\u00e9 r\u00e9duite. Tarifs de [&hellip;]<\/p>\n","protected":false},"author":1,"featured_media":25904,"comment_status":"closed","ping_status":"open","sticky":false,"template":"","format":"image","meta":{"site-sidebar-layout":"default","site-content-layout":"","ast-site-content-layout":"default","site-content-style":"default","site-sidebar-style":"default","ast-global-header-display":"","ast-banner-title-visibility":"","ast-main-header-display":"","ast-hfb-above-header-display":"","ast-hfb-below-header-display":"","ast-hfb-mobile-header-display":"","site-post-title":"","ast-breadcrumbs-content":"","ast-featured-img":"","footer-sml-layout":"","ast-disable-related-posts":"","theme-transparent-header-meta":"","adv-header-id-meta":"","stick-header-meta":"","header-above-stick-meta":"","header-main-stick-meta":"","header-below-stick-meta":"","astra-migrate-meta-layouts":"default","ast-page-background-enabled":"default","ast-page-background-meta":{"desktop":{"background-color":"var(--ast-global-color-4)","background-image":"","background-repeat":"repeat","background-position":"center center","background-size":"auto","background-attachment":"scroll","background-type":"","background-media":"","overlay-type":"","overlay-color":"","overlay-opacity":"","overlay-gradient":""},"tablet":{"background-color":"","background-image":"","background-repeat":"repeat","background-position":"center center","background-size":"auto","background-attachment":"scroll","background-type":"","background-media":"","overlay-type":"","overlay-color":"","overlay-opacity":"","overlay-gradient":""},"mobile":{"background-color":"","background-image":"","background-repeat":"repeat","background-position":"center center","background-size":"auto","background-attachment":"scroll","background-type":"","background-media":"","overlay-type":"","overlay-color":"","overlay-opacity":"","overlay-gradient":""}},"ast-content-background-meta":{"desktop":{"background-color":"var(--ast-global-color-5)","background-image":"","background-repeat":"repeat","background-position":"center center","background-size":"auto","background-attachment":"scroll","background-type":"","background-media":"","overlay-type":"","overlay-color":"","overlay-opacity":"","overlay-gradient":""},"tablet":{"background-color":"var(--ast-global-color-5)","background-image":"","background-repeat":"repeat","background-position":"center center","background-size":"auto","background-attachment":"scroll","background-type":"","background-media":"","overlay-type":"","overlay-color":"","overlay-opacity":"","overlay-gradient":""},"mobile":{"background-color":"var(--ast-global-color-5)","background-image":"","background-repeat":"repeat","background-position":"center center","background-size":"auto","background-attachment":"scroll","background-type":"","background-media":"","overlay-type":"","overlay-color":"","overlay-opacity":"","overlay-gradient":""}},"footnotes":""},"categories":[703],"tags":[1311,1312,1313],"class_list":["post-19378","post","type-post","status-publish","format-image","has-post-thumbnail","hentry","category-location-orthopedique","tag-silla-de-banera-fr","tag-silla-giratoria-para-la-banera-fr","tag-silla-para-el-bano-fr","post_format-post-format-image"],"_links":{"self":[{"href":"https:\/\/rentexpressmallorca.com\/fr\/wp-json\/wp\/v2\/posts\/19378","targetHints":{"allow":["GET"]}}],"collection":[{"href":"https:\/\/rentexpressmallorca.com\/fr\/wp-json\/wp\/v2\/posts"}],"about":[{"href":"https:\/\/rentexpressmallorca.com\/fr\/wp-json\/wp\/v2\/types\/post"}],"author":[{"embeddable":true,"href":"https:\/\/rentexpressmallorca.com\/fr\/wp-json\/wp\/v2\/users\/1"}],"replies":[{"embeddable":true,"href":"https:\/\/rentexpressmallorca.com\/fr\/wp-json\/wp\/v2\/comments?post=19378"}],"version-history":[{"count":6,"href":"https:\/\/rentexpressmallorca.com\/fr\/wp-json\/wp\/v2\/posts\/19378\/revisions"}],"predecessor-version":[{"id":28248,"href":"https:\/\/rentexpressmallorca.com\/fr\/wp-json\/wp\/v2\/posts\/19378\/revisions\/28248"}],"wp:featuredmedia":[{"embeddable":true,"href":"https:\/\/rentexpressmallorca.com\/fr\/wp-json\/wp\/v2\/media\/25904"}],"wp:attachment":[{"href":"https:\/\/rentexpressmallorca.com\/fr\/wp-json\/wp\/v2\/media?parent=19378"}],"wp:term":[{"taxonomy":"category","embeddable":true,"href":"https:\/\/rentexpressmallorca.com\/fr\/wp-json\/wp\/v2\/categories?post=19378"},{"taxonomy":"post_tag","embeddable":true,"href":"https:\/\/rentexpressmallorca.com\/fr\/wp-json\/wp\/v2\/tags?post=19378"}],"curies":[{"name":"wp","href":"https:\/\/api.w.org\/{rel}","templated":true}]}}