{"id":19381,"date":"2021-03-01T19:31:20","date_gmt":"2021-03-01T18:31:20","guid":{"rendered":"https:\/\/rentexpressmallorca.com\/alquiler-sillas-de-duchas\/"},"modified":"2026-02-28T15:31:07","modified_gmt":"2026-02-28T14:31:07","slug":"location-siege-de-bain","status":"publish","type":"post","link":"https:\/\/rentexpressmallorca.com\/fr\/location-siege-de-bain\/","title":{"rendered":"Location si\u00e8ge de bain"},"content":{"rendered":"\t\t<div data-elementor-type=\"wp-post\" data-elementor-id=\"19381\" class=\"elementor elementor-19381 elementor-18224\" data-elementor-post-type=\"post\">\n\t\t\t\t<div class=\"elementor-element elementor-element-14eef8aa e-flex e-con-boxed e-con e-parent\" data-id=\"14eef8aa\" data-element_type=\"container\" data-settings=\"{&quot;content_width&quot;:&quot;boxed&quot;}\" data-core-v316-plus=\"true\">\n\t\t\t\t\t<div class=\"e-con-inner\">\n\t\t\t\t<div class=\"elementor-element elementor-element-711027bf elementor-widget elementor-widget-text-editor\" data-id=\"711027bf\" data-element_type=\"widget\" data-widget_type=\"text-editor.default\">\n\t\t\t\t<div class=\"elementor-widget-container\">\n\t\t\t<style>\/*! elementor - v3.19.0 - 05-02-2024 *\/\n.elementor-widget-text-editor.elementor-drop-cap-view-stacked .elementor-drop-cap{background-color:#69727d;color:#fff}.elementor-widget-text-editor.elementor-drop-cap-view-framed .elementor-drop-cap{color:#69727d;border:3px solid;background-color:transparent}.elementor-widget-text-editor:not(.elementor-drop-cap-view-default) .elementor-drop-cap{margin-top:8px}.elementor-widget-text-editor:not(.elementor-drop-cap-view-default) .elementor-drop-cap-letter{width:1em;height:1em}.elementor-widget-text-editor .elementor-drop-cap{float:left;text-align:center;line-height:1;font-size:50px}.elementor-widget-text-editor .elementor-drop-cap-letter{display:inline-block}<\/style>\t\t\t\t<p>Aides au bain et \u00e0 la douche<\/p><p>chaises de douche \u00e0 Palma de Majorque \u00e0 louer ou \u00e0 acheter. La chaise est exclusivement con\u00e7ue pour s&rsquo;asseoir pendant la douche. Tout d&rsquo;abord, il est s\u00e9curitaire car il dispose de plots antid\u00e9rapants, r\u00e9glables en hauteur pour l&rsquo;adapter \u00e0 la taille de l&rsquo;utilisateur. Il dispose d&rsquo;un dossier bien qu&rsquo;il puisse \u00e9galement \u00eatre retir\u00e9 en fonction du confort de l&rsquo;utilisateur. Diff\u00e9rents mod\u00e8les disponibles avec roulettes, toilettes. Selon le besoin de l&rsquo;utilisateur.<\/p><h3>Location de chaise de douche<\/h3><ul><li>1 semaine: 20 \u20ac<\/li><li>2 semaines: 36 \u20ac<\/li><li>1 mois: 70 \u20ac<\/li><li>D\u00e9p\u00f4t: 50\u20ac<\/li><\/ul><h3>Contactez-nous<\/h3><ul><li>T\u00e9l\u00e9phone: +34 651723263<\/li><li>T\u00e9l\u00e9phone: +34 697402352<\/li><li>Nous utilisons WhatsApp<\/li><li>e-mail: ade.elevation@gmail.com<\/li><\/ul><h3>Magasin du centre de Palma<\/h3><ul><li><a href=\"https:\/\/www.google.com\/maps\/place\/Carrer+del+31+de+Desembre,+3,+07003+Palma,+Illes+Balears\/@39.5779985,2.6523,3a,75y,263.14h,90t\/data=!3m6!1e1!3m4!1syVVIpF7J7p_sV54VNxggRA!2e0!7i16384!8i8192!4m5!3m4!1s0x129792565ece7653:0x3ed790f198c501f5!8m2!3d39.5779607!4d2.652169\" target=\"_blank\" rel=\"noopener\">Calle 31 de diciembre n\u00ba 3,Palma de mallorca<\/a><\/li><\/ul><h3>Caract\u00e9ristiques techniques de la chaise de douche<\/h3><ul><li>Capacit\u00e9 de charge maximale de 120 kg<\/li><li>Profondeur du socle : 57-58 cm.<\/li><li>Hauteur totale : 80-90 cm<\/li><li>Dimensions assise : 40 x 40 cm.<\/li><li>Hauteur d&rsquo;assise : 45,5 cm. \u2013 55,5 cm.<\/li><\/ul><h3>Grande vari\u00e9t\u00e9 d&rsquo;articles pour la douche et le bain<\/h3><p>Rent Express Majorque, nous disposons d&rsquo;une grande vari\u00e9t\u00e9 de produits, \u00e0 la location et \u00e0 la vente, notamment des chaises de douche avec ou sans roulettes, des si\u00e8ges pivotants pour la baignoire et des \u00e9l\u00e9vateurs de toilettes.<\/p>\t\t\t\t\t\t<\/div>\n\t\t\t\t<\/div>\n\t\t\t\t\t<\/div>\n\t\t\t\t<\/div>\n\t\t\t\t<\/div>\n\t\t","protected":false},"excerpt":{"rendered":"<p>Aides au bain et \u00e0 la douche chaises de douche \u00e0 Palma de Majorque \u00e0 louer ou \u00e0 acheter. La chaise est exclusivement con\u00e7ue pour s&rsquo;asseoir pendant la douche. Tout d&rsquo;abord, il est s\u00e9curitaire car il dispose de plots antid\u00e9rapants, r\u00e9glables en hauteur pour l&rsquo;adapter \u00e0 la taille de l&rsquo;utilisateur. Il dispose d&rsquo;un dossier bien [&hellip;]<\/p>\n","protected":false},"author":1,"featured_media":19175,"comment_status":"closed","ping_status":"open","sticky":false,"template":"","format":"gallery","meta":{"site-sidebar-layout":"default","site-content-layout":"","ast-site-content-layout":"default","site-content-style":"default","site-sidebar-style":"default","ast-global-header-display":"","ast-banner-title-visibility":"","ast-main-header-display":"","ast-hfb-above-header-display":"","ast-hfb-below-header-display":"","ast-hfb-mobile-header-display":"","site-post-title":"","ast-breadcrumbs-content":"","ast-featured-img":"","footer-sml-layout":"","ast-disable-related-posts":"","theme-transparent-header-meta":"","adv-header-id-meta":"","stick-header-meta":"","header-above-stick-meta":"","header-main-stick-meta":"","header-below-stick-meta":"","astra-migrate-meta-layouts":"default","ast-page-background-enabled":"default","ast-page-background-meta":{"desktop":{"background-color":"var(--ast-global-color-4)","background-image":"","background-repeat":"repeat","background-position":"center center","background-size":"auto","background-attachment":"scroll","background-type":"","background-media":"","overlay-type":"","overlay-color":"","overlay-opacity":"","overlay-gradient":""},"tablet":{"background-color":"","background-image":"","background-repeat":"repeat","background-position":"center center","background-size":"auto","background-attachment":"scroll","background-type":"","background-media":"","overlay-type":"","overlay-color":"","overlay-opacity":"","overlay-gradient":""},"mobile":{"background-color":"","background-image":"","background-repeat":"repeat","background-position":"center center","background-size":"auto","background-attachment":"scroll","background-type":"","background-media":"","overlay-type":"","overlay-color":"","overlay-opacity":"","overlay-gradient":""}},"ast-content-background-meta":{"desktop":{"background-color":"var(--ast-global-color-5)","background-image":"","background-repeat":"repeat","background-position":"center center","background-size":"auto","background-attachment":"scroll","background-type":"","background-media":"","overlay-type":"","overlay-color":"","overlay-opacity":"","overlay-gradient":""},"tablet":{"background-color":"var(--ast-global-color-5)","background-image":"","background-repeat":"repeat","background-position":"center center","background-size":"auto","background-attachment":"scroll","background-type":"","background-media":"","overlay-type":"","overlay-color":"","overlay-opacity":"","overlay-gradient":""},"mobile":{"background-color":"var(--ast-global-color-5)","background-image":"","background-repeat":"repeat","background-position":"center center","background-size":"auto","background-attachment":"scroll","background-type":"","background-media":"","overlay-type":"","overlay-color":"","overlay-opacity":"","overlay-gradient":""}},"footnotes":""},"categories":[703],"tags":[1321,1322,1323,1324],"class_list":["post-19381","post","type-post","status-publish","format-gallery","has-post-thumbnail","hentry","category-location-orthopedique","tag-alquilar-una-silla-de-ducha-fr","tag-alquilar-una-silla-de-ducha-en-palma-fr","tag-alquiler-de-silla-de-ducha-en-mallorca-fr","tag-sillas-de-duchas-fr","post_format-post-format-gallery"],"_links":{"self":[{"href":"https:\/\/rentexpressmallorca.com\/fr\/wp-json\/wp\/v2\/posts\/19381","targetHints":{"allow":["GET"]}}],"collection":[{"href":"https:\/\/rentexpressmallorca.com\/fr\/wp-json\/wp\/v2\/posts"}],"about":[{"href":"https:\/\/rentexpressmallorca.com\/fr\/wp-json\/wp\/v2\/types\/post"}],"author":[{"embeddable":true,"href":"https:\/\/rentexpressmallorca.com\/fr\/wp-json\/wp\/v2\/users\/1"}],"replies":[{"embeddable":true,"href":"https:\/\/rentexpressmallorca.com\/fr\/wp-json\/wp\/v2\/comments?post=19381"}],"version-history":[{"count":7,"href":"https:\/\/rentexpressmallorca.com\/fr\/wp-json\/wp\/v2\/posts\/19381\/revisions"}],"predecessor-version":[{"id":35830,"href":"https:\/\/rentexpressmallorca.com\/fr\/wp-json\/wp\/v2\/posts\/19381\/revisions\/35830"}],"wp:featuredmedia":[{"embeddable":true,"href":"https:\/\/rentexpressmallorca.com\/fr\/wp-json\/wp\/v2\/media\/19175"}],"wp:attachment":[{"href":"https:\/\/rentexpressmallorca.com\/fr\/wp-json\/wp\/v2\/media?parent=19381"}],"wp:term":[{"taxonomy":"category","embeddable":true,"href":"https:\/\/rentexpressmallorca.com\/fr\/wp-json\/wp\/v2\/categories?post=19381"},{"taxonomy":"post_tag","embeddable":true,"href":"https:\/\/rentexpressmallorca.com\/fr\/wp-json\/wp\/v2\/tags?post=19381"}],"curies":[{"name":"wp","href":"https:\/\/api.w.org\/{rel}","templated":true}]}}