{"id":19384,"date":"2015-03-01T19:30:01","date_gmt":"2015-03-01T18:30:01","guid":{"rendered":"https:\/\/rentexpressmallorca.com\/alquiler-un-elevador-de-inodoro\/"},"modified":"2026-01-27T16:46:55","modified_gmt":"2026-01-27T15:46:55","slug":"location-rehausse-w-c-a-majorque","status":"publish","type":"post","link":"https:\/\/rentexpressmallorca.com\/fr\/location-rehausse-w-c-a-majorque\/","title":{"rendered":"Location r\u00e9hausseur de toilettes"},"content":{"rendered":"\t\t<div data-elementor-type=\"wp-post\" data-elementor-id=\"19384\" class=\"elementor elementor-19384 elementor-18227\" data-elementor-post-type=\"post\">\n\t\t\t\t<div class=\"elementor-element elementor-element-214d9373 e-flex e-con-boxed e-con e-parent\" data-id=\"214d9373\" data-element_type=\"container\" data-settings=\"{&quot;content_width&quot;:&quot;boxed&quot;}\" data-core-v316-plus=\"true\">\n\t\t\t\t\t<div class=\"e-con-inner\">\n\t\t\t\t<div class=\"elementor-element elementor-element-2767f768 elementor-widget elementor-widget-text-editor\" data-id=\"2767f768\" data-element_type=\"widget\" data-widget_type=\"text-editor.default\">\n\t\t\t\t<div class=\"elementor-widget-container\">\n\t\t\t<style>\/*! elementor - v3.19.0 - 05-02-2024 *\/\n.elementor-widget-text-editor.elementor-drop-cap-view-stacked .elementor-drop-cap{background-color:#69727d;color:#fff}.elementor-widget-text-editor.elementor-drop-cap-view-framed .elementor-drop-cap{color:#69727d;border:3px solid;background-color:transparent}.elementor-widget-text-editor:not(.elementor-drop-cap-view-default) .elementor-drop-cap{margin-top:8px}.elementor-widget-text-editor:not(.elementor-drop-cap-view-default) .elementor-drop-cap-letter{width:1em;height:1em}.elementor-widget-text-editor .elementor-drop-cap{float:left;text-align:center;line-height:1;font-size:50px}.elementor-widget-text-editor .elementor-drop-cap-letter{display:inline-block}<\/style>\t\t\t\t<p>Ascenseur de toilettes<br \/>Certains h\u00f4tels ou r\u00e9sidences ne disposent pas ou ne sont pas adapt\u00e9s pour disposer de toilettes avec ascenseur pour les personnes dans le besoin. Nous louons un ascenseur id\u00e9al et facile \u00e0 installer pour les personnes \u00e0 mobilit\u00e9 r\u00e9duite. La location d&rsquo;un \u00e9l\u00e9vateur de toilettes facilitera votre s\u00e9jour \u00e0 Majorque.<\/p><h2>Louer Ascenseur de toilettes<\/h2><p>1 semaine: 20 \u20ac<br \/>2 semaines: 35 \u20ac<br \/>1 mois: 50 \u20ac<\/p><h2>Contactez-nous<\/h2><p>+34 651723263<\/p><p>e-mail; ade.elevation@gmail.com<\/p><h2>O\u00f9 sommes-nous<\/h2><p><a href=\"https:\/\/www.google.es\/maps\/place\/Carrer+del+31+de+Desembre,+3,+07003+Palma,+Illes+Balears\/@39.5779607,2.6499803,17z\/data=!3m1!4b1!4m5!3m4!1s0x129792565ece7653:0x3ed790f198c501f5!8m2!3d39.5779607!4d2.652169\" target=\"_blank\" rel=\"noopener\">Calle 31 de diciembre, 3 07007 Palma de Mallorca<\/a><\/p><h2>Que faisons nous<\/h2><p>Nous sommes une entreprise sp\u00e9cialis\u00e9e dans la location et la vente de produits orthop\u00e9diques n\u00e9cessaires au quotidien des personnes \u00e0 mobilit\u00e9 r\u00e9duite. Nous louons des lits d&rsquo;hospitalisation, des d\u00e9ambulateurs, des d\u00e9ambulateurs, des fauteuils roulants, des scooters \u00e9lectriques et bien d&rsquo;autres articles pour les aides aux toilettes et \u00e0 la mobilit\u00e9.<\/p><h2>Louer un \u00e9l\u00e9vateur de toilettes<\/h2><p>C&rsquo;est la meilleure option lorsque vous louez une maison pour un court s\u00e9jour \u00e0 Majorque et elle n&rsquo;est pas adapt\u00e9e aux personnes handicap\u00e9es. Vous pouvez \u00e9galement acheter une grande vari\u00e9t\u00e9 d&rsquo;articles de salle de bain ou d&rsquo;aide \u00e0 la mobilit\u00e9 disponibles au meilleur prix.<\/p>\t\t\t\t\t\t<\/div>\n\t\t\t\t<\/div>\n\t\t\t\t\t<\/div>\n\t\t\t\t<\/div>\n\t\t\t\t<\/div>\n\t\t","protected":false},"excerpt":{"rendered":"<p>Ascenseur de toilettes Certains h\u00f4tels ou r\u00e9sidences ne disposent pas ou ne sont pas adapt\u00e9s pour disposer de toilettes avec ascenseur pour les personnes dans le besoin. Nous louons un ascenseur id\u00e9al et facile \u00e0 installer pour les personnes \u00e0 mobilit\u00e9 r\u00e9duite. La location d&rsquo;un \u00e9l\u00e9vateur de toilettes facilitera votre s\u00e9jour \u00e0 Majorque. Louer Ascenseur [&hellip;]<\/p>\n","protected":false},"author":1,"featured_media":19181,"comment_status":"closed","ping_status":"open","sticky":false,"template":"","format":"image","meta":{"site-sidebar-layout":"default","site-content-layout":"","ast-site-content-layout":"default","site-content-style":"default","site-sidebar-style":"default","ast-global-header-display":"","ast-banner-title-visibility":"","ast-main-header-display":"","ast-hfb-above-header-display":"","ast-hfb-below-header-display":"","ast-hfb-mobile-header-display":"","site-post-title":"","ast-breadcrumbs-content":"","ast-featured-img":"","footer-sml-layout":"","ast-disable-related-posts":"","theme-transparent-header-meta":"","adv-header-id-meta":"","stick-header-meta":"","header-above-stick-meta":"","header-main-stick-meta":"","header-below-stick-meta":"","astra-migrate-meta-layouts":"default","ast-page-background-enabled":"default","ast-page-background-meta":{"desktop":{"background-color":"var(--ast-global-color-4)","background-image":"","background-repeat":"repeat","background-position":"center center","background-size":"auto","background-attachment":"scroll","background-type":"","background-media":"","overlay-type":"","overlay-color":"","overlay-opacity":"","overlay-gradient":""},"tablet":{"background-color":"","background-image":"","background-repeat":"repeat","background-position":"center center","background-size":"auto","background-attachment":"scroll","background-type":"","background-media":"","overlay-type":"","overlay-color":"","overlay-opacity":"","overlay-gradient":""},"mobile":{"background-color":"","background-image":"","background-repeat":"repeat","background-position":"center center","background-size":"auto","background-attachment":"scroll","background-type":"","background-media":"","overlay-type":"","overlay-color":"","overlay-opacity":"","overlay-gradient":""}},"ast-content-background-meta":{"desktop":{"background-color":"var(--ast-global-color-5)","background-image":"","background-repeat":"repeat","background-position":"center center","background-size":"auto","background-attachment":"scroll","background-type":"","background-media":"","overlay-type":"","overlay-color":"","overlay-opacity":"","overlay-gradient":""},"tablet":{"background-color":"var(--ast-global-color-5)","background-image":"","background-repeat":"repeat","background-position":"center center","background-size":"auto","background-attachment":"scroll","background-type":"","background-media":"","overlay-type":"","overlay-color":"","overlay-opacity":"","overlay-gradient":""},"mobile":{"background-color":"var(--ast-global-color-5)","background-image":"","background-repeat":"repeat","background-position":"center center","background-size":"auto","background-attachment":"scroll","background-type":"","background-media":"","overlay-type":"","overlay-color":"","overlay-opacity":"","overlay-gradient":""}},"footnotes":""},"categories":[703],"tags":[1334,1335,1336,1337,1338],"class_list":["post-19384","post","type-post","status-publish","format-image","has-post-thumbnail","hentry","category-location-orthopedique","tag-alquilar-un-elevador-de-inodoro-fr","tag-alquiler-de-elevador-de-wc-fr","tag-alquiler-de-elevador-para-water-fr","tag-comprar-un-elevador-de-inodoro-fr","tag-comprar-un-elevador-para-el-water-fr","post_format-post-format-image"],"_links":{"self":[{"href":"https:\/\/rentexpressmallorca.com\/fr\/wp-json\/wp\/v2\/posts\/19384","targetHints":{"allow":["GET"]}}],"collection":[{"href":"https:\/\/rentexpressmallorca.com\/fr\/wp-json\/wp\/v2\/posts"}],"about":[{"href":"https:\/\/rentexpressmallorca.com\/fr\/wp-json\/wp\/v2\/types\/post"}],"author":[{"embeddable":true,"href":"https:\/\/rentexpressmallorca.com\/fr\/wp-json\/wp\/v2\/users\/1"}],"replies":[{"embeddable":true,"href":"https:\/\/rentexpressmallorca.com\/fr\/wp-json\/wp\/v2\/comments?post=19384"}],"version-history":[{"count":6,"href":"https:\/\/rentexpressmallorca.com\/fr\/wp-json\/wp\/v2\/posts\/19384\/revisions"}],"predecessor-version":[{"id":28249,"href":"https:\/\/rentexpressmallorca.com\/fr\/wp-json\/wp\/v2\/posts\/19384\/revisions\/28249"}],"wp:featuredmedia":[{"embeddable":true,"href":"https:\/\/rentexpressmallorca.com\/fr\/wp-json\/wp\/v2\/media\/19181"}],"wp:attachment":[{"href":"https:\/\/rentexpressmallorca.com\/fr\/wp-json\/wp\/v2\/media?parent=19384"}],"wp:term":[{"taxonomy":"category","embeddable":true,"href":"https:\/\/rentexpressmallorca.com\/fr\/wp-json\/wp\/v2\/categories?post=19384"},{"taxonomy":"post_tag","embeddable":true,"href":"https:\/\/rentexpressmallorca.com\/fr\/wp-json\/wp\/v2\/tags?post=19384"}],"curies":[{"name":"wp","href":"https:\/\/api.w.org\/{rel}","templated":true}]}}