{"id":19387,"date":"2020-03-01T19:28:27","date_gmt":"2020-03-01T18:28:27","guid":{"rendered":"https:\/\/rentexpressmallorca.com\/alquiler-de-grua-para-personas\/"},"modified":"2026-02-28T15:31:29","modified_gmt":"2026-02-28T14:31:29","slug":"location-a-grue-leve-personne-a-majorque","status":"publish","type":"post","link":"https:\/\/rentexpressmallorca.com\/fr\/location-a-grue-leve-personne-a-majorque\/","title":{"rendered":"L\u00e9ve personne"},"content":{"rendered":"\t\t<div data-elementor-type=\"wp-post\" data-elementor-id=\"19387\" class=\"elementor elementor-19387 elementor-18229\" data-elementor-post-type=\"post\">\n\t\t\t\t<div class=\"elementor-element elementor-element-400ed3a1 e-flex e-con-boxed e-con e-parent\" data-id=\"400ed3a1\" data-element_type=\"container\" data-settings=\"{&quot;content_width&quot;:&quot;boxed&quot;}\" data-core-v316-plus=\"true\">\n\t\t\t\t\t<div class=\"e-con-inner\">\n\t\t\t\t<div class=\"elementor-element elementor-element-2ddb8971 elementor-widget elementor-widget-text-editor\" data-id=\"2ddb8971\" data-element_type=\"widget\" data-widget_type=\"text-editor.default\">\n\t\t\t\t<div class=\"elementor-widget-container\">\n\t\t\t<style>\/*! elementor - v3.19.0 - 05-02-2024 *\/\n.elementor-widget-text-editor.elementor-drop-cap-view-stacked .elementor-drop-cap{background-color:#69727d;color:#fff}.elementor-widget-text-editor.elementor-drop-cap-view-framed .elementor-drop-cap{color:#69727d;border:3px solid;background-color:transparent}.elementor-widget-text-editor:not(.elementor-drop-cap-view-default) .elementor-drop-cap{margin-top:8px}.elementor-widget-text-editor:not(.elementor-drop-cap-view-default) .elementor-drop-cap-letter{width:1em;height:1em}.elementor-widget-text-editor .elementor-drop-cap{float:left;text-align:center;line-height:1;font-size:50px}.elementor-widget-text-editor .elementor-drop-cap-letter{display:inline-block}<\/style>\t\t\t\t<h3>Location de grues pour personnes<\/h3><p><strong>Louer une grue pour personnes \u00e0 Majorque<\/strong> Dot\u00e9 d&rsquo;un harnais, le l\u00e8ve-personne est tr\u00e8s utile pour les personnes \u00e0 mobilit\u00e9 r\u00e9duite et qui ne peuvent ni bouger ni sortir du lit. Louez un ascenseur pour patients \u00e0 mobilit\u00e9 r\u00e9duite avec livraison \u00e0 domicile et au meilleur prix avec un service de haute qualit\u00e9.<\/p><h4>Location de grue avec harnais<\/h4><ul><li>1 semaine: 70 \u20ac<\/li><li>2 semaines: 140 \u20ac<\/li><li>1 mois:\u00a0 200 \u20ac<\/li><\/ul><h4>Location de grues sur pied<\/h4><ul><li>1 semaine 80 \u20ac<\/li><li>2 semaines 150\u20ac<\/li><li>1 mois 200\u20ac<\/li><\/ul><h3>Contactez-nous<\/h3><ul><li>T\u00e9l\u00e9phone: +34 697402352<\/li><li>e-mail : ade.elevation@gmail.com<\/li><li><a href=\"https:\/\/www.google.es\/maps\/place\/Rent+Express+Mallorca+(plaza+de+espa%C3%B1a)\/@39.5780242,2.6521423,15z\/data=!4m2!3m1!1s0x0:0x489fb8c2a75faff2?sa=X&amp;ved=2ahUKEwiMuvbv-YD9AhXEVaQEHYgHAj0Q_BJ6BAh6EAk\" target=\"_blank\" rel=\"noopener\">Calle 31 de diciembre, 3, 07003 Palma de Mallorca<\/a><\/li><\/ul><p><strong>Location et vente de grues<\/strong><\/p><p>Nous louons des grues pour les patients, facilitant les d\u00e9placements et nous proposons \u00e9galement des ventes.<\/p><p><strong>\u00bfA quoi sert un l\u00e8ve-maladie ?<\/strong><\/p><p>Un l\u00e8ve-personne \u00e0 mobilit\u00e9 r\u00e9duite permettra tr\u00e8s facilement \u00e0 l&rsquo;assistante de d\u00e9placer le patient sans aucun effort. L&rsquo;\u00e9l\u00e9vateur \u00e9lectrique est \u00e9quip\u00e9 de roues et de freins. Le harnais est inclus dans notre tarif. Nous pouvons vous proposer un service de livraison \u00e0 domicile.<\/p><p><strong>\u00bfComment \u00e7a marche?<\/strong><\/p><p>La grue fonctionne avec des batteries rechargeables avec une commande qui permet de monter et descendre confortablement le patient. Les roues ont chacune un frein de blocage. La grue ne fonctionne pas si elle dispose du c\u00e2ble de recharge de la batterie.<\/p><p><strong>\u00bfQuand dois-je recharger les batteries ?<\/strong><\/p><p>Rechargez tous les 2\/3 jours selon l&rsquo;utilisation, un indicateur LED avec voyants permet de conna\u00eetre la charge des batteries.<\/p><p><strong>\u00bfQuel poids maximum le monte-maladie peut-il supporter ?<\/strong><\/p><p>Poids maximum autoris\u00e9 150 kg, pour des poids plus \u00e9lev\u00e9s, veuillez vous renseigner.<\/p><p><strong>\u00bfSera-t-il utile de louer une grue mobile ?<\/strong><\/p><p>Louer une grue \u00e9lectrique permet de savoir si elle vous sera utile lors de votre achat et tout d\u00e9pendra du temps d&rsquo;utilisation. Parfois il est recommand\u00e9 de louer avant d&rsquo;acheter, et cela facilitera \u00e9galement votre quotidien pour des d\u00e9placements sans effort.<\/p><p>Notre entreprise est pionni\u00e8re dans la location d&rsquo;appareils orthop\u00e9diques, nous sommes situ\u00e9s \u00e0 Palma de Majorque.<\/p><p>Livraisons \u00e0 domicile, h\u00f4tels, r\u00e9sidences dans toute Majorque.<\/p><p>Nous pouvons louer selon vos besoins ou votre confort des chaises de bain avec si\u00e8ge pivotant ou avec pieds fixes, louer un lit articul\u00e9, <span style=\"text-decoration: underline;\"><span style=\"color: #0000ff; text-decoration: underline;\"><a style=\"color: #0000ff; text-decoration: underline;\" href=\"https:\/\/rentexpressmallorca.com\/fr\/location-a-grue-leve-personne-a-majorque\/\">un d\u00e9ambulateur<\/a><\/span><\/span> , ainsi que des b\u00e9quilles et une grande vari\u00e9t\u00e9 qui peuvent \u00eatre n\u00e9cessaires pour les soins quotidiens des personnes \u00e0 mobilit\u00e9 r\u00e9duite. mobilit\u00e9.\u00a0<\/p>\t\t\t\t\t\t<\/div>\n\t\t\t\t<\/div>\n\t\t\t\t\t<\/div>\n\t\t\t\t<\/div>\n\t\t\t\t<\/div>\n\t\t","protected":false},"excerpt":{"rendered":"<p>Location de grues pour personnes Louer une grue pour personnes \u00e0 Majorque Dot\u00e9 d&rsquo;un harnais, le l\u00e8ve-personne est tr\u00e8s utile pour les personnes \u00e0 mobilit\u00e9 r\u00e9duite et qui ne peuvent ni bouger ni sortir du lit. Louez un ascenseur pour patients \u00e0 mobilit\u00e9 r\u00e9duite avec livraison \u00e0 domicile et au meilleur prix avec un service [&hellip;]<\/p>\n","protected":false},"author":1,"featured_media":25899,"comment_status":"closed","ping_status":"open","sticky":false,"template":"","format":"image","meta":{"site-sidebar-layout":"default","site-content-layout":"","ast-site-content-layout":"default","site-content-style":"default","site-sidebar-style":"default","ast-global-header-display":"","ast-banner-title-visibility":"","ast-main-header-display":"","ast-hfb-above-header-display":"","ast-hfb-below-header-display":"","ast-hfb-mobile-header-display":"","site-post-title":"","ast-breadcrumbs-content":"","ast-featured-img":"","footer-sml-layout":"","ast-disable-related-posts":"","theme-transparent-header-meta":"","adv-header-id-meta":"","stick-header-meta":"","header-above-stick-meta":"","header-main-stick-meta":"","header-below-stick-meta":"","astra-migrate-meta-layouts":"default","ast-page-background-enabled":"default","ast-page-background-meta":{"desktop":{"background-color":"var(--ast-global-color-4)","background-image":"","background-repeat":"repeat","background-position":"center center","background-size":"auto","background-attachment":"scroll","background-type":"","background-media":"","overlay-type":"","overlay-color":"","overlay-opacity":"","overlay-gradient":""},"tablet":{"background-color":"","background-image":"","background-repeat":"repeat","background-position":"center center","background-size":"auto","background-attachment":"scroll","background-type":"","background-media":"","overlay-type":"","overlay-color":"","overlay-opacity":"","overlay-gradient":""},"mobile":{"background-color":"","background-image":"","background-repeat":"repeat","background-position":"center center","background-size":"auto","background-attachment":"scroll","background-type":"","background-media":"","overlay-type":"","overlay-color":"","overlay-opacity":"","overlay-gradient":""}},"ast-content-background-meta":{"desktop":{"background-color":"var(--ast-global-color-5)","background-image":"","background-repeat":"repeat","background-position":"center center","background-size":"auto","background-attachment":"scroll","background-type":"","background-media":"","overlay-type":"","overlay-color":"","overlay-opacity":"","overlay-gradient":""},"tablet":{"background-color":"var(--ast-global-color-5)","background-image":"","background-repeat":"repeat","background-position":"center center","background-size":"auto","background-attachment":"scroll","background-type":"","background-media":"","overlay-type":"","overlay-color":"","overlay-opacity":"","overlay-gradient":""},"mobile":{"background-color":"var(--ast-global-color-5)","background-image":"","background-repeat":"repeat","background-position":"center center","background-size":"auto","background-attachment":"scroll","background-type":"","background-media":"","overlay-type":"","overlay-color":"","overlay-opacity":"","overlay-gradient":""}},"footnotes":""},"categories":[703],"tags":[1352,1353,1354,1355,1356,1357,1358,1359],"class_list":["post-19387","post","type-post","status-publish","format-image","has-post-thumbnail","hentry","category-location-orthopedique","tag-alquilar-una-grua-para-discapacitados-en-mallorca-fr","tag-alquiler-de-gruas-electrica-para-personas-fr","tag-alquiler-de-gruas-para-enfermos-en-palma-fr","tag-grua-electrica-en-alquiler-mallorca-fr","tag-grua-electrica-para-mover-una-persona-fr","tag-grua-para-personas-fr","tag-gruas-para-mover-las-personas-fr","tag-patien-hoist-mallorca-fr","post_format-post-format-image"],"_links":{"self":[{"href":"https:\/\/rentexpressmallorca.com\/fr\/wp-json\/wp\/v2\/posts\/19387","targetHints":{"allow":["GET"]}}],"collection":[{"href":"https:\/\/rentexpressmallorca.com\/fr\/wp-json\/wp\/v2\/posts"}],"about":[{"href":"https:\/\/rentexpressmallorca.com\/fr\/wp-json\/wp\/v2\/types\/post"}],"author":[{"embeddable":true,"href":"https:\/\/rentexpressmallorca.com\/fr\/wp-json\/wp\/v2\/users\/1"}],"replies":[{"embeddable":true,"href":"https:\/\/rentexpressmallorca.com\/fr\/wp-json\/wp\/v2\/comments?post=19387"}],"version-history":[{"count":6,"href":"https:\/\/rentexpressmallorca.com\/fr\/wp-json\/wp\/v2\/posts\/19387\/revisions"}],"predecessor-version":[{"id":22341,"href":"https:\/\/rentexpressmallorca.com\/fr\/wp-json\/wp\/v2\/posts\/19387\/revisions\/22341"}],"wp:featuredmedia":[{"embeddable":true,"href":"https:\/\/rentexpressmallorca.com\/fr\/wp-json\/wp\/v2\/media\/25899"}],"wp:attachment":[{"href":"https:\/\/rentexpressmallorca.com\/fr\/wp-json\/wp\/v2\/media?parent=19387"}],"wp:term":[{"taxonomy":"category","embeddable":true,"href":"https:\/\/rentexpressmallorca.com\/fr\/wp-json\/wp\/v2\/categories?post=19387"},{"taxonomy":"post_tag","embeddable":true,"href":"https:\/\/rentexpressmallorca.com\/fr\/wp-json\/wp\/v2\/tags?post=19387"}],"curies":[{"name":"wp","href":"https:\/\/api.w.org\/{rel}","templated":true}]}}