{"id":35265,"date":"2026-02-25T16:48:28","date_gmt":"2026-02-25T15:48:28","guid":{"rendered":"https:\/\/rentexpressmallorca.com\/?p=35265"},"modified":"2026-04-05T18:29:58","modified_gmt":"2026-04-05T16:29:58","slug":"siege-auto-sans-isofix-majorque","status":"publish","type":"post","link":"https:\/\/rentexpressmallorca.com\/fr\/siege-auto-sans-isofix-majorque\/","title":{"rendered":"Si\u00e8ge auto sans ISOFIX 0-36 kg \u00e0 Majorque"},"content":{"rendered":"\t\t<div data-elementor-type=\"wp-post\" data-elementor-id=\"35265\" class=\"elementor elementor-35265\" data-elementor-post-type=\"post\">\n\t\t\t\t<div class=\"elementor-element elementor-element-370f98d e-flex e-con-boxed e-con e-parent\" data-id=\"370f98d\" data-element_type=\"container\" data-settings=\"{&quot;content_width&quot;:&quot;boxed&quot;}\" data-core-v316-plus=\"true\">\n\t\t\t\t\t<div class=\"e-con-inner\">\n\t\t\t\t<div class=\"elementor-element elementor-element-1a1dfc6 elementor-widget elementor-widget-text-editor\" data-id=\"1a1dfc6\" data-element_type=\"widget\" data-widget_type=\"text-editor.default\">\n\t\t\t\t<div class=\"elementor-widget-container\">\n\t\t\t<style>\/*! elementor - v3.19.0 - 05-02-2024 *\/\n.elementor-widget-text-editor.elementor-drop-cap-view-stacked .elementor-drop-cap{background-color:#69727d;color:#fff}.elementor-widget-text-editor.elementor-drop-cap-view-framed .elementor-drop-cap{color:#69727d;border:3px solid;background-color:transparent}.elementor-widget-text-editor:not(.elementor-drop-cap-view-default) .elementor-drop-cap{margin-top:8px}.elementor-widget-text-editor:not(.elementor-drop-cap-view-default) .elementor-drop-cap-letter{width:1em;height:1em}.elementor-widget-text-editor .elementor-drop-cap{float:left;text-align:center;line-height:1;font-size:50px}.elementor-widget-text-editor .elementor-drop-cap-letter{display:inline-block}<\/style>\t\t\t\t<p data-start=\"294\" data-end=\"438\">Louez un si\u00e8ge auto sans ISOFIX \u00e0 Majorque et r\u00e9cup\u00e9rez-le directement \u00e0 l\u2019a\u00e9roport de Palma avec une remise rapide, sans attente ni comptoir.<\/p><p data-start=\"440\" data-end=\"616\">Ce mod\u00e8le standard 0\u201336 kg est compatible avec la majorit\u00e9 des voitures de location et constitue une solution pratique et \u00e9conomique pour les familles voyageant avec enfants.<\/p><p data-start=\"618\" data-end=\"811\">De nombreuses familles choisissent la location de si\u00e8ge auto \u00e0 l\u2019a\u00e9roport de Palma afin de r\u00e9cup\u00e9rer leur \u00e9quipement imm\u00e9diatement apr\u00e8s l\u2019atterrissage et continuer leur trajet sans attendre.<\/p>\t\t\t\t\t\t<\/div>\n\t\t\t\t<\/div>\n\t\t\t\t<div class=\"elementor-element elementor-element-c5a9abf elementor-widget elementor-widget-heading\" data-id=\"c5a9abf\" data-element_type=\"widget\" data-widget_type=\"heading.default\">\n\t\t\t\t<div class=\"elementor-widget-container\">\n\t\t\t<style>\/*! elementor - v3.19.0 - 05-02-2024 *\/\n.elementor-heading-title{padding:0;margin:0;line-height:1}.elementor-widget-heading .elementor-heading-title[class*=elementor-size-]>a{color:inherit;font-size:inherit;line-height:inherit}.elementor-widget-heading .elementor-heading-title.elementor-size-small{font-size:15px}.elementor-widget-heading .elementor-heading-title.elementor-size-medium{font-size:19px}.elementor-widget-heading .elementor-heading-title.elementor-size-large{font-size:29px}.elementor-widget-heading .elementor-heading-title.elementor-size-xl{font-size:39px}.elementor-widget-heading .elementor-heading-title.elementor-size-xxl{font-size:59px}<\/style><h2 class=\"elementor-heading-title elementor-size-default\">Prix location si\u00e8ge auto sans ISOFIX<\/h2>\t\t<\/div>\n\t\t\t\t<\/div>\n\t\t\t\t<div class=\"elementor-element elementor-element-5fcd8c3 elementor-widget elementor-widget-text-editor\" data-id=\"5fcd8c3\" data-element_type=\"widget\" data-widget_type=\"text-editor.default\">\n\t\t\t\t<div class=\"elementor-widget-container\">\n\t\t\t\t\t\t\t<table><thead><tr><th>Dur\u00e9e<\/th><th>Prix<\/th><\/tr><\/thead><tbody><tr><td>3 jours<\/td><td>15 \u20ac<\/td><\/tr><tr><td>1 semaine<\/td><td>25 \u20ac<\/td><\/tr><tr><td>2 semaines<\/td><td>40 \u20ac<\/td><\/tr><tr><td>Service a\u00e9roport (remise &amp; retour)<\/td><td>10 \u20ac<\/td><\/tr><tr><td>Caution<\/td><td>50 \u20ac<\/td><\/tr><\/tbody><\/table><p data-start=\"1031\" data-end=\"1118\">Tarifs transparents avec une solution adapt\u00e9e aux s\u00e9jours courts ou longs \u00e0 Majorque.<\/p><p data-start=\"1120\" data-end=\"1210\">Tous les si\u00e8ges auto sont propres, contr\u00f4l\u00e9s et pr\u00eats \u00e0 \u00eatre utilis\u00e9s d\u00e8s votre arriv\u00e9e.<\/p>\t\t\t\t\t\t<\/div>\n\t\t\t\t<\/div>\n\t\t\t\t<div class=\"elementor-element elementor-element-f4975fe elementor-widget elementor-widget-heading\" data-id=\"f4975fe\" data-element_type=\"widget\" data-widget_type=\"heading.default\">\n\t\t\t\t<div class=\"elementor-widget-container\">\n\t\t\t<h2 class=\"elementor-heading-title elementor-size-default\">Options de caution<\/h2>\t\t<\/div>\n\t\t\t\t<\/div>\n\t\t\t\t<div class=\"elementor-element elementor-element-36210b7 elementor-widget elementor-widget-text-editor\" data-id=\"36210b7\" data-element_type=\"widget\" data-widget_type=\"text-editor.default\">\n\t\t\t\t<div class=\"elementor-widget-container\">\n\t\t\t\t\t\t\t<p data-start=\"1278\" data-end=\"1327\">La caution peut \u00eatre effectu\u00e9e de deux mani\u00e8res :<\/p><p data-start=\"1329\" data-end=\"1469\">\u2022 <strong data-start=\"384\" data-end=\"421\">Empreinte bancaire par carte (CB)<\/strong> \u2013 montant bloqu\u00e9 temporairement et lib\u00e9r\u00e9 automatiquement par le syst\u00e8me bancaire.<br data-start=\"532\" data-end=\"535\" \/>\u2022 <strong data-start=\"537\" data-end=\"557\">D\u00e9p\u00f4t en esp\u00e8ces<\/strong> \u2013 restitu\u00e9 lors de la remise du mat\u00e9riel.<\/p>\t\t\t\t\t\t<\/div>\n\t\t\t\t<\/div>\n\t\t\t\t<div class=\"elementor-element elementor-element-5e6012e elementor-widget elementor-widget-heading\" data-id=\"5e6012e\" data-element_type=\"widget\" data-widget_type=\"heading.default\">\n\t\t\t\t<div class=\"elementor-widget-container\">\n\t\t\t<h2 class=\"elementor-heading-title elementor-size-default\">Retrait \u00e0 l\u2019a\u00e9roport de Palma (PMI)<\/h2>\t\t<\/div>\n\t\t\t\t<\/div>\n\t\t\t\t<div class=\"elementor-element elementor-element-cbc9fc5 elementor-widget elementor-widget-text-editor\" data-id=\"cbc9fc5\" data-element_type=\"widget\" data-widget_type=\"text-editor.default\">\n\t\t\t\t<div class=\"elementor-widget-container\">\n\t\t\t\t\t\t\t<p data-start=\"1673\" data-end=\"1785\">Apr\u00e8s votre arriv\u00e9e \u00e0 l\u2019a\u00e9roport de Palma, r\u00e9cup\u00e9rez vos bagages puis dirigez-vous vers la sortie du terminal.<\/p><p data-start=\"1787\" data-end=\"1904\">Le parking public se trouve juste en face du b\u00e2timent. Le point de rencontre est situ\u00e9 en bas, devant le Bar Oasis.<\/p><p data-start=\"1906\" data-end=\"2015\">La remise est rapide afin que vous puissiez continuer votre trajet imm\u00e9diatement, sans attente ni comptoir.<\/p><p data-start=\"2017\" data-end=\"2111\"><strong data-start=\"2020\" data-end=\"2078\">-Contactez-nous sur WhatsApp pour organiser la remise :<\/strong><br data-start=\"2078\" data-end=\"2081\" \/>\ud83d\udc49<strong><a href=\"https:\/\/wa.me\/34697402352\" target=\"_blank\" rel=\"noopener\">+34 697402352<\/a><\/strong>\u00a0<\/p><p data-start=\"2113\" data-end=\"2178\">Nous vous rejoignons en environ 15 minutes apr\u00e8s votre message.<\/p>\t\t\t\t\t\t<\/div>\n\t\t\t\t<\/div>\n\t\t\t\t<div class=\"elementor-element elementor-element-9366b9e elementor-widget elementor-widget-image\" data-id=\"9366b9e\" data-element_type=\"widget\" data-widget_type=\"image.default\">\n\t\t\t\t<div class=\"elementor-widget-container\">\n\t\t\t<style>\/*! elementor - v3.19.0 - 05-02-2024 *\/\n.elementor-widget-image{text-align:center}.elementor-widget-image a{display:inline-block}.elementor-widget-image a img[src$=\".svg\"]{width:48px}.elementor-widget-image img{vertical-align:middle;display:inline-block}<\/style>\t\t\t\t\t\t\t\t\t\t<img decoding=\"async\" src=\"https:\/\/rentexpressmallorca.com\/wp-content\/uploads\/elementor\/thumbs\/rent-express-mallorca-meeting-point-rilxfxe6y3tutpv01pk7uwrfl9sd7xrjoxo0tfkwns.jpeg\" title=\"\" alt=\"point de rencontre a\u00e9roport Palma Majorque\" loading=\"lazy\" \/>\t\t\t\t\t\t\t\t\t\t\t\t\t<\/div>\n\t\t\t\t<\/div>\n\t\t\t\t<div class=\"elementor-element elementor-element-55981ad elementor-widget elementor-widget-heading\" data-id=\"55981ad\" data-element_type=\"widget\" data-widget_type=\"heading.default\">\n\t\t\t\t<div class=\"elementor-widget-container\">\n\t\t\t<h2 class=\"elementor-heading-title elementor-size-default\">Important<\/h2>\t\t<\/div>\n\t\t\t\t<\/div>\n\t\t\t\t<div class=\"elementor-element elementor-element-79e1de0 elementor-widget elementor-widget-text-editor\" data-id=\"79e1de0\" data-element_type=\"widget\" data-widget_type=\"text-editor.default\">\n\t\t\t\t<div class=\"elementor-widget-container\">\n\t\t\t\t\t\t\t<p>Pour des raisons de s\u00e9curit\u00e9 et d\u2019assurance, nous n\u2019installons pas les si\u00e8ges auto dans les v\u00e9hicules.<br data-start=\"1592\" data-end=\"1595\" \/>Le client est responsable de l\u2019installation conform\u00e9ment aux instructions du fabricant.<\/p>\t\t\t\t\t\t<\/div>\n\t\t\t\t<\/div>\n\t\t\t\t<div class=\"elementor-element elementor-element-b9d694f elementor-widget elementor-widget-heading\" data-id=\"b9d694f\" data-element_type=\"widget\" data-widget_type=\"heading.default\">\n\t\t\t\t<div class=\"elementor-widget-container\">\n\t\t\t<h2 class=\"elementor-heading-title elementor-size-default\">Pourquoi choisir un si\u00e8ge auto sans ISOFIX<\/h2>\t\t<\/div>\n\t\t\t\t<\/div>\n\t\t\t\t<div class=\"elementor-element elementor-element-0ed3160 elementor-widget elementor-widget-text-editor\" data-id=\"0ed3160\" data-element_type=\"widget\" data-widget_type=\"text-editor.default\">\n\t\t\t\t<div class=\"elementor-widget-container\">\n\t\t\t\t\t\t\t<p data-start=\"2326\" data-end=\"2453\">Le si\u00e8ge auto sans ISOFIX est une solution pratique pour les familles utilisant des voitures de location sans syst\u00e8me ISOFIX.<\/p><p data-start=\"2455\" data-end=\"2567\">Il permet une installation simple avec la ceinture de s\u00e9curit\u00e9 et une utilisation imm\u00e9diate d\u00e8s votre arriv\u00e9e.<\/p><p data-start=\"2569\" data-end=\"2640\">C\u2019est l\u2019un des mod\u00e8les les plus utilis\u00e9s pour les s\u00e9jours \u00e0 Majorque.<\/p><p data-start=\"2642\" data-end=\"2733\">\ud83d\udc49 Vous pouvez \u00e9galement consulter notre <a href=\"https:\/\/rentexpressmallorca.com\/fr\/location-de-siege-auto-a-majorque\/\"><strong data-start=\"2683\" data-end=\"2731\">location de si\u00e8ge auto \u00e0 l\u2019a\u00e9roport de Palma<\/strong><\/a><\/p>\t\t\t\t\t\t<\/div>\n\t\t\t\t<\/div>\n\t\t\t\t<div class=\"elementor-element elementor-element-c302fcb elementor-widget elementor-widget-heading\" data-id=\"c302fcb\" data-element_type=\"widget\" data-widget_type=\"heading.default\">\n\t\t\t\t<div class=\"elementor-widget-container\">\n\t\t\t<h2 class=\"elementor-heading-title elementor-size-default\">Comparez les mod\u00e8les disponibles<\/h2>\t\t<\/div>\n\t\t\t\t<\/div>\n\t\t\t\t<div class=\"elementor-element elementor-element-7b11f56 elementor-widget elementor-widget-text-editor\" data-id=\"7b11f56\" data-element_type=\"widget\" data-widget_type=\"text-editor.default\">\n\t\t\t\t<div class=\"elementor-widget-container\">\n\t\t\t\t\t\t\t<p data-start=\"2788\" data-end=\"2879\">Si vous souhaitez plus de confort ou une installation diff\u00e9rente, vous pouvez consulter :<\/p><p data-start=\"2881\" data-end=\"3004\">\ud83d\udc49 <a href=\"https:\/\/rentexpressmallorca.com\/fr\/siege-auto-isofix\/\"><strong data-start=\"2884\" data-end=\"2916\">si\u00e8ge auto ISOFIX \u00e0 Majorque<\/strong><\/a><br data-start=\"2916\" data-end=\"2919\" \/>\ud83d\udc49 <a href=\"https:\/\/rentexpressmallorca.com\/fr\/siege-auto-isofix-rotation-360\/\"><strong data-start=\"2922\" data-end=\"2967\">si\u00e8ge auto ISOFIX rotatif 360\u00b0 \u00e0 Majorque<\/strong><\/a><br data-start=\"2967\" data-end=\"2970\" \/>\ud83d\udc49 <a href=\"https:\/\/rentexpressmallorca.com\/fr\/location-maxi-cosi-majorque\/\"><strong data-start=\"2973\" data-end=\"3002\">Maxi-Cosi b\u00e9b\u00e9 \u00e0 Majorque<\/strong><\/a><\/p>\t\t\t\t\t\t<\/div>\n\t\t\t\t<\/div>\n\t\t\t\t<div class=\"elementor-element elementor-element-79d542e elementor-widget elementor-widget-heading\" data-id=\"79d542e\" data-element_type=\"widget\" data-widget_type=\"heading.default\">\n\t\t\t\t<div class=\"elementor-widget-container\">\n\t\t\t<h2 class=\"elementor-heading-title elementor-size-default\">Nettoyage et hygi\u00e8ne<\/h2>\t\t<\/div>\n\t\t\t\t<\/div>\n\t\t\t\t<div class=\"elementor-element elementor-element-d48f32a elementor-widget elementor-widget-text-editor\" data-id=\"d48f32a\" data-element_type=\"widget\" data-widget_type=\"text-editor.default\">\n\t\t\t\t<div class=\"elementor-widget-container\">\n\t\t\t\t\t\t\t<p data-start=\"3047\" data-end=\"3132\">Tous les si\u00e8ges auto sont nettoy\u00e9s, d\u00e9sinfect\u00e9s et contr\u00f4l\u00e9s avant chaque location.<\/p><p data-start=\"3134\" data-end=\"3215\">Le mat\u00e9riel est pr\u00eat \u00e0 \u00eatre utilis\u00e9 imm\u00e9diatement d\u00e8s votre arriv\u00e9e \u00e0 Majorque.<\/p>\t\t\t\t\t\t<\/div>\n\t\t\t\t<\/div>\n\t\t\t\t<div class=\"elementor-element elementor-element-f1a68ea elementor-widget elementor-widget-heading\" data-id=\"f1a68ea\" data-element_type=\"widget\" data-widget_type=\"heading.default\">\n\t\t\t\t<div class=\"elementor-widget-container\">\n\t\t\t<h2 class=\"elementor-heading-title elementor-size-default\">Questions Fr\u00e9quentes sur la location<\/h2>\t\t<\/div>\n\t\t\t\t<\/div>\n\t\t\t\t<div class=\"elementor-element elementor-element-3796d58 elementor-widget elementor-widget-accordion\" data-id=\"3796d58\" data-element_type=\"widget\" data-widget_type=\"accordion.default\">\n\t\t\t\t<div class=\"elementor-widget-container\">\n\t\t\t<style>\/*! elementor - v3.19.0 - 05-02-2024 *\/\n.elementor-accordion{text-align:left}.elementor-accordion .elementor-accordion-item{border:1px solid #d5d8dc}.elementor-accordion .elementor-accordion-item+.elementor-accordion-item{border-top:none}.elementor-accordion .elementor-tab-title{margin:0;padding:15px 20px;font-weight:700;line-height:1;cursor:pointer;outline:none}.elementor-accordion .elementor-tab-title .elementor-accordion-icon{display:inline-block;width:1.5em}.elementor-accordion .elementor-tab-title .elementor-accordion-icon svg{width:1em;height:1em}.elementor-accordion .elementor-tab-title .elementor-accordion-icon.elementor-accordion-icon-right{float:right;text-align:right}.elementor-accordion .elementor-tab-title .elementor-accordion-icon.elementor-accordion-icon-left{float:left;text-align:left}.elementor-accordion .elementor-tab-title .elementor-accordion-icon .elementor-accordion-icon-closed{display:block}.elementor-accordion .elementor-tab-title .elementor-accordion-icon .elementor-accordion-icon-opened,.elementor-accordion .elementor-tab-title.elementor-active .elementor-accordion-icon-closed{display:none}.elementor-accordion .elementor-tab-title.elementor-active .elementor-accordion-icon-opened{display:block}.elementor-accordion .elementor-tab-content{display:none;padding:15px 20px;border-top:1px solid #d5d8dc}@media (max-width:767px){.elementor-accordion .elementor-tab-title{padding:12px 15px}.elementor-accordion .elementor-tab-title .elementor-accordion-icon{width:1.2em}.elementor-accordion .elementor-tab-content{padding:7px 15px}}.e-con-inner>.elementor-widget-accordion,.e-con>.elementor-widget-accordion{width:var(--container-widget-width);--flex-grow:var(--container-widget-flex-grow)}<\/style>\t\t<div class=\"elementor-accordion\">\n\t\t\t\t\t\t\t<div class=\"elementor-accordion-item\">\n\t\t\t\t\t<div id=\"elementor-tab-title-5821\" class=\"elementor-tab-title\" data-tab=\"1\" role=\"button\" aria-controls=\"elementor-tab-content-5821\" aria-expanded=\"false\">\n\t\t\t\t\t\t\t\t\t\t\t\t\t<span class=\"elementor-accordion-icon elementor-accordion-icon-left\" aria-hidden=\"true\">\n\t\t\t\t\t\t\t\t\t\t\t\t\t\t\t<span class=\"elementor-accordion-icon-closed\"><i class=\"fas fa-plus\"><\/i><\/span>\n\t\t\t\t\t\t\t\t<span class=\"elementor-accordion-icon-opened\"><i class=\"fas fa-minus\"><\/i><\/span>\n\t\t\t\t\t\t\t\t\t\t\t\t\t\t<\/span>\n\t\t\t\t\t\t\t\t\t\t\t\t<a class=\"elementor-accordion-title\" tabindex=\"0\">O\u00f9 puis-je r\u00e9cup\u00e9rer et retourner le mat\u00e9riel ?<\/a>\n\t\t\t\t\t<\/div>\n\t\t\t\t\t<div id=\"elementor-tab-content-5821\" class=\"elementor-tab-content elementor-clearfix\" data-tab=\"1\" role=\"region\" aria-labelledby=\"elementor-tab-title-5821\"><p>Les si\u00e8ges auto et articles pour enfants peuvent \u00eatre r\u00e9cup\u00e9r\u00e9s et retourn\u00e9s directement \u00e0 l\u2019a\u00e9roport de Palma ou dans notre boutique \u00e0 Palma. Cela permet de continuer votre voyage rapidement apr\u00e8s l\u2019arriv\u00e9e \u00e0 Majorque.<\/p><\/div>\n\t\t\t\t<\/div>\n\t\t\t\t\t\t\t<div class=\"elementor-accordion-item\">\n\t\t\t\t\t<div id=\"elementor-tab-title-5822\" class=\"elementor-tab-title\" data-tab=\"2\" role=\"button\" aria-controls=\"elementor-tab-content-5822\" aria-expanded=\"false\">\n\t\t\t\t\t\t\t\t\t\t\t\t\t<span class=\"elementor-accordion-icon elementor-accordion-icon-left\" aria-hidden=\"true\">\n\t\t\t\t\t\t\t\t\t\t\t\t\t\t\t<span class=\"elementor-accordion-icon-closed\"><i class=\"fas fa-plus\"><\/i><\/span>\n\t\t\t\t\t\t\t\t<span class=\"elementor-accordion-icon-opened\"><i class=\"fas fa-minus\"><\/i><\/span>\n\t\t\t\t\t\t\t\t\t\t\t\t\t\t<\/span>\n\t\t\t\t\t\t\t\t\t\t\t\t<a class=\"elementor-accordion-title\" tabindex=\"0\">Le mat\u00e9riel est-il nettoy\u00e9 avant chaque location ?<\/a>\n\t\t\t\t\t<\/div>\n\t\t\t\t\t<div id=\"elementor-tab-content-5822\" class=\"elementor-tab-content elementor-clearfix\" data-tab=\"2\" role=\"region\" aria-labelledby=\"elementor-tab-title-5822\"><p>Oui. Tous les si\u00e8ges auto et \u00e9quipements pour enfants sont nettoy\u00e9s, d\u00e9sinfect\u00e9s et contr\u00f4l\u00e9s avant chaque remise afin de garantir s\u00e9curit\u00e9 et hygi\u00e8ne.<\/p><\/div>\n\t\t\t\t<\/div>\n\t\t\t\t\t\t\t<div class=\"elementor-accordion-item\">\n\t\t\t\t\t<div id=\"elementor-tab-title-5823\" class=\"elementor-tab-title\" data-tab=\"3\" role=\"button\" aria-controls=\"elementor-tab-content-5823\" aria-expanded=\"false\">\n\t\t\t\t\t\t\t\t\t\t\t\t\t<span class=\"elementor-accordion-icon elementor-accordion-icon-left\" aria-hidden=\"true\">\n\t\t\t\t\t\t\t\t\t\t\t\t\t\t\t<span class=\"elementor-accordion-icon-closed\"><i class=\"fas fa-plus\"><\/i><\/span>\n\t\t\t\t\t\t\t\t<span class=\"elementor-accordion-icon-opened\"><i class=\"fas fa-minus\"><\/i><\/span>\n\t\t\t\t\t\t\t\t\t\t\t\t\t\t<\/span>\n\t\t\t\t\t\t\t\t\t\t\t\t<a class=\"elementor-accordion-title\" tabindex=\"0\">Y a-t-il une caution ?<\/a>\n\t\t\t\t\t<\/div>\n\t\t\t\t\t<div id=\"elementor-tab-content-5823\" class=\"elementor-tab-content elementor-clearfix\" data-tab=\"3\" role=\"region\" aria-labelledby=\"elementor-tab-title-5823\"><p>Oui. Une caution est demand\u00e9e pour chaque location et est restitu\u00e9e au retour du mat\u00e9riel en bon \u00e9tat.<\/p><\/div>\n\t\t\t\t<\/div>\n\t\t\t\t\t\t\t<div class=\"elementor-accordion-item\">\n\t\t\t\t\t<div id=\"elementor-tab-title-5824\" class=\"elementor-tab-title\" data-tab=\"4\" role=\"button\" aria-controls=\"elementor-tab-content-5824\" aria-expanded=\"false\">\n\t\t\t\t\t\t\t\t\t\t\t\t\t<span class=\"elementor-accordion-icon elementor-accordion-icon-left\" aria-hidden=\"true\">\n\t\t\t\t\t\t\t\t\t\t\t\t\t\t\t<span class=\"elementor-accordion-icon-closed\"><i class=\"fas fa-plus\"><\/i><\/span>\n\t\t\t\t\t\t\t\t<span class=\"elementor-accordion-icon-opened\"><i class=\"fas fa-minus\"><\/i><\/span>\n\t\t\t\t\t\t\t\t\t\t\t\t\t\t<\/span>\n\t\t\t\t\t\t\t\t\t\t\t\t<a class=\"elementor-accordion-title\" tabindex=\"0\">Comment fonctionne la caution ?<\/a>\n\t\t\t\t\t<\/div>\n\t\t\t\t\t<div id=\"elementor-tab-content-5824\" class=\"elementor-tab-content elementor-clearfix\" data-tab=\"4\" role=\"region\" aria-labelledby=\"elementor-tab-title-5824\"><p>La caution peut \u00eatre effectu\u00e9e par empreinte bancaire ou en esp\u00e8ces. En cas d\u2019empreinte bancaire, le montant est lib\u00e9r\u00e9 par votre banque dans un d\u00e9lai pouvant aller jusqu\u2019\u00e0 15 jours \u00e0 compter de l\u2019op\u00e9ration. Si la caution est r\u00e9gl\u00e9e en esp\u00e8ces, elle est restitu\u00e9e en esp\u00e8ces lors du retour du mat\u00e9riel en bon \u00e9tat et propre.<\/p><\/div>\n\t\t\t\t<\/div>\n\t\t\t\t\t\t\t<div class=\"elementor-accordion-item\">\n\t\t\t\t\t<div id=\"elementor-tab-title-5825\" class=\"elementor-tab-title\" data-tab=\"5\" role=\"button\" aria-controls=\"elementor-tab-content-5825\" aria-expanded=\"false\">\n\t\t\t\t\t\t\t\t\t\t\t\t\t<span class=\"elementor-accordion-icon elementor-accordion-icon-left\" aria-hidden=\"true\">\n\t\t\t\t\t\t\t\t\t\t\t\t\t\t\t<span class=\"elementor-accordion-icon-closed\"><i class=\"fas fa-plus\"><\/i><\/span>\n\t\t\t\t\t\t\t\t<span class=\"elementor-accordion-icon-opened\"><i class=\"fas fa-minus\"><\/i><\/span>\n\t\t\t\t\t\t\t\t\t\t\t\t\t\t<\/span>\n\t\t\t\t\t\t\t\t\t\t\t\t<a class=\"elementor-accordion-title\" tabindex=\"0\">T\u00edtulo del acorde\u00f3n<\/a>\n\t\t\t\t\t<\/div>\n\t\t\t\t\t<div id=\"elementor-tab-content-5825\" class=\"elementor-tab-content elementor-clearfix\" data-tab=\"5\" role=\"region\" aria-labelledby=\"elementor-tab-title-5825\"><p>Contenido del acorde\u00f3n<\/p><\/div>\n\t\t\t\t<\/div>\n\t\t\t\t\t\t\t<div class=\"elementor-accordion-item\">\n\t\t\t\t\t<div id=\"elementor-tab-title-5826\" class=\"elementor-tab-title\" data-tab=\"6\" role=\"button\" aria-controls=\"elementor-tab-content-5826\" aria-expanded=\"false\">\n\t\t\t\t\t\t\t\t\t\t\t\t\t<span class=\"elementor-accordion-icon elementor-accordion-icon-left\" aria-hidden=\"true\">\n\t\t\t\t\t\t\t\t\t\t\t\t\t\t\t<span class=\"elementor-accordion-icon-closed\"><i class=\"fas fa-plus\"><\/i><\/span>\n\t\t\t\t\t\t\t\t<span class=\"elementor-accordion-icon-opened\"><i class=\"fas fa-minus\"><\/i><\/span>\n\t\t\t\t\t\t\t\t\t\t\t\t\t\t<\/span>\n\t\t\t\t\t\t\t\t\t\t\t\t<a class=\"elementor-accordion-title\" tabindex=\"0\">Dois-je r\u00e9server \u00e0 l\u2019avance ?<\/a>\n\t\t\t\t\t<\/div>\n\t\t\t\t\t<div id=\"elementor-tab-content-5826\" class=\"elementor-tab-content elementor-clearfix\" data-tab=\"6\" role=\"region\" aria-labelledby=\"elementor-tab-title-5826\"><p>Oui, nous recommandons de r\u00e9server avant votre arriv\u00e9e afin de garantir la disponibilit\u00e9 du mat\u00e9riel, surtout pendant les p\u00e9riodes de forte affluence.<\/p><\/div>\n\t\t\t\t<\/div>\n\t\t\t\t\t\t\t<div class=\"elementor-accordion-item\">\n\t\t\t\t\t<div id=\"elementor-tab-title-5827\" class=\"elementor-tab-title\" data-tab=\"7\" role=\"button\" aria-controls=\"elementor-tab-content-5827\" aria-expanded=\"false\">\n\t\t\t\t\t\t\t\t\t\t\t\t\t<span class=\"elementor-accordion-icon elementor-accordion-icon-left\" aria-hidden=\"true\">\n\t\t\t\t\t\t\t\t\t\t\t\t\t\t\t<span class=\"elementor-accordion-icon-closed\"><i class=\"fas fa-plus\"><\/i><\/span>\n\t\t\t\t\t\t\t\t<span class=\"elementor-accordion-icon-opened\"><i class=\"fas fa-minus\"><\/i><\/span>\n\t\t\t\t\t\t\t\t\t\t\t\t\t\t<\/span>\n\t\t\t\t\t\t\t\t\t\t\t\t<a class=\"elementor-accordion-title\" tabindex=\"0\">Installez-vous les si\u00e8ges auto dans le v\u00e9hicule ?<\/a>\n\t\t\t\t\t<\/div>\n\t\t\t\t\t<div id=\"elementor-tab-content-5827\" class=\"elementor-tab-content elementor-clearfix\" data-tab=\"7\" role=\"region\" aria-labelledby=\"elementor-tab-title-5827\"><p>Non. Pour des raisons de s\u00e9curit\u00e9 et d\u2019assurance, l\u2019installation du si\u00e8ge auto est \u00e0 la charge du client selon les instructions du fabricant.<\/p><\/div>\n\t\t\t\t<\/div>\n\t\t\t\t\t\t\t<div class=\"elementor-accordion-item\">\n\t\t\t\t\t<div id=\"elementor-tab-title-5828\" class=\"elementor-tab-title\" data-tab=\"8\" role=\"button\" aria-controls=\"elementor-tab-content-5828\" aria-expanded=\"false\">\n\t\t\t\t\t\t\t\t\t\t\t\t\t<span class=\"elementor-accordion-icon elementor-accordion-icon-left\" aria-hidden=\"true\">\n\t\t\t\t\t\t\t\t\t\t\t\t\t\t\t<span class=\"elementor-accordion-icon-closed\"><i class=\"fas fa-plus\"><\/i><\/span>\n\t\t\t\t\t\t\t\t<span class=\"elementor-accordion-icon-opened\"><i class=\"fas fa-minus\"><\/i><\/span>\n\t\t\t\t\t\t\t\t\t\t\t\t\t\t<\/span>\n\t\t\t\t\t\t\t\t\t\t\t\t<a class=\"elementor-accordion-title\" tabindex=\"0\">Puis-je r\u00e9cup\u00e9rer le mat\u00e9riel directement \u00e0 l\u2019a\u00e9roport de Palma ?<\/a>\n\t\t\t\t\t<\/div>\n\t\t\t\t\t<div id=\"elementor-tab-content-5828\" class=\"elementor-tab-content elementor-clearfix\" data-tab=\"8\" role=\"region\" aria-labelledby=\"elementor-tab-title-5828\"><p>Oui. La majorit\u00e9 des familles choisissent la remise \u00e0 l\u2019a\u00e9roport afin que le mat\u00e9riel soit pr\u00eat imm\u00e9diatement apr\u00e8s l\u2019atterrissage.<\/p><\/div>\n\t\t\t\t<\/div>\n\t\t\t\t\t\t\t\t<\/div>\n\t\t\t\t<\/div>\n\t\t\t\t<\/div>\n\t\t\t\t<div class=\"elementor-element elementor-element-6575f5f elementor-widget elementor-widget-heading\" data-id=\"6575f5f\" data-element_type=\"widget\" data-widget_type=\"heading.default\">\n\t\t\t\t<div class=\"elementor-widget-container\">\n\t\t\t<h2 class=\"elementor-heading-title elementor-size-default\">R\u00e9servation<\/h2>\t\t<\/div>\n\t\t\t\t<\/div>\n\t\t\t\t<div class=\"elementor-element elementor-element-f93f8dd elementor-widget elementor-widget-text-editor\" data-id=\"f93f8dd\" data-element_type=\"widget\" data-widget_type=\"text-editor.default\">\n\t\t\t\t<div class=\"elementor-widget-container\">\n\t\t\t\t\t\t\t<p data-start=\"3999\" data-end=\"4114\">R\u00e9servez votre si\u00e8ge auto sans ISOFIX \u00e0 Majorque \u00e0 l\u2019avance pour garantir sa disponibilit\u00e9 \u00e0 l\u2019a\u00e9roport de Palma.<\/p><p data-start=\"4116\" data-end=\"4209\"><strong data-start=\"4119\" data-end=\"4176\">-Contactez-nous sur WhatsApp pour une r\u00e9ponse rapide :<\/strong><br data-start=\"4176\" data-end=\"4179\" \/>\ud83d\udc49<strong>+34 697402352<\/strong>\u00a0<\/p><p data-start=\"4211\" data-end=\"4265\">Remise possible \u00e0 l\u2019a\u00e9roport ou en boutique \u00e0 Palma.<\/p>\t\t\t\t\t\t<\/div>\n\t\t\t\t<\/div>\n\t\t\t\t\t<\/div>\n\t\t\t\t<\/div>\n\t\t\t\t<\/div>\n\t\t","protected":false},"excerpt":{"rendered":"<p>Louez un si\u00e8ge auto sans ISOFIX \u00e0 Majorque et r\u00e9cup\u00e9rez-le directement \u00e0 l\u2019a\u00e9roport de Palma avec une remise rapide, sans attente ni comptoir. Ce mod\u00e8le standard 0\u201336 kg est compatible avec la majorit\u00e9 des voitures de location et constitue une solution pratique et \u00e9conomique pour les familles voyageant avec enfants. De nombreuses familles choisissent la [&hellip;]<\/p>\n","protected":false},"author":3,"featured_media":35266,"comment_status":"closed","ping_status":"closed","sticky":false,"template":"","format":"standard","meta":{"site-sidebar-layout":"default","site-content-layout":"","ast-site-content-layout":"default","site-content-style":"default","site-sidebar-style":"default","ast-global-header-display":"","ast-banner-title-visibility":"","ast-main-header-display":"","ast-hfb-above-header-display":"","ast-hfb-below-header-display":"","ast-hfb-mobile-header-display":"","site-post-title":"","ast-breadcrumbs-content":"","ast-featured-img":"","footer-sml-layout":"","ast-disable-related-posts":"","theme-transparent-header-meta":"","adv-header-id-meta":"","stick-header-meta":"","header-above-stick-meta":"","header-main-stick-meta":"","header-below-stick-meta":"","astra-migrate-meta-layouts":"default","ast-page-background-enabled":"default","ast-page-background-meta":{"desktop":{"background-color":"var(--ast-global-color-4)","background-image":"","background-repeat":"repeat","background-position":"center center","background-size":"auto","background-attachment":"scroll","background-type":"","background-media":"","overlay-type":"","overlay-color":"","overlay-opacity":"","overlay-gradient":""},"tablet":{"background-color":"","background-image":"","background-repeat":"repeat","background-position":"center center","background-size":"auto","background-attachment":"scroll","background-type":"","background-media":"","overlay-type":"","overlay-color":"","overlay-opacity":"","overlay-gradient":""},"mobile":{"background-color":"","background-image":"","background-repeat":"repeat","background-position":"center center","background-size":"auto","background-attachment":"scroll","background-type":"","background-media":"","overlay-type":"","overlay-color":"","overlay-opacity":"","overlay-gradient":""}},"ast-content-background-meta":{"desktop":{"background-color":"var(--ast-global-color-5)","background-image":"","background-repeat":"repeat","background-position":"center center","background-size":"auto","background-attachment":"scroll","background-type":"","background-media":"","overlay-type":"","overlay-color":"","overlay-opacity":"","overlay-gradient":""},"tablet":{"background-color":"var(--ast-global-color-5)","background-image":"","background-repeat":"repeat","background-position":"center center","background-size":"auto","background-attachment":"scroll","background-type":"","background-media":"","overlay-type":"","overlay-color":"","overlay-opacity":"","overlay-gradient":""},"mobile":{"background-color":"var(--ast-global-color-5)","background-image":"","background-repeat":"repeat","background-position":"center center","background-size":"auto","background-attachment":"scroll","background-type":"","background-media":"","overlay-type":"","overlay-color":"","overlay-opacity":"","overlay-gradient":""}},"footnotes":""},"categories":[1799],"tags":[],"class_list":["post-35265","post","type-post","status-publish","format-standard","has-post-thumbnail","hentry","category-sieges-auto-majorque"],"_links":{"self":[{"href":"https:\/\/rentexpressmallorca.com\/fr\/wp-json\/wp\/v2\/posts\/35265","targetHints":{"allow":["GET"]}}],"collection":[{"href":"https:\/\/rentexpressmallorca.com\/fr\/wp-json\/wp\/v2\/posts"}],"about":[{"href":"https:\/\/rentexpressmallorca.com\/fr\/wp-json\/wp\/v2\/types\/post"}],"author":[{"embeddable":true,"href":"https:\/\/rentexpressmallorca.com\/fr\/wp-json\/wp\/v2\/users\/3"}],"replies":[{"embeddable":true,"href":"https:\/\/rentexpressmallorca.com\/fr\/wp-json\/wp\/v2\/comments?post=35265"}],"version-history":[{"count":84,"href":"https:\/\/rentexpressmallorca.com\/fr\/wp-json\/wp\/v2\/posts\/35265\/revisions"}],"predecessor-version":[{"id":39783,"href":"https:\/\/rentexpressmallorca.com\/fr\/wp-json\/wp\/v2\/posts\/35265\/revisions\/39783"}],"wp:featuredmedia":[{"embeddable":true,"href":"https:\/\/rentexpressmallorca.com\/fr\/wp-json\/wp\/v2\/media\/35266"}],"wp:attachment":[{"href":"https:\/\/rentexpressmallorca.com\/fr\/wp-json\/wp\/v2\/media?parent=35265"}],"wp:term":[{"taxonomy":"category","embeddable":true,"href":"https:\/\/rentexpressmallorca.com\/fr\/wp-json\/wp\/v2\/categories?post=35265"},{"taxonomy":"post_tag","embeddable":true,"href":"https:\/\/rentexpressmallorca.com\/fr\/wp-json\/wp\/v2\/tags?post=35265"}],"curies":[{"name":"wp","href":"https:\/\/api.w.org\/{rel}","templated":true}]}}